{"id":446525,"date":"2026-04-16T10:02:00","date_gmt":"2026-04-16T13:02:00","guid":{"rendered":"https:\/\/portaltela.pt\/noticias\/2026\/04\/16\/martins-e-capeloa-gil-entre-as-escolhas-de-seguro-para-o-conselho-de-estado\/"},"modified":"2026-04-16T10:02:00","modified_gmt":"2026-04-16T13:02:00","slug":"martins-e-capeloa-gil-entre-as-escolhas-de-seguro-para-o-conselho-de-estado","status":"publish","type":"post","link":"https:\/\/portaltela.pt\/noticias\/politica\/2026\/04\/16\/martins-e-capeloa-gil-entre-as-escolhas-de-seguro-para-o-conselho-de-estado\/","title":{"rendered":"Martins e Capeloa Gil entre as escolhas de Seguro para o Conselho de Estado"},"content":{"rendered":"<p>Alberto Martins e Isabel Capeloa Gil est\u00e3o entre as escolhas de Seguro para o Conselho de Estado, conforme o an\u00fancio da not\u00edcia. O texto n\u00e3o detalha os restantes nomes nem o processo de escolha.<\/p>\n<p>O conte\u00fado completo permanece acess\u00edvel apenas a subscritores. N\u00e3o s\u00e3o facultadas informa\u00e7\u00f5es adicionais no corpo p\u00fablico da not\u00edcia dispon\u00edvel.<\/p>\n<p>Este artigo limita-se a reportar o facto das duas personalidades integrarem a lista de op\u00e7\u00f5es, sem emitir ju\u00edzos ou estabelecer conclus\u00f5es sobre o processo.<\/p>\n","protected":false},"excerpt":{"rendered":"<ul>\n<li>Alberto Martins e Isabel Capeloa Gil aparecem entre as escolhas de Seguro para o Conselho de Estado.<\/li>\n<li>O artigo aponta que ambos integram op\u00e7\u00f5es consideradas para o Conselho de Estado.<\/li>\n<li>O conte\u00fado completo est\u00e1 dispon\u00edvel apenas para subscritores.<\/li>\n<li>No trecho apresentado n\u00e3o \u00e9 poss\u00edvel confirmar detalhes adicionais.<\/li>\n<\/ul>\n","protected":false},"author":2,"featured_media":446526,"comment_status":"closed","ping_status":"closed","sticky":false,"template":"","format":"standard","meta":{"footnotes":""},"categories":[1,5],"tags":[6340,34,5661,2832,30],"class_list":["post-446525","post","type-post","status-publish","format-standard","has-post-thumbnail","hentry","category-noticias","category-politica","tag-conselho-nacional","tag-governo","tag-pessoas-publicas","tag-politica","tag-presidente"],"yoast_head":"<!-- This site is optimized with the Yoast SEO plugin v27.2 - https:\/\/yoast.com\/product\/yoast-seo-wordpress\/ -->\n<title>Martins e Capeloa Gil entre as escolhas de Seguro para o Conselho de Estado - Portal Tela Portugal<\/title>\n<meta name=\"robots\" content=\"index, follow, max-snippet:-1, max-image-preview:large, max-video-preview:-1\" \/>\n<meta property=\"og:locale\" content=\"pt_PT\" \/>\n<meta property=\"og:type\" content=\"article\" \/>\n<meta property=\"og:title\" content=\"Martins e Capeloa Gil entre as escolhas de Seguro para o Conselho de Estado - Portal Tela Portugal\" \/>\n<meta property=\"og:description\" content=\"Alberto Martins e Isabel Capeloa Gil aparecem entre as escolhas de Seguro para o Conselho de Estado. O artigo aponta que ambos integram op\u00e7\u00f5es consideradas para o Conselho de Estado. O conte\u00fado completo est\u00e1 dispon\u00edvel apenas para subscritores. No trecho apresentado n\u00e3o \u00e9 poss\u00edvel confirmar detalhes adicionais.\" \/>\n<meta property=\"og:url\" content=\"https:\/\/portaltela.pt\/noticias\/2026\/04\/16\/martins-e-capeloa-gil-entre-as-escolhas-de-seguro-para-o-conselho-de-estado\/\" \/>\n<meta property=\"og:site_name\" content=\"Portal Tela Portugal\" \/>\n<meta property=\"article:published_time\" content=\"2026-04-16T13:02:00+00:00\" \/>\n<meta name=\"author\" content=\"Telinha\" \/>\n<meta name=\"twitter:card\" content=\"summary_large_image\" \/>\n<meta name=\"twitter:label1\" content=\"Escrito por\" \/>\n\t<meta name=\"twitter:data1\" content=\"Telinha\" \/>\n<script type=\"application\/ld+json\" class=\"yoast-schema-graph\">{\"@context\":\"https:\/\/schema.org\",\"@graph\":[{\"@type\":\"Article\",\"@id\":\"https:\/\/portaltela.pt\/noticias\/2026\/04\/16\/martins-e-capeloa-gil-entre-as-escolhas-de-seguro-para-o-conselho-de-estado\/#article\",\"isPartOf\":{\"@id\":\"https:\/\/portaltela.pt\/noticias\/2026\/04\/16\/martins-e-capeloa-gil-entre-as-escolhas-de-seguro-para-o-conselho-de-estado\/\"},\"author\":{\"name\":\"Telinha\",\"@id\":\"https:\/\/portaltela.pt\/#\/schema\/person\/c4278d4a6028830caff9ee44b42d32ed\"},\"headline\":\"Martins e Capeloa Gil entre as escolhas de Seguro para o Conselho de Estado\",\"datePublished\":\"2026-04-16T13:02:00+00:00\",\"mainEntityOfPage\":{\"@id\":\"https:\/\/portaltela.pt\/noticias\/2026\/04\/16\/martins-e-capeloa-gil-entre-as-escolhas-de-seguro-para-o-conselho-de-estado\/\"},\"wordCount\":106,\"image\":{\"@id\":\"https:\/\/portaltela.pt\/noticias\/2026\/04\/16\/martins-e-capeloa-gil-entre-as-escolhas-de-seguro-para-o-conselho-de-estado\/#primaryimage\"},\"thumbnailUrl\":\"https:\/\/portaltela.pt\/s.01k8rhncp4jt1\/2026\/04\/CACHE_780X1200_ANALOG_WATERMARKED_46292606_3195085_04012026072508.jpg\",\"keywords\":[\"Conselho Nacional\",\"governo\",\"pessoas p\u00fablicas\",\"pol\u00edtica\",\"presidente\"],\"articleSection\":[\"Not\u00edcias\",\"Pol\u00edtica\"],\"inLanguage\":\"pt-PT\"},{\"@type\":\"WebPage\",\"@id\":\"https:\/\/portaltela.pt\/noticias\/2026\/04\/16\/martins-e-capeloa-gil-entre-as-escolhas-de-seguro-para-o-conselho-de-estado\/\",\"url\":\"https:\/\/portaltela.pt\/noticias\/2026\/04\/16\/martins-e-capeloa-gil-entre-as-escolhas-de-seguro-para-o-conselho-de-estado\/\",\"name\":\"Martins e Capeloa Gil entre as escolhas de Seguro para o Conselho de Estado - Portal Tela Portugal\",\"isPartOf\":{\"@id\":\"https:\/\/portaltela.pt\/#website\"},\"primaryImageOfPage\":{\"@id\":\"https:\/\/portaltela.pt\/noticias\/2026\/04\/16\/martins-e-capeloa-gil-entre-as-escolhas-de-seguro-para-o-conselho-de-estado\/#primaryimage\"},\"image\":{\"@id\":\"https:\/\/portaltela.pt\/noticias\/2026\/04\/16\/martins-e-capeloa-gil-entre-as-escolhas-de-seguro-para-o-conselho-de-estado\/#primaryimage\"},\"thumbnailUrl\":\"https:\/\/portaltela.pt\/s.01k8rhncp4jt1\/2026\/04\/CACHE_780X1200_ANALOG_WATERMARKED_46292606_3195085_04012026072508.jpg\",\"datePublished\":\"2026-04-16T13:02:00+00:00\",\"author\":{\"@id\":\"https:\/\/portaltela.pt\/#\/schema\/person\/c4278d4a6028830caff9ee44b42d32ed\"},\"breadcrumb\":{\"@id\":\"https:\/\/portaltela.pt\/noticias\/2026\/04\/16\/martins-e-capeloa-gil-entre-as-escolhas-de-seguro-para-o-conselho-de-estado\/#breadcrumb\"},\"inLanguage\":\"pt-PT\",\"potentialAction\":[{\"@type\":\"ReadAction\",\"target\":[\"https:\/\/portaltela.pt\/noticias\/2026\/04\/16\/martins-e-capeloa-gil-entre-as-escolhas-de-seguro-para-o-conselho-de-estado\/\"]}]},{\"@type\":\"ImageObject\",\"inLanguage\":\"pt-PT\",\"@id\":\"https:\/\/portaltela.pt\/noticias\/2026\/04\/16\/martins-e-capeloa-gil-entre-as-escolhas-de-seguro-para-o-conselho-de-estado\/#primaryimage\",\"url\":\"https:\/\/portaltela.pt\/s.01k8rhncp4jt1\/2026\/04\/CACHE_780X1200_ANALOG_WATERMARKED_46292606_3195085_04012026072508.jpg\",\"contentUrl\":\"https:\/\/portaltela.pt\/s.01k8rhncp4jt1\/2026\/04\/CACHE_780X1200_ANALOG_WATERMARKED_46292606_3195085_04012026072508.jpg\",\"width\":768,\"height\":512,\"caption\":\"Alberto Martins e Isabel Capeloa Gil entre as escolhas de Seguro para o Conselho de Estado\"},{\"@type\":\"BreadcrumbList\",\"@id\":\"https:\/\/portaltela.pt\/noticias\/2026\/04\/16\/martins-e-capeloa-gil-entre-as-escolhas-de-seguro-para-o-conselho-de-estado\/#breadcrumb\",\"itemListElement\":[{\"@type\":\"ListItem\",\"position\":1,\"name\":\"In\u00edcio\",\"item\":\"https:\/\/portaltela.pt\/\"},{\"@type\":\"ListItem\",\"position\":2,\"name\":\"Martins e Capeloa Gil entre as escolhas de Seguro para o Conselho de Estado\"}]},{\"@type\":\"WebSite\",\"@id\":\"https:\/\/portaltela.pt\/#website\",\"url\":\"https:\/\/portaltela.pt\/\",\"name\":\"Portal Tela Portugal\",\"description\":\"\",\"potentialAction\":[{\"@type\":\"SearchAction\",\"target\":{\"@type\":\"EntryPoint\",\"urlTemplate\":\"https:\/\/portaltela.pt\/?s={search_term_string}\"},\"query-input\":{\"@type\":\"PropertyValueSpecification\",\"valueRequired\":true,\"valueName\":\"search_term_string\"}}],\"inLanguage\":\"pt-PT\"},{\"@type\":\"Person\",\"@id\":\"https:\/\/portaltela.pt\/#\/schema\/person\/c4278d4a6028830caff9ee44b42d32ed\",\"name\":\"Telinha\",\"image\":{\"@type\":\"ImageObject\",\"inLanguage\":\"pt-PT\",\"@id\":\"https:\/\/portaltela.pt\/s.01k8rhncp4jt1\/2025\/11\/talking-bot-125x125.png\",\"url\":\"https:\/\/portaltela.pt\/s.01k8rhncp4jt1\/2025\/11\/talking-bot-125x125.png\",\"contentUrl\":\"https:\/\/portaltela.pt\/s.01k8rhncp4jt1\/2025\/11\/talking-bot-125x125.png\",\"caption\":\"Telinha\"},\"sameAs\":[\"https:\/\/portaltela.pt\/\"],\"url\":\"https:\/\/portaltela.pt\/por\/367410592786\/\"}]}<\/script>\n<!-- \/ Yoast SEO plugin. -->","yoast_head_json":{"title":"Martins e Capeloa Gil entre as escolhas de Seguro para o Conselho de Estado - Portal Tela Portugal","robots":{"index":"index","follow":"follow","max-snippet":"max-snippet:-1","max-image-preview":"max-image-preview:large","max-video-preview":"max-video-preview:-1"},"og_locale":"pt_PT","og_type":"article","og_title":"Martins e Capeloa Gil entre as escolhas de Seguro para o Conselho de Estado - Portal Tela Portugal","og_description":"Alberto Martins e Isabel Capeloa Gil aparecem entre as escolhas de Seguro para o Conselho de Estado. O artigo aponta que ambos integram op\u00e7\u00f5es consideradas para o Conselho de Estado. O conte\u00fado completo est\u00e1 dispon\u00edvel apenas para subscritores. No trecho apresentado n\u00e3o \u00e9 poss\u00edvel confirmar detalhes adicionais.","og_url":"https:\/\/portaltela.pt\/noticias\/2026\/04\/16\/martins-e-capeloa-gil-entre-as-escolhas-de-seguro-para-o-conselho-de-estado\/","og_site_name":"Portal Tela Portugal","article_published_time":"2026-04-16T13:02:00+00:00","author":"Telinha","twitter_card":"summary_large_image","twitter_misc":{"Escrito por":"Telinha"},"schema":{"@context":"https:\/\/schema.org","@graph":[{"@type":"Article","@id":"https:\/\/portaltela.pt\/noticias\/2026\/04\/16\/martins-e-capeloa-gil-entre-as-escolhas-de-seguro-para-o-conselho-de-estado\/#article","isPartOf":{"@id":"https:\/\/portaltela.pt\/noticias\/2026\/04\/16\/martins-e-capeloa-gil-entre-as-escolhas-de-seguro-para-o-conselho-de-estado\/"},"author":{"name":"Telinha","@id":"https:\/\/portaltela.pt\/#\/schema\/person\/c4278d4a6028830caff9ee44b42d32ed"},"headline":"Martins e Capeloa Gil entre as escolhas de Seguro para o Conselho de Estado","datePublished":"2026-04-16T13:02:00+00:00","mainEntityOfPage":{"@id":"https:\/\/portaltela.pt\/noticias\/2026\/04\/16\/martins-e-capeloa-gil-entre-as-escolhas-de-seguro-para-o-conselho-de-estado\/"},"wordCount":106,"image":{"@id":"https:\/\/portaltela.pt\/noticias\/2026\/04\/16\/martins-e-capeloa-gil-entre-as-escolhas-de-seguro-para-o-conselho-de-estado\/#primaryimage"},"thumbnailUrl":"https:\/\/portaltela.pt\/s.01k8rhncp4jt1\/2026\/04\/CACHE_780X1200_ANALOG_WATERMARKED_46292606_3195085_04012026072508.jpg","keywords":["Conselho Nacional","governo","pessoas p\u00fablicas","pol\u00edtica","presidente"],"articleSection":["Not\u00edcias","Pol\u00edtica"],"inLanguage":"pt-PT"},{"@type":"WebPage","@id":"https:\/\/portaltela.pt\/noticias\/2026\/04\/16\/martins-e-capeloa-gil-entre-as-escolhas-de-seguro-para-o-conselho-de-estado\/","url":"https:\/\/portaltela.pt\/noticias\/2026\/04\/16\/martins-e-capeloa-gil-entre-as-escolhas-de-seguro-para-o-conselho-de-estado\/","name":"Martins e Capeloa Gil entre as escolhas de Seguro para o Conselho de Estado - Portal Tela Portugal","isPartOf":{"@id":"https:\/\/portaltela.pt\/#website"},"primaryImageOfPage":{"@id":"https:\/\/portaltela.pt\/noticias\/2026\/04\/16\/martins-e-capeloa-gil-entre-as-escolhas-de-seguro-para-o-conselho-de-estado\/#primaryimage"},"image":{"@id":"https:\/\/portaltela.pt\/noticias\/2026\/04\/16\/martins-e-capeloa-gil-entre-as-escolhas-de-seguro-para-o-conselho-de-estado\/#primaryimage"},"thumbnailUrl":"https:\/\/portaltela.pt\/s.01k8rhncp4jt1\/2026\/04\/CACHE_780X1200_ANALOG_WATERMARKED_46292606_3195085_04012026072508.jpg","datePublished":"2026-04-16T13:02:00+00:00","author":{"@id":"https:\/\/portaltela.pt\/#\/schema\/person\/c4278d4a6028830caff9ee44b42d32ed"},"breadcrumb":{"@id":"https:\/\/portaltela.pt\/noticias\/2026\/04\/16\/martins-e-capeloa-gil-entre-as-escolhas-de-seguro-para-o-conselho-de-estado\/#breadcrumb"},"inLanguage":"pt-PT","potentialAction":[{"@type":"ReadAction","target":["https:\/\/portaltela.pt\/noticias\/2026\/04\/16\/martins-e-capeloa-gil-entre-as-escolhas-de-seguro-para-o-conselho-de-estado\/"]}]},{"@type":"ImageObject","inLanguage":"pt-PT","@id":"https:\/\/portaltela.pt\/noticias\/2026\/04\/16\/martins-e-capeloa-gil-entre-as-escolhas-de-seguro-para-o-conselho-de-estado\/#primaryimage","url":"https:\/\/portaltela.pt\/s.01k8rhncp4jt1\/2026\/04\/CACHE_780X1200_ANALOG_WATERMARKED_46292606_3195085_04012026072508.jpg","contentUrl":"https:\/\/portaltela.pt\/s.01k8rhncp4jt1\/2026\/04\/CACHE_780X1200_ANALOG_WATERMARKED_46292606_3195085_04012026072508.jpg","width":768,"height":512,"caption":"Alberto Martins e Isabel Capeloa Gil entre as escolhas de Seguro para o Conselho de Estado"},{"@type":"BreadcrumbList","@id":"https:\/\/portaltela.pt\/noticias\/2026\/04\/16\/martins-e-capeloa-gil-entre-as-escolhas-de-seguro-para-o-conselho-de-estado\/#breadcrumb","itemListElement":[{"@type":"ListItem","position":1,"name":"In\u00edcio","item":"https:\/\/portaltela.pt\/"},{"@type":"ListItem","position":2,"name":"Martins e Capeloa Gil entre as escolhas de Seguro para o Conselho de Estado"}]},{"@type":"WebSite","@id":"https:\/\/portaltela.pt\/#website","url":"https:\/\/portaltela.pt\/","name":"Portal Tela Portugal","description":"","potentialAction":[{"@type":"SearchAction","target":{"@type":"EntryPoint","urlTemplate":"https:\/\/portaltela.pt\/?s={search_term_string}"},"query-input":{"@type":"PropertyValueSpecification","valueRequired":true,"valueName":"search_term_string"}}],"inLanguage":"pt-PT"},{"@type":"Person","@id":"https:\/\/portaltela.pt\/#\/schema\/person\/c4278d4a6028830caff9ee44b42d32ed","name":"Telinha","image":{"@type":"ImageObject","inLanguage":"pt-PT","@id":"https:\/\/portaltela.pt\/s.01k8rhncp4jt1\/2025\/11\/talking-bot-125x125.png","url":"https:\/\/portaltela.pt\/s.01k8rhncp4jt1\/2025\/11\/talking-bot-125x125.png","contentUrl":"https:\/\/portaltela.pt\/s.01k8rhncp4jt1\/2025\/11\/talking-bot-125x125.png","caption":"Telinha"},"sameAs":["https:\/\/portaltela.pt\/"],"url":"https:\/\/portaltela.pt\/por\/367410592786\/"}]}},"_links":{"self":[{"href":"https:\/\/portaltela.pt\/api\/wp\/v2\/posts\/446525","targetHints":{"allow":["GET"]}}],"collection":[{"href":"https:\/\/portaltela.pt\/api\/wp\/v2\/posts"}],"about":[{"href":"https:\/\/portaltela.pt\/api\/wp\/v2\/types\/post"}],"author":[{"embeddable":true,"href":"https:\/\/portaltela.pt\/api\/wp\/v2\/users\/2"}],"replies":[{"embeddable":true,"href":"https:\/\/portaltela.pt\/api\/wp\/v2\/comments?post=446525"}],"version-history":[{"count":0,"href":"https:\/\/portaltela.pt\/api\/wp\/v2\/posts\/446525\/revisions"}],"wp:featuredmedia":[{"embeddable":true,"href":"https:\/\/portaltela.pt\/api\/wp\/v2\/media\/446526"}],"wp:attachment":[{"href":"https:\/\/portaltela.pt\/api\/wp\/v2\/media?parent=446525"}],"wp:term":[{"taxonomy":"category","embeddable":true,"href":"https:\/\/portaltela.pt\/api\/wp\/v2\/categories?post=446525"},{"taxonomy":"post_tag","embeddable":true,"href":"https:\/\/portaltela.pt\/api\/wp\/v2\/tags?post=446525"}],"curies":[{"name":"wp","href":"https:\/\/api.w.org\/{rel}","templated":true}]}}