{"id":446496,"date":"2026-04-16T11:17:29","date_gmt":"2026-04-16T14:17:29","guid":{"rendered":"https:\/\/portaltela.pt\/noticias\/2026\/04\/16\/ex-guarda-redes-do-arsenal-e-juventus-morre-apos-colisao-com-comboio\/"},"modified":"2026-04-16T11:17:29","modified_gmt":"2026-04-16T14:17:29","slug":"ex-guarda-redes-do-arsenal-e-juventus-morre-apos-colisao-com-comboio","status":"publish","type":"post","link":"https:\/\/portaltela.pt\/desporto\/futebol\/2026\/04\/16\/ex-guarda-redes-do-arsenal-e-juventus-morre-apos-colisao-com-comboio\/","title":{"rendered":"Ex-guarda-redes do Arsenal e Juventus morre ap\u00f3s colis\u00e3o com comboio"},"content":{"rendered":"<p>O antigo guarda-redes austr\u00edaco Alex Manninger, com passagem por clubes como Arsenal e Juventus, morreu aos 48 anos. O incidente ocorreu em Salzburgo, na \u00c1ustria, numa passagem de n\u00edvel sem barreiras. O carro foi atingido por um comboio na manh\u00e3 de hoje.<\/p>\n<p>Segundo a imprensa internacional, o acidente envolveu o ve\u00edculo de Manninger, que circulava na zona de Salzburgo. A causa n\u00e3o foi detalhada, mantendo-se ainda em investiga\u00e7\u00e3o pelas autoridades locais.<\/p>\n<h3>Trajet\u00f3ria<\/h3>\n<p>Manninger iniciou a carreira no Austria Salzburgo e tornou-se o primeiro guarda-redes austr\u00edaco a transferir-se para o Arsenal, na Premier League. Passou tamb\u00e9m por AC Siena, Juventus e, no fim da carreira, pelo Liverpool, terminando a atividade em 2017.<\/p>\n<p>Ao longo da carreira foi internacional pela sele\u00e7\u00e3o austr\u00edaca, totalizando 33 jogos entre 1999 e 2009. A confirma\u00e7\u00e3o da morte ainda n\u00e3o gerou coment\u00e1rios oficiais de clubes, mantendo o foco nas informa\u00e7\u00f5es dispon\u00edveis.<\/p>\n","protected":false},"excerpt":{"rendered":"<ul>\n<li>O ex-guarda-redes austr\u00edaco Alex Manninger, de 48 anos, morre num acidente de via\u00e7\u00e3o em Salzburgo, \u00c1ustria, ap\u00f3s o carro ser atingido por um comboio numa passagem de n\u00edvel sem barreiras.<\/li>\n<li>Manninger joga\u00adva recentemente pela sele\u00e7\u00e3o da \u00c1ustria e teve passagem por clubes como Arsenal, Juventus e Liverpool.<\/li>\n<li>O acidente ocorreu pela manh\u00e3, numa passagem de n\u00edvel sem prote\u00e7\u00f5es.<\/li>\n<li>A carreira de Manninger iniciou-se no Austria Salzburg, com passagem hist\u00f3rica pelo Arsenal, tornando\u2011se o primeiro austr\u00edaco a transfers\u00adse para o clube londrino; passou ainda por Siena e Juventus, terminando a carreira em 2017.<\/li>\n<li>O guarda-redes disputou 33 jogos pela sele\u00e7\u00e3o austr\u00edaca entre 1999 e 2009.<\/li>\n<\/ul>\n","protected":false},"author":2,"featured_media":446499,"comment_status":"closed","ping_status":"closed","sticky":false,"template":"","format":"standard","meta":{"footnotes":""},"categories":[21,24],"tags":[8184,7902,7755,7907,8146,2872],"class_list":["post-446496","post","type-post","status-publish","format-standard","has-post-thumbnail","hentry","category-desporto","category-futebol","tag-_acidente-ferroviario","tag-_desporto","tag-_futebol","tag-_futebol-internacional","tag-_jogadores","tag-austria"],"yoast_head":"<!-- This site is optimized with the Yoast SEO plugin v27.2 - https:\/\/yoast.com\/product\/yoast-seo-wordpress\/ -->\n<title>Ex-guarda-redes do Arsenal e Juventus morre ap\u00f3s colis\u00e3o com comboio - Portal Tela Portugal<\/title>\n<meta name=\"robots\" content=\"index, follow, max-snippet:-1, max-image-preview:large, max-video-preview:-1\" \/>\n<meta property=\"og:locale\" content=\"pt_PT\" \/>\n<meta property=\"og:type\" content=\"article\" \/>\n<meta property=\"og:title\" content=\"Ex-guarda-redes do Arsenal e Juventus morre ap\u00f3s colis\u00e3o com comboio - Portal Tela Portugal\" \/>\n<meta property=\"og:description\" content=\"O ex-guarda-redes austr\u00edaco Alex Manninger, de 48 anos, morre num acidente de via\u00e7\u00e3o em Salzburgo, \u00c1ustria, ap\u00f3s o carro ser atingido por um comboio numa passagem de n\u00edvel sem barreiras. Manninger joga\u00adva recentemente pela sele\u00e7\u00e3o da \u00c1ustria e teve passagem por clubes como Arsenal, Juventus e Liverpool. O acidente ocorreu pela manh\u00e3, numa passagem de n\u00edvel sem prote\u00e7\u00f5es. A carreira de Manninger iniciou-se no Austria Salzburg, com passagem hist\u00f3rica pelo Arsenal, tornando\u2011se o primeiro austr\u00edaco a transfers\u00adse para o clube londrino; passou ainda por Siena e Juventus, terminando a carreira em 2017. O guarda-redes disputou 33 jogos pela sele\u00e7\u00e3o austr\u00edaca entre 1999 e 2009.\" \/>\n<meta property=\"og:url\" content=\"https:\/\/portaltela.pt\/noticias\/2026\/04\/16\/ex-guarda-redes-do-arsenal-e-juventus-morre-apos-colisao-com-comboio\/\" \/>\n<meta property=\"og:site_name\" content=\"Portal Tela Portugal\" \/>\n<meta property=\"article:published_time\" content=\"2026-04-16T14:17:29+00:00\" \/>\n<meta name=\"author\" content=\"Telinha\" \/>\n<meta name=\"twitter:card\" content=\"summary_large_image\" \/>\n<meta name=\"twitter:label1\" content=\"Escrito por\" \/>\n\t<meta name=\"twitter:data1\" content=\"Telinha\" \/>\n\t<meta name=\"twitter:label2\" content=\"Tempo estimado de leitura\" \/>\n\t<meta name=\"twitter:data2\" content=\"1 minuto\" \/>\n<script type=\"application\/ld+json\" class=\"yoast-schema-graph\">{\"@context\":\"https:\/\/schema.org\",\"@graph\":[{\"@type\":\"Article\",\"@id\":\"https:\/\/portaltela.pt\/noticias\/2026\/04\/16\/ex-guarda-redes-do-arsenal-e-juventus-morre-apos-colisao-com-comboio\/#article\",\"isPartOf\":{\"@id\":\"https:\/\/portaltela.pt\/noticias\/2026\/04\/16\/ex-guarda-redes-do-arsenal-e-juventus-morre-apos-colisao-com-comboio\/\"},\"author\":{\"name\":\"Telinha\",\"@id\":\"https:\/\/portaltela.pt\/#\/schema\/person\/c4278d4a6028830caff9ee44b42d32ed\"},\"headline\":\"Ex-guarda-redes do Arsenal e Juventus morre ap\u00f3s colis\u00e3o com comboio\",\"datePublished\":\"2026-04-16T14:17:29+00:00\",\"mainEntityOfPage\":{\"@id\":\"https:\/\/portaltela.pt\/noticias\/2026\/04\/16\/ex-guarda-redes-do-arsenal-e-juventus-morre-apos-colisao-com-comboio\/\"},\"wordCount\":166,\"image\":{\"@id\":\"https:\/\/portaltela.pt\/noticias\/2026\/04\/16\/ex-guarda-redes-do-arsenal-e-juventus-morre-apos-colisao-com-comboio\/#primaryimage\"},\"thumbnailUrl\":\"https:\/\/portaltela.pt\/s.01k8rhncp4jt1\/2026\/04\/image-981.jpg\",\"keywords\":[\"_acidente ferrovi\u00e1rio\",\"_desporto\",\"_futebol\",\"_futebol internacional\",\"_jogadores\",\"\u00c1ustria\"],\"articleSection\":[\"Desporto\",\"Futebol\"],\"inLanguage\":\"pt-PT\"},{\"@type\":\"WebPage\",\"@id\":\"https:\/\/portaltela.pt\/noticias\/2026\/04\/16\/ex-guarda-redes-do-arsenal-e-juventus-morre-apos-colisao-com-comboio\/\",\"url\":\"https:\/\/portaltela.pt\/noticias\/2026\/04\/16\/ex-guarda-redes-do-arsenal-e-juventus-morre-apos-colisao-com-comboio\/\",\"name\":\"Ex-guarda-redes do Arsenal e Juventus morre ap\u00f3s colis\u00e3o com comboio - Portal Tela Portugal\",\"isPartOf\":{\"@id\":\"https:\/\/portaltela.pt\/#website\"},\"primaryImageOfPage\":{\"@id\":\"https:\/\/portaltela.pt\/noticias\/2026\/04\/16\/ex-guarda-redes-do-arsenal-e-juventus-morre-apos-colisao-com-comboio\/#primaryimage\"},\"image\":{\"@id\":\"https:\/\/portaltela.pt\/noticias\/2026\/04\/16\/ex-guarda-redes-do-arsenal-e-juventus-morre-apos-colisao-com-comboio\/#primaryimage\"},\"thumbnailUrl\":\"https:\/\/portaltela.pt\/s.01k8rhncp4jt1\/2026\/04\/image-981.jpg\",\"datePublished\":\"2026-04-16T14:17:29+00:00\",\"author\":{\"@id\":\"https:\/\/portaltela.pt\/#\/schema\/person\/c4278d4a6028830caff9ee44b42d32ed\"},\"breadcrumb\":{\"@id\":\"https:\/\/portaltela.pt\/noticias\/2026\/04\/16\/ex-guarda-redes-do-arsenal-e-juventus-morre-apos-colisao-com-comboio\/#breadcrumb\"},\"inLanguage\":\"pt-PT\",\"potentialAction\":[{\"@type\":\"ReadAction\",\"target\":[\"https:\/\/portaltela.pt\/noticias\/2026\/04\/16\/ex-guarda-redes-do-arsenal-e-juventus-morre-apos-colisao-com-comboio\/\"]}]},{\"@type\":\"ImageObject\",\"inLanguage\":\"pt-PT\",\"@id\":\"https:\/\/portaltela.pt\/noticias\/2026\/04\/16\/ex-guarda-redes-do-arsenal-e-juventus-morre-apos-colisao-com-comboio\/#primaryimage\",\"url\":\"https:\/\/portaltela.pt\/s.01k8rhncp4jt1\/2026\/04\/image-981.jpg\",\"contentUrl\":\"https:\/\/portaltela.pt\/s.01k8rhncp4jt1\/2026\/04\/image-981.jpg\",\"width\":796,\"height\":448,\"caption\":\"Foto: Direitos reservados\"},{\"@type\":\"BreadcrumbList\",\"@id\":\"https:\/\/portaltela.pt\/noticias\/2026\/04\/16\/ex-guarda-redes-do-arsenal-e-juventus-morre-apos-colisao-com-comboio\/#breadcrumb\",\"itemListElement\":[{\"@type\":\"ListItem\",\"position\":1,\"name\":\"In\u00edcio\",\"item\":\"https:\/\/portaltela.pt\/\"},{\"@type\":\"ListItem\",\"position\":2,\"name\":\"Ex-guarda-redes do Arsenal e Juventus morre ap\u00f3s colis\u00e3o com comboio\"}]},{\"@type\":\"WebSite\",\"@id\":\"https:\/\/portaltela.pt\/#website\",\"url\":\"https:\/\/portaltela.pt\/\",\"name\":\"Portal Tela Portugal\",\"description\":\"\",\"potentialAction\":[{\"@type\":\"SearchAction\",\"target\":{\"@type\":\"EntryPoint\",\"urlTemplate\":\"https:\/\/portaltela.pt\/?s={search_term_string}\"},\"query-input\":{\"@type\":\"PropertyValueSpecification\",\"valueRequired\":true,\"valueName\":\"search_term_string\"}}],\"inLanguage\":\"pt-PT\"},{\"@type\":\"Person\",\"@id\":\"https:\/\/portaltela.pt\/#\/schema\/person\/c4278d4a6028830caff9ee44b42d32ed\",\"name\":\"Telinha\",\"image\":{\"@type\":\"ImageObject\",\"inLanguage\":\"pt-PT\",\"@id\":\"https:\/\/portaltela.pt\/s.01k8rhncp4jt1\/2025\/11\/talking-bot-125x125.png\",\"url\":\"https:\/\/portaltela.pt\/s.01k8rhncp4jt1\/2025\/11\/talking-bot-125x125.png\",\"contentUrl\":\"https:\/\/portaltela.pt\/s.01k8rhncp4jt1\/2025\/11\/talking-bot-125x125.png\",\"caption\":\"Telinha\"},\"sameAs\":[\"https:\/\/portaltela.pt\/\"],\"url\":\"https:\/\/portaltela.pt\/por\/367410592786\/\"}]}<\/script>\n<!-- \/ Yoast SEO plugin. -->","yoast_head_json":{"title":"Ex-guarda-redes do Arsenal e Juventus morre ap\u00f3s colis\u00e3o com comboio - Portal Tela Portugal","robots":{"index":"index","follow":"follow","max-snippet":"max-snippet:-1","max-image-preview":"max-image-preview:large","max-video-preview":"max-video-preview:-1"},"og_locale":"pt_PT","og_type":"article","og_title":"Ex-guarda-redes do Arsenal e Juventus morre ap\u00f3s colis\u00e3o com comboio - Portal Tela Portugal","og_description":"O ex-guarda-redes austr\u00edaco Alex Manninger, de 48 anos, morre num acidente de via\u00e7\u00e3o em Salzburgo, \u00c1ustria, ap\u00f3s o carro ser atingido por um comboio numa passagem de n\u00edvel sem barreiras. Manninger joga\u00adva recentemente pela sele\u00e7\u00e3o da \u00c1ustria e teve passagem por clubes como Arsenal, Juventus e Liverpool. O acidente ocorreu pela manh\u00e3, numa passagem de n\u00edvel sem prote\u00e7\u00f5es. A carreira de Manninger iniciou-se no Austria Salzburg, com passagem hist\u00f3rica pelo Arsenal, tornando\u2011se o primeiro austr\u00edaco a transfers\u00adse para o clube londrino; passou ainda por Siena e Juventus, terminando a carreira em 2017. O guarda-redes disputou 33 jogos pela sele\u00e7\u00e3o austr\u00edaca entre 1999 e 2009.","og_url":"https:\/\/portaltela.pt\/noticias\/2026\/04\/16\/ex-guarda-redes-do-arsenal-e-juventus-morre-apos-colisao-com-comboio\/","og_site_name":"Portal Tela Portugal","article_published_time":"2026-04-16T14:17:29+00:00","author":"Telinha","twitter_card":"summary_large_image","twitter_misc":{"Escrito por":"Telinha","Tempo estimado de leitura":"1 minuto"},"schema":{"@context":"https:\/\/schema.org","@graph":[{"@type":"Article","@id":"https:\/\/portaltela.pt\/noticias\/2026\/04\/16\/ex-guarda-redes-do-arsenal-e-juventus-morre-apos-colisao-com-comboio\/#article","isPartOf":{"@id":"https:\/\/portaltela.pt\/noticias\/2026\/04\/16\/ex-guarda-redes-do-arsenal-e-juventus-morre-apos-colisao-com-comboio\/"},"author":{"name":"Telinha","@id":"https:\/\/portaltela.pt\/#\/schema\/person\/c4278d4a6028830caff9ee44b42d32ed"},"headline":"Ex-guarda-redes do Arsenal e Juventus morre ap\u00f3s colis\u00e3o com comboio","datePublished":"2026-04-16T14:17:29+00:00","mainEntityOfPage":{"@id":"https:\/\/portaltela.pt\/noticias\/2026\/04\/16\/ex-guarda-redes-do-arsenal-e-juventus-morre-apos-colisao-com-comboio\/"},"wordCount":166,"image":{"@id":"https:\/\/portaltela.pt\/noticias\/2026\/04\/16\/ex-guarda-redes-do-arsenal-e-juventus-morre-apos-colisao-com-comboio\/#primaryimage"},"thumbnailUrl":"https:\/\/portaltela.pt\/s.01k8rhncp4jt1\/2026\/04\/image-981.jpg","keywords":["_acidente ferrovi\u00e1rio","_desporto","_futebol","_futebol internacional","_jogadores","\u00c1ustria"],"articleSection":["Desporto","Futebol"],"inLanguage":"pt-PT"},{"@type":"WebPage","@id":"https:\/\/portaltela.pt\/noticias\/2026\/04\/16\/ex-guarda-redes-do-arsenal-e-juventus-morre-apos-colisao-com-comboio\/","url":"https:\/\/portaltela.pt\/noticias\/2026\/04\/16\/ex-guarda-redes-do-arsenal-e-juventus-morre-apos-colisao-com-comboio\/","name":"Ex-guarda-redes do Arsenal e Juventus morre ap\u00f3s colis\u00e3o com comboio - Portal Tela Portugal","isPartOf":{"@id":"https:\/\/portaltela.pt\/#website"},"primaryImageOfPage":{"@id":"https:\/\/portaltela.pt\/noticias\/2026\/04\/16\/ex-guarda-redes-do-arsenal-e-juventus-morre-apos-colisao-com-comboio\/#primaryimage"},"image":{"@id":"https:\/\/portaltela.pt\/noticias\/2026\/04\/16\/ex-guarda-redes-do-arsenal-e-juventus-morre-apos-colisao-com-comboio\/#primaryimage"},"thumbnailUrl":"https:\/\/portaltela.pt\/s.01k8rhncp4jt1\/2026\/04\/image-981.jpg","datePublished":"2026-04-16T14:17:29+00:00","author":{"@id":"https:\/\/portaltela.pt\/#\/schema\/person\/c4278d4a6028830caff9ee44b42d32ed"},"breadcrumb":{"@id":"https:\/\/portaltela.pt\/noticias\/2026\/04\/16\/ex-guarda-redes-do-arsenal-e-juventus-morre-apos-colisao-com-comboio\/#breadcrumb"},"inLanguage":"pt-PT","potentialAction":[{"@type":"ReadAction","target":["https:\/\/portaltela.pt\/noticias\/2026\/04\/16\/ex-guarda-redes-do-arsenal-e-juventus-morre-apos-colisao-com-comboio\/"]}]},{"@type":"ImageObject","inLanguage":"pt-PT","@id":"https:\/\/portaltela.pt\/noticias\/2026\/04\/16\/ex-guarda-redes-do-arsenal-e-juventus-morre-apos-colisao-com-comboio\/#primaryimage","url":"https:\/\/portaltela.pt\/s.01k8rhncp4jt1\/2026\/04\/image-981.jpg","contentUrl":"https:\/\/portaltela.pt\/s.01k8rhncp4jt1\/2026\/04\/image-981.jpg","width":796,"height":448,"caption":"Foto: Direitos reservados"},{"@type":"BreadcrumbList","@id":"https:\/\/portaltela.pt\/noticias\/2026\/04\/16\/ex-guarda-redes-do-arsenal-e-juventus-morre-apos-colisao-com-comboio\/#breadcrumb","itemListElement":[{"@type":"ListItem","position":1,"name":"In\u00edcio","item":"https:\/\/portaltela.pt\/"},{"@type":"ListItem","position":2,"name":"Ex-guarda-redes do Arsenal e Juventus morre ap\u00f3s colis\u00e3o com comboio"}]},{"@type":"WebSite","@id":"https:\/\/portaltela.pt\/#website","url":"https:\/\/portaltela.pt\/","name":"Portal Tela Portugal","description":"","potentialAction":[{"@type":"SearchAction","target":{"@type":"EntryPoint","urlTemplate":"https:\/\/portaltela.pt\/?s={search_term_string}"},"query-input":{"@type":"PropertyValueSpecification","valueRequired":true,"valueName":"search_term_string"}}],"inLanguage":"pt-PT"},{"@type":"Person","@id":"https:\/\/portaltela.pt\/#\/schema\/person\/c4278d4a6028830caff9ee44b42d32ed","name":"Telinha","image":{"@type":"ImageObject","inLanguage":"pt-PT","@id":"https:\/\/portaltela.pt\/s.01k8rhncp4jt1\/2025\/11\/talking-bot-125x125.png","url":"https:\/\/portaltela.pt\/s.01k8rhncp4jt1\/2025\/11\/talking-bot-125x125.png","contentUrl":"https:\/\/portaltela.pt\/s.01k8rhncp4jt1\/2025\/11\/talking-bot-125x125.png","caption":"Telinha"},"sameAs":["https:\/\/portaltela.pt\/"],"url":"https:\/\/portaltela.pt\/por\/367410592786\/"}]}},"_links":{"self":[{"href":"https:\/\/portaltela.pt\/api\/wp\/v2\/posts\/446496","targetHints":{"allow":["GET"]}}],"collection":[{"href":"https:\/\/portaltela.pt\/api\/wp\/v2\/posts"}],"about":[{"href":"https:\/\/portaltela.pt\/api\/wp\/v2\/types\/post"}],"author":[{"embeddable":true,"href":"https:\/\/portaltela.pt\/api\/wp\/v2\/users\/2"}],"replies":[{"embeddable":true,"href":"https:\/\/portaltela.pt\/api\/wp\/v2\/comments?post=446496"}],"version-history":[{"count":0,"href":"https:\/\/portaltela.pt\/api\/wp\/v2\/posts\/446496\/revisions"}],"wp:featuredmedia":[{"embeddable":true,"href":"https:\/\/portaltela.pt\/api\/wp\/v2\/media\/446499"}],"wp:attachment":[{"href":"https:\/\/portaltela.pt\/api\/wp\/v2\/media?parent=446496"}],"wp:term":[{"taxonomy":"category","embeddable":true,"href":"https:\/\/portaltela.pt\/api\/wp\/v2\/categories?post=446496"},{"taxonomy":"post_tag","embeddable":true,"href":"https:\/\/portaltela.pt\/api\/wp\/v2\/tags?post=446496"}],"curies":[{"name":"wp","href":"https:\/\/api.w.org\/{rel}","templated":true}]}}