{"id":446492,"date":"2026-04-16T11:17:26","date_gmt":"2026-04-16T14:17:26","guid":{"rendered":"https:\/\/portaltela.pt\/noticias\/2026\/04\/16\/fc-porto-ligacao-direta-a-polonia-faz-triplicar-seguidores\/"},"modified":"2026-04-16T11:17:26","modified_gmt":"2026-04-16T14:17:26","slug":"fc-porto-ligacao-direta-a-polonia-faz-triplicar-seguidores","status":"publish","type":"post","link":"https:\/\/portaltela.pt\/desporto\/futebol\/2026\/04\/16\/fc-porto-ligacao-direta-a-polonia-faz-triplicar-seguidores\/","title":{"rendered":"FC Porto: liga\u00e7\u00e3o direta \u00e0 Pol\u00f3nia faz triplicar seguidores"},"content":{"rendered":"<p>O FC Porto viu a liga\u00e7\u00e3o com a Pol\u00f3nia ganhar for\u00e7a na presente temporada, ap\u00f3s as chegadas de Bednarek, Kiwior e Pietuszewski. O clube viu o n\u00famero de seguidores polacos subir de 43 mil para praticamente 150 mil.<\/p>\n<p>Bednarek foi o primeiro a chegar, seguido de Kiwior e, por fim, Pietuszewski. O trio de jogadores polacos ajudou a intensificar a presen\u00e7a do Porto junto da comunidade polaca, refletida nas redes sociais do clube.<\/p>\n<p>A pandemia entre aspas n\u00e3o se aplica; o foco est\u00e1 nos refor\u00e7os que aproximaram o Porto da Pol\u00f3nia e, por consequ\u00eancia, na crescente liga\u00e7\u00e3o entre o clube e os f\u00e3s daquele pa\u00eds.<\/p>\n<h3>Historialo de liga\u00e7\u00e3o com a Pol\u00f4nia<\/h3>\n<p>A rela\u00e7\u00e3o entre o FC Porto e a Pol\u00f3nia tem ra\u00edzes hist\u00f3ricas, associadas a Jozef Mlynarczyk, guardi\u00e3o lend\u00e1rio que vestiu azul e branco no final da d\u00e9cada de 80. Este passado contribu\u00eda para uma liga\u00e7\u00e3o j\u00e1 presente antes das recentes chegadas.<\/p>\n","protected":false},"excerpt":{"rendered":"<ul>\n<li>O FC Porto viu a contagem de seguidores polacos aumentar de 43 mil para perto de 150 mil, ap\u00f3s as chegadas de Bednarek, Kiwior e Pietuszewski.<\/li>\n<li>Bednarek, Kiwior e Pietuszewski s\u00e3o os tr\u00eas refor\u00e7os polacos da presente temporada.<\/li>\n<li>A liga\u00e7\u00e3o entre o FC Porto e a Pol\u00f3nia tem ra\u00edzes hist\u00f3ricas, associada a Jozef Mlynarczyk, guarda-redes lend\u00e1rio do clube nos anos 80.<\/li>\n<li>O trio trouxe uma mudan\u00e7a significativa na rela\u00e7\u00e3o entre o clube e o pa\u00eds.<\/li>\n<li>A not\u00edcia refor\u00e7a a presen\u00e7a polaca no FC Porto e a visibilidade do clube na Pol\u00f3nia.<\/li>\n<\/ul>\n","protected":false},"author":2,"featured_media":446497,"comment_status":"closed","ping_status":"closed","sticky":false,"template":"","format":"standard","meta":{"footnotes":""},"categories":[21,24],"tags":[8315,7907,8062,5360,32,7346],"class_list":["post-446492","post","type-post","status-publish","format-standard","has-post-thumbnail","hentry","category-desporto","category-futebol","tag-_fc-porto","tag-_futebol-internacional","tag-_portugal","tag-comunidade-internacional","tag-futebol","tag-ligacao"],"yoast_head":"<!-- This site is optimized with the Yoast SEO plugin v27.2 - https:\/\/yoast.com\/product\/yoast-seo-wordpress\/ -->\n<title>FC Porto: liga\u00e7\u00e3o direta \u00e0 Pol\u00f3nia faz triplicar seguidores - Portal Tela Portugal<\/title>\n<meta name=\"robots\" content=\"index, follow, max-snippet:-1, max-image-preview:large, max-video-preview:-1\" \/>\n<meta property=\"og:locale\" content=\"pt_PT\" \/>\n<meta property=\"og:type\" content=\"article\" \/>\n<meta property=\"og:title\" content=\"FC Porto: liga\u00e7\u00e3o direta \u00e0 Pol\u00f3nia faz triplicar seguidores - Portal Tela Portugal\" \/>\n<meta property=\"og:description\" content=\"O FC Porto viu a contagem de seguidores polacos aumentar de 43 mil para perto de 150 mil, ap\u00f3s as chegadas de Bednarek, Kiwior e Pietuszewski. Bednarek, Kiwior e Pietuszewski s\u00e3o os tr\u00eas refor\u00e7os polacos da presente temporada. A liga\u00e7\u00e3o entre o FC Porto e a Pol\u00f3nia tem ra\u00edzes hist\u00f3ricas, associada a Jozef Mlynarczyk, guarda-redes lend\u00e1rio do clube nos anos 80. O trio trouxe uma mudan\u00e7a significativa na rela\u00e7\u00e3o entre o clube e o pa\u00eds. A not\u00edcia refor\u00e7a a presen\u00e7a polaca no FC Porto e a visibilidade do clube na Pol\u00f3nia.\" \/>\n<meta property=\"og:url\" content=\"https:\/\/portaltela.pt\/noticias\/2026\/04\/16\/fc-porto-ligacao-direta-a-polonia-faz-triplicar-seguidores\/\" \/>\n<meta property=\"og:site_name\" content=\"Portal Tela Portugal\" \/>\n<meta property=\"article:published_time\" content=\"2026-04-16T14:17:26+00:00\" \/>\n<meta name=\"author\" content=\"Telinha\" \/>\n<meta name=\"twitter:card\" content=\"summary_large_image\" \/>\n<meta name=\"twitter:label1\" content=\"Escrito por\" \/>\n\t<meta name=\"twitter:data1\" content=\"Telinha\" \/>\n\t<meta name=\"twitter:label2\" content=\"Tempo estimado de leitura\" \/>\n\t<meta name=\"twitter:data2\" content=\"1 minuto\" \/>\n<script type=\"application\/ld+json\" class=\"yoast-schema-graph\">{\"@context\":\"https:\/\/schema.org\",\"@graph\":[{\"@type\":\"Article\",\"@id\":\"https:\/\/portaltela.pt\/noticias\/2026\/04\/16\/fc-porto-ligacao-direta-a-polonia-faz-triplicar-seguidores\/#article\",\"isPartOf\":{\"@id\":\"https:\/\/portaltela.pt\/noticias\/2026\/04\/16\/fc-porto-ligacao-direta-a-polonia-faz-triplicar-seguidores\/\"},\"author\":{\"name\":\"Telinha\",\"@id\":\"https:\/\/portaltela.pt\/#\/schema\/person\/c4278d4a6028830caff9ee44b42d32ed\"},\"headline\":\"FC Porto: liga\u00e7\u00e3o direta \u00e0 Pol\u00f3nia faz triplicar seguidores\",\"datePublished\":\"2026-04-16T14:17:26+00:00\",\"mainEntityOfPage\":{\"@id\":\"https:\/\/portaltela.pt\/noticias\/2026\/04\/16\/fc-porto-ligacao-direta-a-polonia-faz-triplicar-seguidores\/\"},\"wordCount\":183,\"image\":{\"@id\":\"https:\/\/portaltela.pt\/noticias\/2026\/04\/16\/fc-porto-ligacao-direta-a-polonia-faz-triplicar-seguidores\/#primaryimage\"},\"thumbnailUrl\":\"https:\/\/portaltela.pt\/s.01k8rhncp4jt1\/2026\/04\/img_1200x721uu2026-04-15-19-06-10-2433204-im-639118768215183923.jpg\",\"keywords\":[\"_FC Porto\",\"_futebol internacional\",\"_Portugal\",\"comunidade internacional\",\"futebol\",\"liga\u00e7\u00e3o\"],\"articleSection\":[\"Desporto\",\"Futebol\"],\"inLanguage\":\"pt-PT\"},{\"@type\":\"WebPage\",\"@id\":\"https:\/\/portaltela.pt\/noticias\/2026\/04\/16\/fc-porto-ligacao-direta-a-polonia-faz-triplicar-seguidores\/\",\"url\":\"https:\/\/portaltela.pt\/noticias\/2026\/04\/16\/fc-porto-ligacao-direta-a-polonia-faz-triplicar-seguidores\/\",\"name\":\"FC Porto: liga\u00e7\u00e3o direta \u00e0 Pol\u00f3nia faz triplicar seguidores - Portal Tela Portugal\",\"isPartOf\":{\"@id\":\"https:\/\/portaltela.pt\/#website\"},\"primaryImageOfPage\":{\"@id\":\"https:\/\/portaltela.pt\/noticias\/2026\/04\/16\/fc-porto-ligacao-direta-a-polonia-faz-triplicar-seguidores\/#primaryimage\"},\"image\":{\"@id\":\"https:\/\/portaltela.pt\/noticias\/2026\/04\/16\/fc-porto-ligacao-direta-a-polonia-faz-triplicar-seguidores\/#primaryimage\"},\"thumbnailUrl\":\"https:\/\/portaltela.pt\/s.01k8rhncp4jt1\/2026\/04\/img_1200x721uu2026-04-15-19-06-10-2433204-im-639118768215183923.jpg\",\"datePublished\":\"2026-04-16T14:17:26+00:00\",\"author\":{\"@id\":\"https:\/\/portaltela.pt\/#\/schema\/person\/c4278d4a6028830caff9ee44b42d32ed\"},\"breadcrumb\":{\"@id\":\"https:\/\/portaltela.pt\/noticias\/2026\/04\/16\/fc-porto-ligacao-direta-a-polonia-faz-triplicar-seguidores\/#breadcrumb\"},\"inLanguage\":\"pt-PT\",\"potentialAction\":[{\"@type\":\"ReadAction\",\"target\":[\"https:\/\/portaltela.pt\/noticias\/2026\/04\/16\/fc-porto-ligacao-direta-a-polonia-faz-triplicar-seguidores\/\"]}]},{\"@type\":\"ImageObject\",\"inLanguage\":\"pt-PT\",\"@id\":\"https:\/\/portaltela.pt\/noticias\/2026\/04\/16\/fc-porto-ligacao-direta-a-polonia-faz-triplicar-seguidores\/#primaryimage\",\"url\":\"https:\/\/portaltela.pt\/s.01k8rhncp4jt1\/2026\/04\/img_1200x721uu2026-04-15-19-06-10-2433204-im-639118768215183923.jpg\",\"contentUrl\":\"https:\/\/portaltela.pt\/s.01k8rhncp4jt1\/2026\/04\/img_1200x721uu2026-04-15-19-06-10-2433204-im-639118768215183923.jpg\",\"width\":796,\"height\":448,\"caption\":\"FC Porto lan\u00e7ou cole\u00e7\u00e3o especial focada no trio polaco do seu plantel\"},{\"@type\":\"BreadcrumbList\",\"@id\":\"https:\/\/portaltela.pt\/noticias\/2026\/04\/16\/fc-porto-ligacao-direta-a-polonia-faz-triplicar-seguidores\/#breadcrumb\",\"itemListElement\":[{\"@type\":\"ListItem\",\"position\":1,\"name\":\"In\u00edcio\",\"item\":\"https:\/\/portaltela.pt\/\"},{\"@type\":\"ListItem\",\"position\":2,\"name\":\"FC Porto: liga\u00e7\u00e3o direta \u00e0 Pol\u00f3nia faz triplicar seguidores\"}]},{\"@type\":\"WebSite\",\"@id\":\"https:\/\/portaltela.pt\/#website\",\"url\":\"https:\/\/portaltela.pt\/\",\"name\":\"Portal Tela Portugal\",\"description\":\"\",\"potentialAction\":[{\"@type\":\"SearchAction\",\"target\":{\"@type\":\"EntryPoint\",\"urlTemplate\":\"https:\/\/portaltela.pt\/?s={search_term_string}\"},\"query-input\":{\"@type\":\"PropertyValueSpecification\",\"valueRequired\":true,\"valueName\":\"search_term_string\"}}],\"inLanguage\":\"pt-PT\"},{\"@type\":\"Person\",\"@id\":\"https:\/\/portaltela.pt\/#\/schema\/person\/c4278d4a6028830caff9ee44b42d32ed\",\"name\":\"Telinha\",\"image\":{\"@type\":\"ImageObject\",\"inLanguage\":\"pt-PT\",\"@id\":\"https:\/\/portaltela.pt\/s.01k8rhncp4jt1\/2025\/11\/talking-bot-125x125.png\",\"url\":\"https:\/\/portaltela.pt\/s.01k8rhncp4jt1\/2025\/11\/talking-bot-125x125.png\",\"contentUrl\":\"https:\/\/portaltela.pt\/s.01k8rhncp4jt1\/2025\/11\/talking-bot-125x125.png\",\"caption\":\"Telinha\"},\"sameAs\":[\"https:\/\/portaltela.pt\/\"],\"url\":\"https:\/\/portaltela.pt\/por\/367410592786\/\"}]}<\/script>\n<!-- \/ Yoast SEO plugin. -->","yoast_head_json":{"title":"FC Porto: liga\u00e7\u00e3o direta \u00e0 Pol\u00f3nia faz triplicar seguidores - Portal Tela Portugal","robots":{"index":"index","follow":"follow","max-snippet":"max-snippet:-1","max-image-preview":"max-image-preview:large","max-video-preview":"max-video-preview:-1"},"og_locale":"pt_PT","og_type":"article","og_title":"FC Porto: liga\u00e7\u00e3o direta \u00e0 Pol\u00f3nia faz triplicar seguidores - Portal Tela Portugal","og_description":"O FC Porto viu a contagem de seguidores polacos aumentar de 43 mil para perto de 150 mil, ap\u00f3s as chegadas de Bednarek, Kiwior e Pietuszewski. Bednarek, Kiwior e Pietuszewski s\u00e3o os tr\u00eas refor\u00e7os polacos da presente temporada. A liga\u00e7\u00e3o entre o FC Porto e a Pol\u00f3nia tem ra\u00edzes hist\u00f3ricas, associada a Jozef Mlynarczyk, guarda-redes lend\u00e1rio do clube nos anos 80. O trio trouxe uma mudan\u00e7a significativa na rela\u00e7\u00e3o entre o clube e o pa\u00eds. A not\u00edcia refor\u00e7a a presen\u00e7a polaca no FC Porto e a visibilidade do clube na Pol\u00f3nia.","og_url":"https:\/\/portaltela.pt\/noticias\/2026\/04\/16\/fc-porto-ligacao-direta-a-polonia-faz-triplicar-seguidores\/","og_site_name":"Portal Tela Portugal","article_published_time":"2026-04-16T14:17:26+00:00","author":"Telinha","twitter_card":"summary_large_image","twitter_misc":{"Escrito por":"Telinha","Tempo estimado de leitura":"1 minuto"},"schema":{"@context":"https:\/\/schema.org","@graph":[{"@type":"Article","@id":"https:\/\/portaltela.pt\/noticias\/2026\/04\/16\/fc-porto-ligacao-direta-a-polonia-faz-triplicar-seguidores\/#article","isPartOf":{"@id":"https:\/\/portaltela.pt\/noticias\/2026\/04\/16\/fc-porto-ligacao-direta-a-polonia-faz-triplicar-seguidores\/"},"author":{"name":"Telinha","@id":"https:\/\/portaltela.pt\/#\/schema\/person\/c4278d4a6028830caff9ee44b42d32ed"},"headline":"FC Porto: liga\u00e7\u00e3o direta \u00e0 Pol\u00f3nia faz triplicar seguidores","datePublished":"2026-04-16T14:17:26+00:00","mainEntityOfPage":{"@id":"https:\/\/portaltela.pt\/noticias\/2026\/04\/16\/fc-porto-ligacao-direta-a-polonia-faz-triplicar-seguidores\/"},"wordCount":183,"image":{"@id":"https:\/\/portaltela.pt\/noticias\/2026\/04\/16\/fc-porto-ligacao-direta-a-polonia-faz-triplicar-seguidores\/#primaryimage"},"thumbnailUrl":"https:\/\/portaltela.pt\/s.01k8rhncp4jt1\/2026\/04\/img_1200x721uu2026-04-15-19-06-10-2433204-im-639118768215183923.jpg","keywords":["_FC Porto","_futebol internacional","_Portugal","comunidade internacional","futebol","liga\u00e7\u00e3o"],"articleSection":["Desporto","Futebol"],"inLanguage":"pt-PT"},{"@type":"WebPage","@id":"https:\/\/portaltela.pt\/noticias\/2026\/04\/16\/fc-porto-ligacao-direta-a-polonia-faz-triplicar-seguidores\/","url":"https:\/\/portaltela.pt\/noticias\/2026\/04\/16\/fc-porto-ligacao-direta-a-polonia-faz-triplicar-seguidores\/","name":"FC Porto: liga\u00e7\u00e3o direta \u00e0 Pol\u00f3nia faz triplicar seguidores - Portal Tela Portugal","isPartOf":{"@id":"https:\/\/portaltela.pt\/#website"},"primaryImageOfPage":{"@id":"https:\/\/portaltela.pt\/noticias\/2026\/04\/16\/fc-porto-ligacao-direta-a-polonia-faz-triplicar-seguidores\/#primaryimage"},"image":{"@id":"https:\/\/portaltela.pt\/noticias\/2026\/04\/16\/fc-porto-ligacao-direta-a-polonia-faz-triplicar-seguidores\/#primaryimage"},"thumbnailUrl":"https:\/\/portaltela.pt\/s.01k8rhncp4jt1\/2026\/04\/img_1200x721uu2026-04-15-19-06-10-2433204-im-639118768215183923.jpg","datePublished":"2026-04-16T14:17:26+00:00","author":{"@id":"https:\/\/portaltela.pt\/#\/schema\/person\/c4278d4a6028830caff9ee44b42d32ed"},"breadcrumb":{"@id":"https:\/\/portaltela.pt\/noticias\/2026\/04\/16\/fc-porto-ligacao-direta-a-polonia-faz-triplicar-seguidores\/#breadcrumb"},"inLanguage":"pt-PT","potentialAction":[{"@type":"ReadAction","target":["https:\/\/portaltela.pt\/noticias\/2026\/04\/16\/fc-porto-ligacao-direta-a-polonia-faz-triplicar-seguidores\/"]}]},{"@type":"ImageObject","inLanguage":"pt-PT","@id":"https:\/\/portaltela.pt\/noticias\/2026\/04\/16\/fc-porto-ligacao-direta-a-polonia-faz-triplicar-seguidores\/#primaryimage","url":"https:\/\/portaltela.pt\/s.01k8rhncp4jt1\/2026\/04\/img_1200x721uu2026-04-15-19-06-10-2433204-im-639118768215183923.jpg","contentUrl":"https:\/\/portaltela.pt\/s.01k8rhncp4jt1\/2026\/04\/img_1200x721uu2026-04-15-19-06-10-2433204-im-639118768215183923.jpg","width":796,"height":448,"caption":"FC Porto lan\u00e7ou cole\u00e7\u00e3o especial focada no trio polaco do seu plantel"},{"@type":"BreadcrumbList","@id":"https:\/\/portaltela.pt\/noticias\/2026\/04\/16\/fc-porto-ligacao-direta-a-polonia-faz-triplicar-seguidores\/#breadcrumb","itemListElement":[{"@type":"ListItem","position":1,"name":"In\u00edcio","item":"https:\/\/portaltela.pt\/"},{"@type":"ListItem","position":2,"name":"FC Porto: liga\u00e7\u00e3o direta \u00e0 Pol\u00f3nia faz triplicar seguidores"}]},{"@type":"WebSite","@id":"https:\/\/portaltela.pt\/#website","url":"https:\/\/portaltela.pt\/","name":"Portal Tela Portugal","description":"","potentialAction":[{"@type":"SearchAction","target":{"@type":"EntryPoint","urlTemplate":"https:\/\/portaltela.pt\/?s={search_term_string}"},"query-input":{"@type":"PropertyValueSpecification","valueRequired":true,"valueName":"search_term_string"}}],"inLanguage":"pt-PT"},{"@type":"Person","@id":"https:\/\/portaltela.pt\/#\/schema\/person\/c4278d4a6028830caff9ee44b42d32ed","name":"Telinha","image":{"@type":"ImageObject","inLanguage":"pt-PT","@id":"https:\/\/portaltela.pt\/s.01k8rhncp4jt1\/2025\/11\/talking-bot-125x125.png","url":"https:\/\/portaltela.pt\/s.01k8rhncp4jt1\/2025\/11\/talking-bot-125x125.png","contentUrl":"https:\/\/portaltela.pt\/s.01k8rhncp4jt1\/2025\/11\/talking-bot-125x125.png","caption":"Telinha"},"sameAs":["https:\/\/portaltela.pt\/"],"url":"https:\/\/portaltela.pt\/por\/367410592786\/"}]}},"_links":{"self":[{"href":"https:\/\/portaltela.pt\/api\/wp\/v2\/posts\/446492","targetHints":{"allow":["GET"]}}],"collection":[{"href":"https:\/\/portaltela.pt\/api\/wp\/v2\/posts"}],"about":[{"href":"https:\/\/portaltela.pt\/api\/wp\/v2\/types\/post"}],"author":[{"embeddable":true,"href":"https:\/\/portaltela.pt\/api\/wp\/v2\/users\/2"}],"replies":[{"embeddable":true,"href":"https:\/\/portaltela.pt\/api\/wp\/v2\/comments?post=446492"}],"version-history":[{"count":0,"href":"https:\/\/portaltela.pt\/api\/wp\/v2\/posts\/446492\/revisions"}],"wp:featuredmedia":[{"embeddable":true,"href":"https:\/\/portaltela.pt\/api\/wp\/v2\/media\/446497"}],"wp:attachment":[{"href":"https:\/\/portaltela.pt\/api\/wp\/v2\/media?parent=446492"}],"wp:term":[{"taxonomy":"category","embeddable":true,"href":"https:\/\/portaltela.pt\/api\/wp\/v2\/categories?post=446492"},{"taxonomy":"post_tag","embeddable":true,"href":"https:\/\/portaltela.pt\/api\/wp\/v2\/tags?post=446492"}],"curies":[{"name":"wp","href":"https:\/\/api.w.org\/{rel}","templated":true}]}}