{"id":446488,"date":"2026-04-16T11:17:18","date_gmt":"2026-04-16T14:17:18","guid":{"rendered":"https:\/\/portaltela.pt\/noticias\/2026\/04\/16\/luis-suarez-elogia-o-sporting-na-champions-e-agradece-por-voltar-a-desfrutar\/"},"modified":"2026-04-16T11:17:18","modified_gmt":"2026-04-16T14:17:18","slug":"luis-suarez-elogia-o-sporting-na-champions-e-agradece-por-voltar-a-desfrutar","status":"publish","type":"post","link":"https:\/\/portaltela.pt\/desporto\/futebol\/2026\/04\/16\/luis-suarez-elogia-o-sporting-na-champions-e-agradece-por-voltar-a-desfrutar\/","title":{"rendered":"Luis Su\u00e1rez elogia o Sporting na Champions e agradece por voltar a desfrutar"},"content":{"rendered":"<p>Luis Su\u00e1rez celebrou a participa\u00e7\u00e3o do Sporting na edi\u00e7\u00e3o 2025\/26 da Liga dos Campe\u00f5es, partilhando o orgulho pela trajet\u00f3ria da equipa na competi\u00e7\u00e3o. O avan\u00e7ado expressou satisfa\u00e7\u00e3o por ter podido competir ao mais alto n\u00edvel da Europa.<\/p>\n<p>Na mensagem partilhada nas redes sociais, o jogador agradeceu ao corpo t\u00e9cnico e aos colegas pelo esfor\u00e7o coletivo, destacando a f\u00e9 como apoio na \u00e9poca e reconhecendo o trabalho de todos no clube.<\/p>\n<h3>Desempenho na Champions<\/h3>\n<p>Su\u00e1rez terminou a campanha com cinco golos e uma assist\u00eancia em 12 jogos, contribuindo de forma relevante para o percurso dos le\u00f5es na prova milion\u00e1ria. Entre os marcadores hist\u00f3ricos do Sporting na Champions, Gy\u00f6keres, Liedson e Trinc\u00e3o permanecem empatados com seis tentos cada.<\/p>\n","protected":false},"excerpt":{"rendered":"<ul>\n<li>Luis Su\u00e1rez elogiou o Sporting na Liga dos Campe\u00f5es 2025\/26 e mostrou-se satisfeito por regressar ao mais alto n\u00edvel, atrav\u00e9s de uma partilha no Instagram.<\/li>\n<li>O avan\u00e7ado, de 28 anos, destacou a trajet\u00f3ria dos verdes e brancos e agradeceu pela oportunidade de voltar a jogar no melhor palco europeu.<\/li>\n<li>Revelou ainda ter sentido, na sua mensagem, a ajuda divina, agradecendo a Deus pela performance pelo Sporting.<\/li>\n<li>Nesta temporada da Champions, terminou com cinco golos e uma assist\u00eancia em 12 jogos pelo clube lisboeta.<\/li>\n<li>Os seis tentos de Gy\u00f6keres, Liedson e Trinc\u00e3o continuam a partilhar o estatuto de melhor goleadores hist\u00f3ricos do Sporting na competi\u00e7\u00e3o.<\/li>\n<\/ul>\n","protected":false},"author":2,"featured_media":446490,"comment_status":"closed","ping_status":"closed","sticky":false,"template":"","format":"standard","meta":{"footnotes":""},"categories":[21,24],"tags":[3577,32,6487,8697,1652,3374],"class_list":["post-446488","post","type-post","status-publish","format-standard","has-post-thumbnail","hentry","category-desporto","category-futebol","tag-champions-league","tag-futebol","tag-gyokeres","tag-liedson","tag-sporting","tag-trincao"],"yoast_head":"<!-- This site is optimized with the Yoast SEO plugin v27.2 - https:\/\/yoast.com\/product\/yoast-seo-wordpress\/ -->\n<title>Luis Su\u00e1rez elogia o Sporting na Champions e agradece por voltar a desfrutar - Portal Tela Portugal<\/title>\n<meta name=\"robots\" content=\"index, follow, max-snippet:-1, max-image-preview:large, max-video-preview:-1\" \/>\n<meta property=\"og:locale\" content=\"pt_PT\" \/>\n<meta property=\"og:type\" content=\"article\" \/>\n<meta property=\"og:title\" content=\"Luis Su\u00e1rez elogia o Sporting na Champions e agradece por voltar a desfrutar - Portal Tela Portugal\" \/>\n<meta property=\"og:description\" content=\"Luis Su\u00e1rez elogiou o Sporting na Liga dos Campe\u00f5es 2025\/26 e mostrou-se satisfeito por regressar ao mais alto n\u00edvel, atrav\u00e9s de uma partilha no Instagram. O avan\u00e7ado, de 28 anos, destacou a trajet\u00f3ria dos verdes e brancos e agradeceu pela oportunidade de voltar a jogar no melhor palco europeu. Revelou ainda ter sentido, na sua mensagem, a ajuda divina, agradecendo a Deus pela performance pelo Sporting. Nesta temporada da Champions, terminou com cinco golos e uma assist\u00eancia em 12 jogos pelo clube lisboeta. Os seis tentos de Gy\u00f6keres, Liedson e Trinc\u00e3o continuam a partilhar o estatuto de melhor goleadores hist\u00f3ricos do Sporting na competi\u00e7\u00e3o.\" \/>\n<meta property=\"og:url\" content=\"https:\/\/portaltela.pt\/noticias\/2026\/04\/16\/luis-suarez-elogia-o-sporting-na-champions-e-agradece-por-voltar-a-desfrutar\/\" \/>\n<meta property=\"og:site_name\" content=\"Portal Tela Portugal\" \/>\n<meta property=\"article:published_time\" content=\"2026-04-16T14:17:18+00:00\" \/>\n<meta name=\"author\" content=\"Telinha\" \/>\n<meta name=\"twitter:card\" content=\"summary_large_image\" \/>\n<meta name=\"twitter:label1\" content=\"Escrito por\" \/>\n\t<meta name=\"twitter:data1\" content=\"Telinha\" \/>\n\t<meta name=\"twitter:label2\" content=\"Tempo estimado de leitura\" \/>\n\t<meta name=\"twitter:data2\" content=\"1 minuto\" \/>\n<script type=\"application\/ld+json\" class=\"yoast-schema-graph\">{\"@context\":\"https:\/\/schema.org\",\"@graph\":[{\"@type\":\"Article\",\"@id\":\"https:\/\/portaltela.pt\/noticias\/2026\/04\/16\/luis-suarez-elogia-o-sporting-na-champions-e-agradece-por-voltar-a-desfrutar\/#article\",\"isPartOf\":{\"@id\":\"https:\/\/portaltela.pt\/noticias\/2026\/04\/16\/luis-suarez-elogia-o-sporting-na-champions-e-agradece-por-voltar-a-desfrutar\/\"},\"author\":{\"name\":\"Telinha\",\"@id\":\"https:\/\/portaltela.pt\/#\/schema\/person\/c4278d4a6028830caff9ee44b42d32ed\"},\"headline\":\"Luis Su\u00e1rez elogia o Sporting na Champions e agradece por voltar a desfrutar\",\"datePublished\":\"2026-04-16T14:17:18+00:00\",\"mainEntityOfPage\":{\"@id\":\"https:\/\/portaltela.pt\/noticias\/2026\/04\/16\/luis-suarez-elogia-o-sporting-na-champions-e-agradece-por-voltar-a-desfrutar\/\"},\"wordCount\":146,\"image\":{\"@id\":\"https:\/\/portaltela.pt\/noticias\/2026\/04\/16\/luis-suarez-elogia-o-sporting-na-champions-e-agradece-por-voltar-a-desfrutar\/#primaryimage\"},\"thumbnailUrl\":\"https:\/\/portaltela.pt\/s.01k8rhncp4jt1\/2026\/04\/img_920x518uu2026-04-16-14-54-23-2433380.jpg\",\"keywords\":[\"Champions League\",\"futebol\",\"Gy\u00f6keres\",\"Liedson\",\"Sporting\",\"Trinc\u00e3o\"],\"articleSection\":[\"Desporto\",\"Futebol\"],\"inLanguage\":\"pt-PT\"},{\"@type\":\"WebPage\",\"@id\":\"https:\/\/portaltela.pt\/noticias\/2026\/04\/16\/luis-suarez-elogia-o-sporting-na-champions-e-agradece-por-voltar-a-desfrutar\/\",\"url\":\"https:\/\/portaltela.pt\/noticias\/2026\/04\/16\/luis-suarez-elogia-o-sporting-na-champions-e-agradece-por-voltar-a-desfrutar\/\",\"name\":\"Luis Su\u00e1rez elogia o Sporting na Champions e agradece por voltar a desfrutar - Portal Tela Portugal\",\"isPartOf\":{\"@id\":\"https:\/\/portaltela.pt\/#website\"},\"primaryImageOfPage\":{\"@id\":\"https:\/\/portaltela.pt\/noticias\/2026\/04\/16\/luis-suarez-elogia-o-sporting-na-champions-e-agradece-por-voltar-a-desfrutar\/#primaryimage\"},\"image\":{\"@id\":\"https:\/\/portaltela.pt\/noticias\/2026\/04\/16\/luis-suarez-elogia-o-sporting-na-champions-e-agradece-por-voltar-a-desfrutar\/#primaryimage\"},\"thumbnailUrl\":\"https:\/\/portaltela.pt\/s.01k8rhncp4jt1\/2026\/04\/img_920x518uu2026-04-16-14-54-23-2433380.jpg\",\"datePublished\":\"2026-04-16T14:17:18+00:00\",\"author\":{\"@id\":\"https:\/\/portaltela.pt\/#\/schema\/person\/c4278d4a6028830caff9ee44b42d32ed\"},\"breadcrumb\":{\"@id\":\"https:\/\/portaltela.pt\/noticias\/2026\/04\/16\/luis-suarez-elogia-o-sporting-na-champions-e-agradece-por-voltar-a-desfrutar\/#breadcrumb\"},\"inLanguage\":\"pt-PT\",\"potentialAction\":[{\"@type\":\"ReadAction\",\"target\":[\"https:\/\/portaltela.pt\/noticias\/2026\/04\/16\/luis-suarez-elogia-o-sporting-na-champions-e-agradece-por-voltar-a-desfrutar\/\"]}]},{\"@type\":\"ImageObject\",\"inLanguage\":\"pt-PT\",\"@id\":\"https:\/\/portaltela.pt\/noticias\/2026\/04\/16\/luis-suarez-elogia-o-sporting-na-champions-e-agradece-por-voltar-a-desfrutar\/#primaryimage\",\"url\":\"https:\/\/portaltela.pt\/s.01k8rhncp4jt1\/2026\/04\/img_920x518uu2026-04-16-14-54-23-2433380.jpg\",\"contentUrl\":\"https:\/\/portaltela.pt\/s.01k8rhncp4jt1\/2026\/04\/img_920x518uu2026-04-16-14-54-23-2433380.jpg\",\"width\":920,\"height\":518,\"caption\":\"Luis Su\u00e1rez em duelo com Saliba\"},{\"@type\":\"BreadcrumbList\",\"@id\":\"https:\/\/portaltela.pt\/noticias\/2026\/04\/16\/luis-suarez-elogia-o-sporting-na-champions-e-agradece-por-voltar-a-desfrutar\/#breadcrumb\",\"itemListElement\":[{\"@type\":\"ListItem\",\"position\":1,\"name\":\"In\u00edcio\",\"item\":\"https:\/\/portaltela.pt\/\"},{\"@type\":\"ListItem\",\"position\":2,\"name\":\"Luis Su\u00e1rez elogia o Sporting na Champions e agradece por voltar a desfrutar\"}]},{\"@type\":\"WebSite\",\"@id\":\"https:\/\/portaltela.pt\/#website\",\"url\":\"https:\/\/portaltela.pt\/\",\"name\":\"Portal Tela Portugal\",\"description\":\"\",\"potentialAction\":[{\"@type\":\"SearchAction\",\"target\":{\"@type\":\"EntryPoint\",\"urlTemplate\":\"https:\/\/portaltela.pt\/?s={search_term_string}\"},\"query-input\":{\"@type\":\"PropertyValueSpecification\",\"valueRequired\":true,\"valueName\":\"search_term_string\"}}],\"inLanguage\":\"pt-PT\"},{\"@type\":\"Person\",\"@id\":\"https:\/\/portaltela.pt\/#\/schema\/person\/c4278d4a6028830caff9ee44b42d32ed\",\"name\":\"Telinha\",\"image\":{\"@type\":\"ImageObject\",\"inLanguage\":\"pt-PT\",\"@id\":\"https:\/\/portaltela.pt\/s.01k8rhncp4jt1\/2025\/11\/talking-bot-125x125.png\",\"url\":\"https:\/\/portaltela.pt\/s.01k8rhncp4jt1\/2025\/11\/talking-bot-125x125.png\",\"contentUrl\":\"https:\/\/portaltela.pt\/s.01k8rhncp4jt1\/2025\/11\/talking-bot-125x125.png\",\"caption\":\"Telinha\"},\"sameAs\":[\"https:\/\/portaltela.pt\/\"],\"url\":\"https:\/\/portaltela.pt\/por\/367410592786\/\"}]}<\/script>\n<!-- \/ Yoast SEO plugin. -->","yoast_head_json":{"title":"Luis Su\u00e1rez elogia o Sporting na Champions e agradece por voltar a desfrutar - Portal Tela Portugal","robots":{"index":"index","follow":"follow","max-snippet":"max-snippet:-1","max-image-preview":"max-image-preview:large","max-video-preview":"max-video-preview:-1"},"og_locale":"pt_PT","og_type":"article","og_title":"Luis Su\u00e1rez elogia o Sporting na Champions e agradece por voltar a desfrutar - Portal Tela Portugal","og_description":"Luis Su\u00e1rez elogiou o Sporting na Liga dos Campe\u00f5es 2025\/26 e mostrou-se satisfeito por regressar ao mais alto n\u00edvel, atrav\u00e9s de uma partilha no Instagram. O avan\u00e7ado, de 28 anos, destacou a trajet\u00f3ria dos verdes e brancos e agradeceu pela oportunidade de voltar a jogar no melhor palco europeu. Revelou ainda ter sentido, na sua mensagem, a ajuda divina, agradecendo a Deus pela performance pelo Sporting. Nesta temporada da Champions, terminou com cinco golos e uma assist\u00eancia em 12 jogos pelo clube lisboeta. Os seis tentos de Gy\u00f6keres, Liedson e Trinc\u00e3o continuam a partilhar o estatuto de melhor goleadores hist\u00f3ricos do Sporting na competi\u00e7\u00e3o.","og_url":"https:\/\/portaltela.pt\/noticias\/2026\/04\/16\/luis-suarez-elogia-o-sporting-na-champions-e-agradece-por-voltar-a-desfrutar\/","og_site_name":"Portal Tela Portugal","article_published_time":"2026-04-16T14:17:18+00:00","author":"Telinha","twitter_card":"summary_large_image","twitter_misc":{"Escrito por":"Telinha","Tempo estimado de leitura":"1 minuto"},"schema":{"@context":"https:\/\/schema.org","@graph":[{"@type":"Article","@id":"https:\/\/portaltela.pt\/noticias\/2026\/04\/16\/luis-suarez-elogia-o-sporting-na-champions-e-agradece-por-voltar-a-desfrutar\/#article","isPartOf":{"@id":"https:\/\/portaltela.pt\/noticias\/2026\/04\/16\/luis-suarez-elogia-o-sporting-na-champions-e-agradece-por-voltar-a-desfrutar\/"},"author":{"name":"Telinha","@id":"https:\/\/portaltela.pt\/#\/schema\/person\/c4278d4a6028830caff9ee44b42d32ed"},"headline":"Luis Su\u00e1rez elogia o Sporting na Champions e agradece por voltar a desfrutar","datePublished":"2026-04-16T14:17:18+00:00","mainEntityOfPage":{"@id":"https:\/\/portaltela.pt\/noticias\/2026\/04\/16\/luis-suarez-elogia-o-sporting-na-champions-e-agradece-por-voltar-a-desfrutar\/"},"wordCount":146,"image":{"@id":"https:\/\/portaltela.pt\/noticias\/2026\/04\/16\/luis-suarez-elogia-o-sporting-na-champions-e-agradece-por-voltar-a-desfrutar\/#primaryimage"},"thumbnailUrl":"https:\/\/portaltela.pt\/s.01k8rhncp4jt1\/2026\/04\/img_920x518uu2026-04-16-14-54-23-2433380.jpg","keywords":["Champions League","futebol","Gy\u00f6keres","Liedson","Sporting","Trinc\u00e3o"],"articleSection":["Desporto","Futebol"],"inLanguage":"pt-PT"},{"@type":"WebPage","@id":"https:\/\/portaltela.pt\/noticias\/2026\/04\/16\/luis-suarez-elogia-o-sporting-na-champions-e-agradece-por-voltar-a-desfrutar\/","url":"https:\/\/portaltela.pt\/noticias\/2026\/04\/16\/luis-suarez-elogia-o-sporting-na-champions-e-agradece-por-voltar-a-desfrutar\/","name":"Luis Su\u00e1rez elogia o Sporting na Champions e agradece por voltar a desfrutar - Portal Tela Portugal","isPartOf":{"@id":"https:\/\/portaltela.pt\/#website"},"primaryImageOfPage":{"@id":"https:\/\/portaltela.pt\/noticias\/2026\/04\/16\/luis-suarez-elogia-o-sporting-na-champions-e-agradece-por-voltar-a-desfrutar\/#primaryimage"},"image":{"@id":"https:\/\/portaltela.pt\/noticias\/2026\/04\/16\/luis-suarez-elogia-o-sporting-na-champions-e-agradece-por-voltar-a-desfrutar\/#primaryimage"},"thumbnailUrl":"https:\/\/portaltela.pt\/s.01k8rhncp4jt1\/2026\/04\/img_920x518uu2026-04-16-14-54-23-2433380.jpg","datePublished":"2026-04-16T14:17:18+00:00","author":{"@id":"https:\/\/portaltela.pt\/#\/schema\/person\/c4278d4a6028830caff9ee44b42d32ed"},"breadcrumb":{"@id":"https:\/\/portaltela.pt\/noticias\/2026\/04\/16\/luis-suarez-elogia-o-sporting-na-champions-e-agradece-por-voltar-a-desfrutar\/#breadcrumb"},"inLanguage":"pt-PT","potentialAction":[{"@type":"ReadAction","target":["https:\/\/portaltela.pt\/noticias\/2026\/04\/16\/luis-suarez-elogia-o-sporting-na-champions-e-agradece-por-voltar-a-desfrutar\/"]}]},{"@type":"ImageObject","inLanguage":"pt-PT","@id":"https:\/\/portaltela.pt\/noticias\/2026\/04\/16\/luis-suarez-elogia-o-sporting-na-champions-e-agradece-por-voltar-a-desfrutar\/#primaryimage","url":"https:\/\/portaltela.pt\/s.01k8rhncp4jt1\/2026\/04\/img_920x518uu2026-04-16-14-54-23-2433380.jpg","contentUrl":"https:\/\/portaltela.pt\/s.01k8rhncp4jt1\/2026\/04\/img_920x518uu2026-04-16-14-54-23-2433380.jpg","width":920,"height":518,"caption":"Luis Su\u00e1rez em duelo com Saliba"},{"@type":"BreadcrumbList","@id":"https:\/\/portaltela.pt\/noticias\/2026\/04\/16\/luis-suarez-elogia-o-sporting-na-champions-e-agradece-por-voltar-a-desfrutar\/#breadcrumb","itemListElement":[{"@type":"ListItem","position":1,"name":"In\u00edcio","item":"https:\/\/portaltela.pt\/"},{"@type":"ListItem","position":2,"name":"Luis Su\u00e1rez elogia o Sporting na Champions e agradece por voltar a desfrutar"}]},{"@type":"WebSite","@id":"https:\/\/portaltela.pt\/#website","url":"https:\/\/portaltela.pt\/","name":"Portal Tela Portugal","description":"","potentialAction":[{"@type":"SearchAction","target":{"@type":"EntryPoint","urlTemplate":"https:\/\/portaltela.pt\/?s={search_term_string}"},"query-input":{"@type":"PropertyValueSpecification","valueRequired":true,"valueName":"search_term_string"}}],"inLanguage":"pt-PT"},{"@type":"Person","@id":"https:\/\/portaltela.pt\/#\/schema\/person\/c4278d4a6028830caff9ee44b42d32ed","name":"Telinha","image":{"@type":"ImageObject","inLanguage":"pt-PT","@id":"https:\/\/portaltela.pt\/s.01k8rhncp4jt1\/2025\/11\/talking-bot-125x125.png","url":"https:\/\/portaltela.pt\/s.01k8rhncp4jt1\/2025\/11\/talking-bot-125x125.png","contentUrl":"https:\/\/portaltela.pt\/s.01k8rhncp4jt1\/2025\/11\/talking-bot-125x125.png","caption":"Telinha"},"sameAs":["https:\/\/portaltela.pt\/"],"url":"https:\/\/portaltela.pt\/por\/367410592786\/"}]}},"_links":{"self":[{"href":"https:\/\/portaltela.pt\/api\/wp\/v2\/posts\/446488","targetHints":{"allow":["GET"]}}],"collection":[{"href":"https:\/\/portaltela.pt\/api\/wp\/v2\/posts"}],"about":[{"href":"https:\/\/portaltela.pt\/api\/wp\/v2\/types\/post"}],"author":[{"embeddable":true,"href":"https:\/\/portaltela.pt\/api\/wp\/v2\/users\/2"}],"replies":[{"embeddable":true,"href":"https:\/\/portaltela.pt\/api\/wp\/v2\/comments?post=446488"}],"version-history":[{"count":0,"href":"https:\/\/portaltela.pt\/api\/wp\/v2\/posts\/446488\/revisions"}],"wp:featuredmedia":[{"embeddable":true,"href":"https:\/\/portaltela.pt\/api\/wp\/v2\/media\/446490"}],"wp:attachment":[{"href":"https:\/\/portaltela.pt\/api\/wp\/v2\/media?parent=446488"}],"wp:term":[{"taxonomy":"category","embeddable":true,"href":"https:\/\/portaltela.pt\/api\/wp\/v2\/categories?post=446488"},{"taxonomy":"post_tag","embeddable":true,"href":"https:\/\/portaltela.pt\/api\/wp\/v2\/tags?post=446488"}],"curies":[{"name":"wp","href":"https:\/\/api.w.org\/{rel}","templated":true}]}}