{"id":446444,"date":"2026-04-16T10:46:56","date_gmt":"2026-04-16T13:46:56","guid":{"rendered":"https:\/\/portaltela.pt\/noticias\/2026\/04\/16\/um-vinho-branco-que-homenageia-os-vignerons\/"},"modified":"2026-04-16T10:46:56","modified_gmt":"2026-04-16T13:46:56","slug":"um-vinho-branco-que-homenageia-os-vignerons","status":"publish","type":"post","link":"https:\/\/portaltela.pt\/noticias\/2026\/04\/16\/um-vinho-branco-que-homenageia-os-vignerons\/","title":{"rendered":"Um vinho branco que homenageia os vignerons"},"content":{"rendered":"<p>Miguel Queimado \u00e9 um produtor que n\u00e3o cede a modas. O Vinha da Coutada 2021 \u00e9 um branco de assinatura, feito a partir de uvas Alvarinho na regi\u00e3o de Mon\u00e7\u00e3o, num projeto de explora\u00e7\u00e3o da propriedade da fam\u00edlia Vale dos Ares.<\/p>\n<p>Desde h\u00e1 pouco mais de uma d\u00e9cada que produz e engarrafa vinhos com identidade pr\u00f3pria, usando uvas que anteriormente eram entregues a terceiros. Gabriela Albuquerque assina a enologia do projeto e o foco \u00e9 a casta Alvarinho.<\/p>\n<p>Queimado integra, desde 2019, o grupo Vignerons de Portugal, que re\u00fane produtores que trabalham apenas com uvas da pr\u00f3pria quinta. A participa\u00e7\u00e3o refor\u00e7a a ideia de vinhos com identidade regional.<\/p>\n<h3>Processo de produ\u00e7\u00e3o<\/h3>\n<p>As uvas s\u00e3o colhidas na Vinha da Coutada, num solo gran\u00edtico. O vinho fermenta em pequenas barricas de carvalho franc\u00eas com capacidade de 228 litros.<\/p>\n<p>Durante a fermenta\u00e7\u00e3o, o mosto recebe borras totais, iniciando uma fase de est\u00e1gio que dura um ano. Ap\u00f3s engarrafado, o vinho permanece maturecendo 18 meses antes de chegar ao mercado.<\/p>\n<h3>Perfil de prova<\/h3>\n<p>O vinho apresenta brilho dourado e uma express\u00e3o arom\u00e1tica elegante. Em prova, mostra-se complexo, com notas de mel, gengibre e funcho, acompanhadas de uma marcada salinidade que prolonga o final.<\/p>\n<p>O resultado \u00e9 um branco de grande personalidade, capaz de exprimir a diversidade de solos, altitude e exposi\u00e7\u00e3o das vinhas. A obra honra os vignerons portugueses e a tradi\u00e7\u00e3o da regi\u00e3o.<\/p>\n","protected":false},"excerpt":{"rendered":"<ul>\n<li>Miguel Queimado apresenta o branco Vinha da Coutada 2021, produzido em Mon\u00e7\u00e3o a partir de uvas Alvarinho, com assinatura enol\u00f3gica de Gabriela Albuquerque.<\/li>\n<li>O projeto integra a aposta na identidade dos vinhos portugueses, e Queimado \u00e9 membro do grupo Vignerons de Portugal desde 2019.<\/li>\n<li>As uvas s\u00e3o da Vinha da Coutada, num solo gran\u00edtico, e o vinho fermenta em barricas pequenas de 228 litros usadas de carvalho franc\u00eas, com est\u00e1gio de borras totais durante um ano.<\/li>\n<li>Ap\u00f3s engarrafado, o vinho ainda aguarda cerca de 18 meses antes de chegar ao mercado.<\/li>\n<li>Descrito como um branco sofisticado e de personalidade, destaca-se pela eleg\u00e2ncia, notas de mel, gengibre, funcho e uma salinidade que prolonga o final.<\/li>\n<\/ul>\n","protected":false},"author":2,"featured_media":446447,"comment_status":"closed","ping_status":"closed","sticky":false,"template":"","format":"standard","meta":{"footnotes":""},"categories":[7369,1],"tags":[760,6261,5586,779,4103],"class_list":["post-446444","post","type-post","status-publish","format-standard","has-post-thumbnail","hentry","category-gastronomia","category-noticias","tag-agroalimentar","tag-regiao-norte","tag-vinho","tag-vinhos","tag-viticultura"],"yoast_head":"<!-- This site is optimized with the Yoast SEO plugin v27.2 - https:\/\/yoast.com\/product\/yoast-seo-wordpress\/ -->\n<title>Um vinho branco que homenageia os vignerons - Portal Tela Portugal<\/title>\n<meta name=\"robots\" content=\"index, follow, max-snippet:-1, max-image-preview:large, max-video-preview:-1\" \/>\n<meta property=\"og:locale\" content=\"pt_PT\" \/>\n<meta property=\"og:type\" content=\"article\" \/>\n<meta property=\"og:title\" content=\"Um vinho branco que homenageia os vignerons - Portal Tela Portugal\" \/>\n<meta property=\"og:description\" content=\"Miguel Queimado apresenta o branco Vinha da Coutada 2021, produzido em Mon\u00e7\u00e3o a partir de uvas Alvarinho, com assinatura enol\u00f3gica de Gabriela Albuquerque. O projeto integra a aposta na identidade dos vinhos portugueses, e Queimado \u00e9 membro do grupo Vignerons de Portugal desde 2019. As uvas s\u00e3o da Vinha da Coutada, num solo gran\u00edtico, e o vinho fermenta em barricas pequenas de 228 litros usadas de carvalho franc\u00eas, com est\u00e1gio de borras totais durante um ano. Ap\u00f3s engarrafado, o vinho ainda aguarda cerca de 18 meses antes de chegar ao mercado. Descrito como um branco sofisticado e de personalidade, destaca-se pela eleg\u00e2ncia, notas de mel, gengibre, funcho e uma salinidade que prolonga o final.\" \/>\n<meta property=\"og:url\" content=\"https:\/\/portaltela.pt\/noticias\/2026\/04\/16\/um-vinho-branco-que-homenageia-os-vignerons\/\" \/>\n<meta property=\"og:site_name\" content=\"Portal Tela Portugal\" \/>\n<meta property=\"article:published_time\" content=\"2026-04-16T13:46:56+00:00\" \/>\n<meta name=\"author\" content=\"Telinha\" \/>\n<meta name=\"twitter:card\" content=\"summary_large_image\" \/>\n<meta name=\"twitter:label1\" content=\"Escrito por\" \/>\n\t<meta name=\"twitter:data1\" content=\"Telinha\" \/>\n\t<meta name=\"twitter:label2\" content=\"Tempo estimado de leitura\" \/>\n\t<meta name=\"twitter:data2\" content=\"1 minuto\" \/>\n<script type=\"application\/ld+json\" class=\"yoast-schema-graph\">{\"@context\":\"https:\/\/schema.org\",\"@graph\":[{\"@type\":\"Article\",\"@id\":\"https:\/\/portaltela.pt\/noticias\/2026\/04\/16\/um-vinho-branco-que-homenageia-os-vignerons\/#article\",\"isPartOf\":{\"@id\":\"https:\/\/portaltela.pt\/noticias\/2026\/04\/16\/um-vinho-branco-que-homenageia-os-vignerons\/\"},\"author\":{\"name\":\"Telinha\",\"@id\":\"https:\/\/portaltela.pt\/#\/schema\/person\/c4278d4a6028830caff9ee44b42d32ed\"},\"headline\":\"Um vinho branco que homenageia os vignerons\",\"datePublished\":\"2026-04-16T13:46:56+00:00\",\"mainEntityOfPage\":{\"@id\":\"https:\/\/portaltela.pt\/noticias\/2026\/04\/16\/um-vinho-branco-que-homenageia-os-vignerons\/\"},\"wordCount\":252,\"image\":{\"@id\":\"https:\/\/portaltela.pt\/noticias\/2026\/04\/16\/um-vinho-branco-que-homenageia-os-vignerons\/#primaryimage\"},\"thumbnailUrl\":\"https:\/\/portaltela.pt\/s.01k8rhncp4jt1\/2026\/04\/2081763.jpg\",\"keywords\":[\"agroalimentar\",\"Regi\u00e3o Norte\",\"vinho\",\"vinhos\",\"viticultura\"],\"articleSection\":[\"Gastronomia\",\"Not\u00edcias\"],\"inLanguage\":\"pt-PT\"},{\"@type\":\"WebPage\",\"@id\":\"https:\/\/portaltela.pt\/noticias\/2026\/04\/16\/um-vinho-branco-que-homenageia-os-vignerons\/\",\"url\":\"https:\/\/portaltela.pt\/noticias\/2026\/04\/16\/um-vinho-branco-que-homenageia-os-vignerons\/\",\"name\":\"Um vinho branco que homenageia os vignerons - Portal Tela Portugal\",\"isPartOf\":{\"@id\":\"https:\/\/portaltela.pt\/#website\"},\"primaryImageOfPage\":{\"@id\":\"https:\/\/portaltela.pt\/noticias\/2026\/04\/16\/um-vinho-branco-que-homenageia-os-vignerons\/#primaryimage\"},\"image\":{\"@id\":\"https:\/\/portaltela.pt\/noticias\/2026\/04\/16\/um-vinho-branco-que-homenageia-os-vignerons\/#primaryimage\"},\"thumbnailUrl\":\"https:\/\/portaltela.pt\/s.01k8rhncp4jt1\/2026\/04\/2081763.jpg\",\"datePublished\":\"2026-04-16T13:46:56+00:00\",\"author\":{\"@id\":\"https:\/\/portaltela.pt\/#\/schema\/person\/c4278d4a6028830caff9ee44b42d32ed\"},\"breadcrumb\":{\"@id\":\"https:\/\/portaltela.pt\/noticias\/2026\/04\/16\/um-vinho-branco-que-homenageia-os-vignerons\/#breadcrumb\"},\"inLanguage\":\"pt-PT\",\"potentialAction\":[{\"@type\":\"ReadAction\",\"target\":[\"https:\/\/portaltela.pt\/noticias\/2026\/04\/16\/um-vinho-branco-que-homenageia-os-vignerons\/\"]}]},{\"@type\":\"ImageObject\",\"inLanguage\":\"pt-PT\",\"@id\":\"https:\/\/portaltela.pt\/noticias\/2026\/04\/16\/um-vinho-branco-que-homenageia-os-vignerons\/#primaryimage\",\"url\":\"https:\/\/portaltela.pt\/s.01k8rhncp4jt1\/2026\/04\/2081763.jpg\",\"contentUrl\":\"https:\/\/portaltela.pt\/s.01k8rhncp4jt1\/2026\/04\/2081763.jpg\",\"width\":796,\"height\":448,\"caption\":\"Miguel Queimado integra o grupo Vignerons de Portugal e \u00e9 um daqueles teimosos que n\u00e3o cede a modas\"},{\"@type\":\"BreadcrumbList\",\"@id\":\"https:\/\/portaltela.pt\/noticias\/2026\/04\/16\/um-vinho-branco-que-homenageia-os-vignerons\/#breadcrumb\",\"itemListElement\":[{\"@type\":\"ListItem\",\"position\":1,\"name\":\"In\u00edcio\",\"item\":\"https:\/\/portaltela.pt\/\"},{\"@type\":\"ListItem\",\"position\":2,\"name\":\"Um vinho branco que homenageia os vignerons\"}]},{\"@type\":\"WebSite\",\"@id\":\"https:\/\/portaltela.pt\/#website\",\"url\":\"https:\/\/portaltela.pt\/\",\"name\":\"Portal Tela Portugal\",\"description\":\"\",\"potentialAction\":[{\"@type\":\"SearchAction\",\"target\":{\"@type\":\"EntryPoint\",\"urlTemplate\":\"https:\/\/portaltela.pt\/?s={search_term_string}\"},\"query-input\":{\"@type\":\"PropertyValueSpecification\",\"valueRequired\":true,\"valueName\":\"search_term_string\"}}],\"inLanguage\":\"pt-PT\"},{\"@type\":\"Person\",\"@id\":\"https:\/\/portaltela.pt\/#\/schema\/person\/c4278d4a6028830caff9ee44b42d32ed\",\"name\":\"Telinha\",\"image\":{\"@type\":\"ImageObject\",\"inLanguage\":\"pt-PT\",\"@id\":\"https:\/\/portaltela.pt\/s.01k8rhncp4jt1\/2025\/11\/talking-bot-125x125.png\",\"url\":\"https:\/\/portaltela.pt\/s.01k8rhncp4jt1\/2025\/11\/talking-bot-125x125.png\",\"contentUrl\":\"https:\/\/portaltela.pt\/s.01k8rhncp4jt1\/2025\/11\/talking-bot-125x125.png\",\"caption\":\"Telinha\"},\"sameAs\":[\"https:\/\/portaltela.pt\/\"],\"url\":\"https:\/\/portaltela.pt\/por\/367410592786\/\"}]}<\/script>\n<!-- \/ Yoast SEO plugin. -->","yoast_head_json":{"title":"Um vinho branco que homenageia os vignerons - Portal Tela Portugal","robots":{"index":"index","follow":"follow","max-snippet":"max-snippet:-1","max-image-preview":"max-image-preview:large","max-video-preview":"max-video-preview:-1"},"og_locale":"pt_PT","og_type":"article","og_title":"Um vinho branco que homenageia os vignerons - Portal Tela Portugal","og_description":"Miguel Queimado apresenta o branco Vinha da Coutada 2021, produzido em Mon\u00e7\u00e3o a partir de uvas Alvarinho, com assinatura enol\u00f3gica de Gabriela Albuquerque. O projeto integra a aposta na identidade dos vinhos portugueses, e Queimado \u00e9 membro do grupo Vignerons de Portugal desde 2019. As uvas s\u00e3o da Vinha da Coutada, num solo gran\u00edtico, e o vinho fermenta em barricas pequenas de 228 litros usadas de carvalho franc\u00eas, com est\u00e1gio de borras totais durante um ano. Ap\u00f3s engarrafado, o vinho ainda aguarda cerca de 18 meses antes de chegar ao mercado. Descrito como um branco sofisticado e de personalidade, destaca-se pela eleg\u00e2ncia, notas de mel, gengibre, funcho e uma salinidade que prolonga o final.","og_url":"https:\/\/portaltela.pt\/noticias\/2026\/04\/16\/um-vinho-branco-que-homenageia-os-vignerons\/","og_site_name":"Portal Tela Portugal","article_published_time":"2026-04-16T13:46:56+00:00","author":"Telinha","twitter_card":"summary_large_image","twitter_misc":{"Escrito por":"Telinha","Tempo estimado de leitura":"1 minuto"},"schema":{"@context":"https:\/\/schema.org","@graph":[{"@type":"Article","@id":"https:\/\/portaltela.pt\/noticias\/2026\/04\/16\/um-vinho-branco-que-homenageia-os-vignerons\/#article","isPartOf":{"@id":"https:\/\/portaltela.pt\/noticias\/2026\/04\/16\/um-vinho-branco-que-homenageia-os-vignerons\/"},"author":{"name":"Telinha","@id":"https:\/\/portaltela.pt\/#\/schema\/person\/c4278d4a6028830caff9ee44b42d32ed"},"headline":"Um vinho branco que homenageia os vignerons","datePublished":"2026-04-16T13:46:56+00:00","mainEntityOfPage":{"@id":"https:\/\/portaltela.pt\/noticias\/2026\/04\/16\/um-vinho-branco-que-homenageia-os-vignerons\/"},"wordCount":252,"image":{"@id":"https:\/\/portaltela.pt\/noticias\/2026\/04\/16\/um-vinho-branco-que-homenageia-os-vignerons\/#primaryimage"},"thumbnailUrl":"https:\/\/portaltela.pt\/s.01k8rhncp4jt1\/2026\/04\/2081763.jpg","keywords":["agroalimentar","Regi\u00e3o Norte","vinho","vinhos","viticultura"],"articleSection":["Gastronomia","Not\u00edcias"],"inLanguage":"pt-PT"},{"@type":"WebPage","@id":"https:\/\/portaltela.pt\/noticias\/2026\/04\/16\/um-vinho-branco-que-homenageia-os-vignerons\/","url":"https:\/\/portaltela.pt\/noticias\/2026\/04\/16\/um-vinho-branco-que-homenageia-os-vignerons\/","name":"Um vinho branco que homenageia os vignerons - Portal Tela Portugal","isPartOf":{"@id":"https:\/\/portaltela.pt\/#website"},"primaryImageOfPage":{"@id":"https:\/\/portaltela.pt\/noticias\/2026\/04\/16\/um-vinho-branco-que-homenageia-os-vignerons\/#primaryimage"},"image":{"@id":"https:\/\/portaltela.pt\/noticias\/2026\/04\/16\/um-vinho-branco-que-homenageia-os-vignerons\/#primaryimage"},"thumbnailUrl":"https:\/\/portaltela.pt\/s.01k8rhncp4jt1\/2026\/04\/2081763.jpg","datePublished":"2026-04-16T13:46:56+00:00","author":{"@id":"https:\/\/portaltela.pt\/#\/schema\/person\/c4278d4a6028830caff9ee44b42d32ed"},"breadcrumb":{"@id":"https:\/\/portaltela.pt\/noticias\/2026\/04\/16\/um-vinho-branco-que-homenageia-os-vignerons\/#breadcrumb"},"inLanguage":"pt-PT","potentialAction":[{"@type":"ReadAction","target":["https:\/\/portaltela.pt\/noticias\/2026\/04\/16\/um-vinho-branco-que-homenageia-os-vignerons\/"]}]},{"@type":"ImageObject","inLanguage":"pt-PT","@id":"https:\/\/portaltela.pt\/noticias\/2026\/04\/16\/um-vinho-branco-que-homenageia-os-vignerons\/#primaryimage","url":"https:\/\/portaltela.pt\/s.01k8rhncp4jt1\/2026\/04\/2081763.jpg","contentUrl":"https:\/\/portaltela.pt\/s.01k8rhncp4jt1\/2026\/04\/2081763.jpg","width":796,"height":448,"caption":"Miguel Queimado integra o grupo Vignerons de Portugal e \u00e9 um daqueles teimosos que n\u00e3o cede a modas"},{"@type":"BreadcrumbList","@id":"https:\/\/portaltela.pt\/noticias\/2026\/04\/16\/um-vinho-branco-que-homenageia-os-vignerons\/#breadcrumb","itemListElement":[{"@type":"ListItem","position":1,"name":"In\u00edcio","item":"https:\/\/portaltela.pt\/"},{"@type":"ListItem","position":2,"name":"Um vinho branco que homenageia os vignerons"}]},{"@type":"WebSite","@id":"https:\/\/portaltela.pt\/#website","url":"https:\/\/portaltela.pt\/","name":"Portal Tela Portugal","description":"","potentialAction":[{"@type":"SearchAction","target":{"@type":"EntryPoint","urlTemplate":"https:\/\/portaltela.pt\/?s={search_term_string}"},"query-input":{"@type":"PropertyValueSpecification","valueRequired":true,"valueName":"search_term_string"}}],"inLanguage":"pt-PT"},{"@type":"Person","@id":"https:\/\/portaltela.pt\/#\/schema\/person\/c4278d4a6028830caff9ee44b42d32ed","name":"Telinha","image":{"@type":"ImageObject","inLanguage":"pt-PT","@id":"https:\/\/portaltela.pt\/s.01k8rhncp4jt1\/2025\/11\/talking-bot-125x125.png","url":"https:\/\/portaltela.pt\/s.01k8rhncp4jt1\/2025\/11\/talking-bot-125x125.png","contentUrl":"https:\/\/portaltela.pt\/s.01k8rhncp4jt1\/2025\/11\/talking-bot-125x125.png","caption":"Telinha"},"sameAs":["https:\/\/portaltela.pt\/"],"url":"https:\/\/portaltela.pt\/por\/367410592786\/"}]}},"_links":{"self":[{"href":"https:\/\/portaltela.pt\/api\/wp\/v2\/posts\/446444","targetHints":{"allow":["GET"]}}],"collection":[{"href":"https:\/\/portaltela.pt\/api\/wp\/v2\/posts"}],"about":[{"href":"https:\/\/portaltela.pt\/api\/wp\/v2\/types\/post"}],"author":[{"embeddable":true,"href":"https:\/\/portaltela.pt\/api\/wp\/v2\/users\/2"}],"replies":[{"embeddable":true,"href":"https:\/\/portaltela.pt\/api\/wp\/v2\/comments?post=446444"}],"version-history":[{"count":0,"href":"https:\/\/portaltela.pt\/api\/wp\/v2\/posts\/446444\/revisions"}],"wp:featuredmedia":[{"embeddable":true,"href":"https:\/\/portaltela.pt\/api\/wp\/v2\/media\/446447"}],"wp:attachment":[{"href":"https:\/\/portaltela.pt\/api\/wp\/v2\/media?parent=446444"}],"wp:term":[{"taxonomy":"category","embeddable":true,"href":"https:\/\/portaltela.pt\/api\/wp\/v2\/categories?post=446444"},{"taxonomy":"post_tag","embeddable":true,"href":"https:\/\/portaltela.pt\/api\/wp\/v2\/tags?post=446444"}],"curies":[{"name":"wp","href":"https:\/\/api.w.org\/{rel}","templated":true}]}}