{"id":446423,"date":"2026-04-16T10:32:00","date_gmt":"2026-04-16T13:32:00","guid":{"rendered":"https:\/\/portaltela.pt\/noticias\/2026\/04\/16\/bernardo-silva-confirma-saida-do-manchester-city-4\/"},"modified":"2026-04-16T10:32:00","modified_gmt":"2026-04-16T13:32:00","slug":"bernardo-silva-confirma-saida-do-manchester-city-4","status":"publish","type":"post","link":"https:\/\/portaltela.pt\/desporto\/futebol\/2026\/04\/16\/bernardo-silva-confirma-saida-do-manchester-city-4\/","title":{"rendered":"Bernardo Silva confirma sa\u00edda do Manchester City"},"content":{"rendered":"<p>Bernardo Silva confirmou esta quinta-feira a sua sa\u00edda do Manchester City, clube que representou desde 2017. O internacional portugu\u00eas recorreu \u00e0s redes sociais para agradecer o per\u00edodo no clube, onde viveu momentos marcantes a n\u00edvel pessoal e desportivo.<\/p>\n<p>Chegou ao City proveniente do M\u00f3naco por 50 milh\u00f5es de euros. Em nove temporadas, o m\u00e9dio ofensivo soma 18 t\u00edtulos, entre seis campeonatos nacionais, tr\u00eas ligas nacionais e conquistas globais, mantendo ainda a hip\u00f3tese de vencer mais dois trof\u00e9us nesta \u00e9poca.<\/p>\n<p>Da cidade e do clube ficou marcada uma carreira de sucesso, incluindo a tripleta 2022\/23 e quatro t\u00edtulos seguidos. O jogador deixa claro que a decis\u00e3o envolve o equil\u00edbrio entre conquistas e o impacto pessoal que a experi\u00eancia teve na sua vida.<\/p>\n<h3>Contexto e perspetivas<\/h3>\n<p>Desde 2017, Bernardo tornou-se parte essencial do projeto de Pep Guardiola. O atacante chega ao fim de uma etapa de nove anos, com o futuro ainda por definir e o foco em novos passos no desporto e na vida familiar.<\/p>\n<p>Com a sa\u00edda do internacional portugu\u00eas, o City perde um dos seus principais pilares ofensivos das \u00faltimas temporadas, enquanto o jogador encarar novas oportunidades no pr\u00f3ximo cap\u00edtulo da carreira.<\/p>\n","protected":false},"excerpt":{"rendered":"<ul>\n<li>Bernardo Silva confirmou a sa\u00edda do Manchester City atrav\u00e9s das redes sociais, encerrando nove anos no clube.<\/li>\n<li>O internacional portugu\u00eas destacou que \u00e9 tempo de dizer adeus \u00e0 cidade onde ganhou t\u00edtulos e onde come\u00e7ou o seu casamento e fam\u00edlia.<\/li>\n<li>Enalteceu as conquistas alcan\u00e7adas, como a Centurions da temporada 2017-2018-19 com 100 pontos, a tripleta de 2022\/23 e os quatro t\u00edtulos seguidos.<\/li>\n<li>Chegou ao City em 2017 proveniente do M\u00f3naco, por 50 milh\u00f5es de euros, mantendo-se como pe\u00e7a fundamental para Pep Guardiola.<\/li>\n<li>Soma dezoito t\u00edtulos com o clube, incluindo seis t\u00edtulos de campe\u00e3o da Premier League, cinco da FA Cup, uma Liga dos Campe\u00f5es e um Mundial de clubes, ainda na corrida por mais dois trof\u00e9us na presente temporada (Ta\u00e7a de Inglaterra e Premier League).<\/li>\n<\/ul>\n","protected":false},"author":2,"featured_media":446424,"comment_status":"closed","ping_status":"closed","sticky":false,"template":"","format":"standard","meta":{"footnotes":""},"categories":[21,24],"tags":[3211,32,3338,242,1980,1014],"class_list":["post-446423","post","type-post","status-publish","format-standard","has-post-thumbnail","hentry","category-desporto","category-futebol","tag-bernardo-silva","tag-futebol","tag-futebol-internacional","tag-jogadores","tag-manchester-city","tag-portugal"],"yoast_head":"<!-- This site is optimized with the Yoast SEO plugin v27.2 - https:\/\/yoast.com\/product\/yoast-seo-wordpress\/ -->\n<title>Bernardo Silva confirma sa\u00edda do Manchester City - Portal Tela Portugal<\/title>\n<meta name=\"robots\" content=\"index, follow, max-snippet:-1, max-image-preview:large, max-video-preview:-1\" \/>\n<meta property=\"og:locale\" content=\"pt_PT\" \/>\n<meta property=\"og:type\" content=\"article\" \/>\n<meta property=\"og:title\" content=\"Bernardo Silva confirma sa\u00edda do Manchester City - Portal Tela Portugal\" \/>\n<meta property=\"og:description\" content=\"Bernardo Silva confirmou a sa\u00edda do Manchester City atrav\u00e9s das redes sociais, encerrando nove anos no clube. O internacional portugu\u00eas destacou que \u00e9 tempo de dizer adeus \u00e0 cidade onde ganhou t\u00edtulos e onde come\u00e7ou o seu casamento e fam\u00edlia. Enalteceu as conquistas alcan\u00e7adas, como a Centurions da temporada 2017-2018-19 com 100 pontos, a tripleta de 2022\/23 e os quatro t\u00edtulos seguidos. Chegou ao City em 2017 proveniente do M\u00f3naco, por 50 milh\u00f5es de euros, mantendo-se como pe\u00e7a fundamental para Pep Guardiola. Soma dezoito t\u00edtulos com o clube, incluindo seis t\u00edtulos de campe\u00e3o da Premier League, cinco da FA Cup, uma Liga dos Campe\u00f5es e um Mundial de clubes, ainda na corrida por mais dois trof\u00e9us na presente temporada (Ta\u00e7a de Inglaterra e Premier League).\" \/>\n<meta property=\"og:url\" content=\"https:\/\/portaltela.pt\/noticias\/2026\/04\/16\/bernardo-silva-confirma-saida-do-manchester-city-4\/\" \/>\n<meta property=\"og:site_name\" content=\"Portal Tela Portugal\" \/>\n<meta property=\"article:published_time\" content=\"2026-04-16T13:32:00+00:00\" \/>\n<meta name=\"author\" content=\"Telinha\" \/>\n<meta name=\"twitter:card\" content=\"summary_large_image\" \/>\n<meta name=\"twitter:label1\" content=\"Escrito por\" \/>\n\t<meta name=\"twitter:data1\" content=\"Telinha\" \/>\n\t<meta name=\"twitter:label2\" content=\"Tempo estimado de leitura\" \/>\n\t<meta name=\"twitter:data2\" content=\"1 minuto\" \/>\n<script type=\"application\/ld+json\" class=\"yoast-schema-graph\">{\"@context\":\"https:\/\/schema.org\",\"@graph\":[{\"@type\":\"Article\",\"@id\":\"https:\/\/portaltela.pt\/noticias\/2026\/04\/16\/bernardo-silva-confirma-saida-do-manchester-city-4\/#article\",\"isPartOf\":{\"@id\":\"https:\/\/portaltela.pt\/noticias\/2026\/04\/16\/bernardo-silva-confirma-saida-do-manchester-city-4\/\"},\"author\":{\"name\":\"Telinha\",\"@id\":\"https:\/\/portaltela.pt\/#\/schema\/person\/c4278d4a6028830caff9ee44b42d32ed\"},\"headline\":\"Bernardo Silva confirma sa\u00edda do Manchester City\",\"datePublished\":\"2026-04-16T13:32:00+00:00\",\"mainEntityOfPage\":{\"@id\":\"https:\/\/portaltela.pt\/noticias\/2026\/04\/16\/bernardo-silva-confirma-saida-do-manchester-city-4\/\"},\"wordCount\":215,\"image\":{\"@id\":\"https:\/\/portaltela.pt\/noticias\/2026\/04\/16\/bernardo-silva-confirma-saida-do-manchester-city-4\/#primaryimage\"},\"thumbnailUrl\":\"https:\/\/portaltela.pt\/s.01k8rhncp4jt1\/2026\/04\/2081798.jpg\",\"keywords\":[\"Bernardo Silva\",\"futebol\",\"futebol internacional\",\"jogadores\",\"Manchester City\",\"Portugal\"],\"articleSection\":[\"Desporto\",\"Futebol\"],\"inLanguage\":\"pt-PT\"},{\"@type\":\"WebPage\",\"@id\":\"https:\/\/portaltela.pt\/noticias\/2026\/04\/16\/bernardo-silva-confirma-saida-do-manchester-city-4\/\",\"url\":\"https:\/\/portaltela.pt\/noticias\/2026\/04\/16\/bernardo-silva-confirma-saida-do-manchester-city-4\/\",\"name\":\"Bernardo Silva confirma sa\u00edda do Manchester City - Portal Tela Portugal\",\"isPartOf\":{\"@id\":\"https:\/\/portaltela.pt\/#website\"},\"primaryImageOfPage\":{\"@id\":\"https:\/\/portaltela.pt\/noticias\/2026\/04\/16\/bernardo-silva-confirma-saida-do-manchester-city-4\/#primaryimage\"},\"image\":{\"@id\":\"https:\/\/portaltela.pt\/noticias\/2026\/04\/16\/bernardo-silva-confirma-saida-do-manchester-city-4\/#primaryimage\"},\"thumbnailUrl\":\"https:\/\/portaltela.pt\/s.01k8rhncp4jt1\/2026\/04\/2081798.jpg\",\"datePublished\":\"2026-04-16T13:32:00+00:00\",\"author\":{\"@id\":\"https:\/\/portaltela.pt\/#\/schema\/person\/c4278d4a6028830caff9ee44b42d32ed\"},\"breadcrumb\":{\"@id\":\"https:\/\/portaltela.pt\/noticias\/2026\/04\/16\/bernardo-silva-confirma-saida-do-manchester-city-4\/#breadcrumb\"},\"inLanguage\":\"pt-PT\",\"potentialAction\":[{\"@type\":\"ReadAction\",\"target\":[\"https:\/\/portaltela.pt\/noticias\/2026\/04\/16\/bernardo-silva-confirma-saida-do-manchester-city-4\/\"]}]},{\"@type\":\"ImageObject\",\"inLanguage\":\"pt-PT\",\"@id\":\"https:\/\/portaltela.pt\/noticias\/2026\/04\/16\/bernardo-silva-confirma-saida-do-manchester-city-4\/#primaryimage\",\"url\":\"https:\/\/portaltela.pt\/s.01k8rhncp4jt1\/2026\/04\/2081798.jpg\",\"contentUrl\":\"https:\/\/portaltela.pt\/s.01k8rhncp4jt1\/2026\/04\/2081798.jpg\",\"width\":796,\"height\":448,\"caption\":\"Bernardo Silva chegou ao City em 2017\"},{\"@type\":\"BreadcrumbList\",\"@id\":\"https:\/\/portaltela.pt\/noticias\/2026\/04\/16\/bernardo-silva-confirma-saida-do-manchester-city-4\/#breadcrumb\",\"itemListElement\":[{\"@type\":\"ListItem\",\"position\":1,\"name\":\"In\u00edcio\",\"item\":\"https:\/\/portaltela.pt\/\"},{\"@type\":\"ListItem\",\"position\":2,\"name\":\"Bernardo Silva confirma sa\u00edda do Manchester City\"}]},{\"@type\":\"WebSite\",\"@id\":\"https:\/\/portaltela.pt\/#website\",\"url\":\"https:\/\/portaltela.pt\/\",\"name\":\"Portal Tela Portugal\",\"description\":\"\",\"potentialAction\":[{\"@type\":\"SearchAction\",\"target\":{\"@type\":\"EntryPoint\",\"urlTemplate\":\"https:\/\/portaltela.pt\/?s={search_term_string}\"},\"query-input\":{\"@type\":\"PropertyValueSpecification\",\"valueRequired\":true,\"valueName\":\"search_term_string\"}}],\"inLanguage\":\"pt-PT\"},{\"@type\":\"Person\",\"@id\":\"https:\/\/portaltela.pt\/#\/schema\/person\/c4278d4a6028830caff9ee44b42d32ed\",\"name\":\"Telinha\",\"image\":{\"@type\":\"ImageObject\",\"inLanguage\":\"pt-PT\",\"@id\":\"https:\/\/portaltela.pt\/s.01k8rhncp4jt1\/2025\/11\/talking-bot-125x125.png\",\"url\":\"https:\/\/portaltela.pt\/s.01k8rhncp4jt1\/2025\/11\/talking-bot-125x125.png\",\"contentUrl\":\"https:\/\/portaltela.pt\/s.01k8rhncp4jt1\/2025\/11\/talking-bot-125x125.png\",\"caption\":\"Telinha\"},\"sameAs\":[\"https:\/\/portaltela.pt\/\"],\"url\":\"https:\/\/portaltela.pt\/por\/367410592786\/\"}]}<\/script>\n<!-- \/ Yoast SEO plugin. -->","yoast_head_json":{"title":"Bernardo Silva confirma sa\u00edda do Manchester City - Portal Tela Portugal","robots":{"index":"index","follow":"follow","max-snippet":"max-snippet:-1","max-image-preview":"max-image-preview:large","max-video-preview":"max-video-preview:-1"},"og_locale":"pt_PT","og_type":"article","og_title":"Bernardo Silva confirma sa\u00edda do Manchester City - Portal Tela Portugal","og_description":"Bernardo Silva confirmou a sa\u00edda do Manchester City atrav\u00e9s das redes sociais, encerrando nove anos no clube. O internacional portugu\u00eas destacou que \u00e9 tempo de dizer adeus \u00e0 cidade onde ganhou t\u00edtulos e onde come\u00e7ou o seu casamento e fam\u00edlia. Enalteceu as conquistas alcan\u00e7adas, como a Centurions da temporada 2017-2018-19 com 100 pontos, a tripleta de 2022\/23 e os quatro t\u00edtulos seguidos. Chegou ao City em 2017 proveniente do M\u00f3naco, por 50 milh\u00f5es de euros, mantendo-se como pe\u00e7a fundamental para Pep Guardiola. Soma dezoito t\u00edtulos com o clube, incluindo seis t\u00edtulos de campe\u00e3o da Premier League, cinco da FA Cup, uma Liga dos Campe\u00f5es e um Mundial de clubes, ainda na corrida por mais dois trof\u00e9us na presente temporada (Ta\u00e7a de Inglaterra e Premier League).","og_url":"https:\/\/portaltela.pt\/noticias\/2026\/04\/16\/bernardo-silva-confirma-saida-do-manchester-city-4\/","og_site_name":"Portal Tela Portugal","article_published_time":"2026-04-16T13:32:00+00:00","author":"Telinha","twitter_card":"summary_large_image","twitter_misc":{"Escrito por":"Telinha","Tempo estimado de leitura":"1 minuto"},"schema":{"@context":"https:\/\/schema.org","@graph":[{"@type":"Article","@id":"https:\/\/portaltela.pt\/noticias\/2026\/04\/16\/bernardo-silva-confirma-saida-do-manchester-city-4\/#article","isPartOf":{"@id":"https:\/\/portaltela.pt\/noticias\/2026\/04\/16\/bernardo-silva-confirma-saida-do-manchester-city-4\/"},"author":{"name":"Telinha","@id":"https:\/\/portaltela.pt\/#\/schema\/person\/c4278d4a6028830caff9ee44b42d32ed"},"headline":"Bernardo Silva confirma sa\u00edda do Manchester City","datePublished":"2026-04-16T13:32:00+00:00","mainEntityOfPage":{"@id":"https:\/\/portaltela.pt\/noticias\/2026\/04\/16\/bernardo-silva-confirma-saida-do-manchester-city-4\/"},"wordCount":215,"image":{"@id":"https:\/\/portaltela.pt\/noticias\/2026\/04\/16\/bernardo-silva-confirma-saida-do-manchester-city-4\/#primaryimage"},"thumbnailUrl":"https:\/\/portaltela.pt\/s.01k8rhncp4jt1\/2026\/04\/2081798.jpg","keywords":["Bernardo Silva","futebol","futebol internacional","jogadores","Manchester City","Portugal"],"articleSection":["Desporto","Futebol"],"inLanguage":"pt-PT"},{"@type":"WebPage","@id":"https:\/\/portaltela.pt\/noticias\/2026\/04\/16\/bernardo-silva-confirma-saida-do-manchester-city-4\/","url":"https:\/\/portaltela.pt\/noticias\/2026\/04\/16\/bernardo-silva-confirma-saida-do-manchester-city-4\/","name":"Bernardo Silva confirma sa\u00edda do Manchester City - Portal Tela Portugal","isPartOf":{"@id":"https:\/\/portaltela.pt\/#website"},"primaryImageOfPage":{"@id":"https:\/\/portaltela.pt\/noticias\/2026\/04\/16\/bernardo-silva-confirma-saida-do-manchester-city-4\/#primaryimage"},"image":{"@id":"https:\/\/portaltela.pt\/noticias\/2026\/04\/16\/bernardo-silva-confirma-saida-do-manchester-city-4\/#primaryimage"},"thumbnailUrl":"https:\/\/portaltela.pt\/s.01k8rhncp4jt1\/2026\/04\/2081798.jpg","datePublished":"2026-04-16T13:32:00+00:00","author":{"@id":"https:\/\/portaltela.pt\/#\/schema\/person\/c4278d4a6028830caff9ee44b42d32ed"},"breadcrumb":{"@id":"https:\/\/portaltela.pt\/noticias\/2026\/04\/16\/bernardo-silva-confirma-saida-do-manchester-city-4\/#breadcrumb"},"inLanguage":"pt-PT","potentialAction":[{"@type":"ReadAction","target":["https:\/\/portaltela.pt\/noticias\/2026\/04\/16\/bernardo-silva-confirma-saida-do-manchester-city-4\/"]}]},{"@type":"ImageObject","inLanguage":"pt-PT","@id":"https:\/\/portaltela.pt\/noticias\/2026\/04\/16\/bernardo-silva-confirma-saida-do-manchester-city-4\/#primaryimage","url":"https:\/\/portaltela.pt\/s.01k8rhncp4jt1\/2026\/04\/2081798.jpg","contentUrl":"https:\/\/portaltela.pt\/s.01k8rhncp4jt1\/2026\/04\/2081798.jpg","width":796,"height":448,"caption":"Bernardo Silva chegou ao City em 2017"},{"@type":"BreadcrumbList","@id":"https:\/\/portaltela.pt\/noticias\/2026\/04\/16\/bernardo-silva-confirma-saida-do-manchester-city-4\/#breadcrumb","itemListElement":[{"@type":"ListItem","position":1,"name":"In\u00edcio","item":"https:\/\/portaltela.pt\/"},{"@type":"ListItem","position":2,"name":"Bernardo Silva confirma sa\u00edda do Manchester City"}]},{"@type":"WebSite","@id":"https:\/\/portaltela.pt\/#website","url":"https:\/\/portaltela.pt\/","name":"Portal Tela Portugal","description":"","potentialAction":[{"@type":"SearchAction","target":{"@type":"EntryPoint","urlTemplate":"https:\/\/portaltela.pt\/?s={search_term_string}"},"query-input":{"@type":"PropertyValueSpecification","valueRequired":true,"valueName":"search_term_string"}}],"inLanguage":"pt-PT"},{"@type":"Person","@id":"https:\/\/portaltela.pt\/#\/schema\/person\/c4278d4a6028830caff9ee44b42d32ed","name":"Telinha","image":{"@type":"ImageObject","inLanguage":"pt-PT","@id":"https:\/\/portaltela.pt\/s.01k8rhncp4jt1\/2025\/11\/talking-bot-125x125.png","url":"https:\/\/portaltela.pt\/s.01k8rhncp4jt1\/2025\/11\/talking-bot-125x125.png","contentUrl":"https:\/\/portaltela.pt\/s.01k8rhncp4jt1\/2025\/11\/talking-bot-125x125.png","caption":"Telinha"},"sameAs":["https:\/\/portaltela.pt\/"],"url":"https:\/\/portaltela.pt\/por\/367410592786\/"}]}},"_links":{"self":[{"href":"https:\/\/portaltela.pt\/api\/wp\/v2\/posts\/446423","targetHints":{"allow":["GET"]}}],"collection":[{"href":"https:\/\/portaltela.pt\/api\/wp\/v2\/posts"}],"about":[{"href":"https:\/\/portaltela.pt\/api\/wp\/v2\/types\/post"}],"author":[{"embeddable":true,"href":"https:\/\/portaltela.pt\/api\/wp\/v2\/users\/2"}],"replies":[{"embeddable":true,"href":"https:\/\/portaltela.pt\/api\/wp\/v2\/comments?post=446423"}],"version-history":[{"count":0,"href":"https:\/\/portaltela.pt\/api\/wp\/v2\/posts\/446423\/revisions"}],"wp:featuredmedia":[{"embeddable":true,"href":"https:\/\/portaltela.pt\/api\/wp\/v2\/media\/446424"}],"wp:attachment":[{"href":"https:\/\/portaltela.pt\/api\/wp\/v2\/media?parent=446423"}],"wp:term":[{"taxonomy":"category","embeddable":true,"href":"https:\/\/portaltela.pt\/api\/wp\/v2\/categories?post=446423"},{"taxonomy":"post_tag","embeddable":true,"href":"https:\/\/portaltela.pt\/api\/wp\/v2\/tags?post=446423"}],"curies":[{"name":"wp","href":"https:\/\/api.w.org\/{rel}","templated":true}]}}