{"id":446382,"date":"2026-04-16T09:32:13","date_gmt":"2026-04-16T12:32:13","guid":{"rendered":"https:\/\/portaltela.pt\/noticias\/2026\/04\/16\/arbitragem-polemica-25-dias-de-pesadelo-para-o-real-madrid\/"},"modified":"2026-04-16T09:32:13","modified_gmt":"2026-04-16T12:32:13","slug":"arbitragem-polemica-25-dias-de-pesadelo-para-o-real-madrid","status":"publish","type":"post","link":"https:\/\/portaltela.pt\/desporto\/futebol\/2026\/04\/16\/arbitragem-polemica-25-dias-de-pesadelo-para-o-real-madrid\/","title":{"rendered":"Arbitragem pol\u00e9mica: 25 dias de pesadelo para o Real Madrid"},"content":{"rendered":"<p>O Real Madrid viveu, nos \u00faltimos 25 dias, uma sequ\u00eancia marcada por controv\u00e9rsia arbitral, derrotas e uma elimina\u00e7\u00e3o da Liga dos Campe\u00f5es. A soma inclui duas expuls\u00f5es, quatro jogos sem vencer (tr\u00eas derrotas e um empate) e uma desvantagem de 9 pontos no campeonato, com o t\u00edtulo each em risco.<\/p>\n<p>A primeira virada ocorreu antes, no cl\u00e1ssico com o Atl\u00e9tico de Madrid, no dia 22 de mar\u00e7o. O Real venceu por 3-2, mas viu Valverde ser expulso aos 77 minutos numa entrada sobre Baena, deixando a equipa reduzida a dez para os minutos finais.<\/p>\n<p>Pouco depois, a equipa deslocou-se a Maiorca e saiu derrotada por 2-1, com queixas de um pen\u00e1lti n\u00e3o assinalado por m\u00e3o de Pablo Torre. A derrota atrasou a persegui\u00e7\u00e3o ao l\u00edder, com o Barcelona a abrir vantagem de 7 pontos.<\/p>\n<h3>Controv\u00e9rsia de arbitragem e pen\u00e1ltis n\u00e3o assinalados<\/h3>\n<p>Na rece\u00e7\u00e3o ao Girona, o Real Madrid voltou a contestar decis\u00f5es, apontando para uma cotovelada de V\u00edtor Reis que n\u00e3o deu origem a pen\u00e1lti, apesar de Mbapp\u00e9 ter ficado ferido. As imagens ampliaram a discuss\u00e3o sobre o erro arbitral em jogos do clube.<\/p>\n<h3>Ep\u00edlogo da fase recente e rea\u00e7\u00e3o no relvado<\/h3>\n<p>A crise atingiu o seu ponto m\u00e1ximo no encontro em Munique, frente ao Bayern. Camavinga recebeu dois cart\u00f5es amarelos em 8 minutos, aos 78&#8242; e 86&#8242;, deixando os merengues com 10 jogadores nos minutos finais da eliminat\u00f3ria.<\/p>\n<p>Dani Carvajal, capit\u00e3o, expressou numa entrevista coletiva a indigna\u00e7\u00e3o com o desempenho da arbitragem, apontando o erro como determinante para a derrota e a passagem do Bayern \u00e0s meias-finais. A dire\u00e7\u00e3o do Real Madrid n\u00e3o se pronunciou de forma adicional.<\/p>\n","protected":false},"excerpt":{"rendered":"<ul>\n<li>Os \u00faltimos 25 dias do Real Madrid ficaram marcados por derrotas, dois cart\u00f5es vermelhos, quatro jogos sem vencer (tr\u00eas derrotas e um empate) e uma desvantagem de nove pontos no campeonato, al\u00e9m de elimina\u00e7ao nos quartos de final da Liga dos Campe\u00f5es.<\/li>\n<li>A expuls\u00e3o de Eduardo Camavinga, frente ao Bayern de Munique, aconteceu aos 78&#8242; e 86&#8242;, deixando a equipa com dez jogadores nos minutos finais da eliminat\u00f3ria.<\/li>\n<li>O primeiro epis\u00f3dio pol\u00e9mico ocorreu a 22 de mar\u00e7o, no cl\u00e1ssico contra o Atl\u00e9tico de Madrid, com a expuls\u00e3o de Fede Valverde nos \u00faltimos minutos, ap\u00f3s uma falta sobre Baena.<\/li>\n<li>Na desloca\u00e7\u00e3o a Maiorca, os merengues perderam por 2-1 e reclamaram de um pen\u00e1lti por m\u00e3o de Pablo Torre que n\u00e3o foi assinalado.<\/li>\n<li>Em casa, frente ao Girona, surgiu outra controv\u00e9rsia com uma cotovelada de V\u00edtor Reis em Mbapp\u00e9 e suposta falta n\u00e3o marcada; Arbeloa reagiu publicamente, e Carvajal expressou indigna\u00e7\u00e3o ap\u00f3s a derrota.<\/li>\n<\/ul>\n","protected":false},"author":2,"featured_media":446385,"comment_status":"closed","ping_status":"closed","sticky":false,"template":"","format":"standard","meta":{"footnotes":""},"categories":[21,24],"tags":[1289,6920,3577,32,3338,3509],"class_list":["post-446382","post","type-post","status-publish","format-standard","has-post-thumbnail","hentry","category-desporto","category-futebol","tag-arbitragem","tag-arbitros","tag-champions-league","tag-futebol","tag-futebol-internacional","tag-penaltis"],"yoast_head":"<!-- This site is optimized with the Yoast SEO plugin v27.2 - https:\/\/yoast.com\/product\/yoast-seo-wordpress\/ -->\n<title>Arbitragem pol\u00e9mica: 25 dias de pesadelo para o Real Madrid - Portal Tela Portugal<\/title>\n<meta name=\"robots\" content=\"index, follow, max-snippet:-1, max-image-preview:large, max-video-preview:-1\" \/>\n<meta property=\"og:locale\" content=\"pt_PT\" \/>\n<meta property=\"og:type\" content=\"article\" \/>\n<meta property=\"og:title\" content=\"Arbitragem pol\u00e9mica: 25 dias de pesadelo para o Real Madrid - Portal Tela Portugal\" \/>\n<meta property=\"og:description\" content=\"Os \u00faltimos 25 dias do Real Madrid ficaram marcados por derrotas, dois cart\u00f5es vermelhos, quatro jogos sem vencer (tr\u00eas derrotas e um empate) e uma desvantagem de nove pontos no campeonato, al\u00e9m de elimina\u00e7ao nos quartos de final da Liga dos Campe\u00f5es. A expuls\u00e3o de Eduardo Camavinga, frente ao Bayern de Munique, aconteceu aos 78&#039; e 86&#039;, deixando a equipa com dez jogadores nos minutos finais da eliminat\u00f3ria. O primeiro epis\u00f3dio pol\u00e9mico ocorreu a 22 de mar\u00e7o, no cl\u00e1ssico contra o Atl\u00e9tico de Madrid, com a expuls\u00e3o de Fede Valverde nos \u00faltimos minutos, ap\u00f3s uma falta sobre Baena. Na desloca\u00e7\u00e3o a Maiorca, os merengues perderam por 2-1 e reclamaram de um pen\u00e1lti por m\u00e3o de Pablo Torre que n\u00e3o foi assinalado. Em casa, frente ao Girona, surgiu outra controv\u00e9rsia com uma cotovelada de V\u00edtor Reis em Mbapp\u00e9 e suposta falta n\u00e3o marcada; Arbeloa reagiu publicamente, e Carvajal expressou indigna\u00e7\u00e3o ap\u00f3s a derrota.\" \/>\n<meta property=\"og:url\" content=\"https:\/\/portaltela.pt\/noticias\/2026\/04\/16\/arbitragem-polemica-25-dias-de-pesadelo-para-o-real-madrid\/\" \/>\n<meta property=\"og:site_name\" content=\"Portal Tela Portugal\" \/>\n<meta property=\"article:published_time\" content=\"2026-04-16T12:32:13+00:00\" \/>\n<meta name=\"author\" content=\"Telinha\" \/>\n<meta name=\"twitter:card\" content=\"summary_large_image\" \/>\n<meta name=\"twitter:label1\" content=\"Escrito por\" \/>\n\t<meta name=\"twitter:data1\" content=\"Telinha\" \/>\n\t<meta name=\"twitter:label2\" content=\"Tempo estimado de leitura\" \/>\n\t<meta name=\"twitter:data2\" content=\"1 minuto\" \/>\n<script type=\"application\/ld+json\" class=\"yoast-schema-graph\">{\"@context\":\"https:\/\/schema.org\",\"@graph\":[{\"@type\":\"Article\",\"@id\":\"https:\/\/portaltela.pt\/noticias\/2026\/04\/16\/arbitragem-polemica-25-dias-de-pesadelo-para-o-real-madrid\/#article\",\"isPartOf\":{\"@id\":\"https:\/\/portaltela.pt\/noticias\/2026\/04\/16\/arbitragem-polemica-25-dias-de-pesadelo-para-o-real-madrid\/\"},\"author\":{\"name\":\"Telinha\",\"@id\":\"https:\/\/portaltela.pt\/#\/schema\/person\/c4278d4a6028830caff9ee44b42d32ed\"},\"headline\":\"Arbitragem pol\u00e9mica: 25 dias de pesadelo para o Real Madrid\",\"datePublished\":\"2026-04-16T12:32:13+00:00\",\"mainEntityOfPage\":{\"@id\":\"https:\/\/portaltela.pt\/noticias\/2026\/04\/16\/arbitragem-polemica-25-dias-de-pesadelo-para-o-real-madrid\/\"},\"wordCount\":303,\"image\":{\"@id\":\"https:\/\/portaltela.pt\/noticias\/2026\/04\/16\/arbitragem-polemica-25-dias-de-pesadelo-para-o-real-madrid\/#primaryimage\"},\"thumbnailUrl\":\"https:\/\/portaltela.pt\/s.01k8rhncp4jt1\/2026\/04\/img_1200x721uu2026-04-16-13-16-36-2433362.jpg\",\"keywords\":[\"arbitragem\",\"\u00e1rbitros\",\"Champions League\",\"futebol\",\"futebol internacional\",\"pen\u00e1ltis\"],\"articleSection\":[\"Desporto\",\"Futebol\"],\"inLanguage\":\"pt-PT\"},{\"@type\":\"WebPage\",\"@id\":\"https:\/\/portaltela.pt\/noticias\/2026\/04\/16\/arbitragem-polemica-25-dias-de-pesadelo-para-o-real-madrid\/\",\"url\":\"https:\/\/portaltela.pt\/noticias\/2026\/04\/16\/arbitragem-polemica-25-dias-de-pesadelo-para-o-real-madrid\/\",\"name\":\"Arbitragem pol\u00e9mica: 25 dias de pesadelo para o Real Madrid - Portal Tela Portugal\",\"isPartOf\":{\"@id\":\"https:\/\/portaltela.pt\/#website\"},\"primaryImageOfPage\":{\"@id\":\"https:\/\/portaltela.pt\/noticias\/2026\/04\/16\/arbitragem-polemica-25-dias-de-pesadelo-para-o-real-madrid\/#primaryimage\"},\"image\":{\"@id\":\"https:\/\/portaltela.pt\/noticias\/2026\/04\/16\/arbitragem-polemica-25-dias-de-pesadelo-para-o-real-madrid\/#primaryimage\"},\"thumbnailUrl\":\"https:\/\/portaltela.pt\/s.01k8rhncp4jt1\/2026\/04\/img_1200x721uu2026-04-16-13-16-36-2433362.jpg\",\"datePublished\":\"2026-04-16T12:32:13+00:00\",\"author\":{\"@id\":\"https:\/\/portaltela.pt\/#\/schema\/person\/c4278d4a6028830caff9ee44b42d32ed\"},\"breadcrumb\":{\"@id\":\"https:\/\/portaltela.pt\/noticias\/2026\/04\/16\/arbitragem-polemica-25-dias-de-pesadelo-para-o-real-madrid\/#breadcrumb\"},\"inLanguage\":\"pt-PT\",\"potentialAction\":[{\"@type\":\"ReadAction\",\"target\":[\"https:\/\/portaltela.pt\/noticias\/2026\/04\/16\/arbitragem-polemica-25-dias-de-pesadelo-para-o-real-madrid\/\"]}]},{\"@type\":\"ImageObject\",\"inLanguage\":\"pt-PT\",\"@id\":\"https:\/\/portaltela.pt\/noticias\/2026\/04\/16\/arbitragem-polemica-25-dias-de-pesadelo-para-o-real-madrid\/#primaryimage\",\"url\":\"https:\/\/portaltela.pt\/s.01k8rhncp4jt1\/2026\/04\/img_1200x721uu2026-04-16-13-16-36-2433362.jpg\",\"contentUrl\":\"https:\/\/portaltela.pt\/s.01k8rhncp4jt1\/2026\/04\/img_1200x721uu2026-04-16-13-16-36-2433362.jpg\",\"width\":796,\"height\":448,\"caption\":\"Do vermelho a Camavinga \u00e0 cotovelada a Mbapp\u00e9: os \\\"25 dias de pesadelo\\\" do Real Madrid com a arbitragem que mudaram tudo\"},{\"@type\":\"BreadcrumbList\",\"@id\":\"https:\/\/portaltela.pt\/noticias\/2026\/04\/16\/arbitragem-polemica-25-dias-de-pesadelo-para-o-real-madrid\/#breadcrumb\",\"itemListElement\":[{\"@type\":\"ListItem\",\"position\":1,\"name\":\"In\u00edcio\",\"item\":\"https:\/\/portaltela.pt\/\"},{\"@type\":\"ListItem\",\"position\":2,\"name\":\"Arbitragem pol\u00e9mica: 25 dias de pesadelo para o Real Madrid\"}]},{\"@type\":\"WebSite\",\"@id\":\"https:\/\/portaltela.pt\/#website\",\"url\":\"https:\/\/portaltela.pt\/\",\"name\":\"Portal Tela Portugal\",\"description\":\"\",\"potentialAction\":[{\"@type\":\"SearchAction\",\"target\":{\"@type\":\"EntryPoint\",\"urlTemplate\":\"https:\/\/portaltela.pt\/?s={search_term_string}\"},\"query-input\":{\"@type\":\"PropertyValueSpecification\",\"valueRequired\":true,\"valueName\":\"search_term_string\"}}],\"inLanguage\":\"pt-PT\"},{\"@type\":\"Person\",\"@id\":\"https:\/\/portaltela.pt\/#\/schema\/person\/c4278d4a6028830caff9ee44b42d32ed\",\"name\":\"Telinha\",\"image\":{\"@type\":\"ImageObject\",\"inLanguage\":\"pt-PT\",\"@id\":\"https:\/\/portaltela.pt\/s.01k8rhncp4jt1\/2025\/11\/talking-bot-125x125.png\",\"url\":\"https:\/\/portaltela.pt\/s.01k8rhncp4jt1\/2025\/11\/talking-bot-125x125.png\",\"contentUrl\":\"https:\/\/portaltela.pt\/s.01k8rhncp4jt1\/2025\/11\/talking-bot-125x125.png\",\"caption\":\"Telinha\"},\"sameAs\":[\"https:\/\/portaltela.pt\/\"],\"url\":\"https:\/\/portaltela.pt\/por\/367410592786\/\"}]}<\/script>\n<!-- \/ Yoast SEO plugin. -->","yoast_head_json":{"title":"Arbitragem pol\u00e9mica: 25 dias de pesadelo para o Real Madrid - Portal Tela Portugal","robots":{"index":"index","follow":"follow","max-snippet":"max-snippet:-1","max-image-preview":"max-image-preview:large","max-video-preview":"max-video-preview:-1"},"og_locale":"pt_PT","og_type":"article","og_title":"Arbitragem pol\u00e9mica: 25 dias de pesadelo para o Real Madrid - Portal Tela Portugal","og_description":"Os \u00faltimos 25 dias do Real Madrid ficaram marcados por derrotas, dois cart\u00f5es vermelhos, quatro jogos sem vencer (tr\u00eas derrotas e um empate) e uma desvantagem de nove pontos no campeonato, al\u00e9m de elimina\u00e7ao nos quartos de final da Liga dos Campe\u00f5es. A expuls\u00e3o de Eduardo Camavinga, frente ao Bayern de Munique, aconteceu aos 78' e 86', deixando a equipa com dez jogadores nos minutos finais da eliminat\u00f3ria. O primeiro epis\u00f3dio pol\u00e9mico ocorreu a 22 de mar\u00e7o, no cl\u00e1ssico contra o Atl\u00e9tico de Madrid, com a expuls\u00e3o de Fede Valverde nos \u00faltimos minutos, ap\u00f3s uma falta sobre Baena. Na desloca\u00e7\u00e3o a Maiorca, os merengues perderam por 2-1 e reclamaram de um pen\u00e1lti por m\u00e3o de Pablo Torre que n\u00e3o foi assinalado. Em casa, frente ao Girona, surgiu outra controv\u00e9rsia com uma cotovelada de V\u00edtor Reis em Mbapp\u00e9 e suposta falta n\u00e3o marcada; Arbeloa reagiu publicamente, e Carvajal expressou indigna\u00e7\u00e3o ap\u00f3s a derrota.","og_url":"https:\/\/portaltela.pt\/noticias\/2026\/04\/16\/arbitragem-polemica-25-dias-de-pesadelo-para-o-real-madrid\/","og_site_name":"Portal Tela Portugal","article_published_time":"2026-04-16T12:32:13+00:00","author":"Telinha","twitter_card":"summary_large_image","twitter_misc":{"Escrito por":"Telinha","Tempo estimado de leitura":"1 minuto"},"schema":{"@context":"https:\/\/schema.org","@graph":[{"@type":"Article","@id":"https:\/\/portaltela.pt\/noticias\/2026\/04\/16\/arbitragem-polemica-25-dias-de-pesadelo-para-o-real-madrid\/#article","isPartOf":{"@id":"https:\/\/portaltela.pt\/noticias\/2026\/04\/16\/arbitragem-polemica-25-dias-de-pesadelo-para-o-real-madrid\/"},"author":{"name":"Telinha","@id":"https:\/\/portaltela.pt\/#\/schema\/person\/c4278d4a6028830caff9ee44b42d32ed"},"headline":"Arbitragem pol\u00e9mica: 25 dias de pesadelo para o Real Madrid","datePublished":"2026-04-16T12:32:13+00:00","mainEntityOfPage":{"@id":"https:\/\/portaltela.pt\/noticias\/2026\/04\/16\/arbitragem-polemica-25-dias-de-pesadelo-para-o-real-madrid\/"},"wordCount":303,"image":{"@id":"https:\/\/portaltela.pt\/noticias\/2026\/04\/16\/arbitragem-polemica-25-dias-de-pesadelo-para-o-real-madrid\/#primaryimage"},"thumbnailUrl":"https:\/\/portaltela.pt\/s.01k8rhncp4jt1\/2026\/04\/img_1200x721uu2026-04-16-13-16-36-2433362.jpg","keywords":["arbitragem","\u00e1rbitros","Champions League","futebol","futebol internacional","pen\u00e1ltis"],"articleSection":["Desporto","Futebol"],"inLanguage":"pt-PT"},{"@type":"WebPage","@id":"https:\/\/portaltela.pt\/noticias\/2026\/04\/16\/arbitragem-polemica-25-dias-de-pesadelo-para-o-real-madrid\/","url":"https:\/\/portaltela.pt\/noticias\/2026\/04\/16\/arbitragem-polemica-25-dias-de-pesadelo-para-o-real-madrid\/","name":"Arbitragem pol\u00e9mica: 25 dias de pesadelo para o Real Madrid - Portal Tela Portugal","isPartOf":{"@id":"https:\/\/portaltela.pt\/#website"},"primaryImageOfPage":{"@id":"https:\/\/portaltela.pt\/noticias\/2026\/04\/16\/arbitragem-polemica-25-dias-de-pesadelo-para-o-real-madrid\/#primaryimage"},"image":{"@id":"https:\/\/portaltela.pt\/noticias\/2026\/04\/16\/arbitragem-polemica-25-dias-de-pesadelo-para-o-real-madrid\/#primaryimage"},"thumbnailUrl":"https:\/\/portaltela.pt\/s.01k8rhncp4jt1\/2026\/04\/img_1200x721uu2026-04-16-13-16-36-2433362.jpg","datePublished":"2026-04-16T12:32:13+00:00","author":{"@id":"https:\/\/portaltela.pt\/#\/schema\/person\/c4278d4a6028830caff9ee44b42d32ed"},"breadcrumb":{"@id":"https:\/\/portaltela.pt\/noticias\/2026\/04\/16\/arbitragem-polemica-25-dias-de-pesadelo-para-o-real-madrid\/#breadcrumb"},"inLanguage":"pt-PT","potentialAction":[{"@type":"ReadAction","target":["https:\/\/portaltela.pt\/noticias\/2026\/04\/16\/arbitragem-polemica-25-dias-de-pesadelo-para-o-real-madrid\/"]}]},{"@type":"ImageObject","inLanguage":"pt-PT","@id":"https:\/\/portaltela.pt\/noticias\/2026\/04\/16\/arbitragem-polemica-25-dias-de-pesadelo-para-o-real-madrid\/#primaryimage","url":"https:\/\/portaltela.pt\/s.01k8rhncp4jt1\/2026\/04\/img_1200x721uu2026-04-16-13-16-36-2433362.jpg","contentUrl":"https:\/\/portaltela.pt\/s.01k8rhncp4jt1\/2026\/04\/img_1200x721uu2026-04-16-13-16-36-2433362.jpg","width":796,"height":448,"caption":"Do vermelho a Camavinga \u00e0 cotovelada a Mbapp\u00e9: os \"25 dias de pesadelo\" do Real Madrid com a arbitragem que mudaram tudo"},{"@type":"BreadcrumbList","@id":"https:\/\/portaltela.pt\/noticias\/2026\/04\/16\/arbitragem-polemica-25-dias-de-pesadelo-para-o-real-madrid\/#breadcrumb","itemListElement":[{"@type":"ListItem","position":1,"name":"In\u00edcio","item":"https:\/\/portaltela.pt\/"},{"@type":"ListItem","position":2,"name":"Arbitragem pol\u00e9mica: 25 dias de pesadelo para o Real Madrid"}]},{"@type":"WebSite","@id":"https:\/\/portaltela.pt\/#website","url":"https:\/\/portaltela.pt\/","name":"Portal Tela Portugal","description":"","potentialAction":[{"@type":"SearchAction","target":{"@type":"EntryPoint","urlTemplate":"https:\/\/portaltela.pt\/?s={search_term_string}"},"query-input":{"@type":"PropertyValueSpecification","valueRequired":true,"valueName":"search_term_string"}}],"inLanguage":"pt-PT"},{"@type":"Person","@id":"https:\/\/portaltela.pt\/#\/schema\/person\/c4278d4a6028830caff9ee44b42d32ed","name":"Telinha","image":{"@type":"ImageObject","inLanguage":"pt-PT","@id":"https:\/\/portaltela.pt\/s.01k8rhncp4jt1\/2025\/11\/talking-bot-125x125.png","url":"https:\/\/portaltela.pt\/s.01k8rhncp4jt1\/2025\/11\/talking-bot-125x125.png","contentUrl":"https:\/\/portaltela.pt\/s.01k8rhncp4jt1\/2025\/11\/talking-bot-125x125.png","caption":"Telinha"},"sameAs":["https:\/\/portaltela.pt\/"],"url":"https:\/\/portaltela.pt\/por\/367410592786\/"}]}},"_links":{"self":[{"href":"https:\/\/portaltela.pt\/api\/wp\/v2\/posts\/446382","targetHints":{"allow":["GET"]}}],"collection":[{"href":"https:\/\/portaltela.pt\/api\/wp\/v2\/posts"}],"about":[{"href":"https:\/\/portaltela.pt\/api\/wp\/v2\/types\/post"}],"author":[{"embeddable":true,"href":"https:\/\/portaltela.pt\/api\/wp\/v2\/users\/2"}],"replies":[{"embeddable":true,"href":"https:\/\/portaltela.pt\/api\/wp\/v2\/comments?post=446382"}],"version-history":[{"count":0,"href":"https:\/\/portaltela.pt\/api\/wp\/v2\/posts\/446382\/revisions"}],"wp:featuredmedia":[{"embeddable":true,"href":"https:\/\/portaltela.pt\/api\/wp\/v2\/media\/446385"}],"wp:attachment":[{"href":"https:\/\/portaltela.pt\/api\/wp\/v2\/media?parent=446382"}],"wp:term":[{"taxonomy":"category","embeddable":true,"href":"https:\/\/portaltela.pt\/api\/wp\/v2\/categories?post=446382"},{"taxonomy":"post_tag","embeddable":true,"href":"https:\/\/portaltela.pt\/api\/wp\/v2\/tags?post=446382"}],"curies":[{"name":"wp","href":"https:\/\/api.w.org\/{rel}","templated":true}]}}