{"id":446379,"date":"2026-04-16T09:32:06","date_gmt":"2026-04-16T12:32:06","guid":{"rendered":"https:\/\/portaltela.pt\/noticias\/2026\/04\/16\/bernardo-silva-confirma-saida-do-manchester-city\/"},"modified":"2026-04-16T09:32:06","modified_gmt":"2026-04-16T12:32:06","slug":"bernardo-silva-confirma-saida-do-manchester-city","status":"publish","type":"post","link":"https:\/\/portaltela.pt\/desporto\/futebol\/2026\/04\/16\/bernardo-silva-confirma-saida-do-manchester-city\/","title":{"rendered":"Bernardo Silva confirma sa\u00edda do Manchester City"},"content":{"rendered":"<p>Bernardo Silva confirmou nesta quinta-feira que vai abandonar o Manchester City no final da \u00e9poca. O internacional portugu\u00eas de 31 anos comunicou a sa\u00edda atrav\u00e9s das redes sociais. O clube ainda n\u00e3o anunciou oficialmente o encerramento da liga\u00e7\u00e3o.<\/p>\n<p>No dia 5, o assistente de Pep Guardiola, Pep Lijnders, j\u00e1 tinha adiantado que o jogador n\u00e3o renovaria contrato, abrindo caminho \u00e0 despedida no final da temporada. A exposi\u00e7\u00e3o p\u00fablica desta posi\u00e7\u00e3o veio a consolidar o desfecho j\u00e1 antecipado para o fim do ciclo do jogador ingl\u00eas.<\/p>\n<p>A mensagem publicada por Bernardo Silva destacou o longo percurso de nove anos na cidade de Manchester, com conquistas relevantes, incluindo t\u00edtulos internos e o treble ao longo da carreira. O m\u00e9dio agradeceu ao clube, aos adeptos e \u00e0 fam\u00edlia, confirmando o desejo de que ambos segurem as mem\u00f3rias criadas.<\/p>\n<p>Bernardo enalteceu ainda o papel da equipa t\u00e9cnica e dos colegas durante a sua assinatura de Kyle no City, referindo que o apoio recebido foi determinante para a sua evolu\u00e7\u00e3o. O jogador pediu continuidade \u00e0 ambi\u00e7\u00e3o do clube para as pr\u00f3ximas semanas da presente \u00e9poca.<\/p>\n<p>At\u00e9 \u00e0 confirma\u00e7\u00e3o oficial de sa\u00edda, o City permanece focado nos compromissos em competi\u00e7\u00e3o, com Bernardo a ser apresentado como parte de um ciclo que se encerra. O clube n\u00e3o revelou detalhes de futuro imediato nem de eventual substituto.<\/p>\n","protected":false},"excerpt":{"rendered":"<ul>\n<li>Bernardo Silva confirmou, via redes sociais, a sa\u00edda do Manchester City no final da temporada.<\/li>\n<li>A revela\u00e7\u00e3o chega depois de Pep Lijnders ter indicado, no dia cinco, que o jogador de 31 anos n\u00e3o iria renovar.<\/li>\n<li>No comunicado, o jogador agradece \u00e0 cidade, ao clube, aos adeptos e aos profissionais, destacando o legado conquistado: Centuri\u00f5es, Treble e tetra-campeonato.<\/li>\n<li>Refere que a cidade tamb\u00e9m o viu nascer a fam\u00edlia, agradecendo \u00e0 esposa In\u00eas e \u00e0 filha Carlota.<\/li>\n<li>Diz ter passado nove anos no City e que entra nos \u00faltimos meses com o objetivo de lutar pelo que resta da \u00e9poca.<\/li>\n<\/ul>\n","protected":false},"author":2,"featured_media":446384,"comment_status":"closed","ping_status":"closed","sticky":false,"template":"","format":"standard","meta":{"footnotes":""},"categories":[21,24],"tags":[3211,32,242,7221,1014,1633],"class_list":["post-446379","post","type-post","status-publish","format-standard","has-post-thumbnail","hentry","category-desporto","category-futebol","tag-bernardo-silva","tag-futebol","tag-jogadores","tag-noticias","tag-portugal","tag-transferencias-internacionais"],"yoast_head":"<!-- This site is optimized with the Yoast SEO plugin v27.2 - https:\/\/yoast.com\/product\/yoast-seo-wordpress\/ -->\n<title>Bernardo Silva confirma sa\u00edda do Manchester City - Portal Tela Portugal<\/title>\n<meta name=\"robots\" content=\"index, follow, max-snippet:-1, max-image-preview:large, max-video-preview:-1\" \/>\n<meta property=\"og:locale\" content=\"pt_PT\" \/>\n<meta property=\"og:type\" content=\"article\" \/>\n<meta property=\"og:title\" content=\"Bernardo Silva confirma sa\u00edda do Manchester City - Portal Tela Portugal\" \/>\n<meta property=\"og:description\" content=\"Bernardo Silva confirmou, via redes sociais, a sa\u00edda do Manchester City no final da temporada. A revela\u00e7\u00e3o chega depois de Pep Lijnders ter indicado, no dia cinco, que o jogador de 31 anos n\u00e3o iria renovar. No comunicado, o jogador agradece \u00e0 cidade, ao clube, aos adeptos e aos profissionais, destacando o legado conquistado: Centuri\u00f5es, Treble e tetra-campeonato. Refere que a cidade tamb\u00e9m o viu nascer a fam\u00edlia, agradecendo \u00e0 esposa In\u00eas e \u00e0 filha Carlota. Diz ter passado nove anos no City e que entra nos \u00faltimos meses com o objetivo de lutar pelo que resta da \u00e9poca.\" \/>\n<meta property=\"og:url\" content=\"https:\/\/portaltela.pt\/noticias\/2026\/04\/16\/bernardo-silva-confirma-saida-do-manchester-city\/\" \/>\n<meta property=\"og:site_name\" content=\"Portal Tela Portugal\" \/>\n<meta property=\"article:published_time\" content=\"2026-04-16T12:32:06+00:00\" \/>\n<meta name=\"author\" content=\"Telinha\" \/>\n<meta name=\"twitter:card\" content=\"summary_large_image\" \/>\n<meta name=\"twitter:label1\" content=\"Escrito por\" \/>\n\t<meta name=\"twitter:data1\" content=\"Telinha\" \/>\n\t<meta name=\"twitter:label2\" content=\"Tempo estimado de leitura\" \/>\n\t<meta name=\"twitter:data2\" content=\"1 minuto\" \/>\n<script type=\"application\/ld+json\" class=\"yoast-schema-graph\">{\"@context\":\"https:\/\/schema.org\",\"@graph\":[{\"@type\":\"Article\",\"@id\":\"https:\/\/portaltela.pt\/noticias\/2026\/04\/16\/bernardo-silva-confirma-saida-do-manchester-city\/#article\",\"isPartOf\":{\"@id\":\"https:\/\/portaltela.pt\/noticias\/2026\/04\/16\/bernardo-silva-confirma-saida-do-manchester-city\/\"},\"author\":{\"name\":\"Telinha\",\"@id\":\"https:\/\/portaltela.pt\/#\/schema\/person\/c4278d4a6028830caff9ee44b42d32ed\"},\"headline\":\"Bernardo Silva confirma sa\u00edda do Manchester City\",\"datePublished\":\"2026-04-16T12:32:06+00:00\",\"mainEntityOfPage\":{\"@id\":\"https:\/\/portaltela.pt\/noticias\/2026\/04\/16\/bernardo-silva-confirma-saida-do-manchester-city\/\"},\"wordCount\":243,\"image\":{\"@id\":\"https:\/\/portaltela.pt\/noticias\/2026\/04\/16\/bernardo-silva-confirma-saida-do-manchester-city\/#primaryimage\"},\"thumbnailUrl\":\"https:\/\/portaltela.pt\/s.01k8rhncp4jt1\/2026\/04\/img_920x518uu2026-04-16-13-24-16-2433363.jpg\",\"keywords\":[\"Bernardo Silva\",\"futebol\",\"jogadores\",\"not\u00edcias\",\"Portugal\",\"transfer\u00eancias internacionais\"],\"articleSection\":[\"Desporto\",\"Futebol\"],\"inLanguage\":\"pt-PT\"},{\"@type\":\"WebPage\",\"@id\":\"https:\/\/portaltela.pt\/noticias\/2026\/04\/16\/bernardo-silva-confirma-saida-do-manchester-city\/\",\"url\":\"https:\/\/portaltela.pt\/noticias\/2026\/04\/16\/bernardo-silva-confirma-saida-do-manchester-city\/\",\"name\":\"Bernardo Silva confirma sa\u00edda do Manchester City - Portal Tela Portugal\",\"isPartOf\":{\"@id\":\"https:\/\/portaltela.pt\/#website\"},\"primaryImageOfPage\":{\"@id\":\"https:\/\/portaltela.pt\/noticias\/2026\/04\/16\/bernardo-silva-confirma-saida-do-manchester-city\/#primaryimage\"},\"image\":{\"@id\":\"https:\/\/portaltela.pt\/noticias\/2026\/04\/16\/bernardo-silva-confirma-saida-do-manchester-city\/#primaryimage\"},\"thumbnailUrl\":\"https:\/\/portaltela.pt\/s.01k8rhncp4jt1\/2026\/04\/img_920x518uu2026-04-16-13-24-16-2433363.jpg\",\"datePublished\":\"2026-04-16T12:32:06+00:00\",\"author\":{\"@id\":\"https:\/\/portaltela.pt\/#\/schema\/person\/c4278d4a6028830caff9ee44b42d32ed\"},\"breadcrumb\":{\"@id\":\"https:\/\/portaltela.pt\/noticias\/2026\/04\/16\/bernardo-silva-confirma-saida-do-manchester-city\/#breadcrumb\"},\"inLanguage\":\"pt-PT\",\"potentialAction\":[{\"@type\":\"ReadAction\",\"target\":[\"https:\/\/portaltela.pt\/noticias\/2026\/04\/16\/bernardo-silva-confirma-saida-do-manchester-city\/\"]}]},{\"@type\":\"ImageObject\",\"inLanguage\":\"pt-PT\",\"@id\":\"https:\/\/portaltela.pt\/noticias\/2026\/04\/16\/bernardo-silva-confirma-saida-do-manchester-city\/#primaryimage\",\"url\":\"https:\/\/portaltela.pt\/s.01k8rhncp4jt1\/2026\/04\/img_920x518uu2026-04-16-13-24-16-2433363.jpg\",\"contentUrl\":\"https:\/\/portaltela.pt\/s.01k8rhncp4jt1\/2026\/04\/img_920x518uu2026-04-16-13-24-16-2433363.jpg\",\"width\":796,\"height\":448,\"caption\":\"Bernardo Silva, jogador do Manchester City\"},{\"@type\":\"BreadcrumbList\",\"@id\":\"https:\/\/portaltela.pt\/noticias\/2026\/04\/16\/bernardo-silva-confirma-saida-do-manchester-city\/#breadcrumb\",\"itemListElement\":[{\"@type\":\"ListItem\",\"position\":1,\"name\":\"In\u00edcio\",\"item\":\"https:\/\/portaltela.pt\/\"},{\"@type\":\"ListItem\",\"position\":2,\"name\":\"Bernardo Silva confirma sa\u00edda do Manchester City\"}]},{\"@type\":\"WebSite\",\"@id\":\"https:\/\/portaltela.pt\/#website\",\"url\":\"https:\/\/portaltela.pt\/\",\"name\":\"Portal Tela Portugal\",\"description\":\"\",\"potentialAction\":[{\"@type\":\"SearchAction\",\"target\":{\"@type\":\"EntryPoint\",\"urlTemplate\":\"https:\/\/portaltela.pt\/?s={search_term_string}\"},\"query-input\":{\"@type\":\"PropertyValueSpecification\",\"valueRequired\":true,\"valueName\":\"search_term_string\"}}],\"inLanguage\":\"pt-PT\"},{\"@type\":\"Person\",\"@id\":\"https:\/\/portaltela.pt\/#\/schema\/person\/c4278d4a6028830caff9ee44b42d32ed\",\"name\":\"Telinha\",\"image\":{\"@type\":\"ImageObject\",\"inLanguage\":\"pt-PT\",\"@id\":\"https:\/\/portaltela.pt\/s.01k8rhncp4jt1\/2025\/11\/talking-bot-125x125.png\",\"url\":\"https:\/\/portaltela.pt\/s.01k8rhncp4jt1\/2025\/11\/talking-bot-125x125.png\",\"contentUrl\":\"https:\/\/portaltela.pt\/s.01k8rhncp4jt1\/2025\/11\/talking-bot-125x125.png\",\"caption\":\"Telinha\"},\"sameAs\":[\"https:\/\/portaltela.pt\/\"],\"url\":\"https:\/\/portaltela.pt\/por\/367410592786\/\"}]}<\/script>\n<!-- \/ Yoast SEO plugin. -->","yoast_head_json":{"title":"Bernardo Silva confirma sa\u00edda do Manchester City - Portal Tela Portugal","robots":{"index":"index","follow":"follow","max-snippet":"max-snippet:-1","max-image-preview":"max-image-preview:large","max-video-preview":"max-video-preview:-1"},"og_locale":"pt_PT","og_type":"article","og_title":"Bernardo Silva confirma sa\u00edda do Manchester City - Portal Tela Portugal","og_description":"Bernardo Silva confirmou, via redes sociais, a sa\u00edda do Manchester City no final da temporada. A revela\u00e7\u00e3o chega depois de Pep Lijnders ter indicado, no dia cinco, que o jogador de 31 anos n\u00e3o iria renovar. No comunicado, o jogador agradece \u00e0 cidade, ao clube, aos adeptos e aos profissionais, destacando o legado conquistado: Centuri\u00f5es, Treble e tetra-campeonato. Refere que a cidade tamb\u00e9m o viu nascer a fam\u00edlia, agradecendo \u00e0 esposa In\u00eas e \u00e0 filha Carlota. Diz ter passado nove anos no City e que entra nos \u00faltimos meses com o objetivo de lutar pelo que resta da \u00e9poca.","og_url":"https:\/\/portaltela.pt\/noticias\/2026\/04\/16\/bernardo-silva-confirma-saida-do-manchester-city\/","og_site_name":"Portal Tela Portugal","article_published_time":"2026-04-16T12:32:06+00:00","author":"Telinha","twitter_card":"summary_large_image","twitter_misc":{"Escrito por":"Telinha","Tempo estimado de leitura":"1 minuto"},"schema":{"@context":"https:\/\/schema.org","@graph":[{"@type":"Article","@id":"https:\/\/portaltela.pt\/noticias\/2026\/04\/16\/bernardo-silva-confirma-saida-do-manchester-city\/#article","isPartOf":{"@id":"https:\/\/portaltela.pt\/noticias\/2026\/04\/16\/bernardo-silva-confirma-saida-do-manchester-city\/"},"author":{"name":"Telinha","@id":"https:\/\/portaltela.pt\/#\/schema\/person\/c4278d4a6028830caff9ee44b42d32ed"},"headline":"Bernardo Silva confirma sa\u00edda do Manchester City","datePublished":"2026-04-16T12:32:06+00:00","mainEntityOfPage":{"@id":"https:\/\/portaltela.pt\/noticias\/2026\/04\/16\/bernardo-silva-confirma-saida-do-manchester-city\/"},"wordCount":243,"image":{"@id":"https:\/\/portaltela.pt\/noticias\/2026\/04\/16\/bernardo-silva-confirma-saida-do-manchester-city\/#primaryimage"},"thumbnailUrl":"https:\/\/portaltela.pt\/s.01k8rhncp4jt1\/2026\/04\/img_920x518uu2026-04-16-13-24-16-2433363.jpg","keywords":["Bernardo Silva","futebol","jogadores","not\u00edcias","Portugal","transfer\u00eancias internacionais"],"articleSection":["Desporto","Futebol"],"inLanguage":"pt-PT"},{"@type":"WebPage","@id":"https:\/\/portaltela.pt\/noticias\/2026\/04\/16\/bernardo-silva-confirma-saida-do-manchester-city\/","url":"https:\/\/portaltela.pt\/noticias\/2026\/04\/16\/bernardo-silva-confirma-saida-do-manchester-city\/","name":"Bernardo Silva confirma sa\u00edda do Manchester City - Portal Tela Portugal","isPartOf":{"@id":"https:\/\/portaltela.pt\/#website"},"primaryImageOfPage":{"@id":"https:\/\/portaltela.pt\/noticias\/2026\/04\/16\/bernardo-silva-confirma-saida-do-manchester-city\/#primaryimage"},"image":{"@id":"https:\/\/portaltela.pt\/noticias\/2026\/04\/16\/bernardo-silva-confirma-saida-do-manchester-city\/#primaryimage"},"thumbnailUrl":"https:\/\/portaltela.pt\/s.01k8rhncp4jt1\/2026\/04\/img_920x518uu2026-04-16-13-24-16-2433363.jpg","datePublished":"2026-04-16T12:32:06+00:00","author":{"@id":"https:\/\/portaltela.pt\/#\/schema\/person\/c4278d4a6028830caff9ee44b42d32ed"},"breadcrumb":{"@id":"https:\/\/portaltela.pt\/noticias\/2026\/04\/16\/bernardo-silva-confirma-saida-do-manchester-city\/#breadcrumb"},"inLanguage":"pt-PT","potentialAction":[{"@type":"ReadAction","target":["https:\/\/portaltela.pt\/noticias\/2026\/04\/16\/bernardo-silva-confirma-saida-do-manchester-city\/"]}]},{"@type":"ImageObject","inLanguage":"pt-PT","@id":"https:\/\/portaltela.pt\/noticias\/2026\/04\/16\/bernardo-silva-confirma-saida-do-manchester-city\/#primaryimage","url":"https:\/\/portaltela.pt\/s.01k8rhncp4jt1\/2026\/04\/img_920x518uu2026-04-16-13-24-16-2433363.jpg","contentUrl":"https:\/\/portaltela.pt\/s.01k8rhncp4jt1\/2026\/04\/img_920x518uu2026-04-16-13-24-16-2433363.jpg","width":796,"height":448,"caption":"Bernardo Silva, jogador do Manchester City"},{"@type":"BreadcrumbList","@id":"https:\/\/portaltela.pt\/noticias\/2026\/04\/16\/bernardo-silva-confirma-saida-do-manchester-city\/#breadcrumb","itemListElement":[{"@type":"ListItem","position":1,"name":"In\u00edcio","item":"https:\/\/portaltela.pt\/"},{"@type":"ListItem","position":2,"name":"Bernardo Silva confirma sa\u00edda do Manchester City"}]},{"@type":"WebSite","@id":"https:\/\/portaltela.pt\/#website","url":"https:\/\/portaltela.pt\/","name":"Portal Tela Portugal","description":"","potentialAction":[{"@type":"SearchAction","target":{"@type":"EntryPoint","urlTemplate":"https:\/\/portaltela.pt\/?s={search_term_string}"},"query-input":{"@type":"PropertyValueSpecification","valueRequired":true,"valueName":"search_term_string"}}],"inLanguage":"pt-PT"},{"@type":"Person","@id":"https:\/\/portaltela.pt\/#\/schema\/person\/c4278d4a6028830caff9ee44b42d32ed","name":"Telinha","image":{"@type":"ImageObject","inLanguage":"pt-PT","@id":"https:\/\/portaltela.pt\/s.01k8rhncp4jt1\/2025\/11\/talking-bot-125x125.png","url":"https:\/\/portaltela.pt\/s.01k8rhncp4jt1\/2025\/11\/talking-bot-125x125.png","contentUrl":"https:\/\/portaltela.pt\/s.01k8rhncp4jt1\/2025\/11\/talking-bot-125x125.png","caption":"Telinha"},"sameAs":["https:\/\/portaltela.pt\/"],"url":"https:\/\/portaltela.pt\/por\/367410592786\/"}]}},"_links":{"self":[{"href":"https:\/\/portaltela.pt\/api\/wp\/v2\/posts\/446379","targetHints":{"allow":["GET"]}}],"collection":[{"href":"https:\/\/portaltela.pt\/api\/wp\/v2\/posts"}],"about":[{"href":"https:\/\/portaltela.pt\/api\/wp\/v2\/types\/post"}],"author":[{"embeddable":true,"href":"https:\/\/portaltela.pt\/api\/wp\/v2\/users\/2"}],"replies":[{"embeddable":true,"href":"https:\/\/portaltela.pt\/api\/wp\/v2\/comments?post=446379"}],"version-history":[{"count":0,"href":"https:\/\/portaltela.pt\/api\/wp\/v2\/posts\/446379\/revisions"}],"wp:featuredmedia":[{"embeddable":true,"href":"https:\/\/portaltela.pt\/api\/wp\/v2\/media\/446384"}],"wp:attachment":[{"href":"https:\/\/portaltela.pt\/api\/wp\/v2\/media?parent=446379"}],"wp:term":[{"taxonomy":"category","embeddable":true,"href":"https:\/\/portaltela.pt\/api\/wp\/v2\/categories?post=446379"},{"taxonomy":"post_tag","embeddable":true,"href":"https:\/\/portaltela.pt\/api\/wp\/v2\/tags?post=446379"}],"curies":[{"name":"wp","href":"https:\/\/api.w.org\/{rel}","templated":true}]}}