{"id":446358,"date":"2026-04-16T09:17:00","date_gmt":"2026-04-16T12:17:00","guid":{"rendered":"https:\/\/portaltela.pt\/noticias\/2026\/04\/16\/comissao-europeia-propoe-que-google-abra-dados-de-pesquisa-a-concorrentes-de-ia\/"},"modified":"2026-04-16T09:17:00","modified_gmt":"2026-04-16T12:17:00","slug":"comissao-europeia-propoe-que-google-abra-dados-de-pesquisa-a-concorrentes-de-ia","status":"publish","type":"post","link":"https:\/\/portaltela.pt\/tecnologia\/2026\/04\/16\/comissao-europeia-propoe-que-google-abra-dados-de-pesquisa-a-concorrentes-de-ia\/","title":{"rendered":"Comiss\u00e3o Europeia prop\u00f5e que Google abra dados de pesquisa a concorrentes de IA"},"content":{"rendered":"<p>A Comiss\u00e3o Europeia prop\u00f4s que o Google partilhe dados do seu motor de pesquisa com concorrentes e servi\u00e7os de intelig\u00eancia artificial, numa medida para refor\u00e7ar a concorr\u00eancia no mercado de pesquisas online. A finalidade \u00e9 permitir que terceiros otimizem os seus servi\u00e7os de pesquisa.<\/p>\n<p>A proposta foi apresentada no \u00e2mbito da Lei dos Mercados Digitais, com o objetivo de reduzir a posi\u00e7\u00e3o dominante do Google Search, o principal motor de pesquisa da Alphabet. Bruxelas descreve o plano como uma forma de abrir o ecossistema.<\/p>\n<h3>Proposta e objetivos<\/h3>\n<p>A UE define quais dados dever\u00e3o ser partilhados, com que frequ\u00eancia, e como anonimiz\u00e1-los. Tamb\u00e9m especifica crit\u00e9rios de elegibilidade para os benefici\u00e1rios e regras de defini\u00e7\u00e3o de pre\u00e7os considerados justos.<\/p>\n<p>A medida prev\u00ea condi\u00e7\u00f5es de acesso justas, razo\u00e1veis e n\u00e3o discriminat\u00f3rias, para que motores de terceiros possam competir mais effectively. O objetivo \u00e9 melhorar a qualidade e a diversidade das pesquisas online.<\/p>\n<h3>Processo e pr\u00f3ximas etapas<\/h3>\n<p>Bruxelas vai ouvir concorrentes, especialistas e a Google at\u00e9 1 de maio, com uma decis\u00e3o final vinculativa prevista at\u00e9 27 de julho de 2026. A decis\u00e3o obrigar\u00e1 a empresa a cumprir as novas regras.<\/p>\n<p>A Lei dos Mercados Digitais est\u00e1 em vigor na UE desde novembro de 2022 e aplica-se a chamados gatekeepers que controlam ecossistemas digitais com grandes volumes de neg\u00f3cios e muitos utilizadores.<\/p>\n<p>Google, Amazon, Apple, Meta e Microsoft s\u00e3o alvos formais da designa\u00e7\u00e3o de gatekeepers, que imp\u00f5e regras para evitar barreiras entre empresas e consumidores.<\/p>\n","protected":false},"excerpt":{"rendered":"<ul>\n<li>A Comiss\u00e3o Europeia prop\u00f4s que a Google partilhe dados do seu motor de pesquisa com concorrentes e servi\u00e7os de IA para refor\u00e7ar a concorr\u00eancia no online.<\/li>\n<li>Os dados a partilhar incluem classifica\u00e7\u00e3o, consultas, cliques e visualiza\u00e7\u00f5es, em condi\u00e7\u00f5es justas, razo\u00e1veis e n\u00e3o discriminat\u00f3rias.<\/li>\n<li>A medida insere-se na aplica\u00e7\u00e3o da Lei dos Mercados Digitais (DMA) aos gatekeepers, com o objetivo de permitir que terceiros otimizem os seus motores de busca.<\/li>\n<li>Bruxelas vai ouvir concorrentes, especialistas e a Google at\u00e9 1 de maio, com a decis\u00e3o final prevista at\u00e9 27 de julho de 2026, tornando-se vinculativa.<\/li>\n<li>A DMA regula grandes plataformas digitais, entre as quais se contam Google (Alphabet), Amazon, Apple, Meta e Microsoft, para evitar barreiras entre utilizadores empresariais e consumidores.<\/li>\n<\/ul>\n","protected":false},"author":2,"featured_media":446361,"comment_status":"closed","ping_status":"closed","sticky":false,"template":"","format":"standard","meta":{"footnotes":""},"categories":[6716],"tags":[3368,1638,2207,2487,5547,2055],"class_list":["post-446358","post","type-post","status-publish","format-standard","has-post-thumbnail","hentry","category-tecnologia","tag-comercio-internacional","tag-comissao-europeia","tag-concorrencia","tag-europa","tag-informacao-internacional","tag-uniao-europeia"],"yoast_head":"<!-- This site is optimized with the Yoast SEO plugin v27.2 - https:\/\/yoast.com\/product\/yoast-seo-wordpress\/ -->\n<title>Comiss\u00e3o Europeia prop\u00f5e que Google abra dados de pesquisa a concorrentes de IA - Portal Tela Portugal<\/title>\n<meta name=\"robots\" content=\"index, follow, max-snippet:-1, max-image-preview:large, max-video-preview:-1\" \/>\n<meta property=\"og:locale\" content=\"pt_PT\" \/>\n<meta property=\"og:type\" content=\"article\" \/>\n<meta property=\"og:title\" content=\"Comiss\u00e3o Europeia prop\u00f5e que Google abra dados de pesquisa a concorrentes de IA - Portal Tela Portugal\" \/>\n<meta property=\"og:description\" content=\"A Comiss\u00e3o Europeia prop\u00f4s que a Google partilhe dados do seu motor de pesquisa com concorrentes e servi\u00e7os de IA para refor\u00e7ar a concorr\u00eancia no online. Os dados a partilhar incluem classifica\u00e7\u00e3o, consultas, cliques e visualiza\u00e7\u00f5es, em condi\u00e7\u00f5es justas, razo\u00e1veis e n\u00e3o discriminat\u00f3rias. A medida insere-se na aplica\u00e7\u00e3o da Lei dos Mercados Digitais (DMA) aos gatekeepers, com o objetivo de permitir que terceiros otimizem os seus motores de busca. Bruxelas vai ouvir concorrentes, especialistas e a Google at\u00e9 1 de maio, com a decis\u00e3o final prevista at\u00e9 27 de julho de 2026, tornando-se vinculativa. A DMA regula grandes plataformas digitais, entre as quais se contam Google (Alphabet), Amazon, Apple, Meta e Microsoft, para evitar barreiras entre utilizadores empresariais e consumidores.\" \/>\n<meta property=\"og:url\" content=\"https:\/\/portaltela.pt\/noticias\/2026\/04\/16\/comissao-europeia-propoe-que-google-abra-dados-de-pesquisa-a-concorrentes-de-ia\/\" \/>\n<meta property=\"og:site_name\" content=\"Portal Tela Portugal\" \/>\n<meta property=\"article:published_time\" content=\"2026-04-16T12:17:00+00:00\" \/>\n<meta name=\"author\" content=\"Telinha\" \/>\n<meta name=\"twitter:card\" content=\"summary_large_image\" \/>\n<meta name=\"twitter:label1\" content=\"Escrito por\" \/>\n\t<meta name=\"twitter:data1\" content=\"Telinha\" \/>\n\t<meta name=\"twitter:label2\" content=\"Tempo estimado de leitura\" \/>\n\t<meta name=\"twitter:data2\" content=\"1 minuto\" \/>\n<script type=\"application\/ld+json\" class=\"yoast-schema-graph\">{\"@context\":\"https:\/\/schema.org\",\"@graph\":[{\"@type\":\"Article\",\"@id\":\"https:\/\/portaltela.pt\/noticias\/2026\/04\/16\/comissao-europeia-propoe-que-google-abra-dados-de-pesquisa-a-concorrentes-de-ia\/#article\",\"isPartOf\":{\"@id\":\"https:\/\/portaltela.pt\/noticias\/2026\/04\/16\/comissao-europeia-propoe-que-google-abra-dados-de-pesquisa-a-concorrentes-de-ia\/\"},\"author\":{\"name\":\"Telinha\",\"@id\":\"https:\/\/portaltela.pt\/#\/schema\/person\/c4278d4a6028830caff9ee44b42d32ed\"},\"headline\":\"Comiss\u00e3o Europeia prop\u00f5e que Google abra dados de pesquisa a concorrentes de IA\",\"datePublished\":\"2026-04-16T12:17:00+00:00\",\"mainEntityOfPage\":{\"@id\":\"https:\/\/portaltela.pt\/noticias\/2026\/04\/16\/comissao-europeia-propoe-que-google-abra-dados-de-pesquisa-a-concorrentes-de-ia\/\"},\"wordCount\":277,\"image\":{\"@id\":\"https:\/\/portaltela.pt\/noticias\/2026\/04\/16\/comissao-europeia-propoe-que-google-abra-dados-de-pesquisa-a-concorrentes-de-ia\/#primaryimage\"},\"thumbnailUrl\":\"https:\/\/portaltela.pt\/s.01k8rhncp4jt1\/2026\/04\/img_1500x1000uu2010-01-13-21-14-00-276176.jpg\",\"keywords\":[\"com\u00e9rcio internacional\",\"Comiss\u00e3o Europeia\",\"concorr\u00eancia\",\"Europa\",\"informa\u00e7\u00e3o internacional\",\"Uni\u00e3o Europeia\"],\"articleSection\":[\"Tecnologia\"],\"inLanguage\":\"pt-PT\"},{\"@type\":\"WebPage\",\"@id\":\"https:\/\/portaltela.pt\/noticias\/2026\/04\/16\/comissao-europeia-propoe-que-google-abra-dados-de-pesquisa-a-concorrentes-de-ia\/\",\"url\":\"https:\/\/portaltela.pt\/noticias\/2026\/04\/16\/comissao-europeia-propoe-que-google-abra-dados-de-pesquisa-a-concorrentes-de-ia\/\",\"name\":\"Comiss\u00e3o Europeia prop\u00f5e que Google abra dados de pesquisa a concorrentes de IA - Portal Tela Portugal\",\"isPartOf\":{\"@id\":\"https:\/\/portaltela.pt\/#website\"},\"primaryImageOfPage\":{\"@id\":\"https:\/\/portaltela.pt\/noticias\/2026\/04\/16\/comissao-europeia-propoe-que-google-abra-dados-de-pesquisa-a-concorrentes-de-ia\/#primaryimage\"},\"image\":{\"@id\":\"https:\/\/portaltela.pt\/noticias\/2026\/04\/16\/comissao-europeia-propoe-que-google-abra-dados-de-pesquisa-a-concorrentes-de-ia\/#primaryimage\"},\"thumbnailUrl\":\"https:\/\/portaltela.pt\/s.01k8rhncp4jt1\/2026\/04\/img_1500x1000uu2010-01-13-21-14-00-276176.jpg\",\"datePublished\":\"2026-04-16T12:17:00+00:00\",\"author\":{\"@id\":\"https:\/\/portaltela.pt\/#\/schema\/person\/c4278d4a6028830caff9ee44b42d32ed\"},\"breadcrumb\":{\"@id\":\"https:\/\/portaltela.pt\/noticias\/2026\/04\/16\/comissao-europeia-propoe-que-google-abra-dados-de-pesquisa-a-concorrentes-de-ia\/#breadcrumb\"},\"inLanguage\":\"pt-PT\",\"potentialAction\":[{\"@type\":\"ReadAction\",\"target\":[\"https:\/\/portaltela.pt\/noticias\/2026\/04\/16\/comissao-europeia-propoe-que-google-abra-dados-de-pesquisa-a-concorrentes-de-ia\/\"]}]},{\"@type\":\"ImageObject\",\"inLanguage\":\"pt-PT\",\"@id\":\"https:\/\/portaltela.pt\/noticias\/2026\/04\/16\/comissao-europeia-propoe-que-google-abra-dados-de-pesquisa-a-concorrentes-de-ia\/#primaryimage\",\"url\":\"https:\/\/portaltela.pt\/s.01k8rhncp4jt1\/2026\/04\/img_1500x1000uu2010-01-13-21-14-00-276176.jpg\",\"contentUrl\":\"https:\/\/portaltela.pt\/s.01k8rhncp4jt1\/2026\/04\/img_1500x1000uu2010-01-13-21-14-00-276176.jpg\",\"width\":796,\"height\":448,\"caption\":\"Google\"},{\"@type\":\"BreadcrumbList\",\"@id\":\"https:\/\/portaltela.pt\/noticias\/2026\/04\/16\/comissao-europeia-propoe-que-google-abra-dados-de-pesquisa-a-concorrentes-de-ia\/#breadcrumb\",\"itemListElement\":[{\"@type\":\"ListItem\",\"position\":1,\"name\":\"In\u00edcio\",\"item\":\"https:\/\/portaltela.pt\/\"},{\"@type\":\"ListItem\",\"position\":2,\"name\":\"Comiss\u00e3o Europeia prop\u00f5e que Google abra dados de pesquisa a concorrentes de IA\"}]},{\"@type\":\"WebSite\",\"@id\":\"https:\/\/portaltela.pt\/#website\",\"url\":\"https:\/\/portaltela.pt\/\",\"name\":\"Portal Tela Portugal\",\"description\":\"\",\"potentialAction\":[{\"@type\":\"SearchAction\",\"target\":{\"@type\":\"EntryPoint\",\"urlTemplate\":\"https:\/\/portaltela.pt\/?s={search_term_string}\"},\"query-input\":{\"@type\":\"PropertyValueSpecification\",\"valueRequired\":true,\"valueName\":\"search_term_string\"}}],\"inLanguage\":\"pt-PT\"},{\"@type\":\"Person\",\"@id\":\"https:\/\/portaltela.pt\/#\/schema\/person\/c4278d4a6028830caff9ee44b42d32ed\",\"name\":\"Telinha\",\"image\":{\"@type\":\"ImageObject\",\"inLanguage\":\"pt-PT\",\"@id\":\"https:\/\/portaltela.pt\/s.01k8rhncp4jt1\/2025\/11\/talking-bot-125x125.png\",\"url\":\"https:\/\/portaltela.pt\/s.01k8rhncp4jt1\/2025\/11\/talking-bot-125x125.png\",\"contentUrl\":\"https:\/\/portaltela.pt\/s.01k8rhncp4jt1\/2025\/11\/talking-bot-125x125.png\",\"caption\":\"Telinha\"},\"sameAs\":[\"https:\/\/portaltela.pt\/\"],\"url\":\"https:\/\/portaltela.pt\/por\/367410592786\/\"}]}<\/script>\n<!-- \/ Yoast SEO plugin. -->","yoast_head_json":{"title":"Comiss\u00e3o Europeia prop\u00f5e que Google abra dados de pesquisa a concorrentes de IA - Portal Tela Portugal","robots":{"index":"index","follow":"follow","max-snippet":"max-snippet:-1","max-image-preview":"max-image-preview:large","max-video-preview":"max-video-preview:-1"},"og_locale":"pt_PT","og_type":"article","og_title":"Comiss\u00e3o Europeia prop\u00f5e que Google abra dados de pesquisa a concorrentes de IA - Portal Tela Portugal","og_description":"A Comiss\u00e3o Europeia prop\u00f4s que a Google partilhe dados do seu motor de pesquisa com concorrentes e servi\u00e7os de IA para refor\u00e7ar a concorr\u00eancia no online. Os dados a partilhar incluem classifica\u00e7\u00e3o, consultas, cliques e visualiza\u00e7\u00f5es, em condi\u00e7\u00f5es justas, razo\u00e1veis e n\u00e3o discriminat\u00f3rias. A medida insere-se na aplica\u00e7\u00e3o da Lei dos Mercados Digitais (DMA) aos gatekeepers, com o objetivo de permitir que terceiros otimizem os seus motores de busca. Bruxelas vai ouvir concorrentes, especialistas e a Google at\u00e9 1 de maio, com a decis\u00e3o final prevista at\u00e9 27 de julho de 2026, tornando-se vinculativa. A DMA regula grandes plataformas digitais, entre as quais se contam Google (Alphabet), Amazon, Apple, Meta e Microsoft, para evitar barreiras entre utilizadores empresariais e consumidores.","og_url":"https:\/\/portaltela.pt\/noticias\/2026\/04\/16\/comissao-europeia-propoe-que-google-abra-dados-de-pesquisa-a-concorrentes-de-ia\/","og_site_name":"Portal Tela Portugal","article_published_time":"2026-04-16T12:17:00+00:00","author":"Telinha","twitter_card":"summary_large_image","twitter_misc":{"Escrito por":"Telinha","Tempo estimado de leitura":"1 minuto"},"schema":{"@context":"https:\/\/schema.org","@graph":[{"@type":"Article","@id":"https:\/\/portaltela.pt\/noticias\/2026\/04\/16\/comissao-europeia-propoe-que-google-abra-dados-de-pesquisa-a-concorrentes-de-ia\/#article","isPartOf":{"@id":"https:\/\/portaltela.pt\/noticias\/2026\/04\/16\/comissao-europeia-propoe-que-google-abra-dados-de-pesquisa-a-concorrentes-de-ia\/"},"author":{"name":"Telinha","@id":"https:\/\/portaltela.pt\/#\/schema\/person\/c4278d4a6028830caff9ee44b42d32ed"},"headline":"Comiss\u00e3o Europeia prop\u00f5e que Google abra dados de pesquisa a concorrentes de IA","datePublished":"2026-04-16T12:17:00+00:00","mainEntityOfPage":{"@id":"https:\/\/portaltela.pt\/noticias\/2026\/04\/16\/comissao-europeia-propoe-que-google-abra-dados-de-pesquisa-a-concorrentes-de-ia\/"},"wordCount":277,"image":{"@id":"https:\/\/portaltela.pt\/noticias\/2026\/04\/16\/comissao-europeia-propoe-que-google-abra-dados-de-pesquisa-a-concorrentes-de-ia\/#primaryimage"},"thumbnailUrl":"https:\/\/portaltela.pt\/s.01k8rhncp4jt1\/2026\/04\/img_1500x1000uu2010-01-13-21-14-00-276176.jpg","keywords":["com\u00e9rcio internacional","Comiss\u00e3o Europeia","concorr\u00eancia","Europa","informa\u00e7\u00e3o internacional","Uni\u00e3o Europeia"],"articleSection":["Tecnologia"],"inLanguage":"pt-PT"},{"@type":"WebPage","@id":"https:\/\/portaltela.pt\/noticias\/2026\/04\/16\/comissao-europeia-propoe-que-google-abra-dados-de-pesquisa-a-concorrentes-de-ia\/","url":"https:\/\/portaltela.pt\/noticias\/2026\/04\/16\/comissao-europeia-propoe-que-google-abra-dados-de-pesquisa-a-concorrentes-de-ia\/","name":"Comiss\u00e3o Europeia prop\u00f5e que Google abra dados de pesquisa a concorrentes de IA - Portal Tela Portugal","isPartOf":{"@id":"https:\/\/portaltela.pt\/#website"},"primaryImageOfPage":{"@id":"https:\/\/portaltela.pt\/noticias\/2026\/04\/16\/comissao-europeia-propoe-que-google-abra-dados-de-pesquisa-a-concorrentes-de-ia\/#primaryimage"},"image":{"@id":"https:\/\/portaltela.pt\/noticias\/2026\/04\/16\/comissao-europeia-propoe-que-google-abra-dados-de-pesquisa-a-concorrentes-de-ia\/#primaryimage"},"thumbnailUrl":"https:\/\/portaltela.pt\/s.01k8rhncp4jt1\/2026\/04\/img_1500x1000uu2010-01-13-21-14-00-276176.jpg","datePublished":"2026-04-16T12:17:00+00:00","author":{"@id":"https:\/\/portaltela.pt\/#\/schema\/person\/c4278d4a6028830caff9ee44b42d32ed"},"breadcrumb":{"@id":"https:\/\/portaltela.pt\/noticias\/2026\/04\/16\/comissao-europeia-propoe-que-google-abra-dados-de-pesquisa-a-concorrentes-de-ia\/#breadcrumb"},"inLanguage":"pt-PT","potentialAction":[{"@type":"ReadAction","target":["https:\/\/portaltela.pt\/noticias\/2026\/04\/16\/comissao-europeia-propoe-que-google-abra-dados-de-pesquisa-a-concorrentes-de-ia\/"]}]},{"@type":"ImageObject","inLanguage":"pt-PT","@id":"https:\/\/portaltela.pt\/noticias\/2026\/04\/16\/comissao-europeia-propoe-que-google-abra-dados-de-pesquisa-a-concorrentes-de-ia\/#primaryimage","url":"https:\/\/portaltela.pt\/s.01k8rhncp4jt1\/2026\/04\/img_1500x1000uu2010-01-13-21-14-00-276176.jpg","contentUrl":"https:\/\/portaltela.pt\/s.01k8rhncp4jt1\/2026\/04\/img_1500x1000uu2010-01-13-21-14-00-276176.jpg","width":796,"height":448,"caption":"Google"},{"@type":"BreadcrumbList","@id":"https:\/\/portaltela.pt\/noticias\/2026\/04\/16\/comissao-europeia-propoe-que-google-abra-dados-de-pesquisa-a-concorrentes-de-ia\/#breadcrumb","itemListElement":[{"@type":"ListItem","position":1,"name":"In\u00edcio","item":"https:\/\/portaltela.pt\/"},{"@type":"ListItem","position":2,"name":"Comiss\u00e3o Europeia prop\u00f5e que Google abra dados de pesquisa a concorrentes de IA"}]},{"@type":"WebSite","@id":"https:\/\/portaltela.pt\/#website","url":"https:\/\/portaltela.pt\/","name":"Portal Tela Portugal","description":"","potentialAction":[{"@type":"SearchAction","target":{"@type":"EntryPoint","urlTemplate":"https:\/\/portaltela.pt\/?s={search_term_string}"},"query-input":{"@type":"PropertyValueSpecification","valueRequired":true,"valueName":"search_term_string"}}],"inLanguage":"pt-PT"},{"@type":"Person","@id":"https:\/\/portaltela.pt\/#\/schema\/person\/c4278d4a6028830caff9ee44b42d32ed","name":"Telinha","image":{"@type":"ImageObject","inLanguage":"pt-PT","@id":"https:\/\/portaltela.pt\/s.01k8rhncp4jt1\/2025\/11\/talking-bot-125x125.png","url":"https:\/\/portaltela.pt\/s.01k8rhncp4jt1\/2025\/11\/talking-bot-125x125.png","contentUrl":"https:\/\/portaltela.pt\/s.01k8rhncp4jt1\/2025\/11\/talking-bot-125x125.png","caption":"Telinha"},"sameAs":["https:\/\/portaltela.pt\/"],"url":"https:\/\/portaltela.pt\/por\/367410592786\/"}]}},"_links":{"self":[{"href":"https:\/\/portaltela.pt\/api\/wp\/v2\/posts\/446358","targetHints":{"allow":["GET"]}}],"collection":[{"href":"https:\/\/portaltela.pt\/api\/wp\/v2\/posts"}],"about":[{"href":"https:\/\/portaltela.pt\/api\/wp\/v2\/types\/post"}],"author":[{"embeddable":true,"href":"https:\/\/portaltela.pt\/api\/wp\/v2\/users\/2"}],"replies":[{"embeddable":true,"href":"https:\/\/portaltela.pt\/api\/wp\/v2\/comments?post=446358"}],"version-history":[{"count":0,"href":"https:\/\/portaltela.pt\/api\/wp\/v2\/posts\/446358\/revisions"}],"wp:featuredmedia":[{"embeddable":true,"href":"https:\/\/portaltela.pt\/api\/wp\/v2\/media\/446361"}],"wp:attachment":[{"href":"https:\/\/portaltela.pt\/api\/wp\/v2\/media?parent=446358"}],"wp:term":[{"taxonomy":"category","embeddable":true,"href":"https:\/\/portaltela.pt\/api\/wp\/v2\/categories?post=446358"},{"taxonomy":"post_tag","embeddable":true,"href":"https:\/\/portaltela.pt\/api\/wp\/v2\/tags?post=446358"}],"curies":[{"name":"wp","href":"https:\/\/api.w.org\/{rel}","templated":true}]}}