{"id":446341,"date":"2026-04-16T09:02:35","date_gmt":"2026-04-16T12:02:35","guid":{"rendered":"https:\/\/portaltela.pt\/noticias\/2026\/04\/16\/liverpool-confirma-ruptura-no-tendao-de-aquiles-de-ekitike-e-fica-sem-mundial\/"},"modified":"2026-04-16T09:02:35","modified_gmt":"2026-04-16T12:02:35","slug":"liverpool-confirma-ruptura-no-tendao-de-aquiles-de-ekitike-e-fica-sem-mundial","status":"publish","type":"post","link":"https:\/\/portaltela.pt\/desporto\/futebol\/2026\/04\/16\/liverpool-confirma-ruptura-no-tendao-de-aquiles-de-ekitike-e-fica-sem-mundial\/","title":{"rendered":"Liverpool confirma ruptura no tend\u00e3o de Aquiles de Ekitik\u00e9 e fica sem Mundial"},"content":{"rendered":"<p>O Liverpool confirmou que Hugo Ekitik\u00e9 sofreu uma rotura no tend\u00e3o de Aquiles durante a segunda m\u00e3o dos quartos de final da Liga dos Campe\u00f5es, frente ao Paris Saint-Germain, no est\u00e1dio de Anfield. O encontro terminou 2-0 a favor dos franceses, o que afastou os ingleses da competi\u00e7\u00e3o.<\/p>\n<p>A les\u00e3o deixa o avan\u00e7ado franc\u00eas de 23 anos fora do resto da temporada e impede a sua participa\u00e7\u00e3o no Mundial deste ano, segundo o comunicado publicado pelo clube. Ekitik\u00e9 abandonou o relvado de maca ainda na primeira parte da derrota frente ao campe\u00e3o europeu em t\u00edtulo.<\/p>\n<p>A not\u00edcia \u00e9 confirmada pela dire\u00e7\u00e3o do Liverpool, que promete manter o apoio ao jogador e divulgar novas informa\u00e7\u00f5es oportunamente.<\/p>\n<h3>Impacto para a Fran\u00e7a e para o PSG<\/h3>\n<p>Didier Deschamps j\u00e1 tinha referido na quarta-feira a gravidade da les\u00e3o, considerando-a uma dece\u00e7\u00e3o para o jovem promissor dos bleus. O t\u00e9cnico destacou a import\u00e2ncia de manter a forma f\u00edsica do grupo em prepara\u00e7\u00e3o para o Mundial.<\/p>\n<p>Ekitik\u00e9 soma oito internacionaliza\u00e7\u00f5es com a sele\u00e7\u00e3o francesa e dois golos. O avan\u00e7ado estreou-se pela Fran\u00e7a em setembro do ano passado, integrando o processo de qualifica\u00e7\u00e3o para o Mundial 2026 e dois jogos particulares em mar\u00e7o, frente ao Brasil e \u00e0 Col\u00f4mbia, nos Estados Unidos. Deschamps garantiu o apoio total \u00e0 equipa t\u00e9cnica e ao jogador.<\/p>\n","protected":false},"excerpt":{"rendered":"<ul>\n<li>O Liverpool confirmou que Hugo Ekitik\u00e9 sofreu rotura no tend\u00e3o de Aquiles, ficando fora do resto da temporada e do Mundial.<\/li>\n<li>A les\u00e3o aconteceu no jogo da Liga dos Campe\u00f5es contra o Paris Saint-Germain, na segunda m\u00e3o dos quartos de final, com o Liverpool a perder por 2-0 e a ser eliminado.<\/li>\n<li>Ekitik\u00e9 abandonou o relvado de maca ainda na primeira parte do encontro.<\/li>\n<li>O clube assegurou apoio ao jogador e anunciou que partilhar\u00e1 novas informa\u00e7\u00f5es oportunamente.<\/li>\n<li>O selecionador franc\u00eas, Didier Deschamps, comentou a gravidade da les\u00e3o, reconhecendo o registo do jogador e a frustra\u00e7\u00e3o para a Fran\u00e7a, que conta com ele nos compromissos de apuramento para o Mundial.<\/li>\n<\/ul>\n","protected":false},"author":2,"featured_media":446345,"comment_status":"closed","ping_status":"closed","sticky":false,"template":"","format":"standard","meta":{"footnotes":""},"categories":[21,24],"tags":[3577,1856,32,2538,1982,3212],"class_list":["post-446341","post","type-post","status-publish","format-standard","has-post-thumbnail","hentry","category-desporto","category-futebol","tag-champions-league","tag-franca","tag-futebol","tag-lesoes","tag-paris-saint-germain","tag-selecoes-internacionais"],"yoast_head":"<!-- This site is optimized with the Yoast SEO plugin v27.2 - https:\/\/yoast.com\/product\/yoast-seo-wordpress\/ -->\n<title>Liverpool confirma ruptura no tend\u00e3o de Aquiles de Ekitik\u00e9 e fica sem Mundial - Portal Tela Portugal<\/title>\n<meta name=\"robots\" content=\"index, follow, max-snippet:-1, max-image-preview:large, max-video-preview:-1\" \/>\n<meta property=\"og:locale\" content=\"pt_PT\" \/>\n<meta property=\"og:type\" content=\"article\" \/>\n<meta property=\"og:title\" content=\"Liverpool confirma ruptura no tend\u00e3o de Aquiles de Ekitik\u00e9 e fica sem Mundial - Portal Tela Portugal\" \/>\n<meta property=\"og:description\" content=\"O Liverpool confirmou que Hugo Ekitik\u00e9 sofreu rotura no tend\u00e3o de Aquiles, ficando fora do resto da temporada e do Mundial. A les\u00e3o aconteceu no jogo da Liga dos Campe\u00f5es contra o Paris Saint-Germain, na segunda m\u00e3o dos quartos de final, com o Liverpool a perder por 2-0 e a ser eliminado. Ekitik\u00e9 abandonou o relvado de maca ainda na primeira parte do encontro. O clube assegurou apoio ao jogador e anunciou que partilhar\u00e1 novas informa\u00e7\u00f5es oportunamente. O selecionador franc\u00eas, Didier Deschamps, comentou a gravidade da les\u00e3o, reconhecendo o registo do jogador e a frustra\u00e7\u00e3o para a Fran\u00e7a, que conta com ele nos compromissos de apuramento para o Mundial.\" \/>\n<meta property=\"og:url\" content=\"https:\/\/portaltela.pt\/noticias\/2026\/04\/16\/liverpool-confirma-ruptura-no-tendao-de-aquiles-de-ekitike-e-fica-sem-mundial\/\" \/>\n<meta property=\"og:site_name\" content=\"Portal Tela Portugal\" \/>\n<meta property=\"article:published_time\" content=\"2026-04-16T12:02:35+00:00\" \/>\n<meta name=\"author\" content=\"Telinha\" \/>\n<meta name=\"twitter:card\" content=\"summary_large_image\" \/>\n<meta name=\"twitter:label1\" content=\"Escrito por\" \/>\n\t<meta name=\"twitter:data1\" content=\"Telinha\" \/>\n\t<meta name=\"twitter:label2\" content=\"Tempo estimado de leitura\" \/>\n\t<meta name=\"twitter:data2\" content=\"1 minuto\" \/>\n<script type=\"application\/ld+json\" class=\"yoast-schema-graph\">{\"@context\":\"https:\/\/schema.org\",\"@graph\":[{\"@type\":\"Article\",\"@id\":\"https:\/\/portaltela.pt\/noticias\/2026\/04\/16\/liverpool-confirma-ruptura-no-tendao-de-aquiles-de-ekitike-e-fica-sem-mundial\/#article\",\"isPartOf\":{\"@id\":\"https:\/\/portaltela.pt\/noticias\/2026\/04\/16\/liverpool-confirma-ruptura-no-tendao-de-aquiles-de-ekitike-e-fica-sem-mundial\/\"},\"author\":{\"name\":\"Telinha\",\"@id\":\"https:\/\/portaltela.pt\/#\/schema\/person\/c4278d4a6028830caff9ee44b42d32ed\"},\"headline\":\"Liverpool confirma ruptura no tend\u00e3o de Aquiles de Ekitik\u00e9 e fica sem Mundial\",\"datePublished\":\"2026-04-16T12:02:35+00:00\",\"mainEntityOfPage\":{\"@id\":\"https:\/\/portaltela.pt\/noticias\/2026\/04\/16\/liverpool-confirma-ruptura-no-tendao-de-aquiles-de-ekitike-e-fica-sem-mundial\/\"},\"wordCount\":254,\"image\":{\"@id\":\"https:\/\/portaltela.pt\/noticias\/2026\/04\/16\/liverpool-confirma-ruptura-no-tendao-de-aquiles-de-ekitike-e-fica-sem-mundial\/#primaryimage\"},\"thumbnailUrl\":\"https:\/\/portaltela.pt\/s.01k8rhncp4jt1\/2026\/04\/img_1200x721uu2026-04-16-12-51-41-2433355-im-639119407620610550.jpg\",\"keywords\":[\"Champions League\",\"Fran\u00e7a\",\"futebol\",\"les\u00f5es\",\"Paris Saint-Germain\",\"sele\u00e7\u00f5es internacionais\"],\"articleSection\":[\"Desporto\",\"Futebol\"],\"inLanguage\":\"pt-PT\"},{\"@type\":\"WebPage\",\"@id\":\"https:\/\/portaltela.pt\/noticias\/2026\/04\/16\/liverpool-confirma-ruptura-no-tendao-de-aquiles-de-ekitike-e-fica-sem-mundial\/\",\"url\":\"https:\/\/portaltela.pt\/noticias\/2026\/04\/16\/liverpool-confirma-ruptura-no-tendao-de-aquiles-de-ekitike-e-fica-sem-mundial\/\",\"name\":\"Liverpool confirma ruptura no tend\u00e3o de Aquiles de Ekitik\u00e9 e fica sem Mundial - Portal Tela Portugal\",\"isPartOf\":{\"@id\":\"https:\/\/portaltela.pt\/#website\"},\"primaryImageOfPage\":{\"@id\":\"https:\/\/portaltela.pt\/noticias\/2026\/04\/16\/liverpool-confirma-ruptura-no-tendao-de-aquiles-de-ekitike-e-fica-sem-mundial\/#primaryimage\"},\"image\":{\"@id\":\"https:\/\/portaltela.pt\/noticias\/2026\/04\/16\/liverpool-confirma-ruptura-no-tendao-de-aquiles-de-ekitike-e-fica-sem-mundial\/#primaryimage\"},\"thumbnailUrl\":\"https:\/\/portaltela.pt\/s.01k8rhncp4jt1\/2026\/04\/img_1200x721uu2026-04-16-12-51-41-2433355-im-639119407620610550.jpg\",\"datePublished\":\"2026-04-16T12:02:35+00:00\",\"author\":{\"@id\":\"https:\/\/portaltela.pt\/#\/schema\/person\/c4278d4a6028830caff9ee44b42d32ed\"},\"breadcrumb\":{\"@id\":\"https:\/\/portaltela.pt\/noticias\/2026\/04\/16\/liverpool-confirma-ruptura-no-tendao-de-aquiles-de-ekitike-e-fica-sem-mundial\/#breadcrumb\"},\"inLanguage\":\"pt-PT\",\"potentialAction\":[{\"@type\":\"ReadAction\",\"target\":[\"https:\/\/portaltela.pt\/noticias\/2026\/04\/16\/liverpool-confirma-ruptura-no-tendao-de-aquiles-de-ekitike-e-fica-sem-mundial\/\"]}]},{\"@type\":\"ImageObject\",\"inLanguage\":\"pt-PT\",\"@id\":\"https:\/\/portaltela.pt\/noticias\/2026\/04\/16\/liverpool-confirma-ruptura-no-tendao-de-aquiles-de-ekitike-e-fica-sem-mundial\/#primaryimage\",\"url\":\"https:\/\/portaltela.pt\/s.01k8rhncp4jt1\/2026\/04\/img_1200x721uu2026-04-16-12-51-41-2433355-im-639119407620610550.jpg\",\"contentUrl\":\"https:\/\/portaltela.pt\/s.01k8rhncp4jt1\/2026\/04\/img_1200x721uu2026-04-16-12-51-41-2433355-im-639119407620610550.jpg\",\"width\":796,\"height\":448,\"caption\":\"Ekitik\u00e9 lesionou-se no jogo com o PSG\"},{\"@type\":\"BreadcrumbList\",\"@id\":\"https:\/\/portaltela.pt\/noticias\/2026\/04\/16\/liverpool-confirma-ruptura-no-tendao-de-aquiles-de-ekitike-e-fica-sem-mundial\/#breadcrumb\",\"itemListElement\":[{\"@type\":\"ListItem\",\"position\":1,\"name\":\"In\u00edcio\",\"item\":\"https:\/\/portaltela.pt\/\"},{\"@type\":\"ListItem\",\"position\":2,\"name\":\"Liverpool confirma ruptura no tend\u00e3o de Aquiles de Ekitik\u00e9 e fica sem Mundial\"}]},{\"@type\":\"WebSite\",\"@id\":\"https:\/\/portaltela.pt\/#website\",\"url\":\"https:\/\/portaltela.pt\/\",\"name\":\"Portal Tela Portugal\",\"description\":\"\",\"potentialAction\":[{\"@type\":\"SearchAction\",\"target\":{\"@type\":\"EntryPoint\",\"urlTemplate\":\"https:\/\/portaltela.pt\/?s={search_term_string}\"},\"query-input\":{\"@type\":\"PropertyValueSpecification\",\"valueRequired\":true,\"valueName\":\"search_term_string\"}}],\"inLanguage\":\"pt-PT\"},{\"@type\":\"Person\",\"@id\":\"https:\/\/portaltela.pt\/#\/schema\/person\/c4278d4a6028830caff9ee44b42d32ed\",\"name\":\"Telinha\",\"image\":{\"@type\":\"ImageObject\",\"inLanguage\":\"pt-PT\",\"@id\":\"https:\/\/portaltela.pt\/s.01k8rhncp4jt1\/2025\/11\/talking-bot-125x125.png\",\"url\":\"https:\/\/portaltela.pt\/s.01k8rhncp4jt1\/2025\/11\/talking-bot-125x125.png\",\"contentUrl\":\"https:\/\/portaltela.pt\/s.01k8rhncp4jt1\/2025\/11\/talking-bot-125x125.png\",\"caption\":\"Telinha\"},\"sameAs\":[\"https:\/\/portaltela.pt\/\"],\"url\":\"https:\/\/portaltela.pt\/por\/367410592786\/\"}]}<\/script>\n<!-- \/ Yoast SEO plugin. -->","yoast_head_json":{"title":"Liverpool confirma ruptura no tend\u00e3o de Aquiles de Ekitik\u00e9 e fica sem Mundial - Portal Tela Portugal","robots":{"index":"index","follow":"follow","max-snippet":"max-snippet:-1","max-image-preview":"max-image-preview:large","max-video-preview":"max-video-preview:-1"},"og_locale":"pt_PT","og_type":"article","og_title":"Liverpool confirma ruptura no tend\u00e3o de Aquiles de Ekitik\u00e9 e fica sem Mundial - Portal Tela Portugal","og_description":"O Liverpool confirmou que Hugo Ekitik\u00e9 sofreu rotura no tend\u00e3o de Aquiles, ficando fora do resto da temporada e do Mundial. A les\u00e3o aconteceu no jogo da Liga dos Campe\u00f5es contra o Paris Saint-Germain, na segunda m\u00e3o dos quartos de final, com o Liverpool a perder por 2-0 e a ser eliminado. Ekitik\u00e9 abandonou o relvado de maca ainda na primeira parte do encontro. O clube assegurou apoio ao jogador e anunciou que partilhar\u00e1 novas informa\u00e7\u00f5es oportunamente. O selecionador franc\u00eas, Didier Deschamps, comentou a gravidade da les\u00e3o, reconhecendo o registo do jogador e a frustra\u00e7\u00e3o para a Fran\u00e7a, que conta com ele nos compromissos de apuramento para o Mundial.","og_url":"https:\/\/portaltela.pt\/noticias\/2026\/04\/16\/liverpool-confirma-ruptura-no-tendao-de-aquiles-de-ekitike-e-fica-sem-mundial\/","og_site_name":"Portal Tela Portugal","article_published_time":"2026-04-16T12:02:35+00:00","author":"Telinha","twitter_card":"summary_large_image","twitter_misc":{"Escrito por":"Telinha","Tempo estimado de leitura":"1 minuto"},"schema":{"@context":"https:\/\/schema.org","@graph":[{"@type":"Article","@id":"https:\/\/portaltela.pt\/noticias\/2026\/04\/16\/liverpool-confirma-ruptura-no-tendao-de-aquiles-de-ekitike-e-fica-sem-mundial\/#article","isPartOf":{"@id":"https:\/\/portaltela.pt\/noticias\/2026\/04\/16\/liverpool-confirma-ruptura-no-tendao-de-aquiles-de-ekitike-e-fica-sem-mundial\/"},"author":{"name":"Telinha","@id":"https:\/\/portaltela.pt\/#\/schema\/person\/c4278d4a6028830caff9ee44b42d32ed"},"headline":"Liverpool confirma ruptura no tend\u00e3o de Aquiles de Ekitik\u00e9 e fica sem Mundial","datePublished":"2026-04-16T12:02:35+00:00","mainEntityOfPage":{"@id":"https:\/\/portaltela.pt\/noticias\/2026\/04\/16\/liverpool-confirma-ruptura-no-tendao-de-aquiles-de-ekitike-e-fica-sem-mundial\/"},"wordCount":254,"image":{"@id":"https:\/\/portaltela.pt\/noticias\/2026\/04\/16\/liverpool-confirma-ruptura-no-tendao-de-aquiles-de-ekitike-e-fica-sem-mundial\/#primaryimage"},"thumbnailUrl":"https:\/\/portaltela.pt\/s.01k8rhncp4jt1\/2026\/04\/img_1200x721uu2026-04-16-12-51-41-2433355-im-639119407620610550.jpg","keywords":["Champions League","Fran\u00e7a","futebol","les\u00f5es","Paris Saint-Germain","sele\u00e7\u00f5es internacionais"],"articleSection":["Desporto","Futebol"],"inLanguage":"pt-PT"},{"@type":"WebPage","@id":"https:\/\/portaltela.pt\/noticias\/2026\/04\/16\/liverpool-confirma-ruptura-no-tendao-de-aquiles-de-ekitike-e-fica-sem-mundial\/","url":"https:\/\/portaltela.pt\/noticias\/2026\/04\/16\/liverpool-confirma-ruptura-no-tendao-de-aquiles-de-ekitike-e-fica-sem-mundial\/","name":"Liverpool confirma ruptura no tend\u00e3o de Aquiles de Ekitik\u00e9 e fica sem Mundial - Portal Tela Portugal","isPartOf":{"@id":"https:\/\/portaltela.pt\/#website"},"primaryImageOfPage":{"@id":"https:\/\/portaltela.pt\/noticias\/2026\/04\/16\/liverpool-confirma-ruptura-no-tendao-de-aquiles-de-ekitike-e-fica-sem-mundial\/#primaryimage"},"image":{"@id":"https:\/\/portaltela.pt\/noticias\/2026\/04\/16\/liverpool-confirma-ruptura-no-tendao-de-aquiles-de-ekitike-e-fica-sem-mundial\/#primaryimage"},"thumbnailUrl":"https:\/\/portaltela.pt\/s.01k8rhncp4jt1\/2026\/04\/img_1200x721uu2026-04-16-12-51-41-2433355-im-639119407620610550.jpg","datePublished":"2026-04-16T12:02:35+00:00","author":{"@id":"https:\/\/portaltela.pt\/#\/schema\/person\/c4278d4a6028830caff9ee44b42d32ed"},"breadcrumb":{"@id":"https:\/\/portaltela.pt\/noticias\/2026\/04\/16\/liverpool-confirma-ruptura-no-tendao-de-aquiles-de-ekitike-e-fica-sem-mundial\/#breadcrumb"},"inLanguage":"pt-PT","potentialAction":[{"@type":"ReadAction","target":["https:\/\/portaltela.pt\/noticias\/2026\/04\/16\/liverpool-confirma-ruptura-no-tendao-de-aquiles-de-ekitike-e-fica-sem-mundial\/"]}]},{"@type":"ImageObject","inLanguage":"pt-PT","@id":"https:\/\/portaltela.pt\/noticias\/2026\/04\/16\/liverpool-confirma-ruptura-no-tendao-de-aquiles-de-ekitike-e-fica-sem-mundial\/#primaryimage","url":"https:\/\/portaltela.pt\/s.01k8rhncp4jt1\/2026\/04\/img_1200x721uu2026-04-16-12-51-41-2433355-im-639119407620610550.jpg","contentUrl":"https:\/\/portaltela.pt\/s.01k8rhncp4jt1\/2026\/04\/img_1200x721uu2026-04-16-12-51-41-2433355-im-639119407620610550.jpg","width":796,"height":448,"caption":"Ekitik\u00e9 lesionou-se no jogo com o PSG"},{"@type":"BreadcrumbList","@id":"https:\/\/portaltela.pt\/noticias\/2026\/04\/16\/liverpool-confirma-ruptura-no-tendao-de-aquiles-de-ekitike-e-fica-sem-mundial\/#breadcrumb","itemListElement":[{"@type":"ListItem","position":1,"name":"In\u00edcio","item":"https:\/\/portaltela.pt\/"},{"@type":"ListItem","position":2,"name":"Liverpool confirma ruptura no tend\u00e3o de Aquiles de Ekitik\u00e9 e fica sem Mundial"}]},{"@type":"WebSite","@id":"https:\/\/portaltela.pt\/#website","url":"https:\/\/portaltela.pt\/","name":"Portal Tela Portugal","description":"","potentialAction":[{"@type":"SearchAction","target":{"@type":"EntryPoint","urlTemplate":"https:\/\/portaltela.pt\/?s={search_term_string}"},"query-input":{"@type":"PropertyValueSpecification","valueRequired":true,"valueName":"search_term_string"}}],"inLanguage":"pt-PT"},{"@type":"Person","@id":"https:\/\/portaltela.pt\/#\/schema\/person\/c4278d4a6028830caff9ee44b42d32ed","name":"Telinha","image":{"@type":"ImageObject","inLanguage":"pt-PT","@id":"https:\/\/portaltela.pt\/s.01k8rhncp4jt1\/2025\/11\/talking-bot-125x125.png","url":"https:\/\/portaltela.pt\/s.01k8rhncp4jt1\/2025\/11\/talking-bot-125x125.png","contentUrl":"https:\/\/portaltela.pt\/s.01k8rhncp4jt1\/2025\/11\/talking-bot-125x125.png","caption":"Telinha"},"sameAs":["https:\/\/portaltela.pt\/"],"url":"https:\/\/portaltela.pt\/por\/367410592786\/"}]}},"_links":{"self":[{"href":"https:\/\/portaltela.pt\/api\/wp\/v2\/posts\/446341","targetHints":{"allow":["GET"]}}],"collection":[{"href":"https:\/\/portaltela.pt\/api\/wp\/v2\/posts"}],"about":[{"href":"https:\/\/portaltela.pt\/api\/wp\/v2\/types\/post"}],"author":[{"embeddable":true,"href":"https:\/\/portaltela.pt\/api\/wp\/v2\/users\/2"}],"replies":[{"embeddable":true,"href":"https:\/\/portaltela.pt\/api\/wp\/v2\/comments?post=446341"}],"version-history":[{"count":0,"href":"https:\/\/portaltela.pt\/api\/wp\/v2\/posts\/446341\/revisions"}],"wp:featuredmedia":[{"embeddable":true,"href":"https:\/\/portaltela.pt\/api\/wp\/v2\/media\/446345"}],"wp:attachment":[{"href":"https:\/\/portaltela.pt\/api\/wp\/v2\/media?parent=446341"}],"wp:term":[{"taxonomy":"category","embeddable":true,"href":"https:\/\/portaltela.pt\/api\/wp\/v2\/categories?post=446341"},{"taxonomy":"post_tag","embeddable":true,"href":"https:\/\/portaltela.pt\/api\/wp\/v2\/tags?post=446341"}],"curies":[{"name":"wp","href":"https:\/\/api.w.org\/{rel}","templated":true}]}}