{"id":446332,"date":"2026-04-16T07:15:00","date_gmt":"2026-04-16T10:15:00","guid":{"rendered":"https:\/\/portaltela.pt\/noticias\/2026\/04\/16\/inflacao-na-zona-euro-sobe-para-26-em-marco-segundo-eurostat\/"},"modified":"2026-04-16T07:15:00","modified_gmt":"2026-04-16T10:15:00","slug":"inflacao-na-zona-euro-sobe-para-26-em-marco-segundo-eurostat","status":"publish","type":"post","link":"https:\/\/portaltela.pt\/noticias\/economia\/2026\/04\/16\/inflacao-na-zona-euro-sobe-para-26-em-marco-segundo-eurostat\/","title":{"rendered":"Infla\u00e7\u00e3o na zona euro sobe para 2,6% em mar\u00e7o, segundo Eurostat"},"content":{"rendered":"<p>O Eurostat anunciou que a infla\u00e7\u00e3o da zona euro foi revista em alta para 2,6% em mar\u00e7o, segundo dados da ag\u00eancia estat\u00edstica europeia. A atualiza\u00e7\u00e3o baseia-se em estimativas que integram os pre\u00e7os ao consumo na regi\u00e3o.<\/p>\n<p>A revis\u00e3o indica uma persist\u00eancia de press\u00f5es inflacionistas no bloco, com a leitura de mar\u00e7o a confirmar a tend\u00eancia de subida dos pre\u00e7os frente ao m\u00eas precedente. As informa\u00e7\u00f5es s\u00e3o disponibilizadas pela entidade respons\u00e1vel pelas estat\u00edsticas.<\/p>\n<p>Quem est\u00e1 envolvido? Eurostat, a ag\u00eancia oficial de estat\u00edsticas da Uni\u00e3o Europeia. Quando? Em mar\u00e7o. Onde? Zona euro. Porqu\u00ea? A nota n\u00e3o detalha explicitamente o motivo da revis\u00e3o no resumo dispon\u00edvel.<\/p>\n<p>O conte\u00fado completo est\u00e1 dispon\u00edvel apenas para subscritores.<\/p>\n","protected":false},"excerpt":{"rendered":"<ul>\n<li>A infla\u00e7\u00e3o da zona euro foi revista em alta para 2,6% em mar\u00e7o, segundo o Eurostat.<\/li>\n<li>O indicador confirma press\u00f5es de pre\u00e7os ainda presentes na economia da \u00e1rea euro.<\/li>\n<li>A leitura refere-se ao m\u00eas de mar\u00e7o e utiliza os dados oficiais do Eurostat.<\/li>\n<li>A divulga\u00e7\u00e3o credita ao Eurostat a atualiza\u00e7\u00e3o da taxa de infla\u00e7\u00e3o para mar\u00e7o.<\/li>\n<\/ul>\n","protected":false},"author":2,"featured_media":446336,"comment_status":"closed","ping_status":"closed","sticky":false,"template":"","format":"standard","meta":{"footnotes":""},"categories":[2,6850],"tags":[28,3861,1676,5547,6885],"class_list":["post-446332","post","type-post","status-publish","format-standard","has-post-thumbnail","hentry","category-economia","category-financas","tag-economia","tag-economia-internacional","tag-inflacao","tag-informacao-internacional","tag-zona-europeia"],"yoast_head":"<!-- This site is optimized with the Yoast SEO plugin v27.2 - https:\/\/yoast.com\/product\/yoast-seo-wordpress\/ -->\n<title>Infla\u00e7\u00e3o na zona euro sobe para 2,6% em mar\u00e7o, segundo Eurostat - Portal Tela Portugal<\/title>\n<meta name=\"robots\" content=\"index, follow, max-snippet:-1, max-image-preview:large, max-video-preview:-1\" \/>\n<meta property=\"og:locale\" content=\"pt_PT\" \/>\n<meta property=\"og:type\" content=\"article\" \/>\n<meta property=\"og:title\" content=\"Infla\u00e7\u00e3o na zona euro sobe para 2,6% em mar\u00e7o, segundo Eurostat - Portal Tela Portugal\" \/>\n<meta property=\"og:description\" content=\"A infla\u00e7\u00e3o da zona euro foi revista em alta para 2,6% em mar\u00e7o, segundo o Eurostat. O indicador confirma press\u00f5es de pre\u00e7os ainda presentes na economia da \u00e1rea euro. A leitura refere-se ao m\u00eas de mar\u00e7o e utiliza os dados oficiais do Eurostat. A divulga\u00e7\u00e3o credita ao Eurostat a atualiza\u00e7\u00e3o da taxa de infla\u00e7\u00e3o para mar\u00e7o.\" \/>\n<meta property=\"og:url\" content=\"https:\/\/portaltela.pt\/noticias\/2026\/04\/16\/inflacao-na-zona-euro-sobe-para-26-em-marco-segundo-eurostat\/\" \/>\n<meta property=\"og:site_name\" content=\"Portal Tela Portugal\" \/>\n<meta property=\"article:published_time\" content=\"2026-04-16T10:15:00+00:00\" \/>\n<meta name=\"author\" content=\"Telinha\" \/>\n<meta name=\"twitter:card\" content=\"summary_large_image\" \/>\n<meta name=\"twitter:label1\" content=\"Escrito por\" \/>\n\t<meta name=\"twitter:data1\" content=\"Telinha\" \/>\n\t<meta name=\"twitter:label2\" content=\"Tempo estimado de leitura\" \/>\n\t<meta name=\"twitter:data2\" content=\"1 minuto\" \/>\n<script type=\"application\/ld+json\" class=\"yoast-schema-graph\">{\"@context\":\"https:\/\/schema.org\",\"@graph\":[{\"@type\":\"Article\",\"@id\":\"https:\/\/portaltela.pt\/noticias\/2026\/04\/16\/inflacao-na-zona-euro-sobe-para-26-em-marco-segundo-eurostat\/#article\",\"isPartOf\":{\"@id\":\"https:\/\/portaltela.pt\/noticias\/2026\/04\/16\/inflacao-na-zona-euro-sobe-para-26-em-marco-segundo-eurostat\/\"},\"author\":{\"name\":\"Telinha\",\"@id\":\"https:\/\/portaltela.pt\/#\/schema\/person\/c4278d4a6028830caff9ee44b42d32ed\"},\"headline\":\"Infla\u00e7\u00e3o na zona euro sobe para 2,6% em mar\u00e7o, segundo Eurostat\",\"datePublished\":\"2026-04-16T10:15:00+00:00\",\"mainEntityOfPage\":{\"@id\":\"https:\/\/portaltela.pt\/noticias\/2026\/04\/16\/inflacao-na-zona-euro-sobe-para-26-em-marco-segundo-eurostat\/\"},\"wordCount\":149,\"image\":{\"@id\":\"https:\/\/portaltela.pt\/noticias\/2026\/04\/16\/inflacao-na-zona-euro-sobe-para-26-em-marco-segundo-eurostat\/#primaryimage\"},\"thumbnailUrl\":\"https:\/\/portaltela.pt\/s.01k8rhncp4jt1\/2026\/04\/CACHE_780X1200_ANALOG_WATERMARKED_41455832_388585517462693.jpg\",\"keywords\":[\"economia\",\"economia internacional\",\"infla\u00e7\u00e3o\",\"informa\u00e7\u00e3o internacional\",\"Zona Europeia\"],\"articleSection\":[\"Economia\",\"Finan\u00e7as\"],\"inLanguage\":\"pt-PT\"},{\"@type\":\"WebPage\",\"@id\":\"https:\/\/portaltela.pt\/noticias\/2026\/04\/16\/inflacao-na-zona-euro-sobe-para-26-em-marco-segundo-eurostat\/\",\"url\":\"https:\/\/portaltela.pt\/noticias\/2026\/04\/16\/inflacao-na-zona-euro-sobe-para-26-em-marco-segundo-eurostat\/\",\"name\":\"Infla\u00e7\u00e3o na zona euro sobe para 2,6% em mar\u00e7o, segundo Eurostat - Portal Tela Portugal\",\"isPartOf\":{\"@id\":\"https:\/\/portaltela.pt\/#website\"},\"primaryImageOfPage\":{\"@id\":\"https:\/\/portaltela.pt\/noticias\/2026\/04\/16\/inflacao-na-zona-euro-sobe-para-26-em-marco-segundo-eurostat\/#primaryimage\"},\"image\":{\"@id\":\"https:\/\/portaltela.pt\/noticias\/2026\/04\/16\/inflacao-na-zona-euro-sobe-para-26-em-marco-segundo-eurostat\/#primaryimage\"},\"thumbnailUrl\":\"https:\/\/portaltela.pt\/s.01k8rhncp4jt1\/2026\/04\/CACHE_780X1200_ANALOG_WATERMARKED_41455832_388585517462693.jpg\",\"datePublished\":\"2026-04-16T10:15:00+00:00\",\"author\":{\"@id\":\"https:\/\/portaltela.pt\/#\/schema\/person\/c4278d4a6028830caff9ee44b42d32ed\"},\"breadcrumb\":{\"@id\":\"https:\/\/portaltela.pt\/noticias\/2026\/04\/16\/inflacao-na-zona-euro-sobe-para-26-em-marco-segundo-eurostat\/#breadcrumb\"},\"inLanguage\":\"pt-PT\",\"potentialAction\":[{\"@type\":\"ReadAction\",\"target\":[\"https:\/\/portaltela.pt\/noticias\/2026\/04\/16\/inflacao-na-zona-euro-sobe-para-26-em-marco-segundo-eurostat\/\"]}]},{\"@type\":\"ImageObject\",\"inLanguage\":\"pt-PT\",\"@id\":\"https:\/\/portaltela.pt\/noticias\/2026\/04\/16\/inflacao-na-zona-euro-sobe-para-26-em-marco-segundo-eurostat\/#primaryimage\",\"url\":\"https:\/\/portaltela.pt\/s.01k8rhncp4jt1\/2026\/04\/CACHE_780X1200_ANALOG_WATERMARKED_41455832_388585517462693.jpg\",\"contentUrl\":\"https:\/\/portaltela.pt\/s.01k8rhncp4jt1\/2026\/04\/CACHE_780X1200_ANALOG_WATERMARKED_41455832_388585517462693.jpg\",\"width\":796,\"height\":448,\"caption\":\"Infla\u00e7\u00e3o da zona euro revista em alta para 2,6% em mar\u00e7o - Eurostat\"},{\"@type\":\"BreadcrumbList\",\"@id\":\"https:\/\/portaltela.pt\/noticias\/2026\/04\/16\/inflacao-na-zona-euro-sobe-para-26-em-marco-segundo-eurostat\/#breadcrumb\",\"itemListElement\":[{\"@type\":\"ListItem\",\"position\":1,\"name\":\"In\u00edcio\",\"item\":\"https:\/\/portaltela.pt\/\"},{\"@type\":\"ListItem\",\"position\":2,\"name\":\"Infla\u00e7\u00e3o na zona euro sobe para 2,6% em mar\u00e7o, segundo Eurostat\"}]},{\"@type\":\"WebSite\",\"@id\":\"https:\/\/portaltela.pt\/#website\",\"url\":\"https:\/\/portaltela.pt\/\",\"name\":\"Portal Tela Portugal\",\"description\":\"\",\"potentialAction\":[{\"@type\":\"SearchAction\",\"target\":{\"@type\":\"EntryPoint\",\"urlTemplate\":\"https:\/\/portaltela.pt\/?s={search_term_string}\"},\"query-input\":{\"@type\":\"PropertyValueSpecification\",\"valueRequired\":true,\"valueName\":\"search_term_string\"}}],\"inLanguage\":\"pt-PT\"},{\"@type\":\"Person\",\"@id\":\"https:\/\/portaltela.pt\/#\/schema\/person\/c4278d4a6028830caff9ee44b42d32ed\",\"name\":\"Telinha\",\"image\":{\"@type\":\"ImageObject\",\"inLanguage\":\"pt-PT\",\"@id\":\"https:\/\/portaltela.pt\/s.01k8rhncp4jt1\/2025\/11\/talking-bot-125x125.png\",\"url\":\"https:\/\/portaltela.pt\/s.01k8rhncp4jt1\/2025\/11\/talking-bot-125x125.png\",\"contentUrl\":\"https:\/\/portaltela.pt\/s.01k8rhncp4jt1\/2025\/11\/talking-bot-125x125.png\",\"caption\":\"Telinha\"},\"sameAs\":[\"https:\/\/portaltela.pt\/\"],\"url\":\"https:\/\/portaltela.pt\/por\/367410592786\/\"}]}<\/script>\n<!-- \/ Yoast SEO plugin. -->","yoast_head_json":{"title":"Infla\u00e7\u00e3o na zona euro sobe para 2,6% em mar\u00e7o, segundo Eurostat - Portal Tela Portugal","robots":{"index":"index","follow":"follow","max-snippet":"max-snippet:-1","max-image-preview":"max-image-preview:large","max-video-preview":"max-video-preview:-1"},"og_locale":"pt_PT","og_type":"article","og_title":"Infla\u00e7\u00e3o na zona euro sobe para 2,6% em mar\u00e7o, segundo Eurostat - Portal Tela Portugal","og_description":"A infla\u00e7\u00e3o da zona euro foi revista em alta para 2,6% em mar\u00e7o, segundo o Eurostat. O indicador confirma press\u00f5es de pre\u00e7os ainda presentes na economia da \u00e1rea euro. A leitura refere-se ao m\u00eas de mar\u00e7o e utiliza os dados oficiais do Eurostat. A divulga\u00e7\u00e3o credita ao Eurostat a atualiza\u00e7\u00e3o da taxa de infla\u00e7\u00e3o para mar\u00e7o.","og_url":"https:\/\/portaltela.pt\/noticias\/2026\/04\/16\/inflacao-na-zona-euro-sobe-para-26-em-marco-segundo-eurostat\/","og_site_name":"Portal Tela Portugal","article_published_time":"2026-04-16T10:15:00+00:00","author":"Telinha","twitter_card":"summary_large_image","twitter_misc":{"Escrito por":"Telinha","Tempo estimado de leitura":"1 minuto"},"schema":{"@context":"https:\/\/schema.org","@graph":[{"@type":"Article","@id":"https:\/\/portaltela.pt\/noticias\/2026\/04\/16\/inflacao-na-zona-euro-sobe-para-26-em-marco-segundo-eurostat\/#article","isPartOf":{"@id":"https:\/\/portaltela.pt\/noticias\/2026\/04\/16\/inflacao-na-zona-euro-sobe-para-26-em-marco-segundo-eurostat\/"},"author":{"name":"Telinha","@id":"https:\/\/portaltela.pt\/#\/schema\/person\/c4278d4a6028830caff9ee44b42d32ed"},"headline":"Infla\u00e7\u00e3o na zona euro sobe para 2,6% em mar\u00e7o, segundo Eurostat","datePublished":"2026-04-16T10:15:00+00:00","mainEntityOfPage":{"@id":"https:\/\/portaltela.pt\/noticias\/2026\/04\/16\/inflacao-na-zona-euro-sobe-para-26-em-marco-segundo-eurostat\/"},"wordCount":149,"image":{"@id":"https:\/\/portaltela.pt\/noticias\/2026\/04\/16\/inflacao-na-zona-euro-sobe-para-26-em-marco-segundo-eurostat\/#primaryimage"},"thumbnailUrl":"https:\/\/portaltela.pt\/s.01k8rhncp4jt1\/2026\/04\/CACHE_780X1200_ANALOG_WATERMARKED_41455832_388585517462693.jpg","keywords":["economia","economia internacional","infla\u00e7\u00e3o","informa\u00e7\u00e3o internacional","Zona Europeia"],"articleSection":["Economia","Finan\u00e7as"],"inLanguage":"pt-PT"},{"@type":"WebPage","@id":"https:\/\/portaltela.pt\/noticias\/2026\/04\/16\/inflacao-na-zona-euro-sobe-para-26-em-marco-segundo-eurostat\/","url":"https:\/\/portaltela.pt\/noticias\/2026\/04\/16\/inflacao-na-zona-euro-sobe-para-26-em-marco-segundo-eurostat\/","name":"Infla\u00e7\u00e3o na zona euro sobe para 2,6% em mar\u00e7o, segundo Eurostat - Portal Tela Portugal","isPartOf":{"@id":"https:\/\/portaltela.pt\/#website"},"primaryImageOfPage":{"@id":"https:\/\/portaltela.pt\/noticias\/2026\/04\/16\/inflacao-na-zona-euro-sobe-para-26-em-marco-segundo-eurostat\/#primaryimage"},"image":{"@id":"https:\/\/portaltela.pt\/noticias\/2026\/04\/16\/inflacao-na-zona-euro-sobe-para-26-em-marco-segundo-eurostat\/#primaryimage"},"thumbnailUrl":"https:\/\/portaltela.pt\/s.01k8rhncp4jt1\/2026\/04\/CACHE_780X1200_ANALOG_WATERMARKED_41455832_388585517462693.jpg","datePublished":"2026-04-16T10:15:00+00:00","author":{"@id":"https:\/\/portaltela.pt\/#\/schema\/person\/c4278d4a6028830caff9ee44b42d32ed"},"breadcrumb":{"@id":"https:\/\/portaltela.pt\/noticias\/2026\/04\/16\/inflacao-na-zona-euro-sobe-para-26-em-marco-segundo-eurostat\/#breadcrumb"},"inLanguage":"pt-PT","potentialAction":[{"@type":"ReadAction","target":["https:\/\/portaltela.pt\/noticias\/2026\/04\/16\/inflacao-na-zona-euro-sobe-para-26-em-marco-segundo-eurostat\/"]}]},{"@type":"ImageObject","inLanguage":"pt-PT","@id":"https:\/\/portaltela.pt\/noticias\/2026\/04\/16\/inflacao-na-zona-euro-sobe-para-26-em-marco-segundo-eurostat\/#primaryimage","url":"https:\/\/portaltela.pt\/s.01k8rhncp4jt1\/2026\/04\/CACHE_780X1200_ANALOG_WATERMARKED_41455832_388585517462693.jpg","contentUrl":"https:\/\/portaltela.pt\/s.01k8rhncp4jt1\/2026\/04\/CACHE_780X1200_ANALOG_WATERMARKED_41455832_388585517462693.jpg","width":796,"height":448,"caption":"Infla\u00e7\u00e3o da zona euro revista em alta para 2,6% em mar\u00e7o - Eurostat"},{"@type":"BreadcrumbList","@id":"https:\/\/portaltela.pt\/noticias\/2026\/04\/16\/inflacao-na-zona-euro-sobe-para-26-em-marco-segundo-eurostat\/#breadcrumb","itemListElement":[{"@type":"ListItem","position":1,"name":"In\u00edcio","item":"https:\/\/portaltela.pt\/"},{"@type":"ListItem","position":2,"name":"Infla\u00e7\u00e3o na zona euro sobe para 2,6% em mar\u00e7o, segundo Eurostat"}]},{"@type":"WebSite","@id":"https:\/\/portaltela.pt\/#website","url":"https:\/\/portaltela.pt\/","name":"Portal Tela Portugal","description":"","potentialAction":[{"@type":"SearchAction","target":{"@type":"EntryPoint","urlTemplate":"https:\/\/portaltela.pt\/?s={search_term_string}"},"query-input":{"@type":"PropertyValueSpecification","valueRequired":true,"valueName":"search_term_string"}}],"inLanguage":"pt-PT"},{"@type":"Person","@id":"https:\/\/portaltela.pt\/#\/schema\/person\/c4278d4a6028830caff9ee44b42d32ed","name":"Telinha","image":{"@type":"ImageObject","inLanguage":"pt-PT","@id":"https:\/\/portaltela.pt\/s.01k8rhncp4jt1\/2025\/11\/talking-bot-125x125.png","url":"https:\/\/portaltela.pt\/s.01k8rhncp4jt1\/2025\/11\/talking-bot-125x125.png","contentUrl":"https:\/\/portaltela.pt\/s.01k8rhncp4jt1\/2025\/11\/talking-bot-125x125.png","caption":"Telinha"},"sameAs":["https:\/\/portaltela.pt\/"],"url":"https:\/\/portaltela.pt\/por\/367410592786\/"}]}},"_links":{"self":[{"href":"https:\/\/portaltela.pt\/api\/wp\/v2\/posts\/446332","targetHints":{"allow":["GET"]}}],"collection":[{"href":"https:\/\/portaltela.pt\/api\/wp\/v2\/posts"}],"about":[{"href":"https:\/\/portaltela.pt\/api\/wp\/v2\/types\/post"}],"author":[{"embeddable":true,"href":"https:\/\/portaltela.pt\/api\/wp\/v2\/users\/2"}],"replies":[{"embeddable":true,"href":"https:\/\/portaltela.pt\/api\/wp\/v2\/comments?post=446332"}],"version-history":[{"count":0,"href":"https:\/\/portaltela.pt\/api\/wp\/v2\/posts\/446332\/revisions"}],"wp:featuredmedia":[{"embeddable":true,"href":"https:\/\/portaltela.pt\/api\/wp\/v2\/media\/446336"}],"wp:attachment":[{"href":"https:\/\/portaltela.pt\/api\/wp\/v2\/media?parent=446332"}],"wp:term":[{"taxonomy":"category","embeddable":true,"href":"https:\/\/portaltela.pt\/api\/wp\/v2\/categories?post=446332"},{"taxonomy":"post_tag","embeddable":true,"href":"https:\/\/portaltela.pt\/api\/wp\/v2\/tags?post=446332"}],"curies":[{"name":"wp","href":"https:\/\/api.w.org\/{rel}","templated":true}]}}