{"id":446330,"date":"2026-04-16T09:02:27","date_gmt":"2026-04-16T12:02:27","guid":{"rendered":"https:\/\/portaltela.pt\/noticias\/2026\/04\/16\/hugo-soares-pede-deputados-psd-que-elegam-tiago-antunes-provedor-de-justica\/"},"modified":"2026-04-16T09:02:27","modified_gmt":"2026-04-16T12:02:27","slug":"hugo-soares-pede-deputados-psd-que-elegam-tiago-antunes-provedor-de-justica","status":"publish","type":"post","link":"https:\/\/portaltela.pt\/noticias\/2026\/04\/16\/hugo-soares-pede-deputados-psd-que-elegam-tiago-antunes-provedor-de-justica\/","title":{"rendered":"Hugo Soares pede deputados PSD que elegam Tiago Antunes Provedor de Justi\u00e7a"},"content":{"rendered":"<p>Hugo Soares pediu aos deputados do PSD para eleger Tiago Antunes como provedor de Justi\u00e7a. A informa\u00e7\u00e3o surge a partir do conte\u00fado dispon\u00edvel apenas para subscritores.<\/p>\n<p>Constituem-se os principais intervenientes: Hugo Soares, deputados do PSD e Tiago Antunes, que est\u00e1 na posi\u00e7\u00e3o de alvo da nomea\u00e7\u00e3o para o cargo de provedor de Justi\u00e7a. At\u00e9 ao momento, n\u00e3o s\u00e3o avan\u00e7ados mais detalhes sobre o contexto ou o m\u00e9todo de vota\u00e7\u00e3o.<\/p>\n<p>N\u00e3o foram divulgados prazos ou circunst\u00e2ncias exactas da defesa ou do processo de elei\u00e7\u00e3o. O conte\u00fado completo permanece acess\u00edvel apenas mediante subscri\u00e7\u00e3o.<\/p>\n","protected":false},"excerpt":{"rendered":"<ul>\n<li>Hugo Soares pediu aos deputados do PSD para eleger Tiago Antunes como Provedor de Justi\u00e7a.<\/li>\n<li>O apelo dirige-se especificamente aos deputados do PSD.<\/li>\n<li>O objetivo indicado \u00e9 a elei\u00e7\u00e3o de Tiago Antunes para o cargo de Provedor de Justi\u00e7a.<\/li>\n<li>O conte\u00fado completo da not\u00edcia est\u00e1 dispon\u00edvel apenas para subscritores.<\/li>\n<li>N\u00e3o h\u00e1 mais detalhes dispon\u00edveis neste resumo, devido ao acesso restrito.<\/li>\n<\/ul>\n","protected":false},"author":2,"featured_media":446335,"comment_status":"closed","ping_status":"closed","sticky":false,"template":"","format":"standard","meta":{"footnotes":""},"categories":[6815,1],"tags":[7940,7913,8059,8567,8331,2683],"class_list":["post-446330","post","type-post","status-publish","format-standard","has-post-thumbnail","hentry","category-justica","category-noticias","tag-_eleicoes","tag-_politica","tag-_politica-interna","tag-_psd","tag-_publico","tag-tiago"],"yoast_head":"<!-- This site is optimized with the Yoast SEO plugin v27.2 - https:\/\/yoast.com\/product\/yoast-seo-wordpress\/ -->\n<title>Hugo Soares pede deputados PSD que elegam Tiago Antunes Provedor de Justi\u00e7a - Portal Tela Portugal<\/title>\n<meta name=\"robots\" content=\"index, follow, max-snippet:-1, max-image-preview:large, max-video-preview:-1\" \/>\n<meta property=\"og:locale\" content=\"pt_PT\" \/>\n<meta property=\"og:type\" content=\"article\" \/>\n<meta property=\"og:title\" content=\"Hugo Soares pede deputados PSD que elegam Tiago Antunes Provedor de Justi\u00e7a - Portal Tela Portugal\" \/>\n<meta property=\"og:description\" content=\"Hugo Soares pediu aos deputados do PSD para eleger Tiago Antunes como Provedor de Justi\u00e7a. O apelo dirige-se especificamente aos deputados do PSD. O objetivo indicado \u00e9 a elei\u00e7\u00e3o de Tiago Antunes para o cargo de Provedor de Justi\u00e7a. O conte\u00fado completo da not\u00edcia est\u00e1 dispon\u00edvel apenas para subscritores. N\u00e3o h\u00e1 mais detalhes dispon\u00edveis neste resumo, devido ao acesso restrito.\" \/>\n<meta property=\"og:url\" content=\"https:\/\/portaltela.pt\/noticias\/2026\/04\/16\/hugo-soares-pede-deputados-psd-que-elegam-tiago-antunes-provedor-de-justica\/\" \/>\n<meta property=\"og:site_name\" content=\"Portal Tela Portugal\" \/>\n<meta property=\"article:published_time\" content=\"2026-04-16T12:02:27+00:00\" \/>\n<meta name=\"author\" content=\"Telinha\" \/>\n<meta name=\"twitter:card\" content=\"summary_large_image\" \/>\n<meta name=\"twitter:label1\" content=\"Escrito por\" \/>\n\t<meta name=\"twitter:data1\" content=\"Telinha\" \/>\n\t<meta name=\"twitter:label2\" content=\"Tempo estimado de leitura\" \/>\n\t<meta name=\"twitter:data2\" content=\"1 minuto\" \/>\n<script type=\"application\/ld+json\" class=\"yoast-schema-graph\">{\"@context\":\"https:\/\/schema.org\",\"@graph\":[{\"@type\":\"Article\",\"@id\":\"https:\/\/portaltela.pt\/noticias\/2026\/04\/16\/hugo-soares-pede-deputados-psd-que-elegam-tiago-antunes-provedor-de-justica\/#article\",\"isPartOf\":{\"@id\":\"https:\/\/portaltela.pt\/noticias\/2026\/04\/16\/hugo-soares-pede-deputados-psd-que-elegam-tiago-antunes-provedor-de-justica\/\"},\"author\":{\"name\":\"Telinha\",\"@id\":\"https:\/\/portaltela.pt\/#\/schema\/person\/c4278d4a6028830caff9ee44b42d32ed\"},\"headline\":\"Hugo Soares pede deputados PSD que elegam Tiago Antunes Provedor de Justi\u00e7a\",\"datePublished\":\"2026-04-16T12:02:27+00:00\",\"mainEntityOfPage\":{\"@id\":\"https:\/\/portaltela.pt\/noticias\/2026\/04\/16\/hugo-soares-pede-deputados-psd-que-elegam-tiago-antunes-provedor-de-justica\/\"},\"wordCount\":122,\"image\":{\"@id\":\"https:\/\/portaltela.pt\/noticias\/2026\/04\/16\/hugo-soares-pede-deputados-psd-que-elegam-tiago-antunes-provedor-de-justica\/#primaryimage\"},\"thumbnailUrl\":\"https:\/\/portaltela.pt\/s.01k8rhncp4jt1\/2026\/04\/CACHE_780X1200_ANALOG_WATERMARKED_46936178_4748109_15042026034152.jpg\",\"keywords\":[\"_elei\u00e7\u00f5es\",\"_pol\u00edtica\",\"_pol\u00edtica interna\",\"_PSD\",\"_p\u00fablico\",\"Tiago\"],\"articleSection\":[\"Justi\u00e7a\",\"Not\u00edcias\"],\"inLanguage\":\"pt-PT\"},{\"@type\":\"WebPage\",\"@id\":\"https:\/\/portaltela.pt\/noticias\/2026\/04\/16\/hugo-soares-pede-deputados-psd-que-elegam-tiago-antunes-provedor-de-justica\/\",\"url\":\"https:\/\/portaltela.pt\/noticias\/2026\/04\/16\/hugo-soares-pede-deputados-psd-que-elegam-tiago-antunes-provedor-de-justica\/\",\"name\":\"Hugo Soares pede deputados PSD que elegam Tiago Antunes Provedor de Justi\u00e7a - Portal Tela Portugal\",\"isPartOf\":{\"@id\":\"https:\/\/portaltela.pt\/#website\"},\"primaryImageOfPage\":{\"@id\":\"https:\/\/portaltela.pt\/noticias\/2026\/04\/16\/hugo-soares-pede-deputados-psd-que-elegam-tiago-antunes-provedor-de-justica\/#primaryimage\"},\"image\":{\"@id\":\"https:\/\/portaltela.pt\/noticias\/2026\/04\/16\/hugo-soares-pede-deputados-psd-que-elegam-tiago-antunes-provedor-de-justica\/#primaryimage\"},\"thumbnailUrl\":\"https:\/\/portaltela.pt\/s.01k8rhncp4jt1\/2026\/04\/CACHE_780X1200_ANALOG_WATERMARKED_46936178_4748109_15042026034152.jpg\",\"datePublished\":\"2026-04-16T12:02:27+00:00\",\"author\":{\"@id\":\"https:\/\/portaltela.pt\/#\/schema\/person\/c4278d4a6028830caff9ee44b42d32ed\"},\"breadcrumb\":{\"@id\":\"https:\/\/portaltela.pt\/noticias\/2026\/04\/16\/hugo-soares-pede-deputados-psd-que-elegam-tiago-antunes-provedor-de-justica\/#breadcrumb\"},\"inLanguage\":\"pt-PT\",\"potentialAction\":[{\"@type\":\"ReadAction\",\"target\":[\"https:\/\/portaltela.pt\/noticias\/2026\/04\/16\/hugo-soares-pede-deputados-psd-que-elegam-tiago-antunes-provedor-de-justica\/\"]}]},{\"@type\":\"ImageObject\",\"inLanguage\":\"pt-PT\",\"@id\":\"https:\/\/portaltela.pt\/noticias\/2026\/04\/16\/hugo-soares-pede-deputados-psd-que-elegam-tiago-antunes-provedor-de-justica\/#primaryimage\",\"url\":\"https:\/\/portaltela.pt\/s.01k8rhncp4jt1\/2026\/04\/CACHE_780X1200_ANALOG_WATERMARKED_46936178_4748109_15042026034152.jpg\",\"contentUrl\":\"https:\/\/portaltela.pt\/s.01k8rhncp4jt1\/2026\/04\/CACHE_780X1200_ANALOG_WATERMARKED_46936178_4748109_15042026034152.jpg\",\"width\":796,\"height\":448,\"caption\":\"Hugo Soares pede aos deputados do PSD para elegerem Tiago Antunes provedor de Justi\u00e7a\"},{\"@type\":\"BreadcrumbList\",\"@id\":\"https:\/\/portaltela.pt\/noticias\/2026\/04\/16\/hugo-soares-pede-deputados-psd-que-elegam-tiago-antunes-provedor-de-justica\/#breadcrumb\",\"itemListElement\":[{\"@type\":\"ListItem\",\"position\":1,\"name\":\"In\u00edcio\",\"item\":\"https:\/\/portaltela.pt\/\"},{\"@type\":\"ListItem\",\"position\":2,\"name\":\"Hugo Soares pede deputados PSD que elegam Tiago Antunes Provedor de Justi\u00e7a\"}]},{\"@type\":\"WebSite\",\"@id\":\"https:\/\/portaltela.pt\/#website\",\"url\":\"https:\/\/portaltela.pt\/\",\"name\":\"Portal Tela Portugal\",\"description\":\"\",\"potentialAction\":[{\"@type\":\"SearchAction\",\"target\":{\"@type\":\"EntryPoint\",\"urlTemplate\":\"https:\/\/portaltela.pt\/?s={search_term_string}\"},\"query-input\":{\"@type\":\"PropertyValueSpecification\",\"valueRequired\":true,\"valueName\":\"search_term_string\"}}],\"inLanguage\":\"pt-PT\"},{\"@type\":\"Person\",\"@id\":\"https:\/\/portaltela.pt\/#\/schema\/person\/c4278d4a6028830caff9ee44b42d32ed\",\"name\":\"Telinha\",\"image\":{\"@type\":\"ImageObject\",\"inLanguage\":\"pt-PT\",\"@id\":\"https:\/\/portaltela.pt\/s.01k8rhncp4jt1\/2025\/11\/talking-bot-125x125.png\",\"url\":\"https:\/\/portaltela.pt\/s.01k8rhncp4jt1\/2025\/11\/talking-bot-125x125.png\",\"contentUrl\":\"https:\/\/portaltela.pt\/s.01k8rhncp4jt1\/2025\/11\/talking-bot-125x125.png\",\"caption\":\"Telinha\"},\"sameAs\":[\"https:\/\/portaltela.pt\/\"],\"url\":\"https:\/\/portaltela.pt\/por\/367410592786\/\"}]}<\/script>\n<!-- \/ Yoast SEO plugin. -->","yoast_head_json":{"title":"Hugo Soares pede deputados PSD que elegam Tiago Antunes Provedor de Justi\u00e7a - Portal Tela Portugal","robots":{"index":"index","follow":"follow","max-snippet":"max-snippet:-1","max-image-preview":"max-image-preview:large","max-video-preview":"max-video-preview:-1"},"og_locale":"pt_PT","og_type":"article","og_title":"Hugo Soares pede deputados PSD que elegam Tiago Antunes Provedor de Justi\u00e7a - Portal Tela Portugal","og_description":"Hugo Soares pediu aos deputados do PSD para eleger Tiago Antunes como Provedor de Justi\u00e7a. O apelo dirige-se especificamente aos deputados do PSD. O objetivo indicado \u00e9 a elei\u00e7\u00e3o de Tiago Antunes para o cargo de Provedor de Justi\u00e7a. O conte\u00fado completo da not\u00edcia est\u00e1 dispon\u00edvel apenas para subscritores. N\u00e3o h\u00e1 mais detalhes dispon\u00edveis neste resumo, devido ao acesso restrito.","og_url":"https:\/\/portaltela.pt\/noticias\/2026\/04\/16\/hugo-soares-pede-deputados-psd-que-elegam-tiago-antunes-provedor-de-justica\/","og_site_name":"Portal Tela Portugal","article_published_time":"2026-04-16T12:02:27+00:00","author":"Telinha","twitter_card":"summary_large_image","twitter_misc":{"Escrito por":"Telinha","Tempo estimado de leitura":"1 minuto"},"schema":{"@context":"https:\/\/schema.org","@graph":[{"@type":"Article","@id":"https:\/\/portaltela.pt\/noticias\/2026\/04\/16\/hugo-soares-pede-deputados-psd-que-elegam-tiago-antunes-provedor-de-justica\/#article","isPartOf":{"@id":"https:\/\/portaltela.pt\/noticias\/2026\/04\/16\/hugo-soares-pede-deputados-psd-que-elegam-tiago-antunes-provedor-de-justica\/"},"author":{"name":"Telinha","@id":"https:\/\/portaltela.pt\/#\/schema\/person\/c4278d4a6028830caff9ee44b42d32ed"},"headline":"Hugo Soares pede deputados PSD que elegam Tiago Antunes Provedor de Justi\u00e7a","datePublished":"2026-04-16T12:02:27+00:00","mainEntityOfPage":{"@id":"https:\/\/portaltela.pt\/noticias\/2026\/04\/16\/hugo-soares-pede-deputados-psd-que-elegam-tiago-antunes-provedor-de-justica\/"},"wordCount":122,"image":{"@id":"https:\/\/portaltela.pt\/noticias\/2026\/04\/16\/hugo-soares-pede-deputados-psd-que-elegam-tiago-antunes-provedor-de-justica\/#primaryimage"},"thumbnailUrl":"https:\/\/portaltela.pt\/s.01k8rhncp4jt1\/2026\/04\/CACHE_780X1200_ANALOG_WATERMARKED_46936178_4748109_15042026034152.jpg","keywords":["_elei\u00e7\u00f5es","_pol\u00edtica","_pol\u00edtica interna","_PSD","_p\u00fablico","Tiago"],"articleSection":["Justi\u00e7a","Not\u00edcias"],"inLanguage":"pt-PT"},{"@type":"WebPage","@id":"https:\/\/portaltela.pt\/noticias\/2026\/04\/16\/hugo-soares-pede-deputados-psd-que-elegam-tiago-antunes-provedor-de-justica\/","url":"https:\/\/portaltela.pt\/noticias\/2026\/04\/16\/hugo-soares-pede-deputados-psd-que-elegam-tiago-antunes-provedor-de-justica\/","name":"Hugo Soares pede deputados PSD que elegam Tiago Antunes Provedor de Justi\u00e7a - Portal Tela Portugal","isPartOf":{"@id":"https:\/\/portaltela.pt\/#website"},"primaryImageOfPage":{"@id":"https:\/\/portaltela.pt\/noticias\/2026\/04\/16\/hugo-soares-pede-deputados-psd-que-elegam-tiago-antunes-provedor-de-justica\/#primaryimage"},"image":{"@id":"https:\/\/portaltela.pt\/noticias\/2026\/04\/16\/hugo-soares-pede-deputados-psd-que-elegam-tiago-antunes-provedor-de-justica\/#primaryimage"},"thumbnailUrl":"https:\/\/portaltela.pt\/s.01k8rhncp4jt1\/2026\/04\/CACHE_780X1200_ANALOG_WATERMARKED_46936178_4748109_15042026034152.jpg","datePublished":"2026-04-16T12:02:27+00:00","author":{"@id":"https:\/\/portaltela.pt\/#\/schema\/person\/c4278d4a6028830caff9ee44b42d32ed"},"breadcrumb":{"@id":"https:\/\/portaltela.pt\/noticias\/2026\/04\/16\/hugo-soares-pede-deputados-psd-que-elegam-tiago-antunes-provedor-de-justica\/#breadcrumb"},"inLanguage":"pt-PT","potentialAction":[{"@type":"ReadAction","target":["https:\/\/portaltela.pt\/noticias\/2026\/04\/16\/hugo-soares-pede-deputados-psd-que-elegam-tiago-antunes-provedor-de-justica\/"]}]},{"@type":"ImageObject","inLanguage":"pt-PT","@id":"https:\/\/portaltela.pt\/noticias\/2026\/04\/16\/hugo-soares-pede-deputados-psd-que-elegam-tiago-antunes-provedor-de-justica\/#primaryimage","url":"https:\/\/portaltela.pt\/s.01k8rhncp4jt1\/2026\/04\/CACHE_780X1200_ANALOG_WATERMARKED_46936178_4748109_15042026034152.jpg","contentUrl":"https:\/\/portaltela.pt\/s.01k8rhncp4jt1\/2026\/04\/CACHE_780X1200_ANALOG_WATERMARKED_46936178_4748109_15042026034152.jpg","width":796,"height":448,"caption":"Hugo Soares pede aos deputados do PSD para elegerem Tiago Antunes provedor de Justi\u00e7a"},{"@type":"BreadcrumbList","@id":"https:\/\/portaltela.pt\/noticias\/2026\/04\/16\/hugo-soares-pede-deputados-psd-que-elegam-tiago-antunes-provedor-de-justica\/#breadcrumb","itemListElement":[{"@type":"ListItem","position":1,"name":"In\u00edcio","item":"https:\/\/portaltela.pt\/"},{"@type":"ListItem","position":2,"name":"Hugo Soares pede deputados PSD que elegam Tiago Antunes Provedor de Justi\u00e7a"}]},{"@type":"WebSite","@id":"https:\/\/portaltela.pt\/#website","url":"https:\/\/portaltela.pt\/","name":"Portal Tela Portugal","description":"","potentialAction":[{"@type":"SearchAction","target":{"@type":"EntryPoint","urlTemplate":"https:\/\/portaltela.pt\/?s={search_term_string}"},"query-input":{"@type":"PropertyValueSpecification","valueRequired":true,"valueName":"search_term_string"}}],"inLanguage":"pt-PT"},{"@type":"Person","@id":"https:\/\/portaltela.pt\/#\/schema\/person\/c4278d4a6028830caff9ee44b42d32ed","name":"Telinha","image":{"@type":"ImageObject","inLanguage":"pt-PT","@id":"https:\/\/portaltela.pt\/s.01k8rhncp4jt1\/2025\/11\/talking-bot-125x125.png","url":"https:\/\/portaltela.pt\/s.01k8rhncp4jt1\/2025\/11\/talking-bot-125x125.png","contentUrl":"https:\/\/portaltela.pt\/s.01k8rhncp4jt1\/2025\/11\/talking-bot-125x125.png","caption":"Telinha"},"sameAs":["https:\/\/portaltela.pt\/"],"url":"https:\/\/portaltela.pt\/por\/367410592786\/"}]}},"_links":{"self":[{"href":"https:\/\/portaltela.pt\/api\/wp\/v2\/posts\/446330","targetHints":{"allow":["GET"]}}],"collection":[{"href":"https:\/\/portaltela.pt\/api\/wp\/v2\/posts"}],"about":[{"href":"https:\/\/portaltela.pt\/api\/wp\/v2\/types\/post"}],"author":[{"embeddable":true,"href":"https:\/\/portaltela.pt\/api\/wp\/v2\/users\/2"}],"replies":[{"embeddable":true,"href":"https:\/\/portaltela.pt\/api\/wp\/v2\/comments?post=446330"}],"version-history":[{"count":0,"href":"https:\/\/portaltela.pt\/api\/wp\/v2\/posts\/446330\/revisions"}],"wp:featuredmedia":[{"embeddable":true,"href":"https:\/\/portaltela.pt\/api\/wp\/v2\/media\/446335"}],"wp:attachment":[{"href":"https:\/\/portaltela.pt\/api\/wp\/v2\/media?parent=446330"}],"wp:term":[{"taxonomy":"category","embeddable":true,"href":"https:\/\/portaltela.pt\/api\/wp\/v2\/categories?post=446330"},{"taxonomy":"post_tag","embeddable":true,"href":"https:\/\/portaltela.pt\/api\/wp\/v2\/tags?post=446330"}],"curies":[{"name":"wp","href":"https:\/\/api.w.org\/{rel}","templated":true}]}}