{"id":446321,"date":"2026-04-16T08:47:24","date_gmt":"2026-04-16T11:47:24","guid":{"rendered":"https:\/\/portaltela.pt\/noticias\/2026\/04\/16\/adeptos-do-vitoria-de-guimaraes-querem-fase-estavel-para-chegar-a-elite\/"},"modified":"2026-04-16T08:47:24","modified_gmt":"2026-04-16T11:47:24","slug":"adeptos-do-vitoria-de-guimaraes-querem-fase-estavel-para-chegar-a-elite","status":"publish","type":"post","link":"https:\/\/portaltela.pt\/desporto\/futebol\/2026\/04\/16\/adeptos-do-vitoria-de-guimaraes-querem-fase-estavel-para-chegar-a-elite\/","title":{"rendered":"Adeptos do Vit\u00f3ria de Guimar\u00e3es querem fase est\u00e1vel para chegar \u00e0 elite"},"content":{"rendered":"<p>A demiss\u00e3o da dire\u00e7\u00e3o do V. Guimar\u00e3es, liderada por Ant\u00f3nio Miguel Cardoso, foi anunciada recentemente, gerando rea\u00e7\u00e3o entre os adeptos do clube. O movimento surge no contexto de uma busca por estabilidade que o clube vem persistindo h\u00e1 d\u00e9cadas.<\/p>\n<p>Os adeptos, conhecidos pela for\u00e7a social associativa, expressaram d\u00favidas sobre at\u00e9 onde o V. Guimar\u00e3es poderia chegar com uma gest\u00e3o est\u00e1vel. A atual incerteza acompanha o universo vitoriano desde v\u00e1rias fases de sucesso e de turbul\u00eancia.<\/p>\n<p>Ao longo das \u00faltimas d\u00e9cadas, o emblema minhoto oscilou entre momentos de grande anima\u00e7\u00e3o e per\u00edodos de ang\u00fastia. A procura de tranquilidade administrativa aparece como objetivo central para o futuro do clube.<\/p>\n<p>Nas bancadas, a rea\u00e7\u00e3o dos simpatizantes tem sido marcada por interesse em continuidade, estrat\u00e9gia e resultados desportivos. O foco permanece na constru\u00e7\u00e3o de uma base est\u00e1vel para enfrentar as pr\u00f3ximas temporadas.<\/p>\n","protected":false},"excerpt":{"rendered":"<ul>\n<li>A demiss\u00e3o da dire\u00e7\u00e3o liderada por Ant\u00f3nio Miguel Cardoso provoca rea\u00e7\u00e3o entre os adeptos do Vit\u00f3ria de Guimar\u00e3es.<\/li>\n<li>Os adeptos mostram o desejo de uma fase de estabilidade que permita ao clube progredir com consist\u00eancia.<\/li>\n<li>A for\u00e7a social do clube \u00e9 destacada, mas persiste a d\u00favida sobre at\u00e9 onde o V. Guimar\u00e3es poderia chegar com estabilidade.<\/li>\n<li>Ao longo das \u00faltimas d\u00e9cadas, o emblema minhoto oscilou entre momentos de felicidade e ang\u00fastia, procurando tranquilidade institucional.<\/li>\n<\/ul>\n","protected":false},"author":2,"featured_media":446322,"comment_status":"closed","ping_status":"closed","sticky":false,"template":"","format":"standard","meta":{"footnotes":""},"categories":[21,24],"tags":[2533,152,32,2415,1145,1014],"class_list":["post-446321","post","type-post","status-publish","format-standard","has-post-thumbnail","hentry","category-desporto","category-futebol","tag-adeptos","tag-desporto","tag-futebol","tag-gestao","tag-guimaraes","tag-portugal"],"yoast_head":"<!-- This site is optimized with the Yoast SEO plugin v27.2 - https:\/\/yoast.com\/product\/yoast-seo-wordpress\/ -->\n<title>Adeptos do Vit\u00f3ria de Guimar\u00e3es querem fase est\u00e1vel para chegar \u00e0 elite - Portal Tela Portugal<\/title>\n<meta name=\"robots\" content=\"index, follow, max-snippet:-1, max-image-preview:large, max-video-preview:-1\" \/>\n<meta property=\"og:locale\" content=\"pt_PT\" \/>\n<meta property=\"og:type\" content=\"article\" \/>\n<meta property=\"og:title\" content=\"Adeptos do Vit\u00f3ria de Guimar\u00e3es querem fase est\u00e1vel para chegar \u00e0 elite - Portal Tela Portugal\" \/>\n<meta property=\"og:description\" content=\"A demiss\u00e3o da dire\u00e7\u00e3o liderada por Ant\u00f3nio Miguel Cardoso provoca rea\u00e7\u00e3o entre os adeptos do Vit\u00f3ria de Guimar\u00e3es. Os adeptos mostram o desejo de uma fase de estabilidade que permita ao clube progredir com consist\u00eancia. A for\u00e7a social do clube \u00e9 destacada, mas persiste a d\u00favida sobre at\u00e9 onde o V. Guimar\u00e3es poderia chegar com estabilidade. Ao longo das \u00faltimas d\u00e9cadas, o emblema minhoto oscilou entre momentos de felicidade e ang\u00fastia, procurando tranquilidade institucional.\" \/>\n<meta property=\"og:url\" content=\"https:\/\/portaltela.pt\/noticias\/2026\/04\/16\/adeptos-do-vitoria-de-guimaraes-querem-fase-estavel-para-chegar-a-elite\/\" \/>\n<meta property=\"og:site_name\" content=\"Portal Tela Portugal\" \/>\n<meta property=\"article:published_time\" content=\"2026-04-16T11:47:24+00:00\" \/>\n<meta name=\"author\" content=\"Telinha\" \/>\n<meta name=\"twitter:card\" content=\"summary_large_image\" \/>\n<meta name=\"twitter:label1\" content=\"Escrito por\" \/>\n\t<meta name=\"twitter:data1\" content=\"Telinha\" \/>\n\t<meta name=\"twitter:label2\" content=\"Tempo estimado de leitura\" \/>\n\t<meta name=\"twitter:data2\" content=\"1 minuto\" \/>\n<script type=\"application\/ld+json\" class=\"yoast-schema-graph\">{\"@context\":\"https:\/\/schema.org\",\"@graph\":[{\"@type\":\"Article\",\"@id\":\"https:\/\/portaltela.pt\/noticias\/2026\/04\/16\/adeptos-do-vitoria-de-guimaraes-querem-fase-estavel-para-chegar-a-elite\/#article\",\"isPartOf\":{\"@id\":\"https:\/\/portaltela.pt\/noticias\/2026\/04\/16\/adeptos-do-vitoria-de-guimaraes-querem-fase-estavel-para-chegar-a-elite\/\"},\"author\":{\"name\":\"Telinha\",\"@id\":\"https:\/\/portaltela.pt\/#\/schema\/person\/c4278d4a6028830caff9ee44b42d32ed\"},\"headline\":\"Adeptos do Vit\u00f3ria de Guimar\u00e3es querem fase est\u00e1vel para chegar \u00e0 elite\",\"datePublished\":\"2026-04-16T11:47:24+00:00\",\"mainEntityOfPage\":{\"@id\":\"https:\/\/portaltela.pt\/noticias\/2026\/04\/16\/adeptos-do-vitoria-de-guimaraes-querem-fase-estavel-para-chegar-a-elite\/\"},\"wordCount\":174,\"image\":{\"@id\":\"https:\/\/portaltela.pt\/noticias\/2026\/04\/16\/adeptos-do-vitoria-de-guimaraes-querem-fase-estavel-para-chegar-a-elite\/#primaryimage\"},\"thumbnailUrl\":\"https:\/\/portaltela.pt\/s.01k8rhncp4jt1\/2026\/04\/img_920x518uu2026-04-16-12-34-01-2433349-im-639119396561753582.jpg\",\"keywords\":[\"adeptos\",\"desporto\",\"futebol\",\"gest\u00e3o\",\"Guimar\u00e3es\",\"Portugal\"],\"articleSection\":[\"Desporto\",\"Futebol\"],\"inLanguage\":\"pt-PT\"},{\"@type\":\"WebPage\",\"@id\":\"https:\/\/portaltela.pt\/noticias\/2026\/04\/16\/adeptos-do-vitoria-de-guimaraes-querem-fase-estavel-para-chegar-a-elite\/\",\"url\":\"https:\/\/portaltela.pt\/noticias\/2026\/04\/16\/adeptos-do-vitoria-de-guimaraes-querem-fase-estavel-para-chegar-a-elite\/\",\"name\":\"Adeptos do Vit\u00f3ria de Guimar\u00e3es querem fase est\u00e1vel para chegar \u00e0 elite - Portal Tela Portugal\",\"isPartOf\":{\"@id\":\"https:\/\/portaltela.pt\/#website\"},\"primaryImageOfPage\":{\"@id\":\"https:\/\/portaltela.pt\/noticias\/2026\/04\/16\/adeptos-do-vitoria-de-guimaraes-querem-fase-estavel-para-chegar-a-elite\/#primaryimage\"},\"image\":{\"@id\":\"https:\/\/portaltela.pt\/noticias\/2026\/04\/16\/adeptos-do-vitoria-de-guimaraes-querem-fase-estavel-para-chegar-a-elite\/#primaryimage\"},\"thumbnailUrl\":\"https:\/\/portaltela.pt\/s.01k8rhncp4jt1\/2026\/04\/img_920x518uu2026-04-16-12-34-01-2433349-im-639119396561753582.jpg\",\"datePublished\":\"2026-04-16T11:47:24+00:00\",\"author\":{\"@id\":\"https:\/\/portaltela.pt\/#\/schema\/person\/c4278d4a6028830caff9ee44b42d32ed\"},\"breadcrumb\":{\"@id\":\"https:\/\/portaltela.pt\/noticias\/2026\/04\/16\/adeptos-do-vitoria-de-guimaraes-querem-fase-estavel-para-chegar-a-elite\/#breadcrumb\"},\"inLanguage\":\"pt-PT\",\"potentialAction\":[{\"@type\":\"ReadAction\",\"target\":[\"https:\/\/portaltela.pt\/noticias\/2026\/04\/16\/adeptos-do-vitoria-de-guimaraes-querem-fase-estavel-para-chegar-a-elite\/\"]}]},{\"@type\":\"ImageObject\",\"inLanguage\":\"pt-PT\",\"@id\":\"https:\/\/portaltela.pt\/noticias\/2026\/04\/16\/adeptos-do-vitoria-de-guimaraes-querem-fase-estavel-para-chegar-a-elite\/#primaryimage\",\"url\":\"https:\/\/portaltela.pt\/s.01k8rhncp4jt1\/2026\/04\/img_920x518uu2026-04-16-12-34-01-2433349-im-639119396561753582.jpg\",\"contentUrl\":\"https:\/\/portaltela.pt\/s.01k8rhncp4jt1\/2026\/04\/img_920x518uu2026-04-16-12-34-01-2433349-im-639119396561753582.jpg\",\"width\":920,\"height\":518,\"caption\":\"Adeptos do V. Guimar\u00e3es nas bancadas\"},{\"@type\":\"BreadcrumbList\",\"@id\":\"https:\/\/portaltela.pt\/noticias\/2026\/04\/16\/adeptos-do-vitoria-de-guimaraes-querem-fase-estavel-para-chegar-a-elite\/#breadcrumb\",\"itemListElement\":[{\"@type\":\"ListItem\",\"position\":1,\"name\":\"In\u00edcio\",\"item\":\"https:\/\/portaltela.pt\/\"},{\"@type\":\"ListItem\",\"position\":2,\"name\":\"Adeptos do Vit\u00f3ria de Guimar\u00e3es querem fase est\u00e1vel para chegar \u00e0 elite\"}]},{\"@type\":\"WebSite\",\"@id\":\"https:\/\/portaltela.pt\/#website\",\"url\":\"https:\/\/portaltela.pt\/\",\"name\":\"Portal Tela Portugal\",\"description\":\"\",\"potentialAction\":[{\"@type\":\"SearchAction\",\"target\":{\"@type\":\"EntryPoint\",\"urlTemplate\":\"https:\/\/portaltela.pt\/?s={search_term_string}\"},\"query-input\":{\"@type\":\"PropertyValueSpecification\",\"valueRequired\":true,\"valueName\":\"search_term_string\"}}],\"inLanguage\":\"pt-PT\"},{\"@type\":\"Person\",\"@id\":\"https:\/\/portaltela.pt\/#\/schema\/person\/c4278d4a6028830caff9ee44b42d32ed\",\"name\":\"Telinha\",\"image\":{\"@type\":\"ImageObject\",\"inLanguage\":\"pt-PT\",\"@id\":\"https:\/\/portaltela.pt\/s.01k8rhncp4jt1\/2025\/11\/talking-bot-125x125.png\",\"url\":\"https:\/\/portaltela.pt\/s.01k8rhncp4jt1\/2025\/11\/talking-bot-125x125.png\",\"contentUrl\":\"https:\/\/portaltela.pt\/s.01k8rhncp4jt1\/2025\/11\/talking-bot-125x125.png\",\"caption\":\"Telinha\"},\"sameAs\":[\"https:\/\/portaltela.pt\/\"],\"url\":\"https:\/\/portaltela.pt\/por\/367410592786\/\"}]}<\/script>\n<!-- \/ Yoast SEO plugin. -->","yoast_head_json":{"title":"Adeptos do Vit\u00f3ria de Guimar\u00e3es querem fase est\u00e1vel para chegar \u00e0 elite - Portal Tela Portugal","robots":{"index":"index","follow":"follow","max-snippet":"max-snippet:-1","max-image-preview":"max-image-preview:large","max-video-preview":"max-video-preview:-1"},"og_locale":"pt_PT","og_type":"article","og_title":"Adeptos do Vit\u00f3ria de Guimar\u00e3es querem fase est\u00e1vel para chegar \u00e0 elite - Portal Tela Portugal","og_description":"A demiss\u00e3o da dire\u00e7\u00e3o liderada por Ant\u00f3nio Miguel Cardoso provoca rea\u00e7\u00e3o entre os adeptos do Vit\u00f3ria de Guimar\u00e3es. Os adeptos mostram o desejo de uma fase de estabilidade que permita ao clube progredir com consist\u00eancia. A for\u00e7a social do clube \u00e9 destacada, mas persiste a d\u00favida sobre at\u00e9 onde o V. Guimar\u00e3es poderia chegar com estabilidade. Ao longo das \u00faltimas d\u00e9cadas, o emblema minhoto oscilou entre momentos de felicidade e ang\u00fastia, procurando tranquilidade institucional.","og_url":"https:\/\/portaltela.pt\/noticias\/2026\/04\/16\/adeptos-do-vitoria-de-guimaraes-querem-fase-estavel-para-chegar-a-elite\/","og_site_name":"Portal Tela Portugal","article_published_time":"2026-04-16T11:47:24+00:00","author":"Telinha","twitter_card":"summary_large_image","twitter_misc":{"Escrito por":"Telinha","Tempo estimado de leitura":"1 minuto"},"schema":{"@context":"https:\/\/schema.org","@graph":[{"@type":"Article","@id":"https:\/\/portaltela.pt\/noticias\/2026\/04\/16\/adeptos-do-vitoria-de-guimaraes-querem-fase-estavel-para-chegar-a-elite\/#article","isPartOf":{"@id":"https:\/\/portaltela.pt\/noticias\/2026\/04\/16\/adeptos-do-vitoria-de-guimaraes-querem-fase-estavel-para-chegar-a-elite\/"},"author":{"name":"Telinha","@id":"https:\/\/portaltela.pt\/#\/schema\/person\/c4278d4a6028830caff9ee44b42d32ed"},"headline":"Adeptos do Vit\u00f3ria de Guimar\u00e3es querem fase est\u00e1vel para chegar \u00e0 elite","datePublished":"2026-04-16T11:47:24+00:00","mainEntityOfPage":{"@id":"https:\/\/portaltela.pt\/noticias\/2026\/04\/16\/adeptos-do-vitoria-de-guimaraes-querem-fase-estavel-para-chegar-a-elite\/"},"wordCount":174,"image":{"@id":"https:\/\/portaltela.pt\/noticias\/2026\/04\/16\/adeptos-do-vitoria-de-guimaraes-querem-fase-estavel-para-chegar-a-elite\/#primaryimage"},"thumbnailUrl":"https:\/\/portaltela.pt\/s.01k8rhncp4jt1\/2026\/04\/img_920x518uu2026-04-16-12-34-01-2433349-im-639119396561753582.jpg","keywords":["adeptos","desporto","futebol","gest\u00e3o","Guimar\u00e3es","Portugal"],"articleSection":["Desporto","Futebol"],"inLanguage":"pt-PT"},{"@type":"WebPage","@id":"https:\/\/portaltela.pt\/noticias\/2026\/04\/16\/adeptos-do-vitoria-de-guimaraes-querem-fase-estavel-para-chegar-a-elite\/","url":"https:\/\/portaltela.pt\/noticias\/2026\/04\/16\/adeptos-do-vitoria-de-guimaraes-querem-fase-estavel-para-chegar-a-elite\/","name":"Adeptos do Vit\u00f3ria de Guimar\u00e3es querem fase est\u00e1vel para chegar \u00e0 elite - Portal Tela Portugal","isPartOf":{"@id":"https:\/\/portaltela.pt\/#website"},"primaryImageOfPage":{"@id":"https:\/\/portaltela.pt\/noticias\/2026\/04\/16\/adeptos-do-vitoria-de-guimaraes-querem-fase-estavel-para-chegar-a-elite\/#primaryimage"},"image":{"@id":"https:\/\/portaltela.pt\/noticias\/2026\/04\/16\/adeptos-do-vitoria-de-guimaraes-querem-fase-estavel-para-chegar-a-elite\/#primaryimage"},"thumbnailUrl":"https:\/\/portaltela.pt\/s.01k8rhncp4jt1\/2026\/04\/img_920x518uu2026-04-16-12-34-01-2433349-im-639119396561753582.jpg","datePublished":"2026-04-16T11:47:24+00:00","author":{"@id":"https:\/\/portaltela.pt\/#\/schema\/person\/c4278d4a6028830caff9ee44b42d32ed"},"breadcrumb":{"@id":"https:\/\/portaltela.pt\/noticias\/2026\/04\/16\/adeptos-do-vitoria-de-guimaraes-querem-fase-estavel-para-chegar-a-elite\/#breadcrumb"},"inLanguage":"pt-PT","potentialAction":[{"@type":"ReadAction","target":["https:\/\/portaltela.pt\/noticias\/2026\/04\/16\/adeptos-do-vitoria-de-guimaraes-querem-fase-estavel-para-chegar-a-elite\/"]}]},{"@type":"ImageObject","inLanguage":"pt-PT","@id":"https:\/\/portaltela.pt\/noticias\/2026\/04\/16\/adeptos-do-vitoria-de-guimaraes-querem-fase-estavel-para-chegar-a-elite\/#primaryimage","url":"https:\/\/portaltela.pt\/s.01k8rhncp4jt1\/2026\/04\/img_920x518uu2026-04-16-12-34-01-2433349-im-639119396561753582.jpg","contentUrl":"https:\/\/portaltela.pt\/s.01k8rhncp4jt1\/2026\/04\/img_920x518uu2026-04-16-12-34-01-2433349-im-639119396561753582.jpg","width":920,"height":518,"caption":"Adeptos do V. Guimar\u00e3es nas bancadas"},{"@type":"BreadcrumbList","@id":"https:\/\/portaltela.pt\/noticias\/2026\/04\/16\/adeptos-do-vitoria-de-guimaraes-querem-fase-estavel-para-chegar-a-elite\/#breadcrumb","itemListElement":[{"@type":"ListItem","position":1,"name":"In\u00edcio","item":"https:\/\/portaltela.pt\/"},{"@type":"ListItem","position":2,"name":"Adeptos do Vit\u00f3ria de Guimar\u00e3es querem fase est\u00e1vel para chegar \u00e0 elite"}]},{"@type":"WebSite","@id":"https:\/\/portaltela.pt\/#website","url":"https:\/\/portaltela.pt\/","name":"Portal Tela Portugal","description":"","potentialAction":[{"@type":"SearchAction","target":{"@type":"EntryPoint","urlTemplate":"https:\/\/portaltela.pt\/?s={search_term_string}"},"query-input":{"@type":"PropertyValueSpecification","valueRequired":true,"valueName":"search_term_string"}}],"inLanguage":"pt-PT"},{"@type":"Person","@id":"https:\/\/portaltela.pt\/#\/schema\/person\/c4278d4a6028830caff9ee44b42d32ed","name":"Telinha","image":{"@type":"ImageObject","inLanguage":"pt-PT","@id":"https:\/\/portaltela.pt\/s.01k8rhncp4jt1\/2025\/11\/talking-bot-125x125.png","url":"https:\/\/portaltela.pt\/s.01k8rhncp4jt1\/2025\/11\/talking-bot-125x125.png","contentUrl":"https:\/\/portaltela.pt\/s.01k8rhncp4jt1\/2025\/11\/talking-bot-125x125.png","caption":"Telinha"},"sameAs":["https:\/\/portaltela.pt\/"],"url":"https:\/\/portaltela.pt\/por\/367410592786\/"}]}},"_links":{"self":[{"href":"https:\/\/portaltela.pt\/api\/wp\/v2\/posts\/446321","targetHints":{"allow":["GET"]}}],"collection":[{"href":"https:\/\/portaltela.pt\/api\/wp\/v2\/posts"}],"about":[{"href":"https:\/\/portaltela.pt\/api\/wp\/v2\/types\/post"}],"author":[{"embeddable":true,"href":"https:\/\/portaltela.pt\/api\/wp\/v2\/users\/2"}],"replies":[{"embeddable":true,"href":"https:\/\/portaltela.pt\/api\/wp\/v2\/comments?post=446321"}],"version-history":[{"count":0,"href":"https:\/\/portaltela.pt\/api\/wp\/v2\/posts\/446321\/revisions"}],"wp:featuredmedia":[{"embeddable":true,"href":"https:\/\/portaltela.pt\/api\/wp\/v2\/media\/446322"}],"wp:attachment":[{"href":"https:\/\/portaltela.pt\/api\/wp\/v2\/media?parent=446321"}],"wp:term":[{"taxonomy":"category","embeddable":true,"href":"https:\/\/portaltela.pt\/api\/wp\/v2\/categories?post=446321"},{"taxonomy":"post_tag","embeddable":true,"href":"https:\/\/portaltela.pt\/api\/wp\/v2\/tags?post=446321"}],"curies":[{"name":"wp","href":"https:\/\/api.w.org\/{rel}","templated":true}]}}