{"id":446295,"date":"2026-04-16T08:32:05","date_gmt":"2026-04-16T11:32:05","guid":{"rendered":"https:\/\/portaltela.pt\/noticias\/2026\/04\/16\/ministerio-publico-compara-agentes-da-psp-a-gangues-no-caso-da-esquadra-do-rato\/"},"modified":"2026-04-16T08:32:05","modified_gmt":"2026-04-16T11:32:05","slug":"ministerio-publico-compara-agentes-da-psp-a-gangues-no-caso-da-esquadra-do-rato","status":"publish","type":"post","link":"https:\/\/portaltela.pt\/justica\/2026\/04\/16\/ministerio-publico-compara-agentes-da-psp-a-gangues-no-caso-da-esquadra-do-rato\/","title":{"rendered":"Minist\u00e9rio P\u00fablico compara agentes da PSP a gangues no caso da Esquadra do Rato"},"content":{"rendered":"<p>A procuradora do Minist\u00e9rio P\u00fablico defendeu hoje que dois agentes da PSP devem ser julgados por tortura, apresentando v\u00eddeos que, segundo a acusa\u00e7\u00e3o, comprovam as alega\u00e7\u00f5es. As imagens teriam sido obtidas via c\u00e2maras de vigil\u00e2ncia, mostrando momentos de agress\u00e3o a detidos na Esquadra do Rato, em Lisboa. A representante do MP sustentou que a conduta dos agentes foi grave e deve ser punida nos termos da lei.<\/p>\n<p>Os v\u00eddeos, mostrados durante a audi\u00eancia, s\u00e3o o cerne da acusa\u00e7\u00e3o. A procuradora afirmou que as imagens deixam claro o uso excessivo de for\u00e7a e a viol\u00eancia praticada pelos agentes. Acrescentou que as provas corroboram as acusa\u00e7\u00f5es de tortura, presentes na acusa\u00e7\u00e3o formal.<\/p>\n<p>Por outro lado, os advogados de defesa contestaram as alega\u00e7\u00f5es. Alegam contradi\u00e7\u00f5es entre testemunhas e fragilidades na acusa\u00e7\u00e3o. Sustentam que as imagens n\u00e3o demonstram tortura, apenas uma atua\u00e7\u00e3o policial dentro dos limites legais. A audi\u00eancia prossegue com a an\u00e1lise de provas e depoimentos.<\/p>\n<p>A decis\u00e3o final deve ser anunciada nos pr\u00f3ximos dias, conforme informa\u00e7\u00f5es do tribunal. O caso tem gerado intenso acompanhamento p\u00fablico e debate sobre atua\u00e7\u00e3o policial e direitos dos detidos.<\/p>\n<h3>Outras not\u00edcias em destaque<\/h3>\n<ul>\n<li>GNR deteve 133 pessoas por ca\u00e7a ilegal em seis meses<\/li>\n<li>Viola e sequestra colegas de escola em Pousada da Juventude durante visita de estudo \u00e0 Lourinh\u00e3<\/li>\n<li>Condutor atropela mulher durante fuga a opera\u00e7\u00e3o stop da PSP em Lisboa<\/li>\n<li>Rapaz agride colega de turma com mata-le\u00e3o no recreio da escola na Goleg\u00e3<\/li>\n<li>Universit\u00e1rio burla colegas com promessas de investimento para v\u00edcio do jogo<\/li>\n<\/ul>\n","protected":false},"excerpt":{"rendered":"<ul>\n<li>A Procuradora do Minist\u00e9rio P\u00fablico defende que dois agentes da Pol\u00edcia de Seguran\u00e7a P\u00fablica devem ser julgados por tortura, apresentando v\u00eddeos que comprovam as alega\u00e7\u00f5es.<\/li>\n<li>Os v\u00eddeos, supostamente obtidos por c\u00e2maras de vigil\u00e2ncia, mostram momentos em que, segundo o MP, os agentes usaram for\u00e7a excessiva.<\/li>\n<li>A Procuradora afirma que a conduta foi grave e deve ser punida de acordo com a lei.<\/li>\n<li>Advogados de defesa contestam as acusa\u00e7\u00f5es, apontando contradi\u00e7\u00f5es entre testemunhas e fragilidades na acusa\u00e7\u00e3o, argumentando que as imagens correspondem a atua\u00e7\u00e3o policial dentro dos limites legais.<\/li>\n<li>A audi\u00eancia segue em curso e a decis\u00e3o final dever\u00e1 ser anunciada nos pr\u00f3ximos dias.<\/li>\n<\/ul>\n","protected":false},"author":2,"featured_media":446300,"comment_status":"closed","ping_status":"closed","sticky":false,"template":"","format":"standard","meta":{"footnotes":""},"categories":[7374,6815],"tags":[8223,7914,7974,8041,7878,8671],"class_list":["post-446295","post","type-post","status-publish","format-standard","has-post-thumbnail","hentry","category-criminalidade","category-justica","tag-_abuso-de-autoridade","tag-_direitos-humanos","tag-_lisboa","tag-_psp","tag-_seguranca-publica","tag-_tortura"],"yoast_head":"<!-- This site is optimized with the Yoast SEO plugin v27.2 - https:\/\/yoast.com\/product\/yoast-seo-wordpress\/ -->\n<title>Minist\u00e9rio P\u00fablico compara agentes da PSP a gangues no caso da Esquadra do Rato - Portal Tela Portugal<\/title>\n<meta name=\"robots\" content=\"index, follow, max-snippet:-1, max-image-preview:large, max-video-preview:-1\" \/>\n<meta property=\"og:locale\" content=\"pt_PT\" \/>\n<meta property=\"og:type\" content=\"article\" \/>\n<meta property=\"og:title\" content=\"Minist\u00e9rio P\u00fablico compara agentes da PSP a gangues no caso da Esquadra do Rato - Portal Tela Portugal\" \/>\n<meta property=\"og:description\" content=\"A Procuradora do Minist\u00e9rio P\u00fablico defende que dois agentes da Pol\u00edcia de Seguran\u00e7a P\u00fablica devem ser julgados por tortura, apresentando v\u00eddeos que comprovam as alega\u00e7\u00f5es. Os v\u00eddeos, supostamente obtidos por c\u00e2maras de vigil\u00e2ncia, mostram momentos em que, segundo o MP, os agentes usaram for\u00e7a excessiva. A Procuradora afirma que a conduta foi grave e deve ser punida de acordo com a lei. Advogados de defesa contestam as acusa\u00e7\u00f5es, apontando contradi\u00e7\u00f5es entre testemunhas e fragilidades na acusa\u00e7\u00e3o, argumentando que as imagens correspondem a atua\u00e7\u00e3o policial dentro dos limites legais. A audi\u00eancia segue em curso e a decis\u00e3o final dever\u00e1 ser anunciada nos pr\u00f3ximos dias.\" \/>\n<meta property=\"og:url\" content=\"https:\/\/portaltela.pt\/noticias\/2026\/04\/16\/ministerio-publico-compara-agentes-da-psp-a-gangues-no-caso-da-esquadra-do-rato\/\" \/>\n<meta property=\"og:site_name\" content=\"Portal Tela Portugal\" \/>\n<meta property=\"article:published_time\" content=\"2026-04-16T11:32:05+00:00\" \/>\n<meta name=\"author\" content=\"Telinha\" \/>\n<meta name=\"twitter:card\" content=\"summary_large_image\" \/>\n<meta name=\"twitter:label1\" content=\"Escrito por\" \/>\n\t<meta name=\"twitter:data1\" content=\"Telinha\" \/>\n\t<meta name=\"twitter:label2\" content=\"Tempo estimado de leitura\" \/>\n\t<meta name=\"twitter:data2\" content=\"1 minuto\" \/>\n<script type=\"application\/ld+json\" class=\"yoast-schema-graph\">{\"@context\":\"https:\/\/schema.org\",\"@graph\":[{\"@type\":\"Article\",\"@id\":\"https:\/\/portaltela.pt\/noticias\/2026\/04\/16\/ministerio-publico-compara-agentes-da-psp-a-gangues-no-caso-da-esquadra-do-rato\/#article\",\"isPartOf\":{\"@id\":\"https:\/\/portaltela.pt\/noticias\/2026\/04\/16\/ministerio-publico-compara-agentes-da-psp-a-gangues-no-caso-da-esquadra-do-rato\/\"},\"author\":{\"name\":\"Telinha\",\"@id\":\"https:\/\/portaltela.pt\/#\/schema\/person\/c4278d4a6028830caff9ee44b42d32ed\"},\"headline\":\"Minist\u00e9rio P\u00fablico compara agentes da PSP a gangues no caso da Esquadra do Rato\",\"datePublished\":\"2026-04-16T11:32:05+00:00\",\"mainEntityOfPage\":{\"@id\":\"https:\/\/portaltela.pt\/noticias\/2026\/04\/16\/ministerio-publico-compara-agentes-da-psp-a-gangues-no-caso-da-esquadra-do-rato\/\"},\"wordCount\":296,\"image\":{\"@id\":\"https:\/\/portaltela.pt\/noticias\/2026\/04\/16\/ministerio-publico-compara-agentes-da-psp-a-gangues-no-caso-da-esquadra-do-rato\/#primaryimage\"},\"thumbnailUrl\":\"https:\/\/portaltela.pt\/s.01k8rhncp4jt1\/2026\/04\/img_1280x722uu2026-03-07-21-13-35-2271005.jpg\",\"keywords\":[\"_abuso de autoridade\",\"_direitos humanos\",\"_Lisboa\",\"_PSP\",\"_seguran\u00e7a p\u00fablica\",\"_tortura\"],\"articleSection\":[\"Criminalidade\",\"Justi\u00e7a\"],\"inLanguage\":\"pt-PT\"},{\"@type\":\"WebPage\",\"@id\":\"https:\/\/portaltela.pt\/noticias\/2026\/04\/16\/ministerio-publico-compara-agentes-da-psp-a-gangues-no-caso-da-esquadra-do-rato\/\",\"url\":\"https:\/\/portaltela.pt\/noticias\/2026\/04\/16\/ministerio-publico-compara-agentes-da-psp-a-gangues-no-caso-da-esquadra-do-rato\/\",\"name\":\"Minist\u00e9rio P\u00fablico compara agentes da PSP a gangues no caso da Esquadra do Rato - Portal Tela Portugal\",\"isPartOf\":{\"@id\":\"https:\/\/portaltela.pt\/#website\"},\"primaryImageOfPage\":{\"@id\":\"https:\/\/portaltela.pt\/noticias\/2026\/04\/16\/ministerio-publico-compara-agentes-da-psp-a-gangues-no-caso-da-esquadra-do-rato\/#primaryimage\"},\"image\":{\"@id\":\"https:\/\/portaltela.pt\/noticias\/2026\/04\/16\/ministerio-publico-compara-agentes-da-psp-a-gangues-no-caso-da-esquadra-do-rato\/#primaryimage\"},\"thumbnailUrl\":\"https:\/\/portaltela.pt\/s.01k8rhncp4jt1\/2026\/04\/img_1280x722uu2026-03-07-21-13-35-2271005.jpg\",\"datePublished\":\"2026-04-16T11:32:05+00:00\",\"author\":{\"@id\":\"https:\/\/portaltela.pt\/#\/schema\/person\/c4278d4a6028830caff9ee44b42d32ed\"},\"breadcrumb\":{\"@id\":\"https:\/\/portaltela.pt\/noticias\/2026\/04\/16\/ministerio-publico-compara-agentes-da-psp-a-gangues-no-caso-da-esquadra-do-rato\/#breadcrumb\"},\"inLanguage\":\"pt-PT\",\"potentialAction\":[{\"@type\":\"ReadAction\",\"target\":[\"https:\/\/portaltela.pt\/noticias\/2026\/04\/16\/ministerio-publico-compara-agentes-da-psp-a-gangues-no-caso-da-esquadra-do-rato\/\"]}]},{\"@type\":\"ImageObject\",\"inLanguage\":\"pt-PT\",\"@id\":\"https:\/\/portaltela.pt\/noticias\/2026\/04\/16\/ministerio-publico-compara-agentes-da-psp-a-gangues-no-caso-da-esquadra-do-rato\/#primaryimage\",\"url\":\"https:\/\/portaltela.pt\/s.01k8rhncp4jt1\/2026\/04\/img_1280x722uu2026-03-07-21-13-35-2271005.jpg\",\"contentUrl\":\"https:\/\/portaltela.pt\/s.01k8rhncp4jt1\/2026\/04\/img_1280x722uu2026-03-07-21-13-35-2271005.jpg\",\"width\":796,\"height\":448,\"caption\":\"Tortura na Esquadra do Rato: Minist\u00e9rio P\u00fablico compara agentes da PSP a gangs\"},{\"@type\":\"BreadcrumbList\",\"@id\":\"https:\/\/portaltela.pt\/noticias\/2026\/04\/16\/ministerio-publico-compara-agentes-da-psp-a-gangues-no-caso-da-esquadra-do-rato\/#breadcrumb\",\"itemListElement\":[{\"@type\":\"ListItem\",\"position\":1,\"name\":\"In\u00edcio\",\"item\":\"https:\/\/portaltela.pt\/\"},{\"@type\":\"ListItem\",\"position\":2,\"name\":\"Minist\u00e9rio P\u00fablico compara agentes da PSP a gangues no caso da Esquadra do Rato\"}]},{\"@type\":\"WebSite\",\"@id\":\"https:\/\/portaltela.pt\/#website\",\"url\":\"https:\/\/portaltela.pt\/\",\"name\":\"Portal Tela Portugal\",\"description\":\"\",\"potentialAction\":[{\"@type\":\"SearchAction\",\"target\":{\"@type\":\"EntryPoint\",\"urlTemplate\":\"https:\/\/portaltela.pt\/?s={search_term_string}\"},\"query-input\":{\"@type\":\"PropertyValueSpecification\",\"valueRequired\":true,\"valueName\":\"search_term_string\"}}],\"inLanguage\":\"pt-PT\"},{\"@type\":\"Person\",\"@id\":\"https:\/\/portaltela.pt\/#\/schema\/person\/c4278d4a6028830caff9ee44b42d32ed\",\"name\":\"Telinha\",\"image\":{\"@type\":\"ImageObject\",\"inLanguage\":\"pt-PT\",\"@id\":\"https:\/\/portaltela.pt\/s.01k8rhncp4jt1\/2025\/11\/talking-bot-125x125.png\",\"url\":\"https:\/\/portaltela.pt\/s.01k8rhncp4jt1\/2025\/11\/talking-bot-125x125.png\",\"contentUrl\":\"https:\/\/portaltela.pt\/s.01k8rhncp4jt1\/2025\/11\/talking-bot-125x125.png\",\"caption\":\"Telinha\"},\"sameAs\":[\"https:\/\/portaltela.pt\/\"],\"url\":\"https:\/\/portaltela.pt\/por\/367410592786\/\"}]}<\/script>\n<!-- \/ Yoast SEO plugin. -->","yoast_head_json":{"title":"Minist\u00e9rio P\u00fablico compara agentes da PSP a gangues no caso da Esquadra do Rato - Portal Tela Portugal","robots":{"index":"index","follow":"follow","max-snippet":"max-snippet:-1","max-image-preview":"max-image-preview:large","max-video-preview":"max-video-preview:-1"},"og_locale":"pt_PT","og_type":"article","og_title":"Minist\u00e9rio P\u00fablico compara agentes da PSP a gangues no caso da Esquadra do Rato - Portal Tela Portugal","og_description":"A Procuradora do Minist\u00e9rio P\u00fablico defende que dois agentes da Pol\u00edcia de Seguran\u00e7a P\u00fablica devem ser julgados por tortura, apresentando v\u00eddeos que comprovam as alega\u00e7\u00f5es. Os v\u00eddeos, supostamente obtidos por c\u00e2maras de vigil\u00e2ncia, mostram momentos em que, segundo o MP, os agentes usaram for\u00e7a excessiva. A Procuradora afirma que a conduta foi grave e deve ser punida de acordo com a lei. Advogados de defesa contestam as acusa\u00e7\u00f5es, apontando contradi\u00e7\u00f5es entre testemunhas e fragilidades na acusa\u00e7\u00e3o, argumentando que as imagens correspondem a atua\u00e7\u00e3o policial dentro dos limites legais. A audi\u00eancia segue em curso e a decis\u00e3o final dever\u00e1 ser anunciada nos pr\u00f3ximos dias.","og_url":"https:\/\/portaltela.pt\/noticias\/2026\/04\/16\/ministerio-publico-compara-agentes-da-psp-a-gangues-no-caso-da-esquadra-do-rato\/","og_site_name":"Portal Tela Portugal","article_published_time":"2026-04-16T11:32:05+00:00","author":"Telinha","twitter_card":"summary_large_image","twitter_misc":{"Escrito por":"Telinha","Tempo estimado de leitura":"1 minuto"},"schema":{"@context":"https:\/\/schema.org","@graph":[{"@type":"Article","@id":"https:\/\/portaltela.pt\/noticias\/2026\/04\/16\/ministerio-publico-compara-agentes-da-psp-a-gangues-no-caso-da-esquadra-do-rato\/#article","isPartOf":{"@id":"https:\/\/portaltela.pt\/noticias\/2026\/04\/16\/ministerio-publico-compara-agentes-da-psp-a-gangues-no-caso-da-esquadra-do-rato\/"},"author":{"name":"Telinha","@id":"https:\/\/portaltela.pt\/#\/schema\/person\/c4278d4a6028830caff9ee44b42d32ed"},"headline":"Minist\u00e9rio P\u00fablico compara agentes da PSP a gangues no caso da Esquadra do Rato","datePublished":"2026-04-16T11:32:05+00:00","mainEntityOfPage":{"@id":"https:\/\/portaltela.pt\/noticias\/2026\/04\/16\/ministerio-publico-compara-agentes-da-psp-a-gangues-no-caso-da-esquadra-do-rato\/"},"wordCount":296,"image":{"@id":"https:\/\/portaltela.pt\/noticias\/2026\/04\/16\/ministerio-publico-compara-agentes-da-psp-a-gangues-no-caso-da-esquadra-do-rato\/#primaryimage"},"thumbnailUrl":"https:\/\/portaltela.pt\/s.01k8rhncp4jt1\/2026\/04\/img_1280x722uu2026-03-07-21-13-35-2271005.jpg","keywords":["_abuso de autoridade","_direitos humanos","_Lisboa","_PSP","_seguran\u00e7a p\u00fablica","_tortura"],"articleSection":["Criminalidade","Justi\u00e7a"],"inLanguage":"pt-PT"},{"@type":"WebPage","@id":"https:\/\/portaltela.pt\/noticias\/2026\/04\/16\/ministerio-publico-compara-agentes-da-psp-a-gangues-no-caso-da-esquadra-do-rato\/","url":"https:\/\/portaltela.pt\/noticias\/2026\/04\/16\/ministerio-publico-compara-agentes-da-psp-a-gangues-no-caso-da-esquadra-do-rato\/","name":"Minist\u00e9rio P\u00fablico compara agentes da PSP a gangues no caso da Esquadra do Rato - Portal Tela Portugal","isPartOf":{"@id":"https:\/\/portaltela.pt\/#website"},"primaryImageOfPage":{"@id":"https:\/\/portaltela.pt\/noticias\/2026\/04\/16\/ministerio-publico-compara-agentes-da-psp-a-gangues-no-caso-da-esquadra-do-rato\/#primaryimage"},"image":{"@id":"https:\/\/portaltela.pt\/noticias\/2026\/04\/16\/ministerio-publico-compara-agentes-da-psp-a-gangues-no-caso-da-esquadra-do-rato\/#primaryimage"},"thumbnailUrl":"https:\/\/portaltela.pt\/s.01k8rhncp4jt1\/2026\/04\/img_1280x722uu2026-03-07-21-13-35-2271005.jpg","datePublished":"2026-04-16T11:32:05+00:00","author":{"@id":"https:\/\/portaltela.pt\/#\/schema\/person\/c4278d4a6028830caff9ee44b42d32ed"},"breadcrumb":{"@id":"https:\/\/portaltela.pt\/noticias\/2026\/04\/16\/ministerio-publico-compara-agentes-da-psp-a-gangues-no-caso-da-esquadra-do-rato\/#breadcrumb"},"inLanguage":"pt-PT","potentialAction":[{"@type":"ReadAction","target":["https:\/\/portaltela.pt\/noticias\/2026\/04\/16\/ministerio-publico-compara-agentes-da-psp-a-gangues-no-caso-da-esquadra-do-rato\/"]}]},{"@type":"ImageObject","inLanguage":"pt-PT","@id":"https:\/\/portaltela.pt\/noticias\/2026\/04\/16\/ministerio-publico-compara-agentes-da-psp-a-gangues-no-caso-da-esquadra-do-rato\/#primaryimage","url":"https:\/\/portaltela.pt\/s.01k8rhncp4jt1\/2026\/04\/img_1280x722uu2026-03-07-21-13-35-2271005.jpg","contentUrl":"https:\/\/portaltela.pt\/s.01k8rhncp4jt1\/2026\/04\/img_1280x722uu2026-03-07-21-13-35-2271005.jpg","width":796,"height":448,"caption":"Tortura na Esquadra do Rato: Minist\u00e9rio P\u00fablico compara agentes da PSP a gangs"},{"@type":"BreadcrumbList","@id":"https:\/\/portaltela.pt\/noticias\/2026\/04\/16\/ministerio-publico-compara-agentes-da-psp-a-gangues-no-caso-da-esquadra-do-rato\/#breadcrumb","itemListElement":[{"@type":"ListItem","position":1,"name":"In\u00edcio","item":"https:\/\/portaltela.pt\/"},{"@type":"ListItem","position":2,"name":"Minist\u00e9rio P\u00fablico compara agentes da PSP a gangues no caso da Esquadra do Rato"}]},{"@type":"WebSite","@id":"https:\/\/portaltela.pt\/#website","url":"https:\/\/portaltela.pt\/","name":"Portal Tela Portugal","description":"","potentialAction":[{"@type":"SearchAction","target":{"@type":"EntryPoint","urlTemplate":"https:\/\/portaltela.pt\/?s={search_term_string}"},"query-input":{"@type":"PropertyValueSpecification","valueRequired":true,"valueName":"search_term_string"}}],"inLanguage":"pt-PT"},{"@type":"Person","@id":"https:\/\/portaltela.pt\/#\/schema\/person\/c4278d4a6028830caff9ee44b42d32ed","name":"Telinha","image":{"@type":"ImageObject","inLanguage":"pt-PT","@id":"https:\/\/portaltela.pt\/s.01k8rhncp4jt1\/2025\/11\/talking-bot-125x125.png","url":"https:\/\/portaltela.pt\/s.01k8rhncp4jt1\/2025\/11\/talking-bot-125x125.png","contentUrl":"https:\/\/portaltela.pt\/s.01k8rhncp4jt1\/2025\/11\/talking-bot-125x125.png","caption":"Telinha"},"sameAs":["https:\/\/portaltela.pt\/"],"url":"https:\/\/portaltela.pt\/por\/367410592786\/"}]}},"_links":{"self":[{"href":"https:\/\/portaltela.pt\/api\/wp\/v2\/posts\/446295","targetHints":{"allow":["GET"]}}],"collection":[{"href":"https:\/\/portaltela.pt\/api\/wp\/v2\/posts"}],"about":[{"href":"https:\/\/portaltela.pt\/api\/wp\/v2\/types\/post"}],"author":[{"embeddable":true,"href":"https:\/\/portaltela.pt\/api\/wp\/v2\/users\/2"}],"replies":[{"embeddable":true,"href":"https:\/\/portaltela.pt\/api\/wp\/v2\/comments?post=446295"}],"version-history":[{"count":0,"href":"https:\/\/portaltela.pt\/api\/wp\/v2\/posts\/446295\/revisions"}],"wp:featuredmedia":[{"embeddable":true,"href":"https:\/\/portaltela.pt\/api\/wp\/v2\/media\/446300"}],"wp:attachment":[{"href":"https:\/\/portaltela.pt\/api\/wp\/v2\/media?parent=446295"}],"wp:term":[{"taxonomy":"category","embeddable":true,"href":"https:\/\/portaltela.pt\/api\/wp\/v2\/categories?post=446295"},{"taxonomy":"post_tag","embeddable":true,"href":"https:\/\/portaltela.pt\/api\/wp\/v2\/tags?post=446295"}],"curies":[{"name":"wp","href":"https:\/\/api.w.org\/{rel}","templated":true}]}}