{"id":446271,"date":"2026-04-16T08:17:11","date_gmt":"2026-04-16T11:17:11","guid":{"rendered":"https:\/\/portaltela.pt\/noticias\/2026\/04\/16\/caso-de-violacao-e-rapto-de-colegas-de-escola-na-lourinha-durante-visita-de-estudo\/"},"modified":"2026-04-16T08:17:11","modified_gmt":"2026-04-16T11:17:11","slug":"caso-de-violacao-e-rapto-de-colegas-de-escola-na-lourinha-durante-visita-de-estudo","status":"publish","type":"post","link":"https:\/\/portaltela.pt\/policia\/2026\/04\/16\/caso-de-violacao-e-rapto-de-colegas-de-escola-na-lourinha-durante-visita-de-estudo\/","title":{"rendered":"Caso de viola\u00e7\u00e3o e rapto de colegas de escola na Lourinh\u00e3 durante visita de estudo"},"content":{"rendered":"<p>Um aluno de 16 anos foi detido pela Pol\u00edcia Judici\u00e1ria de Lisboa, quase um m\u00eas ap\u00f3s o sequestro de dois colegas numa visita de estudo \u00e0 Lourinh\u00e3. O caso ocorreu na Pousada da Juventude, durante uma viagem escolar.<\/p>\n<p>Segundo a PJ, o suspeito, residente na zona de Aveiro, foi identificado e detido na sua resid\u00eancia, na manh\u00e3 desta quarta-feira, depois de uma investiga\u00e7\u00e3o que durou v\u00e1rias semanas. A a\u00e7\u00e3o decorreu na regi\u00e3o de Aveiro.<\/p>\n<p>O sequestro ocorreu na manh\u00e3 de 16 de mar\u00e7o, na Pousada da Juventude, durante a visita de estudo. Os dois colegas foram mantidos em cativeiro durante v\u00e1rias horas e libertados ilesos, sem ferimentos.<\/p>\n<h3>Investiga\u00e7\u00e3o em curso<\/h3>\n<p>A investiga\u00e7\u00e3o indica que o jovem ter\u00e1 apresentado um comportamento agressivo e estava sob influ\u00eancia de subst\u00e2ncias il\u00edcitas no momento do incidente. A PJ continua a apurar todas as circunst\u00e2ncias e eventuais liga\u00e7\u00f5es a outros crimes.<\/p>\n<p>O jovem foi presente a um juiz de instru\u00e7\u00e3o criminal, que ordenou a pris\u00e3o preventiva. A PJ n\u00e3o adianta detalhes sobre eventuais implica\u00e7\u00f5es adicionais, mantendo o foco na investiga\u00e7\u00e3o em curso.<\/p>\n","protected":false},"excerpt":{"rendered":"<ul>\n<li>Um jovem de 16 anos, residente na zona de Aveiro, foi detido pela Pol\u00edcia Judici\u00e1ria de Lisboa quase um m\u00eas ap\u00f3s sequestrar dois colegas de turma na Pousada da Juventude, durante uma visita de estudo \u00e0 Lourinh\u00e3.<\/li>\n<li>O sequestro ocorreu na manh\u00e3 de 16 de mar\u00e7o; os colegas foram mantidos em cativeiro durante v\u00e1rias horas e libertados ilesos.<\/li>\n<li>A investiga\u00e7\u00e3o indicou um comportamento agressivo por parte do suspeito e que, na altura do crime, estaria sob influ\u00eancia de subst\u00e2ncias il\u00edcitas.<\/li>\n<li>O jovem foi detido na sua resid\u00eancia, em Aveiro, na manh\u00e3 desta quarta-feira, e ficou em pris\u00e3o preventiva ap\u00f3s ser apresentado a um juiz de instru\u00e7\u00e3o criminal.<\/li>\n<li>A Pol\u00edcia Judici\u00e1ria continua a investiga\u00e7\u00e3o para apurar todas as circunst\u00e2ncias e eventuais liga\u00e7\u00f5es a outros crimes, gerando preocupa\u00e7\u00e3o na comunidade local.<\/li>\n<\/ul>\n","protected":false},"author":2,"featured_media":446281,"comment_status":"closed","ping_status":"closed","sticky":false,"template":"","format":"standard","meta":{"footnotes":""},"categories":[6907,6781],"tags":[177,217,5028,6056,1802,1170],"class_list":["post-446271","post","type-post","status-publish","format-standard","has-post-thumbnail","hentry","category-crime","category-policia","tag-crimes","tag-investigacao-criminal","tag-lourinha","tag-menores","tag-policia-judiciaria","tag-sequestro"],"yoast_head":"<!-- This site is optimized with the Yoast SEO plugin v27.2 - https:\/\/yoast.com\/product\/yoast-seo-wordpress\/ -->\n<title>Caso de viola\u00e7\u00e3o e rapto de colegas de escola na Lourinh\u00e3 durante visita de estudo - Portal Tela Portugal<\/title>\n<meta name=\"robots\" content=\"index, follow, max-snippet:-1, max-image-preview:large, max-video-preview:-1\" \/>\n<meta property=\"og:locale\" content=\"pt_PT\" \/>\n<meta property=\"og:type\" content=\"article\" \/>\n<meta property=\"og:title\" content=\"Caso de viola\u00e7\u00e3o e rapto de colegas de escola na Lourinh\u00e3 durante visita de estudo - Portal Tela Portugal\" \/>\n<meta property=\"og:description\" content=\"Um jovem de 16 anos, residente na zona de Aveiro, foi detido pela Pol\u00edcia Judici\u00e1ria de Lisboa quase um m\u00eas ap\u00f3s sequestrar dois colegas de turma na Pousada da Juventude, durante uma visita de estudo \u00e0 Lourinh\u00e3. O sequestro ocorreu na manh\u00e3 de 16 de mar\u00e7o; os colegas foram mantidos em cativeiro durante v\u00e1rias horas e libertados ilesos. A investiga\u00e7\u00e3o indicou um comportamento agressivo por parte do suspeito e que, na altura do crime, estaria sob influ\u00eancia de subst\u00e2ncias il\u00edcitas. O jovem foi detido na sua resid\u00eancia, em Aveiro, na manh\u00e3 desta quarta-feira, e ficou em pris\u00e3o preventiva ap\u00f3s ser apresentado a um juiz de instru\u00e7\u00e3o criminal. A Pol\u00edcia Judici\u00e1ria continua a investiga\u00e7\u00e3o para apurar todas as circunst\u00e2ncias e eventuais liga\u00e7\u00f5es a outros crimes, gerando preocupa\u00e7\u00e3o na comunidade local.\" \/>\n<meta property=\"og:url\" content=\"https:\/\/portaltela.pt\/noticias\/2026\/04\/16\/caso-de-violacao-e-rapto-de-colegas-de-escola-na-lourinha-durante-visita-de-estudo\/\" \/>\n<meta property=\"og:site_name\" content=\"Portal Tela Portugal\" \/>\n<meta property=\"article:published_time\" content=\"2026-04-16T11:17:11+00:00\" \/>\n<meta name=\"author\" content=\"Telinha\" \/>\n<meta name=\"twitter:card\" content=\"summary_large_image\" \/>\n<meta name=\"twitter:label1\" content=\"Escrito por\" \/>\n\t<meta name=\"twitter:data1\" content=\"Telinha\" \/>\n\t<meta name=\"twitter:label2\" content=\"Tempo estimado de leitura\" \/>\n\t<meta name=\"twitter:data2\" content=\"1 minuto\" \/>\n<script type=\"application\/ld+json\" class=\"yoast-schema-graph\">{\"@context\":\"https:\/\/schema.org\",\"@graph\":[{\"@type\":\"Article\",\"@id\":\"https:\/\/portaltela.pt\/noticias\/2026\/04\/16\/caso-de-violacao-e-rapto-de-colegas-de-escola-na-lourinha-durante-visita-de-estudo\/#article\",\"isPartOf\":{\"@id\":\"https:\/\/portaltela.pt\/noticias\/2026\/04\/16\/caso-de-violacao-e-rapto-de-colegas-de-escola-na-lourinha-durante-visita-de-estudo\/\"},\"author\":{\"name\":\"Telinha\",\"@id\":\"https:\/\/portaltela.pt\/#\/schema\/person\/c4278d4a6028830caff9ee44b42d32ed\"},\"headline\":\"Caso de viola\u00e7\u00e3o e rapto de colegas de escola na Lourinh\u00e3 durante visita de estudo\",\"datePublished\":\"2026-04-16T11:17:11+00:00\",\"mainEntityOfPage\":{\"@id\":\"https:\/\/portaltela.pt\/noticias\/2026\/04\/16\/caso-de-violacao-e-rapto-de-colegas-de-escola-na-lourinha-durante-visita-de-estudo\/\"},\"wordCount\":213,\"image\":{\"@id\":\"https:\/\/portaltela.pt\/noticias\/2026\/04\/16\/caso-de-violacao-e-rapto-de-colegas-de-escola-na-lourinha-durante-visita-de-estudo\/#primaryimage\"},\"thumbnailUrl\":\"https:\/\/portaltela.pt\/s.01k8rhncp4jt1\/2026\/04\/img_1280x722uu2017-07-25-15-28-00-652378.jpg\",\"keywords\":[\"crimes\",\"investiga\u00e7\u00e3o criminal\",\"Lourinh\u00e3\",\"menores\",\"Pol\u00edcia Judici\u00e1ria\",\"sequestro\"],\"articleSection\":[\"Crime\",\"Pol\u00edcia\"],\"inLanguage\":\"pt-PT\"},{\"@type\":\"WebPage\",\"@id\":\"https:\/\/portaltela.pt\/noticias\/2026\/04\/16\/caso-de-violacao-e-rapto-de-colegas-de-escola-na-lourinha-durante-visita-de-estudo\/\",\"url\":\"https:\/\/portaltela.pt\/noticias\/2026\/04\/16\/caso-de-violacao-e-rapto-de-colegas-de-escola-na-lourinha-durante-visita-de-estudo\/\",\"name\":\"Caso de viola\u00e7\u00e3o e rapto de colegas de escola na Lourinh\u00e3 durante visita de estudo - Portal Tela Portugal\",\"isPartOf\":{\"@id\":\"https:\/\/portaltela.pt\/#website\"},\"primaryImageOfPage\":{\"@id\":\"https:\/\/portaltela.pt\/noticias\/2026\/04\/16\/caso-de-violacao-e-rapto-de-colegas-de-escola-na-lourinha-durante-visita-de-estudo\/#primaryimage\"},\"image\":{\"@id\":\"https:\/\/portaltela.pt\/noticias\/2026\/04\/16\/caso-de-violacao-e-rapto-de-colegas-de-escola-na-lourinha-durante-visita-de-estudo\/#primaryimage\"},\"thumbnailUrl\":\"https:\/\/portaltela.pt\/s.01k8rhncp4jt1\/2026\/04\/img_1280x722uu2017-07-25-15-28-00-652378.jpg\",\"datePublished\":\"2026-04-16T11:17:11+00:00\",\"author\":{\"@id\":\"https:\/\/portaltela.pt\/#\/schema\/person\/c4278d4a6028830caff9ee44b42d32ed\"},\"breadcrumb\":{\"@id\":\"https:\/\/portaltela.pt\/noticias\/2026\/04\/16\/caso-de-violacao-e-rapto-de-colegas-de-escola-na-lourinha-durante-visita-de-estudo\/#breadcrumb\"},\"inLanguage\":\"pt-PT\",\"potentialAction\":[{\"@type\":\"ReadAction\",\"target\":[\"https:\/\/portaltela.pt\/noticias\/2026\/04\/16\/caso-de-violacao-e-rapto-de-colegas-de-escola-na-lourinha-durante-visita-de-estudo\/\"]}]},{\"@type\":\"ImageObject\",\"inLanguage\":\"pt-PT\",\"@id\":\"https:\/\/portaltela.pt\/noticias\/2026\/04\/16\/caso-de-violacao-e-rapto-de-colegas-de-escola-na-lourinha-durante-visita-de-estudo\/#primaryimage\",\"url\":\"https:\/\/portaltela.pt\/s.01k8rhncp4jt1\/2026\/04\/img_1280x722uu2017-07-25-15-28-00-652378.jpg\",\"contentUrl\":\"https:\/\/portaltela.pt\/s.01k8rhncp4jt1\/2026\/04\/img_1280x722uu2017-07-25-15-28-00-652378.jpg\",\"width\":796,\"height\":448,\"caption\":\"Viola e sequestra colegas de escola em Pousada da Juventude durante visita de estudo \u00e0 Lourinh\u00e3\"},{\"@type\":\"BreadcrumbList\",\"@id\":\"https:\/\/portaltela.pt\/noticias\/2026\/04\/16\/caso-de-violacao-e-rapto-de-colegas-de-escola-na-lourinha-durante-visita-de-estudo\/#breadcrumb\",\"itemListElement\":[{\"@type\":\"ListItem\",\"position\":1,\"name\":\"In\u00edcio\",\"item\":\"https:\/\/portaltela.pt\/\"},{\"@type\":\"ListItem\",\"position\":2,\"name\":\"Caso de viola\u00e7\u00e3o e rapto de colegas de escola na Lourinh\u00e3 durante visita de estudo\"}]},{\"@type\":\"WebSite\",\"@id\":\"https:\/\/portaltela.pt\/#website\",\"url\":\"https:\/\/portaltela.pt\/\",\"name\":\"Portal Tela Portugal\",\"description\":\"\",\"potentialAction\":[{\"@type\":\"SearchAction\",\"target\":{\"@type\":\"EntryPoint\",\"urlTemplate\":\"https:\/\/portaltela.pt\/?s={search_term_string}\"},\"query-input\":{\"@type\":\"PropertyValueSpecification\",\"valueRequired\":true,\"valueName\":\"search_term_string\"}}],\"inLanguage\":\"pt-PT\"},{\"@type\":\"Person\",\"@id\":\"https:\/\/portaltela.pt\/#\/schema\/person\/c4278d4a6028830caff9ee44b42d32ed\",\"name\":\"Telinha\",\"image\":{\"@type\":\"ImageObject\",\"inLanguage\":\"pt-PT\",\"@id\":\"https:\/\/portaltela.pt\/s.01k8rhncp4jt1\/2025\/11\/talking-bot-125x125.png\",\"url\":\"https:\/\/portaltela.pt\/s.01k8rhncp4jt1\/2025\/11\/talking-bot-125x125.png\",\"contentUrl\":\"https:\/\/portaltela.pt\/s.01k8rhncp4jt1\/2025\/11\/talking-bot-125x125.png\",\"caption\":\"Telinha\"},\"sameAs\":[\"https:\/\/portaltela.pt\/\"],\"url\":\"https:\/\/portaltela.pt\/por\/367410592786\/\"}]}<\/script>\n<!-- \/ Yoast SEO plugin. -->","yoast_head_json":{"title":"Caso de viola\u00e7\u00e3o e rapto de colegas de escola na Lourinh\u00e3 durante visita de estudo - Portal Tela Portugal","robots":{"index":"index","follow":"follow","max-snippet":"max-snippet:-1","max-image-preview":"max-image-preview:large","max-video-preview":"max-video-preview:-1"},"og_locale":"pt_PT","og_type":"article","og_title":"Caso de viola\u00e7\u00e3o e rapto de colegas de escola na Lourinh\u00e3 durante visita de estudo - Portal Tela Portugal","og_description":"Um jovem de 16 anos, residente na zona de Aveiro, foi detido pela Pol\u00edcia Judici\u00e1ria de Lisboa quase um m\u00eas ap\u00f3s sequestrar dois colegas de turma na Pousada da Juventude, durante uma visita de estudo \u00e0 Lourinh\u00e3. O sequestro ocorreu na manh\u00e3 de 16 de mar\u00e7o; os colegas foram mantidos em cativeiro durante v\u00e1rias horas e libertados ilesos. A investiga\u00e7\u00e3o indicou um comportamento agressivo por parte do suspeito e que, na altura do crime, estaria sob influ\u00eancia de subst\u00e2ncias il\u00edcitas. O jovem foi detido na sua resid\u00eancia, em Aveiro, na manh\u00e3 desta quarta-feira, e ficou em pris\u00e3o preventiva ap\u00f3s ser apresentado a um juiz de instru\u00e7\u00e3o criminal. A Pol\u00edcia Judici\u00e1ria continua a investiga\u00e7\u00e3o para apurar todas as circunst\u00e2ncias e eventuais liga\u00e7\u00f5es a outros crimes, gerando preocupa\u00e7\u00e3o na comunidade local.","og_url":"https:\/\/portaltela.pt\/noticias\/2026\/04\/16\/caso-de-violacao-e-rapto-de-colegas-de-escola-na-lourinha-durante-visita-de-estudo\/","og_site_name":"Portal Tela Portugal","article_published_time":"2026-04-16T11:17:11+00:00","author":"Telinha","twitter_card":"summary_large_image","twitter_misc":{"Escrito por":"Telinha","Tempo estimado de leitura":"1 minuto"},"schema":{"@context":"https:\/\/schema.org","@graph":[{"@type":"Article","@id":"https:\/\/portaltela.pt\/noticias\/2026\/04\/16\/caso-de-violacao-e-rapto-de-colegas-de-escola-na-lourinha-durante-visita-de-estudo\/#article","isPartOf":{"@id":"https:\/\/portaltela.pt\/noticias\/2026\/04\/16\/caso-de-violacao-e-rapto-de-colegas-de-escola-na-lourinha-durante-visita-de-estudo\/"},"author":{"name":"Telinha","@id":"https:\/\/portaltela.pt\/#\/schema\/person\/c4278d4a6028830caff9ee44b42d32ed"},"headline":"Caso de viola\u00e7\u00e3o e rapto de colegas de escola na Lourinh\u00e3 durante visita de estudo","datePublished":"2026-04-16T11:17:11+00:00","mainEntityOfPage":{"@id":"https:\/\/portaltela.pt\/noticias\/2026\/04\/16\/caso-de-violacao-e-rapto-de-colegas-de-escola-na-lourinha-durante-visita-de-estudo\/"},"wordCount":213,"image":{"@id":"https:\/\/portaltela.pt\/noticias\/2026\/04\/16\/caso-de-violacao-e-rapto-de-colegas-de-escola-na-lourinha-durante-visita-de-estudo\/#primaryimage"},"thumbnailUrl":"https:\/\/portaltela.pt\/s.01k8rhncp4jt1\/2026\/04\/img_1280x722uu2017-07-25-15-28-00-652378.jpg","keywords":["crimes","investiga\u00e7\u00e3o criminal","Lourinh\u00e3","menores","Pol\u00edcia Judici\u00e1ria","sequestro"],"articleSection":["Crime","Pol\u00edcia"],"inLanguage":"pt-PT"},{"@type":"WebPage","@id":"https:\/\/portaltela.pt\/noticias\/2026\/04\/16\/caso-de-violacao-e-rapto-de-colegas-de-escola-na-lourinha-durante-visita-de-estudo\/","url":"https:\/\/portaltela.pt\/noticias\/2026\/04\/16\/caso-de-violacao-e-rapto-de-colegas-de-escola-na-lourinha-durante-visita-de-estudo\/","name":"Caso de viola\u00e7\u00e3o e rapto de colegas de escola na Lourinh\u00e3 durante visita de estudo - Portal Tela Portugal","isPartOf":{"@id":"https:\/\/portaltela.pt\/#website"},"primaryImageOfPage":{"@id":"https:\/\/portaltela.pt\/noticias\/2026\/04\/16\/caso-de-violacao-e-rapto-de-colegas-de-escola-na-lourinha-durante-visita-de-estudo\/#primaryimage"},"image":{"@id":"https:\/\/portaltela.pt\/noticias\/2026\/04\/16\/caso-de-violacao-e-rapto-de-colegas-de-escola-na-lourinha-durante-visita-de-estudo\/#primaryimage"},"thumbnailUrl":"https:\/\/portaltela.pt\/s.01k8rhncp4jt1\/2026\/04\/img_1280x722uu2017-07-25-15-28-00-652378.jpg","datePublished":"2026-04-16T11:17:11+00:00","author":{"@id":"https:\/\/portaltela.pt\/#\/schema\/person\/c4278d4a6028830caff9ee44b42d32ed"},"breadcrumb":{"@id":"https:\/\/portaltela.pt\/noticias\/2026\/04\/16\/caso-de-violacao-e-rapto-de-colegas-de-escola-na-lourinha-durante-visita-de-estudo\/#breadcrumb"},"inLanguage":"pt-PT","potentialAction":[{"@type":"ReadAction","target":["https:\/\/portaltela.pt\/noticias\/2026\/04\/16\/caso-de-violacao-e-rapto-de-colegas-de-escola-na-lourinha-durante-visita-de-estudo\/"]}]},{"@type":"ImageObject","inLanguage":"pt-PT","@id":"https:\/\/portaltela.pt\/noticias\/2026\/04\/16\/caso-de-violacao-e-rapto-de-colegas-de-escola-na-lourinha-durante-visita-de-estudo\/#primaryimage","url":"https:\/\/portaltela.pt\/s.01k8rhncp4jt1\/2026\/04\/img_1280x722uu2017-07-25-15-28-00-652378.jpg","contentUrl":"https:\/\/portaltela.pt\/s.01k8rhncp4jt1\/2026\/04\/img_1280x722uu2017-07-25-15-28-00-652378.jpg","width":796,"height":448,"caption":"Viola e sequestra colegas de escola em Pousada da Juventude durante visita de estudo \u00e0 Lourinh\u00e3"},{"@type":"BreadcrumbList","@id":"https:\/\/portaltela.pt\/noticias\/2026\/04\/16\/caso-de-violacao-e-rapto-de-colegas-de-escola-na-lourinha-durante-visita-de-estudo\/#breadcrumb","itemListElement":[{"@type":"ListItem","position":1,"name":"In\u00edcio","item":"https:\/\/portaltela.pt\/"},{"@type":"ListItem","position":2,"name":"Caso de viola\u00e7\u00e3o e rapto de colegas de escola na Lourinh\u00e3 durante visita de estudo"}]},{"@type":"WebSite","@id":"https:\/\/portaltela.pt\/#website","url":"https:\/\/portaltela.pt\/","name":"Portal Tela Portugal","description":"","potentialAction":[{"@type":"SearchAction","target":{"@type":"EntryPoint","urlTemplate":"https:\/\/portaltela.pt\/?s={search_term_string}"},"query-input":{"@type":"PropertyValueSpecification","valueRequired":true,"valueName":"search_term_string"}}],"inLanguage":"pt-PT"},{"@type":"Person","@id":"https:\/\/portaltela.pt\/#\/schema\/person\/c4278d4a6028830caff9ee44b42d32ed","name":"Telinha","image":{"@type":"ImageObject","inLanguage":"pt-PT","@id":"https:\/\/portaltela.pt\/s.01k8rhncp4jt1\/2025\/11\/talking-bot-125x125.png","url":"https:\/\/portaltela.pt\/s.01k8rhncp4jt1\/2025\/11\/talking-bot-125x125.png","contentUrl":"https:\/\/portaltela.pt\/s.01k8rhncp4jt1\/2025\/11\/talking-bot-125x125.png","caption":"Telinha"},"sameAs":["https:\/\/portaltela.pt\/"],"url":"https:\/\/portaltela.pt\/por\/367410592786\/"}]}},"_links":{"self":[{"href":"https:\/\/portaltela.pt\/api\/wp\/v2\/posts\/446271","targetHints":{"allow":["GET"]}}],"collection":[{"href":"https:\/\/portaltela.pt\/api\/wp\/v2\/posts"}],"about":[{"href":"https:\/\/portaltela.pt\/api\/wp\/v2\/types\/post"}],"author":[{"embeddable":true,"href":"https:\/\/portaltela.pt\/api\/wp\/v2\/users\/2"}],"replies":[{"embeddable":true,"href":"https:\/\/portaltela.pt\/api\/wp\/v2\/comments?post=446271"}],"version-history":[{"count":0,"href":"https:\/\/portaltela.pt\/api\/wp\/v2\/posts\/446271\/revisions"}],"wp:featuredmedia":[{"embeddable":true,"href":"https:\/\/portaltela.pt\/api\/wp\/v2\/media\/446281"}],"wp:attachment":[{"href":"https:\/\/portaltela.pt\/api\/wp\/v2\/media?parent=446271"}],"wp:term":[{"taxonomy":"category","embeddable":true,"href":"https:\/\/portaltela.pt\/api\/wp\/v2\/categories?post=446271"},{"taxonomy":"post_tag","embeddable":true,"href":"https:\/\/portaltela.pt\/api\/wp\/v2\/tags?post=446271"}],"curies":[{"name":"wp","href":"https:\/\/api.w.org\/{rel}","templated":true}]}}