{"id":446257,"date":"2026-04-16T08:16:54","date_gmt":"2026-04-16T11:16:54","guid":{"rendered":"https:\/\/portaltela.pt\/noticias\/2026\/04\/16\/comissao-europeia-usa-poderes-se-estatutos-da-lusa-nao-cumprirem-regras-da-ue\/"},"modified":"2026-04-16T08:16:54","modified_gmt":"2026-04-16T11:16:54","slug":"comissao-europeia-usa-poderes-se-estatutos-da-lusa-nao-cumprirem-regras-da-ue","status":"publish","type":"post","link":"https:\/\/portaltela.pt\/noticias\/politica\/2026\/04\/16\/comissao-europeia-usa-poderes-se-estatutos-da-lusa-nao-cumprirem-regras-da-ue\/","title":{"rendered":"Comiss\u00e3o Europeia usa poderes se estatutos da Lusa n\u00e3o cumprirem regras da UE"},"content":{"rendered":"<p>A Comiss\u00e3o Europeia avan\u00e7ou que utilizar\u00e1 os seus poderes se os estatutos da Lusa n\u00e3o cumprirem as regras da Uni\u00e3o Europeia. A posi\u00e7\u00e3o foi apresentada sem data espec\u00edfica para a aplica\u00e7\u00e3o, em resposta a quest\u00f5es sobre a conformidade normativa da ag\u00eancia de not\u00edcias portuguesa.<\/p>\n<p>Os protagonistas envolvidos s\u00e3o a Comiss\u00e3o Europeia e a pr\u00f3pria Lusa. A not\u00edcia indica que a EU poder\u00e1 agir caso haja incumprimentos, mas n\u00e3o foram divulgados pormenores adicionais sobre os instrumentos ou prazos.<\/p>\n<p>N\u00e3o h\u00e1 confirma\u00e7\u00e3o de localiza\u00e7\u00e3o exata da opera\u00e7\u00e3o, ainda que o foco permane\u00e7a na conformidade com as normas da UE. O objetivo \u00e9 assegurar que o estatuto da Lusa respeite os padr\u00f5es europeus aplic\u00e1veis.<\/p>\n<p>O texto completo n\u00e3o est\u00e1 dispon\u00edvel publicamente neste momento. Informa\u00e7\u00f5es complementares devem nascer de fontes oficiais da UE e da Lusa, com credita\u00e7\u00e3o adequada.<\/p>\n","protected":false},"excerpt":{"rendered":"<ul>\n<li>A Comiss\u00e3o Europeia usar\u00e1 poderes se os estatutos da Lusa n\u00e3o cumprirem regras da UE.<\/li>\n<li>O conte\u00fado completo est\u00e1 dispon\u00edvel apenas para subscritores.<\/li>\n<li>O material apresentado n\u00e3o inclui detalhes adicionais no momento.<\/li>\n<li>O tema envolve o cumprimento de normas da Uni\u00e3o Europeia aplic\u00e1veis aos meios de comunica\u00e7\u00e3o social.<\/li>\n<\/ul>\n","protected":false},"author":2,"featured_media":446259,"comment_status":"closed","ping_status":"closed","sticky":false,"template":"","format":"standard","meta":{"footnotes":""},"categories":[6912,5],"tags":[1638,2487,5563,8667,2055],"class_list":["post-446257","post","type-post","status-publish","format-standard","has-post-thumbnail","hentry","category-internacionais","category-politica","tag-comissao-europeia","tag-europa","tag-informacao-publica","tag-lusa","tag-uniao-europeia"],"yoast_head":"<!-- This site is optimized with the Yoast SEO plugin v27.2 - https:\/\/yoast.com\/product\/yoast-seo-wordpress\/ -->\n<title>Comiss\u00e3o Europeia usa poderes se estatutos da Lusa n\u00e3o cumprirem regras da UE - Portal Tela Portugal<\/title>\n<meta name=\"robots\" content=\"index, follow, max-snippet:-1, max-image-preview:large, max-video-preview:-1\" \/>\n<meta property=\"og:locale\" content=\"pt_PT\" \/>\n<meta property=\"og:type\" content=\"article\" \/>\n<meta property=\"og:title\" content=\"Comiss\u00e3o Europeia usa poderes se estatutos da Lusa n\u00e3o cumprirem regras da UE - Portal Tela Portugal\" \/>\n<meta property=\"og:description\" content=\"A Comiss\u00e3o Europeia usar\u00e1 poderes se os estatutos da Lusa n\u00e3o cumprirem regras da UE. O conte\u00fado completo est\u00e1 dispon\u00edvel apenas para subscritores. O material apresentado n\u00e3o inclui detalhes adicionais no momento. O tema envolve o cumprimento de normas da Uni\u00e3o Europeia aplic\u00e1veis aos meios de comunica\u00e7\u00e3o social.\" \/>\n<meta property=\"og:url\" content=\"https:\/\/portaltela.pt\/noticias\/2026\/04\/16\/comissao-europeia-usa-poderes-se-estatutos-da-lusa-nao-cumprirem-regras-da-ue\/\" \/>\n<meta property=\"og:site_name\" content=\"Portal Tela Portugal\" \/>\n<meta property=\"article:published_time\" content=\"2026-04-16T11:16:54+00:00\" \/>\n<meta name=\"author\" content=\"Telinha\" \/>\n<meta name=\"twitter:card\" content=\"summary_large_image\" \/>\n<meta name=\"twitter:label1\" content=\"Escrito por\" \/>\n\t<meta name=\"twitter:data1\" content=\"Telinha\" \/>\n\t<meta name=\"twitter:label2\" content=\"Tempo estimado de leitura\" \/>\n\t<meta name=\"twitter:data2\" content=\"1 minuto\" \/>\n<script type=\"application\/ld+json\" class=\"yoast-schema-graph\">{\"@context\":\"https:\/\/schema.org\",\"@graph\":[{\"@type\":\"Article\",\"@id\":\"https:\/\/portaltela.pt\/noticias\/2026\/04\/16\/comissao-europeia-usa-poderes-se-estatutos-da-lusa-nao-cumprirem-regras-da-ue\/#article\",\"isPartOf\":{\"@id\":\"https:\/\/portaltela.pt\/noticias\/2026\/04\/16\/comissao-europeia-usa-poderes-se-estatutos-da-lusa-nao-cumprirem-regras-da-ue\/\"},\"author\":{\"name\":\"Telinha\",\"@id\":\"https:\/\/portaltela.pt\/#\/schema\/person\/c4278d4a6028830caff9ee44b42d32ed\"},\"headline\":\"Comiss\u00e3o Europeia usa poderes se estatutos da Lusa n\u00e3o cumprirem regras da UE\",\"datePublished\":\"2026-04-16T11:16:54+00:00\",\"mainEntityOfPage\":{\"@id\":\"https:\/\/portaltela.pt\/noticias\/2026\/04\/16\/comissao-europeia-usa-poderes-se-estatutos-da-lusa-nao-cumprirem-regras-da-ue\/\"},\"wordCount\":175,\"image\":{\"@id\":\"https:\/\/portaltela.pt\/noticias\/2026\/04\/16\/comissao-europeia-usa-poderes-se-estatutos-da-lusa-nao-cumprirem-regras-da-ue\/#primaryimage\"},\"thumbnailUrl\":\"https:\/\/portaltela.pt\/s.01k8rhncp4jt1\/2026\/04\/CACHE_780X1200_ANALOG_WATERMARKED_26397625_2275864_12112020053005.jpg\",\"keywords\":[\"Comiss\u00e3o Europeia\",\"Europa\",\"informa\u00e7\u00e3o p\u00fablica\",\"Lusa\",\"Uni\u00e3o Europeia\"],\"articleSection\":[\"Internacionais\",\"Pol\u00edtica\"],\"inLanguage\":\"pt-PT\"},{\"@type\":\"WebPage\",\"@id\":\"https:\/\/portaltela.pt\/noticias\/2026\/04\/16\/comissao-europeia-usa-poderes-se-estatutos-da-lusa-nao-cumprirem-regras-da-ue\/\",\"url\":\"https:\/\/portaltela.pt\/noticias\/2026\/04\/16\/comissao-europeia-usa-poderes-se-estatutos-da-lusa-nao-cumprirem-regras-da-ue\/\",\"name\":\"Comiss\u00e3o Europeia usa poderes se estatutos da Lusa n\u00e3o cumprirem regras da UE - Portal Tela Portugal\",\"isPartOf\":{\"@id\":\"https:\/\/portaltela.pt\/#website\"},\"primaryImageOfPage\":{\"@id\":\"https:\/\/portaltela.pt\/noticias\/2026\/04\/16\/comissao-europeia-usa-poderes-se-estatutos-da-lusa-nao-cumprirem-regras-da-ue\/#primaryimage\"},\"image\":{\"@id\":\"https:\/\/portaltela.pt\/noticias\/2026\/04\/16\/comissao-europeia-usa-poderes-se-estatutos-da-lusa-nao-cumprirem-regras-da-ue\/#primaryimage\"},\"thumbnailUrl\":\"https:\/\/portaltela.pt\/s.01k8rhncp4jt1\/2026\/04\/CACHE_780X1200_ANALOG_WATERMARKED_26397625_2275864_12112020053005.jpg\",\"datePublished\":\"2026-04-16T11:16:54+00:00\",\"author\":{\"@id\":\"https:\/\/portaltela.pt\/#\/schema\/person\/c4278d4a6028830caff9ee44b42d32ed\"},\"breadcrumb\":{\"@id\":\"https:\/\/portaltela.pt\/noticias\/2026\/04\/16\/comissao-europeia-usa-poderes-se-estatutos-da-lusa-nao-cumprirem-regras-da-ue\/#breadcrumb\"},\"inLanguage\":\"pt-PT\",\"potentialAction\":[{\"@type\":\"ReadAction\",\"target\":[\"https:\/\/portaltela.pt\/noticias\/2026\/04\/16\/comissao-europeia-usa-poderes-se-estatutos-da-lusa-nao-cumprirem-regras-da-ue\/\"]}]},{\"@type\":\"ImageObject\",\"inLanguage\":\"pt-PT\",\"@id\":\"https:\/\/portaltela.pt\/noticias\/2026\/04\/16\/comissao-europeia-usa-poderes-se-estatutos-da-lusa-nao-cumprirem-regras-da-ue\/#primaryimage\",\"url\":\"https:\/\/portaltela.pt\/s.01k8rhncp4jt1\/2026\/04\/CACHE_780X1200_ANALOG_WATERMARKED_26397625_2275864_12112020053005.jpg\",\"contentUrl\":\"https:\/\/portaltela.pt\/s.01k8rhncp4jt1\/2026\/04\/CACHE_780X1200_ANALOG_WATERMARKED_26397625_2275864_12112020053005.jpg\",\"width\":796,\"height\":448,\"caption\":\"Comiss\u00e3o Europeia usar\u00e1 poderes se estatutos da Lusa n\u00e3o cumprirem regras da UE\"},{\"@type\":\"BreadcrumbList\",\"@id\":\"https:\/\/portaltela.pt\/noticias\/2026\/04\/16\/comissao-europeia-usa-poderes-se-estatutos-da-lusa-nao-cumprirem-regras-da-ue\/#breadcrumb\",\"itemListElement\":[{\"@type\":\"ListItem\",\"position\":1,\"name\":\"In\u00edcio\",\"item\":\"https:\/\/portaltela.pt\/\"},{\"@type\":\"ListItem\",\"position\":2,\"name\":\"Comiss\u00e3o Europeia usa poderes se estatutos da Lusa n\u00e3o cumprirem regras da UE\"}]},{\"@type\":\"WebSite\",\"@id\":\"https:\/\/portaltela.pt\/#website\",\"url\":\"https:\/\/portaltela.pt\/\",\"name\":\"Portal Tela Portugal\",\"description\":\"\",\"potentialAction\":[{\"@type\":\"SearchAction\",\"target\":{\"@type\":\"EntryPoint\",\"urlTemplate\":\"https:\/\/portaltela.pt\/?s={search_term_string}\"},\"query-input\":{\"@type\":\"PropertyValueSpecification\",\"valueRequired\":true,\"valueName\":\"search_term_string\"}}],\"inLanguage\":\"pt-PT\"},{\"@type\":\"Person\",\"@id\":\"https:\/\/portaltela.pt\/#\/schema\/person\/c4278d4a6028830caff9ee44b42d32ed\",\"name\":\"Telinha\",\"image\":{\"@type\":\"ImageObject\",\"inLanguage\":\"pt-PT\",\"@id\":\"https:\/\/portaltela.pt\/s.01k8rhncp4jt1\/2025\/11\/talking-bot-125x125.png\",\"url\":\"https:\/\/portaltela.pt\/s.01k8rhncp4jt1\/2025\/11\/talking-bot-125x125.png\",\"contentUrl\":\"https:\/\/portaltela.pt\/s.01k8rhncp4jt1\/2025\/11\/talking-bot-125x125.png\",\"caption\":\"Telinha\"},\"sameAs\":[\"https:\/\/portaltela.pt\/\"],\"url\":\"https:\/\/portaltela.pt\/por\/367410592786\/\"}]}<\/script>\n<!-- \/ Yoast SEO plugin. -->","yoast_head_json":{"title":"Comiss\u00e3o Europeia usa poderes se estatutos da Lusa n\u00e3o cumprirem regras da UE - Portal Tela Portugal","robots":{"index":"index","follow":"follow","max-snippet":"max-snippet:-1","max-image-preview":"max-image-preview:large","max-video-preview":"max-video-preview:-1"},"og_locale":"pt_PT","og_type":"article","og_title":"Comiss\u00e3o Europeia usa poderes se estatutos da Lusa n\u00e3o cumprirem regras da UE - Portal Tela Portugal","og_description":"A Comiss\u00e3o Europeia usar\u00e1 poderes se os estatutos da Lusa n\u00e3o cumprirem regras da UE. O conte\u00fado completo est\u00e1 dispon\u00edvel apenas para subscritores. O material apresentado n\u00e3o inclui detalhes adicionais no momento. O tema envolve o cumprimento de normas da Uni\u00e3o Europeia aplic\u00e1veis aos meios de comunica\u00e7\u00e3o social.","og_url":"https:\/\/portaltela.pt\/noticias\/2026\/04\/16\/comissao-europeia-usa-poderes-se-estatutos-da-lusa-nao-cumprirem-regras-da-ue\/","og_site_name":"Portal Tela Portugal","article_published_time":"2026-04-16T11:16:54+00:00","author":"Telinha","twitter_card":"summary_large_image","twitter_misc":{"Escrito por":"Telinha","Tempo estimado de leitura":"1 minuto"},"schema":{"@context":"https:\/\/schema.org","@graph":[{"@type":"Article","@id":"https:\/\/portaltela.pt\/noticias\/2026\/04\/16\/comissao-europeia-usa-poderes-se-estatutos-da-lusa-nao-cumprirem-regras-da-ue\/#article","isPartOf":{"@id":"https:\/\/portaltela.pt\/noticias\/2026\/04\/16\/comissao-europeia-usa-poderes-se-estatutos-da-lusa-nao-cumprirem-regras-da-ue\/"},"author":{"name":"Telinha","@id":"https:\/\/portaltela.pt\/#\/schema\/person\/c4278d4a6028830caff9ee44b42d32ed"},"headline":"Comiss\u00e3o Europeia usa poderes se estatutos da Lusa n\u00e3o cumprirem regras da UE","datePublished":"2026-04-16T11:16:54+00:00","mainEntityOfPage":{"@id":"https:\/\/portaltela.pt\/noticias\/2026\/04\/16\/comissao-europeia-usa-poderes-se-estatutos-da-lusa-nao-cumprirem-regras-da-ue\/"},"wordCount":175,"image":{"@id":"https:\/\/portaltela.pt\/noticias\/2026\/04\/16\/comissao-europeia-usa-poderes-se-estatutos-da-lusa-nao-cumprirem-regras-da-ue\/#primaryimage"},"thumbnailUrl":"https:\/\/portaltela.pt\/s.01k8rhncp4jt1\/2026\/04\/CACHE_780X1200_ANALOG_WATERMARKED_26397625_2275864_12112020053005.jpg","keywords":["Comiss\u00e3o Europeia","Europa","informa\u00e7\u00e3o p\u00fablica","Lusa","Uni\u00e3o Europeia"],"articleSection":["Internacionais","Pol\u00edtica"],"inLanguage":"pt-PT"},{"@type":"WebPage","@id":"https:\/\/portaltela.pt\/noticias\/2026\/04\/16\/comissao-europeia-usa-poderes-se-estatutos-da-lusa-nao-cumprirem-regras-da-ue\/","url":"https:\/\/portaltela.pt\/noticias\/2026\/04\/16\/comissao-europeia-usa-poderes-se-estatutos-da-lusa-nao-cumprirem-regras-da-ue\/","name":"Comiss\u00e3o Europeia usa poderes se estatutos da Lusa n\u00e3o cumprirem regras da UE - Portal Tela Portugal","isPartOf":{"@id":"https:\/\/portaltela.pt\/#website"},"primaryImageOfPage":{"@id":"https:\/\/portaltela.pt\/noticias\/2026\/04\/16\/comissao-europeia-usa-poderes-se-estatutos-da-lusa-nao-cumprirem-regras-da-ue\/#primaryimage"},"image":{"@id":"https:\/\/portaltela.pt\/noticias\/2026\/04\/16\/comissao-europeia-usa-poderes-se-estatutos-da-lusa-nao-cumprirem-regras-da-ue\/#primaryimage"},"thumbnailUrl":"https:\/\/portaltela.pt\/s.01k8rhncp4jt1\/2026\/04\/CACHE_780X1200_ANALOG_WATERMARKED_26397625_2275864_12112020053005.jpg","datePublished":"2026-04-16T11:16:54+00:00","author":{"@id":"https:\/\/portaltela.pt\/#\/schema\/person\/c4278d4a6028830caff9ee44b42d32ed"},"breadcrumb":{"@id":"https:\/\/portaltela.pt\/noticias\/2026\/04\/16\/comissao-europeia-usa-poderes-se-estatutos-da-lusa-nao-cumprirem-regras-da-ue\/#breadcrumb"},"inLanguage":"pt-PT","potentialAction":[{"@type":"ReadAction","target":["https:\/\/portaltela.pt\/noticias\/2026\/04\/16\/comissao-europeia-usa-poderes-se-estatutos-da-lusa-nao-cumprirem-regras-da-ue\/"]}]},{"@type":"ImageObject","inLanguage":"pt-PT","@id":"https:\/\/portaltela.pt\/noticias\/2026\/04\/16\/comissao-europeia-usa-poderes-se-estatutos-da-lusa-nao-cumprirem-regras-da-ue\/#primaryimage","url":"https:\/\/portaltela.pt\/s.01k8rhncp4jt1\/2026\/04\/CACHE_780X1200_ANALOG_WATERMARKED_26397625_2275864_12112020053005.jpg","contentUrl":"https:\/\/portaltela.pt\/s.01k8rhncp4jt1\/2026\/04\/CACHE_780X1200_ANALOG_WATERMARKED_26397625_2275864_12112020053005.jpg","width":796,"height":448,"caption":"Comiss\u00e3o Europeia usar\u00e1 poderes se estatutos da Lusa n\u00e3o cumprirem regras da UE"},{"@type":"BreadcrumbList","@id":"https:\/\/portaltela.pt\/noticias\/2026\/04\/16\/comissao-europeia-usa-poderes-se-estatutos-da-lusa-nao-cumprirem-regras-da-ue\/#breadcrumb","itemListElement":[{"@type":"ListItem","position":1,"name":"In\u00edcio","item":"https:\/\/portaltela.pt\/"},{"@type":"ListItem","position":2,"name":"Comiss\u00e3o Europeia usa poderes se estatutos da Lusa n\u00e3o cumprirem regras da UE"}]},{"@type":"WebSite","@id":"https:\/\/portaltela.pt\/#website","url":"https:\/\/portaltela.pt\/","name":"Portal Tela Portugal","description":"","potentialAction":[{"@type":"SearchAction","target":{"@type":"EntryPoint","urlTemplate":"https:\/\/portaltela.pt\/?s={search_term_string}"},"query-input":{"@type":"PropertyValueSpecification","valueRequired":true,"valueName":"search_term_string"}}],"inLanguage":"pt-PT"},{"@type":"Person","@id":"https:\/\/portaltela.pt\/#\/schema\/person\/c4278d4a6028830caff9ee44b42d32ed","name":"Telinha","image":{"@type":"ImageObject","inLanguage":"pt-PT","@id":"https:\/\/portaltela.pt\/s.01k8rhncp4jt1\/2025\/11\/talking-bot-125x125.png","url":"https:\/\/portaltela.pt\/s.01k8rhncp4jt1\/2025\/11\/talking-bot-125x125.png","contentUrl":"https:\/\/portaltela.pt\/s.01k8rhncp4jt1\/2025\/11\/talking-bot-125x125.png","caption":"Telinha"},"sameAs":["https:\/\/portaltela.pt\/"],"url":"https:\/\/portaltela.pt\/por\/367410592786\/"}]}},"_links":{"self":[{"href":"https:\/\/portaltela.pt\/api\/wp\/v2\/posts\/446257","targetHints":{"allow":["GET"]}}],"collection":[{"href":"https:\/\/portaltela.pt\/api\/wp\/v2\/posts"}],"about":[{"href":"https:\/\/portaltela.pt\/api\/wp\/v2\/types\/post"}],"author":[{"embeddable":true,"href":"https:\/\/portaltela.pt\/api\/wp\/v2\/users\/2"}],"replies":[{"embeddable":true,"href":"https:\/\/portaltela.pt\/api\/wp\/v2\/comments?post=446257"}],"version-history":[{"count":0,"href":"https:\/\/portaltela.pt\/api\/wp\/v2\/posts\/446257\/revisions"}],"wp:featuredmedia":[{"embeddable":true,"href":"https:\/\/portaltela.pt\/api\/wp\/v2\/media\/446259"}],"wp:attachment":[{"href":"https:\/\/portaltela.pt\/api\/wp\/v2\/media?parent=446257"}],"wp:term":[{"taxonomy":"category","embeddable":true,"href":"https:\/\/portaltela.pt\/api\/wp\/v2\/categories?post=446257"},{"taxonomy":"post_tag","embeddable":true,"href":"https:\/\/portaltela.pt\/api\/wp\/v2\/tags?post=446257"}],"curies":[{"name":"wp","href":"https:\/\/api.w.org\/{rel}","templated":true}]}}