{"id":446253,"date":"2026-04-16T08:02:58","date_gmt":"2026-04-16T11:02:58","guid":{"rendered":"https:\/\/portaltela.pt\/noticias\/2026\/04\/16\/especialistas-lamentam-que-reabilitacao-respiratoria-chegue-a-apenas-1-dos-doentes\/"},"modified":"2026-04-16T08:02:58","modified_gmt":"2026-04-16T11:02:58","slug":"especialistas-lamentam-que-reabilitacao-respiratoria-chegue-a-apenas-1-dos-doentes","status":"publish","type":"post","link":"https:\/\/portaltela.pt\/saude\/2026\/04\/16\/especialistas-lamentam-que-reabilitacao-respiratoria-chegue-a-apenas-1-dos-doentes\/","title":{"rendered":"Especialistas lamentam que reabilita\u00e7\u00e3o respirat\u00f3ria chegue a apenas 1% dos doentes"},"content":{"rendered":"<p>A Sociedade Portuguesa de Pneumologia (SPP) alerta que a reabilita\u00e7\u00e3o respirat\u00f3ria est\u00e1 dispon\u00edvel para apenas 1% dos doentes. O objetivo \u00e9 ampliar o acesso, especialmente para pacientes com Doen\u00e7a Pulmonar Obstrutiva Cr\u00f3nica (DPOC) est\u00e1vel ou em crise, reduzindo a sobrecarga nas urg\u00eancias.<\/p>\n<p>A SPP defende que estes programas, que incluem exerc\u00edcios, t\u00e9cnicas respirat\u00f3rias e apoio \u00e0 mudan\u00e7a de comportamentos, saiam dos hospitais e avancem para os cuidados prim\u00e1rios, redes comunit\u00e1rias e domicilio. A ideia \u00e9 facilitar o acesso por meio de forma\u00e7\u00e3o disseminada e articula\u00e7\u00e3o com centros especializados.<\/p>\n<h3>Proposta para ampliar o acesso<\/h3>\n<p>Carlos Figueiredo, integrante do grupo de trabalho da Reabilita\u00e7\u00e3o Respirat\u00f3ria da SPP, sublinha que o modelo atual est\u00e1 centrado em unidades especializadas. A recomenda\u00e7\u00e3o \u00e9 estruturar a reabilita\u00e7\u00e3o nos servi\u00e7os de sa\u00fade prim\u00e1rios, redes comunit\u00e1rias e domic\u00edlios, com coopera\u00e7\u00e3o com hospitais e centros de investiga\u00e7\u00e3o.<\/p>\n<p>A interven\u00e7\u00e3o pode aumentar a ades\u00e3o e sustentabilidade dos programas, mantendo a qualidade com forma\u00e7\u00e3o adequada. Os benef\u00edcios citados incluem melhoria de sintomas, maior capacidade de exerc\u00edcio e qualidade de vida, bem como redu\u00e7\u00e3o de exacerba\u00e7\u00f5es e idas a urg\u00eancias.<\/p>\n<h3>Benef\u00edcios e \u00e2mbito cl\u00ednico<\/h3>\n<p>Al\u00e9m de reduzir interna\u00e7\u00f5es e visitas de urg\u00eancia, a reabilita\u00e7\u00e3o est\u00e1 associada a menor absenteeismo laboral e escolar. Algumas evid\u00eancias apontam ainda para efeitos positivos na mortalidade, segundo o grupo de trabalho da SPP.<\/p>\n<p>O programa envolve treino aer\u00f3bico, fortalecimento, t\u00e9cnicas respirat\u00f3rias, educa\u00e7\u00e3o e apoio a h\u00e1bitos saud\u00e1veis, incluindo aconselhamento nutricional. A SPP alega evid\u00eancia robusta de benef\u00edcio para a DPOC est\u00e1vel ou em crise, e resultados promissores noutras doen\u00e7as respirat\u00f3rias cr\u00f3nicas.<\/p>\n<h3>Contexto e jornalismo de sa\u00fade<\/h3>\n<p>A SPP emitiu o comunicado para o Dia Nacional da Reabilita\u00e7\u00e3o Respirat\u00f3ria, que se assinala a 21 de abril, destacando impactos no doente internado \u2014 desde enfermaria at\u00e9 cuidados intensivos \u2014 e a evolu\u00e7\u00e3o cl\u00ednica associada \u00e0 reabilita\u00e7\u00e3o.<\/p>\n","protected":false},"excerpt":{"rendered":"<ul>\n<li>A reabilita\u00e7\u00e3o respirat\u00f3ria est\u00e1 dispon\u00edvel para apenas 1% dos doentes, secondo a Sociedade Portuguesa de Pneumologia (SPP).<\/li>\n<li>A SPP defende o alargamento aos centros de sa\u00fade e ao domic\u00edlio, saindo do hospital para cuidados prim\u00e1rios, redes comunit\u00e1rias e casa.<\/li>\n<li>Os benef\u00edcios incluem melhoria de sintomas, qualidade de vida, maior capacidade de exerc\u00edcio e redu\u00e7\u00e3o de exacerba\u00e7\u00f5es, interna\u00e7\u00f5es e absentismo.<\/li>\n<li>O programa envolve exerc\u00edcios, t\u00e9cnicas respirat\u00f3rias, educa\u00e7\u00e3o, apoio a comportamentos saud\u00e1veis e apoio nutricional, com evid\u00eancia robusta, especialmente na Doen\u00e7a Pulmonar Obstrutiva Cr\u00f3nica (DPOC).<\/li>\n<li>O comunicado foi divulgado no Dia Nacional da Reabilita\u00e7\u00e3o Respirat\u00f3ria, a 21 de abril, e assinala melhorias na evolu\u00e7\u00e3o cl\u00ednica do doente internado, desde enfermaria at\u00e9 cuidados intensivos.<\/li>\n<\/ul>\n","protected":false},"author":2,"featured_media":446255,"comment_status":"closed","ping_status":"closed","sticky":false,"template":"","format":"standard","meta":{"footnotes":""},"categories":[7371,6745],"tags":[7187,5087,2581,172,1899],"class_list":["post-446253","post","type-post","status-publish","format-standard","has-post-thumbnail","hentry","category-medicina","category-saude","tag-doencas-respiratorias","tag-educacao-para-a-saude","tag-hospitais","tag-saude","tag-urgencias"],"yoast_head":"<!-- This site is optimized with the Yoast SEO plugin v27.2 - https:\/\/yoast.com\/product\/yoast-seo-wordpress\/ -->\n<title>Especialistas lamentam que reabilita\u00e7\u00e3o respirat\u00f3ria chegue a apenas 1% dos doentes - Portal Tela Portugal<\/title>\n<meta name=\"robots\" content=\"index, follow, max-snippet:-1, max-image-preview:large, max-video-preview:-1\" \/>\n<meta property=\"og:locale\" content=\"pt_PT\" \/>\n<meta property=\"og:type\" content=\"article\" \/>\n<meta property=\"og:title\" content=\"Especialistas lamentam que reabilita\u00e7\u00e3o respirat\u00f3ria chegue a apenas 1% dos doentes - Portal Tela Portugal\" \/>\n<meta property=\"og:description\" content=\"A reabilita\u00e7\u00e3o respirat\u00f3ria est\u00e1 dispon\u00edvel para apenas 1% dos doentes, secondo a Sociedade Portuguesa de Pneumologia (SPP). A SPP defende o alargamento aos centros de sa\u00fade e ao domic\u00edlio, saindo do hospital para cuidados prim\u00e1rios, redes comunit\u00e1rias e casa. Os benef\u00edcios incluem melhoria de sintomas, qualidade de vida, maior capacidade de exerc\u00edcio e redu\u00e7\u00e3o de exacerba\u00e7\u00f5es, interna\u00e7\u00f5es e absentismo. O programa envolve exerc\u00edcios, t\u00e9cnicas respirat\u00f3rias, educa\u00e7\u00e3o, apoio a comportamentos saud\u00e1veis e apoio nutricional, com evid\u00eancia robusta, especialmente na Doen\u00e7a Pulmonar Obstrutiva Cr\u00f3nica (DPOC). O comunicado foi divulgado no Dia Nacional da Reabilita\u00e7\u00e3o Respirat\u00f3ria, a 21 de abril, e assinala melhorias na evolu\u00e7\u00e3o cl\u00ednica do doente internado, desde enfermaria at\u00e9 cuidados intensivos.\" \/>\n<meta property=\"og:url\" content=\"https:\/\/portaltela.pt\/noticias\/2026\/04\/16\/especialistas-lamentam-que-reabilitacao-respiratoria-chegue-a-apenas-1-dos-doentes\/\" \/>\n<meta property=\"og:site_name\" content=\"Portal Tela Portugal\" \/>\n<meta property=\"article:published_time\" content=\"2026-04-16T11:02:58+00:00\" \/>\n<meta name=\"author\" content=\"Telinha\" \/>\n<meta name=\"twitter:card\" content=\"summary_large_image\" \/>\n<meta name=\"twitter:label1\" content=\"Escrito por\" \/>\n\t<meta name=\"twitter:data1\" content=\"Telinha\" \/>\n\t<meta name=\"twitter:label2\" content=\"Tempo estimado de leitura\" \/>\n\t<meta name=\"twitter:data2\" content=\"2 minutos\" \/>\n<script type=\"application\/ld+json\" class=\"yoast-schema-graph\">{\"@context\":\"https:\/\/schema.org\",\"@graph\":[{\"@type\":\"Article\",\"@id\":\"https:\/\/portaltela.pt\/noticias\/2026\/04\/16\/especialistas-lamentam-que-reabilitacao-respiratoria-chegue-a-apenas-1-dos-doentes\/#article\",\"isPartOf\":{\"@id\":\"https:\/\/portaltela.pt\/noticias\/2026\/04\/16\/especialistas-lamentam-que-reabilitacao-respiratoria-chegue-a-apenas-1-dos-doentes\/\"},\"author\":{\"name\":\"Telinha\",\"@id\":\"https:\/\/portaltela.pt\/#\/schema\/person\/c4278d4a6028830caff9ee44b42d32ed\"},\"headline\":\"Especialistas lamentam que reabilita\u00e7\u00e3o respirat\u00f3ria chegue a apenas 1% dos doentes\",\"datePublished\":\"2026-04-16T11:02:58+00:00\",\"mainEntityOfPage\":{\"@id\":\"https:\/\/portaltela.pt\/noticias\/2026\/04\/16\/especialistas-lamentam-que-reabilitacao-respiratoria-chegue-a-apenas-1-dos-doentes\/\"},\"wordCount\":359,\"image\":{\"@id\":\"https:\/\/portaltela.pt\/noticias\/2026\/04\/16\/especialistas-lamentam-que-reabilitacao-respiratoria-chegue-a-apenas-1-dos-doentes\/#primaryimage\"},\"thumbnailUrl\":\"https:\/\/portaltela.pt\/s.01k8rhncp4jt1\/2026\/04\/img_1500x1000uu2019-01-25-21-38-39-816008.jpg\",\"keywords\":[\"Doen\u00e7as respirat\u00f3rias\",\"educa\u00e7\u00e3o para a sa\u00fade\",\"hospitais\",\"sa\u00fade\",\"urg\u00eancias\"],\"articleSection\":[\"Medicina\",\"Sa\u00fade\"],\"inLanguage\":\"pt-PT\"},{\"@type\":\"WebPage\",\"@id\":\"https:\/\/portaltela.pt\/noticias\/2026\/04\/16\/especialistas-lamentam-que-reabilitacao-respiratoria-chegue-a-apenas-1-dos-doentes\/\",\"url\":\"https:\/\/portaltela.pt\/noticias\/2026\/04\/16\/especialistas-lamentam-que-reabilitacao-respiratoria-chegue-a-apenas-1-dos-doentes\/\",\"name\":\"Especialistas lamentam que reabilita\u00e7\u00e3o respirat\u00f3ria chegue a apenas 1% dos doentes - Portal Tela Portugal\",\"isPartOf\":{\"@id\":\"https:\/\/portaltela.pt\/#website\"},\"primaryImageOfPage\":{\"@id\":\"https:\/\/portaltela.pt\/noticias\/2026\/04\/16\/especialistas-lamentam-que-reabilitacao-respiratoria-chegue-a-apenas-1-dos-doentes\/#primaryimage\"},\"image\":{\"@id\":\"https:\/\/portaltela.pt\/noticias\/2026\/04\/16\/especialistas-lamentam-que-reabilitacao-respiratoria-chegue-a-apenas-1-dos-doentes\/#primaryimage\"},\"thumbnailUrl\":\"https:\/\/portaltela.pt\/s.01k8rhncp4jt1\/2026\/04\/img_1500x1000uu2019-01-25-21-38-39-816008.jpg\",\"datePublished\":\"2026-04-16T11:02:58+00:00\",\"author\":{\"@id\":\"https:\/\/portaltela.pt\/#\/schema\/person\/c4278d4a6028830caff9ee44b42d32ed\"},\"breadcrumb\":{\"@id\":\"https:\/\/portaltela.pt\/noticias\/2026\/04\/16\/especialistas-lamentam-que-reabilitacao-respiratoria-chegue-a-apenas-1-dos-doentes\/#breadcrumb\"},\"inLanguage\":\"pt-PT\",\"potentialAction\":[{\"@type\":\"ReadAction\",\"target\":[\"https:\/\/portaltela.pt\/noticias\/2026\/04\/16\/especialistas-lamentam-que-reabilitacao-respiratoria-chegue-a-apenas-1-dos-doentes\/\"]}]},{\"@type\":\"ImageObject\",\"inLanguage\":\"pt-PT\",\"@id\":\"https:\/\/portaltela.pt\/noticias\/2026\/04\/16\/especialistas-lamentam-que-reabilitacao-respiratoria-chegue-a-apenas-1-dos-doentes\/#primaryimage\",\"url\":\"https:\/\/portaltela.pt\/s.01k8rhncp4jt1\/2026\/04\/img_1500x1000uu2019-01-25-21-38-39-816008.jpg\",\"contentUrl\":\"https:\/\/portaltela.pt\/s.01k8rhncp4jt1\/2026\/04\/img_1500x1000uu2019-01-25-21-38-39-816008.jpg\",\"width\":796,\"height\":448,\"caption\":\"Especialistas lamentam que reabilita\u00e7\u00e3o respirat\u00f3ria s\u00f3 chegue a 1% dos doentes\"},{\"@type\":\"BreadcrumbList\",\"@id\":\"https:\/\/portaltela.pt\/noticias\/2026\/04\/16\/especialistas-lamentam-que-reabilitacao-respiratoria-chegue-a-apenas-1-dos-doentes\/#breadcrumb\",\"itemListElement\":[{\"@type\":\"ListItem\",\"position\":1,\"name\":\"In\u00edcio\",\"item\":\"https:\/\/portaltela.pt\/\"},{\"@type\":\"ListItem\",\"position\":2,\"name\":\"Especialistas lamentam que reabilita\u00e7\u00e3o respirat\u00f3ria chegue a apenas 1% dos doentes\"}]},{\"@type\":\"WebSite\",\"@id\":\"https:\/\/portaltela.pt\/#website\",\"url\":\"https:\/\/portaltela.pt\/\",\"name\":\"Portal Tela Portugal\",\"description\":\"\",\"potentialAction\":[{\"@type\":\"SearchAction\",\"target\":{\"@type\":\"EntryPoint\",\"urlTemplate\":\"https:\/\/portaltela.pt\/?s={search_term_string}\"},\"query-input\":{\"@type\":\"PropertyValueSpecification\",\"valueRequired\":true,\"valueName\":\"search_term_string\"}}],\"inLanguage\":\"pt-PT\"},{\"@type\":\"Person\",\"@id\":\"https:\/\/portaltela.pt\/#\/schema\/person\/c4278d4a6028830caff9ee44b42d32ed\",\"name\":\"Telinha\",\"image\":{\"@type\":\"ImageObject\",\"inLanguage\":\"pt-PT\",\"@id\":\"https:\/\/portaltela.pt\/s.01k8rhncp4jt1\/2025\/11\/talking-bot-125x125.png\",\"url\":\"https:\/\/portaltela.pt\/s.01k8rhncp4jt1\/2025\/11\/talking-bot-125x125.png\",\"contentUrl\":\"https:\/\/portaltela.pt\/s.01k8rhncp4jt1\/2025\/11\/talking-bot-125x125.png\",\"caption\":\"Telinha\"},\"sameAs\":[\"https:\/\/portaltela.pt\/\"],\"url\":\"https:\/\/portaltela.pt\/por\/367410592786\/\"}]}<\/script>\n<!-- \/ Yoast SEO plugin. -->","yoast_head_json":{"title":"Especialistas lamentam que reabilita\u00e7\u00e3o respirat\u00f3ria chegue a apenas 1% dos doentes - Portal Tela Portugal","robots":{"index":"index","follow":"follow","max-snippet":"max-snippet:-1","max-image-preview":"max-image-preview:large","max-video-preview":"max-video-preview:-1"},"og_locale":"pt_PT","og_type":"article","og_title":"Especialistas lamentam que reabilita\u00e7\u00e3o respirat\u00f3ria chegue a apenas 1% dos doentes - Portal Tela Portugal","og_description":"A reabilita\u00e7\u00e3o respirat\u00f3ria est\u00e1 dispon\u00edvel para apenas 1% dos doentes, secondo a Sociedade Portuguesa de Pneumologia (SPP). A SPP defende o alargamento aos centros de sa\u00fade e ao domic\u00edlio, saindo do hospital para cuidados prim\u00e1rios, redes comunit\u00e1rias e casa. Os benef\u00edcios incluem melhoria de sintomas, qualidade de vida, maior capacidade de exerc\u00edcio e redu\u00e7\u00e3o de exacerba\u00e7\u00f5es, interna\u00e7\u00f5es e absentismo. O programa envolve exerc\u00edcios, t\u00e9cnicas respirat\u00f3rias, educa\u00e7\u00e3o, apoio a comportamentos saud\u00e1veis e apoio nutricional, com evid\u00eancia robusta, especialmente na Doen\u00e7a Pulmonar Obstrutiva Cr\u00f3nica (DPOC). O comunicado foi divulgado no Dia Nacional da Reabilita\u00e7\u00e3o Respirat\u00f3ria, a 21 de abril, e assinala melhorias na evolu\u00e7\u00e3o cl\u00ednica do doente internado, desde enfermaria at\u00e9 cuidados intensivos.","og_url":"https:\/\/portaltela.pt\/noticias\/2026\/04\/16\/especialistas-lamentam-que-reabilitacao-respiratoria-chegue-a-apenas-1-dos-doentes\/","og_site_name":"Portal Tela Portugal","article_published_time":"2026-04-16T11:02:58+00:00","author":"Telinha","twitter_card":"summary_large_image","twitter_misc":{"Escrito por":"Telinha","Tempo estimado de leitura":"2 minutos"},"schema":{"@context":"https:\/\/schema.org","@graph":[{"@type":"Article","@id":"https:\/\/portaltela.pt\/noticias\/2026\/04\/16\/especialistas-lamentam-que-reabilitacao-respiratoria-chegue-a-apenas-1-dos-doentes\/#article","isPartOf":{"@id":"https:\/\/portaltela.pt\/noticias\/2026\/04\/16\/especialistas-lamentam-que-reabilitacao-respiratoria-chegue-a-apenas-1-dos-doentes\/"},"author":{"name":"Telinha","@id":"https:\/\/portaltela.pt\/#\/schema\/person\/c4278d4a6028830caff9ee44b42d32ed"},"headline":"Especialistas lamentam que reabilita\u00e7\u00e3o respirat\u00f3ria chegue a apenas 1% dos doentes","datePublished":"2026-04-16T11:02:58+00:00","mainEntityOfPage":{"@id":"https:\/\/portaltela.pt\/noticias\/2026\/04\/16\/especialistas-lamentam-que-reabilitacao-respiratoria-chegue-a-apenas-1-dos-doentes\/"},"wordCount":359,"image":{"@id":"https:\/\/portaltela.pt\/noticias\/2026\/04\/16\/especialistas-lamentam-que-reabilitacao-respiratoria-chegue-a-apenas-1-dos-doentes\/#primaryimage"},"thumbnailUrl":"https:\/\/portaltela.pt\/s.01k8rhncp4jt1\/2026\/04\/img_1500x1000uu2019-01-25-21-38-39-816008.jpg","keywords":["Doen\u00e7as respirat\u00f3rias","educa\u00e7\u00e3o para a sa\u00fade","hospitais","sa\u00fade","urg\u00eancias"],"articleSection":["Medicina","Sa\u00fade"],"inLanguage":"pt-PT"},{"@type":"WebPage","@id":"https:\/\/portaltela.pt\/noticias\/2026\/04\/16\/especialistas-lamentam-que-reabilitacao-respiratoria-chegue-a-apenas-1-dos-doentes\/","url":"https:\/\/portaltela.pt\/noticias\/2026\/04\/16\/especialistas-lamentam-que-reabilitacao-respiratoria-chegue-a-apenas-1-dos-doentes\/","name":"Especialistas lamentam que reabilita\u00e7\u00e3o respirat\u00f3ria chegue a apenas 1% dos doentes - Portal Tela Portugal","isPartOf":{"@id":"https:\/\/portaltela.pt\/#website"},"primaryImageOfPage":{"@id":"https:\/\/portaltela.pt\/noticias\/2026\/04\/16\/especialistas-lamentam-que-reabilitacao-respiratoria-chegue-a-apenas-1-dos-doentes\/#primaryimage"},"image":{"@id":"https:\/\/portaltela.pt\/noticias\/2026\/04\/16\/especialistas-lamentam-que-reabilitacao-respiratoria-chegue-a-apenas-1-dos-doentes\/#primaryimage"},"thumbnailUrl":"https:\/\/portaltela.pt\/s.01k8rhncp4jt1\/2026\/04\/img_1500x1000uu2019-01-25-21-38-39-816008.jpg","datePublished":"2026-04-16T11:02:58+00:00","author":{"@id":"https:\/\/portaltela.pt\/#\/schema\/person\/c4278d4a6028830caff9ee44b42d32ed"},"breadcrumb":{"@id":"https:\/\/portaltela.pt\/noticias\/2026\/04\/16\/especialistas-lamentam-que-reabilitacao-respiratoria-chegue-a-apenas-1-dos-doentes\/#breadcrumb"},"inLanguage":"pt-PT","potentialAction":[{"@type":"ReadAction","target":["https:\/\/portaltela.pt\/noticias\/2026\/04\/16\/especialistas-lamentam-que-reabilitacao-respiratoria-chegue-a-apenas-1-dos-doentes\/"]}]},{"@type":"ImageObject","inLanguage":"pt-PT","@id":"https:\/\/portaltela.pt\/noticias\/2026\/04\/16\/especialistas-lamentam-que-reabilitacao-respiratoria-chegue-a-apenas-1-dos-doentes\/#primaryimage","url":"https:\/\/portaltela.pt\/s.01k8rhncp4jt1\/2026\/04\/img_1500x1000uu2019-01-25-21-38-39-816008.jpg","contentUrl":"https:\/\/portaltela.pt\/s.01k8rhncp4jt1\/2026\/04\/img_1500x1000uu2019-01-25-21-38-39-816008.jpg","width":796,"height":448,"caption":"Especialistas lamentam que reabilita\u00e7\u00e3o respirat\u00f3ria s\u00f3 chegue a 1% dos doentes"},{"@type":"BreadcrumbList","@id":"https:\/\/portaltela.pt\/noticias\/2026\/04\/16\/especialistas-lamentam-que-reabilitacao-respiratoria-chegue-a-apenas-1-dos-doentes\/#breadcrumb","itemListElement":[{"@type":"ListItem","position":1,"name":"In\u00edcio","item":"https:\/\/portaltela.pt\/"},{"@type":"ListItem","position":2,"name":"Especialistas lamentam que reabilita\u00e7\u00e3o respirat\u00f3ria chegue a apenas 1% dos doentes"}]},{"@type":"WebSite","@id":"https:\/\/portaltela.pt\/#website","url":"https:\/\/portaltela.pt\/","name":"Portal Tela Portugal","description":"","potentialAction":[{"@type":"SearchAction","target":{"@type":"EntryPoint","urlTemplate":"https:\/\/portaltela.pt\/?s={search_term_string}"},"query-input":{"@type":"PropertyValueSpecification","valueRequired":true,"valueName":"search_term_string"}}],"inLanguage":"pt-PT"},{"@type":"Person","@id":"https:\/\/portaltela.pt\/#\/schema\/person\/c4278d4a6028830caff9ee44b42d32ed","name":"Telinha","image":{"@type":"ImageObject","inLanguage":"pt-PT","@id":"https:\/\/portaltela.pt\/s.01k8rhncp4jt1\/2025\/11\/talking-bot-125x125.png","url":"https:\/\/portaltela.pt\/s.01k8rhncp4jt1\/2025\/11\/talking-bot-125x125.png","contentUrl":"https:\/\/portaltela.pt\/s.01k8rhncp4jt1\/2025\/11\/talking-bot-125x125.png","caption":"Telinha"},"sameAs":["https:\/\/portaltela.pt\/"],"url":"https:\/\/portaltela.pt\/por\/367410592786\/"}]}},"_links":{"self":[{"href":"https:\/\/portaltela.pt\/api\/wp\/v2\/posts\/446253","targetHints":{"allow":["GET"]}}],"collection":[{"href":"https:\/\/portaltela.pt\/api\/wp\/v2\/posts"}],"about":[{"href":"https:\/\/portaltela.pt\/api\/wp\/v2\/types\/post"}],"author":[{"embeddable":true,"href":"https:\/\/portaltela.pt\/api\/wp\/v2\/users\/2"}],"replies":[{"embeddable":true,"href":"https:\/\/portaltela.pt\/api\/wp\/v2\/comments?post=446253"}],"version-history":[{"count":0,"href":"https:\/\/portaltela.pt\/api\/wp\/v2\/posts\/446253\/revisions"}],"wp:featuredmedia":[{"embeddable":true,"href":"https:\/\/portaltela.pt\/api\/wp\/v2\/media\/446255"}],"wp:attachment":[{"href":"https:\/\/portaltela.pt\/api\/wp\/v2\/media?parent=446253"}],"wp:term":[{"taxonomy":"category","embeddable":true,"href":"https:\/\/portaltela.pt\/api\/wp\/v2\/categories?post=446253"},{"taxonomy":"post_tag","embeddable":true,"href":"https:\/\/portaltela.pt\/api\/wp\/v2\/tags?post=446253"}],"curies":[{"name":"wp","href":"https:\/\/api.w.org\/{rel}","templated":true}]}}