{"id":446239,"date":"2026-04-16T08:02:40","date_gmt":"2026-04-16T11:02:40","guid":{"rendered":"https:\/\/portaltela.pt\/noticias\/2026\/04\/16\/andrey-rublev-e-o-quinto-confirmado-no-estoril-open\/"},"modified":"2026-04-16T08:02:40","modified_gmt":"2026-04-16T11:02:40","slug":"andrey-rublev-e-o-quinto-confirmado-no-estoril-open","status":"publish","type":"post","link":"https:\/\/portaltela.pt\/desporto\/futebol\/2026\/04\/16\/andrey-rublev-e-o-quinto-confirmado-no-estoril-open\/","title":{"rendered":"Andrey Rublev \u00e9 o quinto confirmado no Estoril Open"},"content":{"rendered":"<p>Andrey Rublev est\u00e1 confirmado no Estoril Open 2026, tornando-se o segundo jogador do top-20 a alinhar no torneio, atualmente no 15.\u00ba lugar. O Estoril Open \u00e9 o \u00fanico ATP em Portugal.<\/p>\n<p>Juntam-se a Rublev o noruegu\u00eas Casper Ruud, 12.\u00ba do mundo, formando o duo de melhor classifica\u00e7\u00e3o confirmado para o Estoril. Completa o quadro o franc\u00eas Alejandro Davidovich Fokina (23.\u00ba) e o portugu\u00eas Nuno Borges (52.\u00ba), al\u00e9m do su\u00ed\u00e7o Stan Wawrinka (107.\u00ba).<\/p>\n<p>Rublev anunciou, numa video mensagem partilhada pela organiza\u00e7\u00e3o, a vontade de regressar ao Estoril Open, destacando a alegria de voltar a Portugal pela primeira vez h\u00e1 algum tempo. Regista-se o regresso nove anos depois de uma participa\u00e7\u00e3o visitante que n\u00e3o passou do qualifying aos 19 anos.<\/p>\n<p>O Estoril Open regressa ao circuito principal este ano, ap\u00f3s ter disputado um Challenger em 2025. As novas datas s\u00e3o de 18 a 26 de julho, no Clube de T\u00e9nis do Estoril, em Cascais, perto de Lisboa.<\/p>\n<h3>Dados-chave do quadro<\/h3>\n<ul>\n<li>Rublev (15.\u00ba) e Ruud (12.\u00ba) lideram o conjunto de entradas de top-20 anunciadas.<\/li>\n<li>Al\u00e9m deles, o torneio conta com Wawrinka e outros atletas com foco no alto rendimento mundial.<\/li>\n<li>A edi\u00e7\u00e3o 2026 marca o retorno do Estoril Open ao calend\u00e1rio principal, mantendo Portugal no mapa do circuito ATP.<\/li>\n<\/ul>\n","protected":false},"excerpt":{"rendered":"<ul>\n<li>Andrey Rublev \u00e9 o quinto nome confirmado para o Estoril Open e o segundo jogador do top-20 j\u00e1 anunciado para a edi\u00e7\u00e3o de 2026.<\/li>\n<li>Rublev ocupa a 15.\u00aa posi\u00e7\u00e3o no ranking mundial, juntando-se ao Casper Ruud, 12.\u00ba, na lista de cabe\u00e7as de cartaz do torneio no Clube de T\u00e9nis do Estoril.<\/li>\n<li>Al\u00e9m do russo, j\u00e1 estavam confirmados o franc\u00eas Alejandro Davidovich Fokina (23.\u00ba), o portugu\u00eas Nuno Borges (52.\u00ba) e o su\u00ed\u00e7o Stan Wawrinka (107.\u00ba).<\/li>\n<li>Rublev regressa ao Estoril Open nove anos depois de n\u00e3o ter ultrapassado o qualifying quando tinha 19 anos.<\/li>\n<li>O Estoril Open volta ao circuito principal, com as novas datas marcadas de 18 a 26 de julho.<\/li>\n<\/ul>\n","protected":false},"author":2,"featured_media":446242,"comment_status":"closed","ping_status":"closed","sticky":false,"template":"","format":"standard","meta":{"footnotes":""},"categories":[21,24],"tags":[7485,7408,999,1014,94,4976],"class_list":["post-446239","post","type-post","status-publish","format-standard","has-post-thumbnail","hentry","category-desporto","category-futebol","tag-alto-rendimento","tag-atp","tag-estoril","tag-portugal","tag-tenis","tag-torneios-internacionais"],"yoast_head":"<!-- This site is optimized with the Yoast SEO plugin v27.2 - https:\/\/yoast.com\/product\/yoast-seo-wordpress\/ -->\n<title>Andrey Rublev \u00e9 o quinto confirmado no Estoril Open - Portal Tela Portugal<\/title>\n<meta name=\"robots\" content=\"index, follow, max-snippet:-1, max-image-preview:large, max-video-preview:-1\" \/>\n<meta property=\"og:locale\" content=\"pt_PT\" \/>\n<meta property=\"og:type\" content=\"article\" \/>\n<meta property=\"og:title\" content=\"Andrey Rublev \u00e9 o quinto confirmado no Estoril Open - Portal Tela Portugal\" \/>\n<meta property=\"og:description\" content=\"Andrey Rublev \u00e9 o quinto nome confirmado para o Estoril Open e o segundo jogador do top-20 j\u00e1 anunciado para a edi\u00e7\u00e3o de 2026. Rublev ocupa a 15.\u00aa posi\u00e7\u00e3o no ranking mundial, juntando-se ao Casper Ruud, 12.\u00ba, na lista de cabe\u00e7as de cartaz do torneio no Clube de T\u00e9nis do Estoril. Al\u00e9m do russo, j\u00e1 estavam confirmados o franc\u00eas Alejandro Davidovich Fokina (23.\u00ba), o portugu\u00eas Nuno Borges (52.\u00ba) e o su\u00ed\u00e7o Stan Wawrinka (107.\u00ba). Rublev regressa ao Estoril Open nove anos depois de n\u00e3o ter ultrapassado o qualifying quando tinha 19 anos. O Estoril Open volta ao circuito principal, com as novas datas marcadas de 18 a 26 de julho.\" \/>\n<meta property=\"og:url\" content=\"https:\/\/portaltela.pt\/noticias\/2026\/04\/16\/andrey-rublev-e-o-quinto-confirmado-no-estoril-open\/\" \/>\n<meta property=\"og:site_name\" content=\"Portal Tela Portugal\" \/>\n<meta property=\"article:published_time\" content=\"2026-04-16T11:02:40+00:00\" \/>\n<meta name=\"author\" content=\"Telinha\" \/>\n<meta name=\"twitter:card\" content=\"summary_large_image\" \/>\n<meta name=\"twitter:label1\" content=\"Escrito por\" \/>\n\t<meta name=\"twitter:data1\" content=\"Telinha\" \/>\n\t<meta name=\"twitter:label2\" content=\"Tempo estimado de leitura\" \/>\n\t<meta name=\"twitter:data2\" content=\"1 minuto\" \/>\n<script type=\"application\/ld+json\" class=\"yoast-schema-graph\">{\"@context\":\"https:\/\/schema.org\",\"@graph\":[{\"@type\":\"Article\",\"@id\":\"https:\/\/portaltela.pt\/noticias\/2026\/04\/16\/andrey-rublev-e-o-quinto-confirmado-no-estoril-open\/#article\",\"isPartOf\":{\"@id\":\"https:\/\/portaltela.pt\/noticias\/2026\/04\/16\/andrey-rublev-e-o-quinto-confirmado-no-estoril-open\/\"},\"author\":{\"name\":\"Telinha\",\"@id\":\"https:\/\/portaltela.pt\/#\/schema\/person\/c4278d4a6028830caff9ee44b42d32ed\"},\"headline\":\"Andrey Rublev \u00e9 o quinto confirmado no Estoril Open\",\"datePublished\":\"2026-04-16T11:02:40+00:00\",\"mainEntityOfPage\":{\"@id\":\"https:\/\/portaltela.pt\/noticias\/2026\/04\/16\/andrey-rublev-e-o-quinto-confirmado-no-estoril-open\/\"},\"wordCount\":215,\"image\":{\"@id\":\"https:\/\/portaltela.pt\/noticias\/2026\/04\/16\/andrey-rublev-e-o-quinto-confirmado-no-estoril-open\/#primaryimage\"},\"thumbnailUrl\":\"https:\/\/portaltela.pt\/s.01k8rhncp4jt1\/2026\/04\/img_920x518uu2026-04-16-11-49-21-2433339-im-639119369736324671.jpg\",\"keywords\":[\"Alto Rendimento\",\"ATP\",\"Estoril\",\"Portugal\",\"t\u00eanis\",\"torneios internacionais\"],\"articleSection\":[\"Desporto\",\"Futebol\"],\"inLanguage\":\"pt-PT\"},{\"@type\":\"WebPage\",\"@id\":\"https:\/\/portaltela.pt\/noticias\/2026\/04\/16\/andrey-rublev-e-o-quinto-confirmado-no-estoril-open\/\",\"url\":\"https:\/\/portaltela.pt\/noticias\/2026\/04\/16\/andrey-rublev-e-o-quinto-confirmado-no-estoril-open\/\",\"name\":\"Andrey Rublev \u00e9 o quinto confirmado no Estoril Open - Portal Tela Portugal\",\"isPartOf\":{\"@id\":\"https:\/\/portaltela.pt\/#website\"},\"primaryImageOfPage\":{\"@id\":\"https:\/\/portaltela.pt\/noticias\/2026\/04\/16\/andrey-rublev-e-o-quinto-confirmado-no-estoril-open\/#primaryimage\"},\"image\":{\"@id\":\"https:\/\/portaltela.pt\/noticias\/2026\/04\/16\/andrey-rublev-e-o-quinto-confirmado-no-estoril-open\/#primaryimage\"},\"thumbnailUrl\":\"https:\/\/portaltela.pt\/s.01k8rhncp4jt1\/2026\/04\/img_920x518uu2026-04-16-11-49-21-2433339-im-639119369736324671.jpg\",\"datePublished\":\"2026-04-16T11:02:40+00:00\",\"author\":{\"@id\":\"https:\/\/portaltela.pt\/#\/schema\/person\/c4278d4a6028830caff9ee44b42d32ed\"},\"breadcrumb\":{\"@id\":\"https:\/\/portaltela.pt\/noticias\/2026\/04\/16\/andrey-rublev-e-o-quinto-confirmado-no-estoril-open\/#breadcrumb\"},\"inLanguage\":\"pt-PT\",\"potentialAction\":[{\"@type\":\"ReadAction\",\"target\":[\"https:\/\/portaltela.pt\/noticias\/2026\/04\/16\/andrey-rublev-e-o-quinto-confirmado-no-estoril-open\/\"]}]},{\"@type\":\"ImageObject\",\"inLanguage\":\"pt-PT\",\"@id\":\"https:\/\/portaltela.pt\/noticias\/2026\/04\/16\/andrey-rublev-e-o-quinto-confirmado-no-estoril-open\/#primaryimage\",\"url\":\"https:\/\/portaltela.pt\/s.01k8rhncp4jt1\/2026\/04\/img_920x518uu2026-04-16-11-49-21-2433339-im-639119369736324671.jpg\",\"contentUrl\":\"https:\/\/portaltela.pt\/s.01k8rhncp4jt1\/2026\/04\/img_920x518uu2026-04-16-11-49-21-2433339-im-639119369736324671.jpg\",\"width\":796,\"height\":448,\"caption\":\"Andrey Rublev\"},{\"@type\":\"BreadcrumbList\",\"@id\":\"https:\/\/portaltela.pt\/noticias\/2026\/04\/16\/andrey-rublev-e-o-quinto-confirmado-no-estoril-open\/#breadcrumb\",\"itemListElement\":[{\"@type\":\"ListItem\",\"position\":1,\"name\":\"In\u00edcio\",\"item\":\"https:\/\/portaltela.pt\/\"},{\"@type\":\"ListItem\",\"position\":2,\"name\":\"Andrey Rublev \u00e9 o quinto confirmado no Estoril Open\"}]},{\"@type\":\"WebSite\",\"@id\":\"https:\/\/portaltela.pt\/#website\",\"url\":\"https:\/\/portaltela.pt\/\",\"name\":\"Portal Tela Portugal\",\"description\":\"\",\"potentialAction\":[{\"@type\":\"SearchAction\",\"target\":{\"@type\":\"EntryPoint\",\"urlTemplate\":\"https:\/\/portaltela.pt\/?s={search_term_string}\"},\"query-input\":{\"@type\":\"PropertyValueSpecification\",\"valueRequired\":true,\"valueName\":\"search_term_string\"}}],\"inLanguage\":\"pt-PT\"},{\"@type\":\"Person\",\"@id\":\"https:\/\/portaltela.pt\/#\/schema\/person\/c4278d4a6028830caff9ee44b42d32ed\",\"name\":\"Telinha\",\"image\":{\"@type\":\"ImageObject\",\"inLanguage\":\"pt-PT\",\"@id\":\"https:\/\/portaltela.pt\/s.01k8rhncp4jt1\/2025\/11\/talking-bot-125x125.png\",\"url\":\"https:\/\/portaltela.pt\/s.01k8rhncp4jt1\/2025\/11\/talking-bot-125x125.png\",\"contentUrl\":\"https:\/\/portaltela.pt\/s.01k8rhncp4jt1\/2025\/11\/talking-bot-125x125.png\",\"caption\":\"Telinha\"},\"sameAs\":[\"https:\/\/portaltela.pt\/\"],\"url\":\"https:\/\/portaltela.pt\/por\/367410592786\/\"}]}<\/script>\n<!-- \/ Yoast SEO plugin. -->","yoast_head_json":{"title":"Andrey Rublev \u00e9 o quinto confirmado no Estoril Open - Portal Tela Portugal","robots":{"index":"index","follow":"follow","max-snippet":"max-snippet:-1","max-image-preview":"max-image-preview:large","max-video-preview":"max-video-preview:-1"},"og_locale":"pt_PT","og_type":"article","og_title":"Andrey Rublev \u00e9 o quinto confirmado no Estoril Open - Portal Tela Portugal","og_description":"Andrey Rublev \u00e9 o quinto nome confirmado para o Estoril Open e o segundo jogador do top-20 j\u00e1 anunciado para a edi\u00e7\u00e3o de 2026. Rublev ocupa a 15.\u00aa posi\u00e7\u00e3o no ranking mundial, juntando-se ao Casper Ruud, 12.\u00ba, na lista de cabe\u00e7as de cartaz do torneio no Clube de T\u00e9nis do Estoril. Al\u00e9m do russo, j\u00e1 estavam confirmados o franc\u00eas Alejandro Davidovich Fokina (23.\u00ba), o portugu\u00eas Nuno Borges (52.\u00ba) e o su\u00ed\u00e7o Stan Wawrinka (107.\u00ba). Rublev regressa ao Estoril Open nove anos depois de n\u00e3o ter ultrapassado o qualifying quando tinha 19 anos. O Estoril Open volta ao circuito principal, com as novas datas marcadas de 18 a 26 de julho.","og_url":"https:\/\/portaltela.pt\/noticias\/2026\/04\/16\/andrey-rublev-e-o-quinto-confirmado-no-estoril-open\/","og_site_name":"Portal Tela Portugal","article_published_time":"2026-04-16T11:02:40+00:00","author":"Telinha","twitter_card":"summary_large_image","twitter_misc":{"Escrito por":"Telinha","Tempo estimado de leitura":"1 minuto"},"schema":{"@context":"https:\/\/schema.org","@graph":[{"@type":"Article","@id":"https:\/\/portaltela.pt\/noticias\/2026\/04\/16\/andrey-rublev-e-o-quinto-confirmado-no-estoril-open\/#article","isPartOf":{"@id":"https:\/\/portaltela.pt\/noticias\/2026\/04\/16\/andrey-rublev-e-o-quinto-confirmado-no-estoril-open\/"},"author":{"name":"Telinha","@id":"https:\/\/portaltela.pt\/#\/schema\/person\/c4278d4a6028830caff9ee44b42d32ed"},"headline":"Andrey Rublev \u00e9 o quinto confirmado no Estoril Open","datePublished":"2026-04-16T11:02:40+00:00","mainEntityOfPage":{"@id":"https:\/\/portaltela.pt\/noticias\/2026\/04\/16\/andrey-rublev-e-o-quinto-confirmado-no-estoril-open\/"},"wordCount":215,"image":{"@id":"https:\/\/portaltela.pt\/noticias\/2026\/04\/16\/andrey-rublev-e-o-quinto-confirmado-no-estoril-open\/#primaryimage"},"thumbnailUrl":"https:\/\/portaltela.pt\/s.01k8rhncp4jt1\/2026\/04\/img_920x518uu2026-04-16-11-49-21-2433339-im-639119369736324671.jpg","keywords":["Alto Rendimento","ATP","Estoril","Portugal","t\u00eanis","torneios internacionais"],"articleSection":["Desporto","Futebol"],"inLanguage":"pt-PT"},{"@type":"WebPage","@id":"https:\/\/portaltela.pt\/noticias\/2026\/04\/16\/andrey-rublev-e-o-quinto-confirmado-no-estoril-open\/","url":"https:\/\/portaltela.pt\/noticias\/2026\/04\/16\/andrey-rublev-e-o-quinto-confirmado-no-estoril-open\/","name":"Andrey Rublev \u00e9 o quinto confirmado no Estoril Open - Portal Tela Portugal","isPartOf":{"@id":"https:\/\/portaltela.pt\/#website"},"primaryImageOfPage":{"@id":"https:\/\/portaltela.pt\/noticias\/2026\/04\/16\/andrey-rublev-e-o-quinto-confirmado-no-estoril-open\/#primaryimage"},"image":{"@id":"https:\/\/portaltela.pt\/noticias\/2026\/04\/16\/andrey-rublev-e-o-quinto-confirmado-no-estoril-open\/#primaryimage"},"thumbnailUrl":"https:\/\/portaltela.pt\/s.01k8rhncp4jt1\/2026\/04\/img_920x518uu2026-04-16-11-49-21-2433339-im-639119369736324671.jpg","datePublished":"2026-04-16T11:02:40+00:00","author":{"@id":"https:\/\/portaltela.pt\/#\/schema\/person\/c4278d4a6028830caff9ee44b42d32ed"},"breadcrumb":{"@id":"https:\/\/portaltela.pt\/noticias\/2026\/04\/16\/andrey-rublev-e-o-quinto-confirmado-no-estoril-open\/#breadcrumb"},"inLanguage":"pt-PT","potentialAction":[{"@type":"ReadAction","target":["https:\/\/portaltela.pt\/noticias\/2026\/04\/16\/andrey-rublev-e-o-quinto-confirmado-no-estoril-open\/"]}]},{"@type":"ImageObject","inLanguage":"pt-PT","@id":"https:\/\/portaltela.pt\/noticias\/2026\/04\/16\/andrey-rublev-e-o-quinto-confirmado-no-estoril-open\/#primaryimage","url":"https:\/\/portaltela.pt\/s.01k8rhncp4jt1\/2026\/04\/img_920x518uu2026-04-16-11-49-21-2433339-im-639119369736324671.jpg","contentUrl":"https:\/\/portaltela.pt\/s.01k8rhncp4jt1\/2026\/04\/img_920x518uu2026-04-16-11-49-21-2433339-im-639119369736324671.jpg","width":796,"height":448,"caption":"Andrey Rublev"},{"@type":"BreadcrumbList","@id":"https:\/\/portaltela.pt\/noticias\/2026\/04\/16\/andrey-rublev-e-o-quinto-confirmado-no-estoril-open\/#breadcrumb","itemListElement":[{"@type":"ListItem","position":1,"name":"In\u00edcio","item":"https:\/\/portaltela.pt\/"},{"@type":"ListItem","position":2,"name":"Andrey Rublev \u00e9 o quinto confirmado no Estoril Open"}]},{"@type":"WebSite","@id":"https:\/\/portaltela.pt\/#website","url":"https:\/\/portaltela.pt\/","name":"Portal Tela Portugal","description":"","potentialAction":[{"@type":"SearchAction","target":{"@type":"EntryPoint","urlTemplate":"https:\/\/portaltela.pt\/?s={search_term_string}"},"query-input":{"@type":"PropertyValueSpecification","valueRequired":true,"valueName":"search_term_string"}}],"inLanguage":"pt-PT"},{"@type":"Person","@id":"https:\/\/portaltela.pt\/#\/schema\/person\/c4278d4a6028830caff9ee44b42d32ed","name":"Telinha","image":{"@type":"ImageObject","inLanguage":"pt-PT","@id":"https:\/\/portaltela.pt\/s.01k8rhncp4jt1\/2025\/11\/talking-bot-125x125.png","url":"https:\/\/portaltela.pt\/s.01k8rhncp4jt1\/2025\/11\/talking-bot-125x125.png","contentUrl":"https:\/\/portaltela.pt\/s.01k8rhncp4jt1\/2025\/11\/talking-bot-125x125.png","caption":"Telinha"},"sameAs":["https:\/\/portaltela.pt\/"],"url":"https:\/\/portaltela.pt\/por\/367410592786\/"}]}},"_links":{"self":[{"href":"https:\/\/portaltela.pt\/api\/wp\/v2\/posts\/446239","targetHints":{"allow":["GET"]}}],"collection":[{"href":"https:\/\/portaltela.pt\/api\/wp\/v2\/posts"}],"about":[{"href":"https:\/\/portaltela.pt\/api\/wp\/v2\/types\/post"}],"author":[{"embeddable":true,"href":"https:\/\/portaltela.pt\/api\/wp\/v2\/users\/2"}],"replies":[{"embeddable":true,"href":"https:\/\/portaltela.pt\/api\/wp\/v2\/comments?post=446239"}],"version-history":[{"count":0,"href":"https:\/\/portaltela.pt\/api\/wp\/v2\/posts\/446239\/revisions"}],"wp:featuredmedia":[{"embeddable":true,"href":"https:\/\/portaltela.pt\/api\/wp\/v2\/media\/446242"}],"wp:attachment":[{"href":"https:\/\/portaltela.pt\/api\/wp\/v2\/media?parent=446239"}],"wp:term":[{"taxonomy":"category","embeddable":true,"href":"https:\/\/portaltela.pt\/api\/wp\/v2\/categories?post=446239"},{"taxonomy":"post_tag","embeddable":true,"href":"https:\/\/portaltela.pt\/api\/wp\/v2\/tags?post=446239"}],"curies":[{"name":"wp","href":"https:\/\/api.w.org\/{rel}","templated":true}]}}