{"id":446229,"date":"2026-04-16T07:47:15","date_gmt":"2026-04-16T10:47:15","guid":{"rendered":"https:\/\/portaltela.pt\/noticias\/2026\/04\/16\/voos-afetados-pela-guerra-no-irao-onde-e-mais-facil-viajar-de-comboio-neste-verao\/"},"modified":"2026-04-16T07:47:15","modified_gmt":"2026-04-16T10:47:15","slug":"voos-afetados-pela-guerra-no-irao-onde-e-mais-facil-viajar-de-comboio-neste-verao","status":"publish","type":"post","link":"https:\/\/portaltela.pt\/lazer\/2026\/04\/16\/voos-afetados-pela-guerra-no-irao-onde-e-mais-facil-viajar-de-comboio-neste-verao\/","title":{"rendered":"Voos afetados pela guerra no Ir\u00e3o: onde \u00e9 mais f\u00e1cil viajar de comboio neste ver\u00e3o"},"content":{"rendered":"<p>Perante a amea\u00e7a de perturba\u00e7\u00f5es nos voos provocadas pela guerra no Ir\u00e3o, o comboio surge como op\u00e7\u00e3o vi\u00e1vel nesta altura do ano. Analistas do Europe in Motion avaliaram rotas europeias com bilhetes diretos, pre\u00e7os baixos e dura\u00e7\u00f5es razo\u00e1veis, onde a diferen\u00e7a de tempo n\u00e3o excede uma hora.<\/p>\n<p>A pesquisa foca-se em viagens com in\u00edcio numa cidade acess\u00edvel sem carro e em hor\u00e1rios que permitam chegar \u00e0 esta\u00e7\u00e3o a tempo. O objetivo \u00e9 comparar custos entre comboio e avi\u00e3o para trajetos com dura\u00e7\u00e3o semelhante.<\/p>\n<p>Os resultados apontam que algumas rotas ferrovi\u00e1rias podem justificar a op\u00e7\u00e3o pelo comboio, sobretudo quando h\u00e1 forte concorr\u00eancia entre operadores privados. Entre as cidades estudadas, Londres-Edimburgo surge com grande disparidade de pre\u00e7o frente a voos curtos.<\/p>\n<h3>Efici\u00eancia de pre\u00e7os por rota<\/h3>\n<p>Na rota Londres-Edimburgo, o bilhete em comboio pode chegar a 153 euros, enquanto um voo low-cost fica por 53 euros. A diferen\u00e7a de pre\u00e7o \u00e9 significativa, com o tempo de viagem a rondar quatro a quatro horas e meia.<\/p>\n<p>Na It\u00e1lia, Roma-Mil\u00e3o apresenta uma realidade diferente: os bilhetes de comboio e avi\u00e3o situam-se mais pr\u00f3ximos, com voos a atingir valores pr\u00f3ximos de 93 euros e comboios a 127 euros, especialmente ao fim de semana.<\/p>\n<p>A rota Berlim-Munique mostra um equil\u00edbrio favor\u00e1vel ao comboio quando reservado com anteced\u00eancia de cerca de um m\u00eas: 91 euros em train, face a 137 euros em avi\u00e3o, com dura\u00e7\u00e3o acima de quatro horas.<\/p>\n<h3>Partilha de custos na pr\u00e1tica<\/h3>\n<p>Entre Paris e Bord\u00e9us, a viagem de comboio tem pre\u00e7o por quil\u00f3metro de cerca de 0,14 euros, com voos de fim de semana a custar pelo menos o triplo. Situa-se assim como uma op\u00e7\u00e3o interessante para quem pode planear com anteced\u00eancia.<\/p>\n<p>Outras liga\u00e7\u00f5es na rede ferrovi\u00e1ria francesa, como Paris-Lyon ou Paris-Marselha, beneficiam da concorr\u00eancia entre operadores como Ouigo e Trenitalia, mantendo tarifas compat\u00edveis com voos equivalentes.<\/p>\n<h3>Madrid-Barcelona e outras rotas<\/h3>\n<p>A rota Madrid-Barcelona, com tr\u00eas horas e 15 minutos de viagem, destaca-se pela rela\u00e7\u00e3o custo-dist\u00e2ncia, com 0,13 euros por quil\u00f3metro. Voar na mesma janela costuma ser o dobro do pre\u00e7o.<\/p>\n<p>A Gr\u00e9cia apresenta pre\u00e7os competitivos na liga\u00e7\u00e3o Sal\u00f3nica-Atenas, com cerca de 69 euros para pouco mais de 500 km, em pouco mais de cinco horas.<\/p>\n<h3>Facilidade de viajar de comboio na UE<\/h3>\n<p>O Eurostat indica que a densidade ferrovi\u00e1ria europeia \u00e9 de cerca de 58 km de caminhos-de-ferro por 1000 km\u00b2. Pa\u00edses com redes extensas incluem Su\u00ed\u00e7a, Rep\u00fablica Checa, B\u00e9lgica, Alemanha e Luxemburgo, cada um com mais de 100 km por 1000 km\u00b2.<\/p>\n<p>A Alemanha tem crescido nos \u00faltimos 10 anos, com incremento de cerca de 6 km de rede por 1000 km\u00b2. Por outro lado, Gr\u00e9cia, Noruega e Finl\u00e2ndia apresentam menor densidade, refletindo menor uso interno de comboio.<\/p>\n<h3>Perfil dos utilizadores de comboio na UE<\/h3>\n<p>Na UE, 95% do tr\u00e1fego ferrovi\u00e1rio ocorre em caminhos-de-ferro nacionais. O eixo centro-oeste concentra maior parte dos quil\u00f3metros, com austr\u00edacos, h\u00fangaros e franceses entre os que percorrem mais dist\u00e2ncia anual. O viajante m\u00e9dio percorre cerca de 1000 km por ano.<\/p>\n","protected":false},"excerpt":{"rendered":"<ul>\n<li>O estudo Europe in Motion analisa op\u00e7\u00f5es de comboio diretas com pre\u00e7o baixo e dura\u00e7\u00e3o razo\u00e1vel, observando ainda que a partida deve permitir chegar \u00e0s esta\u00e7\u00f5es sem carro.<\/li>\n<li>Londres-Edimburgo mostra o comboio mais caro (aprox. 153 euros) face a um voo low-cost de cerca de 53 euros, com a diferen\u00e7a de pre\u00e7o mantendo-se elevada.<\/li>\n<li>Roma-Mil\u00e3o \u00e9 outra rota onde, apesar de o tempo ser similar, os bilhetes de comboio podem ficar pr\u00f3ximos ou at\u00e9 mais baratos que os voos, dependendo do momento de compra.<\/li>\n<li>Paris-Bord\u00e9us apresenta pre\u00e7os por quil\u00f3metro baixos (cerca de 0,14 euros\/km) e voos ao fim de semana costumam ser significativamente mais caros.<\/li>\n<li>Madrid-Barcelona destaca-se pela rela\u00e7\u00e3o custo-efici\u00eancia (cerca de 0,13 euros\/km), com voos a custarem mais do que o dobro na mesma janela.<\/li>\n<\/ul>\n","protected":false},"author":2,"featured_media":446231,"comment_status":"closed","ping_status":"closed","sticky":false,"template":"","format":"standard","meta":{"footnotes":""},"categories":[7381],"tags":[8004,6789,3683,192,71],"class_list":["post-446229","post","type-post","status-publish","format-standard","has-post-thumbnail","hentry","category-lazer","tag-_europa","tag-avioes","tag-comboios","tag-transporte","tag-viagens"],"yoast_head":"<!-- This site is optimized with the Yoast SEO plugin v27.2 - https:\/\/yoast.com\/product\/yoast-seo-wordpress\/ -->\n<title>Voos afetados pela guerra no Ir\u00e3o: onde \u00e9 mais f\u00e1cil viajar de comboio neste ver\u00e3o - Portal Tela Portugal<\/title>\n<meta name=\"robots\" content=\"index, follow, max-snippet:-1, max-image-preview:large, max-video-preview:-1\" \/>\n<meta property=\"og:locale\" content=\"pt_PT\" \/>\n<meta property=\"og:type\" content=\"article\" \/>\n<meta property=\"og:title\" content=\"Voos afetados pela guerra no Ir\u00e3o: onde \u00e9 mais f\u00e1cil viajar de comboio neste ver\u00e3o - Portal Tela Portugal\" \/>\n<meta property=\"og:description\" content=\"O estudo Europe in Motion analisa op\u00e7\u00f5es de comboio diretas com pre\u00e7o baixo e dura\u00e7\u00e3o razo\u00e1vel, observando ainda que a partida deve permitir chegar \u00e0s esta\u00e7\u00f5es sem carro. Londres-Edimburgo mostra o comboio mais caro (aprox. 153 euros) face a um voo low-cost de cerca de 53 euros, com a diferen\u00e7a de pre\u00e7o mantendo-se elevada. Roma-Mil\u00e3o \u00e9 outra rota onde, apesar de o tempo ser similar, os bilhetes de comboio podem ficar pr\u00f3ximos ou at\u00e9 mais baratos que os voos, dependendo do momento de compra. Paris-Bord\u00e9us apresenta pre\u00e7os por quil\u00f3metro baixos (cerca de 0,14 euros\/km) e voos ao fim de semana costumam ser significativamente mais caros. Madrid-Barcelona destaca-se pela rela\u00e7\u00e3o custo-efici\u00eancia (cerca de 0,13 euros\/km), com voos a custarem mais do que o dobro na mesma janela.\" \/>\n<meta property=\"og:url\" content=\"https:\/\/portaltela.pt\/noticias\/2026\/04\/16\/voos-afetados-pela-guerra-no-irao-onde-e-mais-facil-viajar-de-comboio-neste-verao\/\" \/>\n<meta property=\"og:site_name\" content=\"Portal Tela Portugal\" \/>\n<meta property=\"article:published_time\" content=\"2026-04-16T10:47:15+00:00\" \/>\n<meta name=\"author\" content=\"Telinha\" \/>\n<meta name=\"twitter:card\" content=\"summary_large_image\" \/>\n<meta name=\"twitter:label1\" content=\"Escrito por\" \/>\n\t<meta name=\"twitter:data1\" content=\"Telinha\" \/>\n\t<meta name=\"twitter:label2\" content=\"Tempo estimado de leitura\" \/>\n\t<meta name=\"twitter:data2\" content=\"3 minutos\" \/>\n<script type=\"application\/ld+json\" class=\"yoast-schema-graph\">{\"@context\":\"https:\/\/schema.org\",\"@graph\":[{\"@type\":\"Article\",\"@id\":\"https:\/\/portaltela.pt\/noticias\/2026\/04\/16\/voos-afetados-pela-guerra-no-irao-onde-e-mais-facil-viajar-de-comboio-neste-verao\/#article\",\"isPartOf\":{\"@id\":\"https:\/\/portaltela.pt\/noticias\/2026\/04\/16\/voos-afetados-pela-guerra-no-irao-onde-e-mais-facil-viajar-de-comboio-neste-verao\/\"},\"author\":{\"name\":\"Telinha\",\"@id\":\"https:\/\/portaltela.pt\/#\/schema\/person\/c4278d4a6028830caff9ee44b42d32ed\"},\"headline\":\"Voos afetados pela guerra no Ir\u00e3o: onde \u00e9 mais f\u00e1cil viajar de comboio neste ver\u00e3o\",\"datePublished\":\"2026-04-16T10:47:15+00:00\",\"mainEntityOfPage\":{\"@id\":\"https:\/\/portaltela.pt\/noticias\/2026\/04\/16\/voos-afetados-pela-guerra-no-irao-onde-e-mais-facil-viajar-de-comboio-neste-verao\/\"},\"wordCount\":554,\"image\":{\"@id\":\"https:\/\/portaltela.pt\/noticias\/2026\/04\/16\/voos-afetados-pela-guerra-no-irao-onde-e-mais-facil-viajar-de-comboio-neste-verao\/#primaryimage\"},\"thumbnailUrl\":\"https:\/\/portaltela.pt\/s.01k8rhncp4jt1\/2026\/04\/1536x864_cmsv2_6cca93e7-bfa0-5549-a056-b439574f438d-9721293.jpg\",\"keywords\":[\"_Europa\",\"avi\u00f5es\",\"comboios\",\"transporte\",\"viagens\"],\"articleSection\":[\"Lazer\"],\"inLanguage\":\"pt-PT\"},{\"@type\":\"WebPage\",\"@id\":\"https:\/\/portaltela.pt\/noticias\/2026\/04\/16\/voos-afetados-pela-guerra-no-irao-onde-e-mais-facil-viajar-de-comboio-neste-verao\/\",\"url\":\"https:\/\/portaltela.pt\/noticias\/2026\/04\/16\/voos-afetados-pela-guerra-no-irao-onde-e-mais-facil-viajar-de-comboio-neste-verao\/\",\"name\":\"Voos afetados pela guerra no Ir\u00e3o: onde \u00e9 mais f\u00e1cil viajar de comboio neste ver\u00e3o - Portal Tela Portugal\",\"isPartOf\":{\"@id\":\"https:\/\/portaltela.pt\/#website\"},\"primaryImageOfPage\":{\"@id\":\"https:\/\/portaltela.pt\/noticias\/2026\/04\/16\/voos-afetados-pela-guerra-no-irao-onde-e-mais-facil-viajar-de-comboio-neste-verao\/#primaryimage\"},\"image\":{\"@id\":\"https:\/\/portaltela.pt\/noticias\/2026\/04\/16\/voos-afetados-pela-guerra-no-irao-onde-e-mais-facil-viajar-de-comboio-neste-verao\/#primaryimage\"},\"thumbnailUrl\":\"https:\/\/portaltela.pt\/s.01k8rhncp4jt1\/2026\/04\/1536x864_cmsv2_6cca93e7-bfa0-5549-a056-b439574f438d-9721293.jpg\",\"datePublished\":\"2026-04-16T10:47:15+00:00\",\"author\":{\"@id\":\"https:\/\/portaltela.pt\/#\/schema\/person\/c4278d4a6028830caff9ee44b42d32ed\"},\"breadcrumb\":{\"@id\":\"https:\/\/portaltela.pt\/noticias\/2026\/04\/16\/voos-afetados-pela-guerra-no-irao-onde-e-mais-facil-viajar-de-comboio-neste-verao\/#breadcrumb\"},\"inLanguage\":\"pt-PT\",\"potentialAction\":[{\"@type\":\"ReadAction\",\"target\":[\"https:\/\/portaltela.pt\/noticias\/2026\/04\/16\/voos-afetados-pela-guerra-no-irao-onde-e-mais-facil-viajar-de-comboio-neste-verao\/\"]}]},{\"@type\":\"ImageObject\",\"inLanguage\":\"pt-PT\",\"@id\":\"https:\/\/portaltela.pt\/noticias\/2026\/04\/16\/voos-afetados-pela-guerra-no-irao-onde-e-mais-facil-viajar-de-comboio-neste-verao\/#primaryimage\",\"url\":\"https:\/\/portaltela.pt\/s.01k8rhncp4jt1\/2026\/04\/1536x864_cmsv2_6cca93e7-bfa0-5549-a056-b439574f438d-9721293.jpg\",\"contentUrl\":\"https:\/\/portaltela.pt\/s.01k8rhncp4jt1\/2026\/04\/1536x864_cmsv2_6cca93e7-bfa0-5549-a056-b439574f438d-9721293.jpg\",\"width\":796,\"height\":448,\"caption\":\"A Europa em Movimento\"},{\"@type\":\"BreadcrumbList\",\"@id\":\"https:\/\/portaltela.pt\/noticias\/2026\/04\/16\/voos-afetados-pela-guerra-no-irao-onde-e-mais-facil-viajar-de-comboio-neste-verao\/#breadcrumb\",\"itemListElement\":[{\"@type\":\"ListItem\",\"position\":1,\"name\":\"In\u00edcio\",\"item\":\"https:\/\/portaltela.pt\/\"},{\"@type\":\"ListItem\",\"position\":2,\"name\":\"Voos afetados pela guerra no Ir\u00e3o: onde \u00e9 mais f\u00e1cil viajar de comboio neste ver\u00e3o\"}]},{\"@type\":\"WebSite\",\"@id\":\"https:\/\/portaltela.pt\/#website\",\"url\":\"https:\/\/portaltela.pt\/\",\"name\":\"Portal Tela Portugal\",\"description\":\"\",\"potentialAction\":[{\"@type\":\"SearchAction\",\"target\":{\"@type\":\"EntryPoint\",\"urlTemplate\":\"https:\/\/portaltela.pt\/?s={search_term_string}\"},\"query-input\":{\"@type\":\"PropertyValueSpecification\",\"valueRequired\":true,\"valueName\":\"search_term_string\"}}],\"inLanguage\":\"pt-PT\"},{\"@type\":\"Person\",\"@id\":\"https:\/\/portaltela.pt\/#\/schema\/person\/c4278d4a6028830caff9ee44b42d32ed\",\"name\":\"Telinha\",\"image\":{\"@type\":\"ImageObject\",\"inLanguage\":\"pt-PT\",\"@id\":\"https:\/\/portaltela.pt\/s.01k8rhncp4jt1\/2025\/11\/talking-bot-125x125.png\",\"url\":\"https:\/\/portaltela.pt\/s.01k8rhncp4jt1\/2025\/11\/talking-bot-125x125.png\",\"contentUrl\":\"https:\/\/portaltela.pt\/s.01k8rhncp4jt1\/2025\/11\/talking-bot-125x125.png\",\"caption\":\"Telinha\"},\"sameAs\":[\"https:\/\/portaltela.pt\/\"],\"url\":\"https:\/\/portaltela.pt\/por\/367410592786\/\"}]}<\/script>\n<!-- \/ Yoast SEO plugin. -->","yoast_head_json":{"title":"Voos afetados pela guerra no Ir\u00e3o: onde \u00e9 mais f\u00e1cil viajar de comboio neste ver\u00e3o - Portal Tela Portugal","robots":{"index":"index","follow":"follow","max-snippet":"max-snippet:-1","max-image-preview":"max-image-preview:large","max-video-preview":"max-video-preview:-1"},"og_locale":"pt_PT","og_type":"article","og_title":"Voos afetados pela guerra no Ir\u00e3o: onde \u00e9 mais f\u00e1cil viajar de comboio neste ver\u00e3o - Portal Tela Portugal","og_description":"O estudo Europe in Motion analisa op\u00e7\u00f5es de comboio diretas com pre\u00e7o baixo e dura\u00e7\u00e3o razo\u00e1vel, observando ainda que a partida deve permitir chegar \u00e0s esta\u00e7\u00f5es sem carro. Londres-Edimburgo mostra o comboio mais caro (aprox. 153 euros) face a um voo low-cost de cerca de 53 euros, com a diferen\u00e7a de pre\u00e7o mantendo-se elevada. Roma-Mil\u00e3o \u00e9 outra rota onde, apesar de o tempo ser similar, os bilhetes de comboio podem ficar pr\u00f3ximos ou at\u00e9 mais baratos que os voos, dependendo do momento de compra. Paris-Bord\u00e9us apresenta pre\u00e7os por quil\u00f3metro baixos (cerca de 0,14 euros\/km) e voos ao fim de semana costumam ser significativamente mais caros. Madrid-Barcelona destaca-se pela rela\u00e7\u00e3o custo-efici\u00eancia (cerca de 0,13 euros\/km), com voos a custarem mais do que o dobro na mesma janela.","og_url":"https:\/\/portaltela.pt\/noticias\/2026\/04\/16\/voos-afetados-pela-guerra-no-irao-onde-e-mais-facil-viajar-de-comboio-neste-verao\/","og_site_name":"Portal Tela Portugal","article_published_time":"2026-04-16T10:47:15+00:00","author":"Telinha","twitter_card":"summary_large_image","twitter_misc":{"Escrito por":"Telinha","Tempo estimado de leitura":"3 minutos"},"schema":{"@context":"https:\/\/schema.org","@graph":[{"@type":"Article","@id":"https:\/\/portaltela.pt\/noticias\/2026\/04\/16\/voos-afetados-pela-guerra-no-irao-onde-e-mais-facil-viajar-de-comboio-neste-verao\/#article","isPartOf":{"@id":"https:\/\/portaltela.pt\/noticias\/2026\/04\/16\/voos-afetados-pela-guerra-no-irao-onde-e-mais-facil-viajar-de-comboio-neste-verao\/"},"author":{"name":"Telinha","@id":"https:\/\/portaltela.pt\/#\/schema\/person\/c4278d4a6028830caff9ee44b42d32ed"},"headline":"Voos afetados pela guerra no Ir\u00e3o: onde \u00e9 mais f\u00e1cil viajar de comboio neste ver\u00e3o","datePublished":"2026-04-16T10:47:15+00:00","mainEntityOfPage":{"@id":"https:\/\/portaltela.pt\/noticias\/2026\/04\/16\/voos-afetados-pela-guerra-no-irao-onde-e-mais-facil-viajar-de-comboio-neste-verao\/"},"wordCount":554,"image":{"@id":"https:\/\/portaltela.pt\/noticias\/2026\/04\/16\/voos-afetados-pela-guerra-no-irao-onde-e-mais-facil-viajar-de-comboio-neste-verao\/#primaryimage"},"thumbnailUrl":"https:\/\/portaltela.pt\/s.01k8rhncp4jt1\/2026\/04\/1536x864_cmsv2_6cca93e7-bfa0-5549-a056-b439574f438d-9721293.jpg","keywords":["_Europa","avi\u00f5es","comboios","transporte","viagens"],"articleSection":["Lazer"],"inLanguage":"pt-PT"},{"@type":"WebPage","@id":"https:\/\/portaltela.pt\/noticias\/2026\/04\/16\/voos-afetados-pela-guerra-no-irao-onde-e-mais-facil-viajar-de-comboio-neste-verao\/","url":"https:\/\/portaltela.pt\/noticias\/2026\/04\/16\/voos-afetados-pela-guerra-no-irao-onde-e-mais-facil-viajar-de-comboio-neste-verao\/","name":"Voos afetados pela guerra no Ir\u00e3o: onde \u00e9 mais f\u00e1cil viajar de comboio neste ver\u00e3o - Portal Tela Portugal","isPartOf":{"@id":"https:\/\/portaltela.pt\/#website"},"primaryImageOfPage":{"@id":"https:\/\/portaltela.pt\/noticias\/2026\/04\/16\/voos-afetados-pela-guerra-no-irao-onde-e-mais-facil-viajar-de-comboio-neste-verao\/#primaryimage"},"image":{"@id":"https:\/\/portaltela.pt\/noticias\/2026\/04\/16\/voos-afetados-pela-guerra-no-irao-onde-e-mais-facil-viajar-de-comboio-neste-verao\/#primaryimage"},"thumbnailUrl":"https:\/\/portaltela.pt\/s.01k8rhncp4jt1\/2026\/04\/1536x864_cmsv2_6cca93e7-bfa0-5549-a056-b439574f438d-9721293.jpg","datePublished":"2026-04-16T10:47:15+00:00","author":{"@id":"https:\/\/portaltela.pt\/#\/schema\/person\/c4278d4a6028830caff9ee44b42d32ed"},"breadcrumb":{"@id":"https:\/\/portaltela.pt\/noticias\/2026\/04\/16\/voos-afetados-pela-guerra-no-irao-onde-e-mais-facil-viajar-de-comboio-neste-verao\/#breadcrumb"},"inLanguage":"pt-PT","potentialAction":[{"@type":"ReadAction","target":["https:\/\/portaltela.pt\/noticias\/2026\/04\/16\/voos-afetados-pela-guerra-no-irao-onde-e-mais-facil-viajar-de-comboio-neste-verao\/"]}]},{"@type":"ImageObject","inLanguage":"pt-PT","@id":"https:\/\/portaltela.pt\/noticias\/2026\/04\/16\/voos-afetados-pela-guerra-no-irao-onde-e-mais-facil-viajar-de-comboio-neste-verao\/#primaryimage","url":"https:\/\/portaltela.pt\/s.01k8rhncp4jt1\/2026\/04\/1536x864_cmsv2_6cca93e7-bfa0-5549-a056-b439574f438d-9721293.jpg","contentUrl":"https:\/\/portaltela.pt\/s.01k8rhncp4jt1\/2026\/04\/1536x864_cmsv2_6cca93e7-bfa0-5549-a056-b439574f438d-9721293.jpg","width":796,"height":448,"caption":"A Europa em Movimento"},{"@type":"BreadcrumbList","@id":"https:\/\/portaltela.pt\/noticias\/2026\/04\/16\/voos-afetados-pela-guerra-no-irao-onde-e-mais-facil-viajar-de-comboio-neste-verao\/#breadcrumb","itemListElement":[{"@type":"ListItem","position":1,"name":"In\u00edcio","item":"https:\/\/portaltela.pt\/"},{"@type":"ListItem","position":2,"name":"Voos afetados pela guerra no Ir\u00e3o: onde \u00e9 mais f\u00e1cil viajar de comboio neste ver\u00e3o"}]},{"@type":"WebSite","@id":"https:\/\/portaltela.pt\/#website","url":"https:\/\/portaltela.pt\/","name":"Portal Tela Portugal","description":"","potentialAction":[{"@type":"SearchAction","target":{"@type":"EntryPoint","urlTemplate":"https:\/\/portaltela.pt\/?s={search_term_string}"},"query-input":{"@type":"PropertyValueSpecification","valueRequired":true,"valueName":"search_term_string"}}],"inLanguage":"pt-PT"},{"@type":"Person","@id":"https:\/\/portaltela.pt\/#\/schema\/person\/c4278d4a6028830caff9ee44b42d32ed","name":"Telinha","image":{"@type":"ImageObject","inLanguage":"pt-PT","@id":"https:\/\/portaltela.pt\/s.01k8rhncp4jt1\/2025\/11\/talking-bot-125x125.png","url":"https:\/\/portaltela.pt\/s.01k8rhncp4jt1\/2025\/11\/talking-bot-125x125.png","contentUrl":"https:\/\/portaltela.pt\/s.01k8rhncp4jt1\/2025\/11\/talking-bot-125x125.png","caption":"Telinha"},"sameAs":["https:\/\/portaltela.pt\/"],"url":"https:\/\/portaltela.pt\/por\/367410592786\/"}]}},"_links":{"self":[{"href":"https:\/\/portaltela.pt\/api\/wp\/v2\/posts\/446229","targetHints":{"allow":["GET"]}}],"collection":[{"href":"https:\/\/portaltela.pt\/api\/wp\/v2\/posts"}],"about":[{"href":"https:\/\/portaltela.pt\/api\/wp\/v2\/types\/post"}],"author":[{"embeddable":true,"href":"https:\/\/portaltela.pt\/api\/wp\/v2\/users\/2"}],"replies":[{"embeddable":true,"href":"https:\/\/portaltela.pt\/api\/wp\/v2\/comments?post=446229"}],"version-history":[{"count":0,"href":"https:\/\/portaltela.pt\/api\/wp\/v2\/posts\/446229\/revisions"}],"wp:featuredmedia":[{"embeddable":true,"href":"https:\/\/portaltela.pt\/api\/wp\/v2\/media\/446231"}],"wp:attachment":[{"href":"https:\/\/portaltela.pt\/api\/wp\/v2\/media?parent=446229"}],"wp:term":[{"taxonomy":"category","embeddable":true,"href":"https:\/\/portaltela.pt\/api\/wp\/v2\/categories?post=446229"},{"taxonomy":"post_tag","embeddable":true,"href":"https:\/\/portaltela.pt\/api\/wp\/v2\/tags?post=446229"}],"curies":[{"name":"wp","href":"https:\/\/api.w.org\/{rel}","templated":true}]}}