{"id":445988,"date":"2026-04-16T03:15:00","date_gmt":"2026-04-16T06:15:00","guid":{"rendered":"https:\/\/portaltela.pt\/noticias\/2026\/04\/16\/lei-laboral-regressa-hoje-a-mesa-da-concertacao-social\/"},"modified":"2026-04-16T03:15:00","modified_gmt":"2026-04-16T06:15:00","slug":"lei-laboral-regressa-hoje-a-mesa-da-concertacao-social","status":"publish","type":"post","link":"https:\/\/portaltela.pt\/noticias\/politica\/2026\/04\/16\/lei-laboral-regressa-hoje-a-mesa-da-concertacao-social\/","title":{"rendered":"Lei laboral regressa hoje \u00e0 mesa da Concerta\u00e7\u00e3o Social"},"content":{"rendered":"<p>A lei laboral regressa hoje \u00e0 mesa da Concerta\u00e7\u00e3o Social, abrindo novo ciclo de discuss\u00f5es entre as partes envolvidas. O objetivo \u00e9 analisar propostas e aspetos t\u00e9cnicos da mat\u00e9ria, no \u00e2mbito do di\u00e1logo social entre governo, trabalhadores e associa\u00e7\u00f5es patronais.<\/p>\n<p>Segundo fontes pr\u00f3ximas do processo, a reuni\u00e3o visa clarificar pontos em avalia\u00e7\u00e3o e definir pr\u00f3ximos passos para a agenda legislativa. A participa\u00e7\u00e3o das entidades sociais \u00e9 aguardada com foco na constru\u00e7\u00e3o de consenso ou, na aus\u00eancia dele, na identifica\u00e7\u00e3o de diverg\u00eancias.<\/p>\n<p>O encontro ocorre no contexto nacional, com a divulga\u00e7\u00e3o p\u00fablica de que o tema volta a ser alvo de debate institucional. O objetivo declarado \u00e9 assegurar um equil\u00edbrio entre interesses econ\u00f3micos e prote\u00e7\u00e3o laboral, sem antecipar desfechos.<\/p>\n<p>Contexto da negocia\u00e7\u00e3o<\/p>\n<ul>\n<li>A concerta\u00e7\u00e3o social continua a ser o espa\u00e7o formal para alinhamento de posi\u00e7\u00f5es entre empregadores, trabalhadores e o governo.<\/li>\n<\/ul>\n<p>Acesso ao conte\u00fado completo<\/p>\n<ul>\n<li>O texto integral da not\u00edcia est\u00e1 dispon\u00edvel apenas para subscritores. N\u00e3o dever\u00e3o ser citadas fontes adicionais sem credenciais.<\/li>\n<\/ul>\n","protected":false},"excerpt":{"rendered":"<ul>\n<li>A lei laboral regressa hoje \u00e0 mesa da Concerta\u00e7\u00e3o Social.<\/li>\n<li>A discuss\u00e3o ocorre na c\u00e9lula de negocia\u00e7\u00e3o entre representantes dos trabalhadores, empregadores e governo.<\/li>\n<li>O objetivo \u00e9 definir termos e eventual reformula\u00e7\u00e3o da legisla\u00e7\u00e3o laboral em discuss\u00e3o.<\/li>\n<li>O conte\u00fado completo da not\u00edcia est\u00e1 dispon\u00edvel apenas para subscritores.<\/li>\n<li>O formato destaca apenas os fatos b\u00e1sicos sem opini\u00f5es ou julgamentos.<\/li>\n<\/ul>\n","protected":false},"author":2,"featured_media":445992,"comment_status":"closed","ping_status":"closed","sticky":false,"template":"","format":"standard","meta":{"footnotes":""},"categories":[5,6871],"tags":[679,2431,34,5539,2841,2201],"class_list":["post-445988","post","type-post","status-publish","format-standard","has-post-thumbnail","hentry","category-politica","category-sociedade","tag-associacoes","tag-concertacao-social","tag-governo","tag-lei","tag-trabalhadores","tag-trabalho"],"yoast_head":"<!-- This site is optimized with the Yoast SEO plugin v27.2 - https:\/\/yoast.com\/product\/yoast-seo-wordpress\/ -->\n<title>Lei laboral regressa hoje \u00e0 mesa da Concerta\u00e7\u00e3o Social - Portal Tela Portugal<\/title>\n<meta name=\"robots\" content=\"index, follow, max-snippet:-1, max-image-preview:large, max-video-preview:-1\" \/>\n<meta property=\"og:locale\" content=\"pt_PT\" \/>\n<meta property=\"og:type\" content=\"article\" \/>\n<meta property=\"og:title\" content=\"Lei laboral regressa hoje \u00e0 mesa da Concerta\u00e7\u00e3o Social - Portal Tela Portugal\" \/>\n<meta property=\"og:description\" content=\"A lei laboral regressa hoje \u00e0 mesa da Concerta\u00e7\u00e3o Social. A discuss\u00e3o ocorre na c\u00e9lula de negocia\u00e7\u00e3o entre representantes dos trabalhadores, empregadores e governo. O objetivo \u00e9 definir termos e eventual reformula\u00e7\u00e3o da legisla\u00e7\u00e3o laboral em discuss\u00e3o. O conte\u00fado completo da not\u00edcia est\u00e1 dispon\u00edvel apenas para subscritores. O formato destaca apenas os fatos b\u00e1sicos sem opini\u00f5es ou julgamentos.\" \/>\n<meta property=\"og:url\" content=\"https:\/\/portaltela.pt\/noticias\/2026\/04\/16\/lei-laboral-regressa-hoje-a-mesa-da-concertacao-social\/\" \/>\n<meta property=\"og:site_name\" content=\"Portal Tela Portugal\" \/>\n<meta property=\"article:published_time\" content=\"2026-04-16T06:15:00+00:00\" \/>\n<meta name=\"author\" content=\"Telinha\" \/>\n<meta name=\"twitter:card\" content=\"summary_large_image\" \/>\n<meta name=\"twitter:label1\" content=\"Escrito por\" \/>\n\t<meta name=\"twitter:data1\" content=\"Telinha\" \/>\n\t<meta name=\"twitter:label2\" content=\"Tempo estimado de leitura\" \/>\n\t<meta name=\"twitter:data2\" content=\"1 minuto\" \/>\n<script type=\"application\/ld+json\" class=\"yoast-schema-graph\">{\"@context\":\"https:\/\/schema.org\",\"@graph\":[{\"@type\":\"Article\",\"@id\":\"https:\/\/portaltela.pt\/noticias\/2026\/04\/16\/lei-laboral-regressa-hoje-a-mesa-da-concertacao-social\/#article\",\"isPartOf\":{\"@id\":\"https:\/\/portaltela.pt\/noticias\/2026\/04\/16\/lei-laboral-regressa-hoje-a-mesa-da-concertacao-social\/\"},\"author\":{\"name\":\"Telinha\",\"@id\":\"https:\/\/portaltela.pt\/#\/schema\/person\/c4278d4a6028830caff9ee44b42d32ed\"},\"headline\":\"Lei laboral regressa hoje \u00e0 mesa da Concerta\u00e7\u00e3o Social\",\"datePublished\":\"2026-04-16T06:15:00+00:00\",\"mainEntityOfPage\":{\"@id\":\"https:\/\/portaltela.pt\/noticias\/2026\/04\/16\/lei-laboral-regressa-hoje-a-mesa-da-concertacao-social\/\"},\"wordCount\":196,\"image\":{\"@id\":\"https:\/\/portaltela.pt\/noticias\/2026\/04\/16\/lei-laboral-regressa-hoje-a-mesa-da-concertacao-social\/#primaryimage\"},\"thumbnailUrl\":\"https:\/\/portaltela.pt\/s.01k8rhncp4jt1\/2026\/04\/CACHE_780X1200_ANALOG_WATERMARKED_46678872_6389883_03032026032518.jpg\",\"keywords\":[\"associa\u00e7\u00f5es\",\"Concerta\u00e7\u00e3o Social\",\"governo\",\"lei\",\"trabalhadores\",\"trabalho\"],\"articleSection\":[\"Pol\u00edtica\",\"Sociedade\"],\"inLanguage\":\"pt-PT\"},{\"@type\":\"WebPage\",\"@id\":\"https:\/\/portaltela.pt\/noticias\/2026\/04\/16\/lei-laboral-regressa-hoje-a-mesa-da-concertacao-social\/\",\"url\":\"https:\/\/portaltela.pt\/noticias\/2026\/04\/16\/lei-laboral-regressa-hoje-a-mesa-da-concertacao-social\/\",\"name\":\"Lei laboral regressa hoje \u00e0 mesa da Concerta\u00e7\u00e3o Social - Portal Tela Portugal\",\"isPartOf\":{\"@id\":\"https:\/\/portaltela.pt\/#website\"},\"primaryImageOfPage\":{\"@id\":\"https:\/\/portaltela.pt\/noticias\/2026\/04\/16\/lei-laboral-regressa-hoje-a-mesa-da-concertacao-social\/#primaryimage\"},\"image\":{\"@id\":\"https:\/\/portaltela.pt\/noticias\/2026\/04\/16\/lei-laboral-regressa-hoje-a-mesa-da-concertacao-social\/#primaryimage\"},\"thumbnailUrl\":\"https:\/\/portaltela.pt\/s.01k8rhncp4jt1\/2026\/04\/CACHE_780X1200_ANALOG_WATERMARKED_46678872_6389883_03032026032518.jpg\",\"datePublished\":\"2026-04-16T06:15:00+00:00\",\"author\":{\"@id\":\"https:\/\/portaltela.pt\/#\/schema\/person\/c4278d4a6028830caff9ee44b42d32ed\"},\"breadcrumb\":{\"@id\":\"https:\/\/portaltela.pt\/noticias\/2026\/04\/16\/lei-laboral-regressa-hoje-a-mesa-da-concertacao-social\/#breadcrumb\"},\"inLanguage\":\"pt-PT\",\"potentialAction\":[{\"@type\":\"ReadAction\",\"target\":[\"https:\/\/portaltela.pt\/noticias\/2026\/04\/16\/lei-laboral-regressa-hoje-a-mesa-da-concertacao-social\/\"]}]},{\"@type\":\"ImageObject\",\"inLanguage\":\"pt-PT\",\"@id\":\"https:\/\/portaltela.pt\/noticias\/2026\/04\/16\/lei-laboral-regressa-hoje-a-mesa-da-concertacao-social\/#primaryimage\",\"url\":\"https:\/\/portaltela.pt\/s.01k8rhncp4jt1\/2026\/04\/CACHE_780X1200_ANALOG_WATERMARKED_46678872_6389883_03032026032518.jpg\",\"contentUrl\":\"https:\/\/portaltela.pt\/s.01k8rhncp4jt1\/2026\/04\/CACHE_780X1200_ANALOG_WATERMARKED_46678872_6389883_03032026032518.jpg\",\"width\":796,\"height\":448,\"caption\":\"Lei laboral regressa hoje \u00e0 mesa da Concerta\u00e7\u00e3o Social\"},{\"@type\":\"BreadcrumbList\",\"@id\":\"https:\/\/portaltela.pt\/noticias\/2026\/04\/16\/lei-laboral-regressa-hoje-a-mesa-da-concertacao-social\/#breadcrumb\",\"itemListElement\":[{\"@type\":\"ListItem\",\"position\":1,\"name\":\"In\u00edcio\",\"item\":\"https:\/\/portaltela.pt\/\"},{\"@type\":\"ListItem\",\"position\":2,\"name\":\"Lei laboral regressa hoje \u00e0 mesa da Concerta\u00e7\u00e3o Social\"}]},{\"@type\":\"WebSite\",\"@id\":\"https:\/\/portaltela.pt\/#website\",\"url\":\"https:\/\/portaltela.pt\/\",\"name\":\"Portal Tela Portugal\",\"description\":\"\",\"potentialAction\":[{\"@type\":\"SearchAction\",\"target\":{\"@type\":\"EntryPoint\",\"urlTemplate\":\"https:\/\/portaltela.pt\/?s={search_term_string}\"},\"query-input\":{\"@type\":\"PropertyValueSpecification\",\"valueRequired\":true,\"valueName\":\"search_term_string\"}}],\"inLanguage\":\"pt-PT\"},{\"@type\":\"Person\",\"@id\":\"https:\/\/portaltela.pt\/#\/schema\/person\/c4278d4a6028830caff9ee44b42d32ed\",\"name\":\"Telinha\",\"image\":{\"@type\":\"ImageObject\",\"inLanguage\":\"pt-PT\",\"@id\":\"https:\/\/portaltela.pt\/s.01k8rhncp4jt1\/2025\/11\/talking-bot-125x125.png\",\"url\":\"https:\/\/portaltela.pt\/s.01k8rhncp4jt1\/2025\/11\/talking-bot-125x125.png\",\"contentUrl\":\"https:\/\/portaltela.pt\/s.01k8rhncp4jt1\/2025\/11\/talking-bot-125x125.png\",\"caption\":\"Telinha\"},\"sameAs\":[\"https:\/\/portaltela.pt\/\"],\"url\":\"https:\/\/portaltela.pt\/por\/367410592786\/\"}]}<\/script>\n<!-- \/ Yoast SEO plugin. -->","yoast_head_json":{"title":"Lei laboral regressa hoje \u00e0 mesa da Concerta\u00e7\u00e3o Social - Portal Tela Portugal","robots":{"index":"index","follow":"follow","max-snippet":"max-snippet:-1","max-image-preview":"max-image-preview:large","max-video-preview":"max-video-preview:-1"},"og_locale":"pt_PT","og_type":"article","og_title":"Lei laboral regressa hoje \u00e0 mesa da Concerta\u00e7\u00e3o Social - Portal Tela Portugal","og_description":"A lei laboral regressa hoje \u00e0 mesa da Concerta\u00e7\u00e3o Social. A discuss\u00e3o ocorre na c\u00e9lula de negocia\u00e7\u00e3o entre representantes dos trabalhadores, empregadores e governo. O objetivo \u00e9 definir termos e eventual reformula\u00e7\u00e3o da legisla\u00e7\u00e3o laboral em discuss\u00e3o. O conte\u00fado completo da not\u00edcia est\u00e1 dispon\u00edvel apenas para subscritores. O formato destaca apenas os fatos b\u00e1sicos sem opini\u00f5es ou julgamentos.","og_url":"https:\/\/portaltela.pt\/noticias\/2026\/04\/16\/lei-laboral-regressa-hoje-a-mesa-da-concertacao-social\/","og_site_name":"Portal Tela Portugal","article_published_time":"2026-04-16T06:15:00+00:00","author":"Telinha","twitter_card":"summary_large_image","twitter_misc":{"Escrito por":"Telinha","Tempo estimado de leitura":"1 minuto"},"schema":{"@context":"https:\/\/schema.org","@graph":[{"@type":"Article","@id":"https:\/\/portaltela.pt\/noticias\/2026\/04\/16\/lei-laboral-regressa-hoje-a-mesa-da-concertacao-social\/#article","isPartOf":{"@id":"https:\/\/portaltela.pt\/noticias\/2026\/04\/16\/lei-laboral-regressa-hoje-a-mesa-da-concertacao-social\/"},"author":{"name":"Telinha","@id":"https:\/\/portaltela.pt\/#\/schema\/person\/c4278d4a6028830caff9ee44b42d32ed"},"headline":"Lei laboral regressa hoje \u00e0 mesa da Concerta\u00e7\u00e3o Social","datePublished":"2026-04-16T06:15:00+00:00","mainEntityOfPage":{"@id":"https:\/\/portaltela.pt\/noticias\/2026\/04\/16\/lei-laboral-regressa-hoje-a-mesa-da-concertacao-social\/"},"wordCount":196,"image":{"@id":"https:\/\/portaltela.pt\/noticias\/2026\/04\/16\/lei-laboral-regressa-hoje-a-mesa-da-concertacao-social\/#primaryimage"},"thumbnailUrl":"https:\/\/portaltela.pt\/s.01k8rhncp4jt1\/2026\/04\/CACHE_780X1200_ANALOG_WATERMARKED_46678872_6389883_03032026032518.jpg","keywords":["associa\u00e7\u00f5es","Concerta\u00e7\u00e3o Social","governo","lei","trabalhadores","trabalho"],"articleSection":["Pol\u00edtica","Sociedade"],"inLanguage":"pt-PT"},{"@type":"WebPage","@id":"https:\/\/portaltela.pt\/noticias\/2026\/04\/16\/lei-laboral-regressa-hoje-a-mesa-da-concertacao-social\/","url":"https:\/\/portaltela.pt\/noticias\/2026\/04\/16\/lei-laboral-regressa-hoje-a-mesa-da-concertacao-social\/","name":"Lei laboral regressa hoje \u00e0 mesa da Concerta\u00e7\u00e3o Social - Portal Tela Portugal","isPartOf":{"@id":"https:\/\/portaltela.pt\/#website"},"primaryImageOfPage":{"@id":"https:\/\/portaltela.pt\/noticias\/2026\/04\/16\/lei-laboral-regressa-hoje-a-mesa-da-concertacao-social\/#primaryimage"},"image":{"@id":"https:\/\/portaltela.pt\/noticias\/2026\/04\/16\/lei-laboral-regressa-hoje-a-mesa-da-concertacao-social\/#primaryimage"},"thumbnailUrl":"https:\/\/portaltela.pt\/s.01k8rhncp4jt1\/2026\/04\/CACHE_780X1200_ANALOG_WATERMARKED_46678872_6389883_03032026032518.jpg","datePublished":"2026-04-16T06:15:00+00:00","author":{"@id":"https:\/\/portaltela.pt\/#\/schema\/person\/c4278d4a6028830caff9ee44b42d32ed"},"breadcrumb":{"@id":"https:\/\/portaltela.pt\/noticias\/2026\/04\/16\/lei-laboral-regressa-hoje-a-mesa-da-concertacao-social\/#breadcrumb"},"inLanguage":"pt-PT","potentialAction":[{"@type":"ReadAction","target":["https:\/\/portaltela.pt\/noticias\/2026\/04\/16\/lei-laboral-regressa-hoje-a-mesa-da-concertacao-social\/"]}]},{"@type":"ImageObject","inLanguage":"pt-PT","@id":"https:\/\/portaltela.pt\/noticias\/2026\/04\/16\/lei-laboral-regressa-hoje-a-mesa-da-concertacao-social\/#primaryimage","url":"https:\/\/portaltela.pt\/s.01k8rhncp4jt1\/2026\/04\/CACHE_780X1200_ANALOG_WATERMARKED_46678872_6389883_03032026032518.jpg","contentUrl":"https:\/\/portaltela.pt\/s.01k8rhncp4jt1\/2026\/04\/CACHE_780X1200_ANALOG_WATERMARKED_46678872_6389883_03032026032518.jpg","width":796,"height":448,"caption":"Lei laboral regressa hoje \u00e0 mesa da Concerta\u00e7\u00e3o Social"},{"@type":"BreadcrumbList","@id":"https:\/\/portaltela.pt\/noticias\/2026\/04\/16\/lei-laboral-regressa-hoje-a-mesa-da-concertacao-social\/#breadcrumb","itemListElement":[{"@type":"ListItem","position":1,"name":"In\u00edcio","item":"https:\/\/portaltela.pt\/"},{"@type":"ListItem","position":2,"name":"Lei laboral regressa hoje \u00e0 mesa da Concerta\u00e7\u00e3o Social"}]},{"@type":"WebSite","@id":"https:\/\/portaltela.pt\/#website","url":"https:\/\/portaltela.pt\/","name":"Portal Tela Portugal","description":"","potentialAction":[{"@type":"SearchAction","target":{"@type":"EntryPoint","urlTemplate":"https:\/\/portaltela.pt\/?s={search_term_string}"},"query-input":{"@type":"PropertyValueSpecification","valueRequired":true,"valueName":"search_term_string"}}],"inLanguage":"pt-PT"},{"@type":"Person","@id":"https:\/\/portaltela.pt\/#\/schema\/person\/c4278d4a6028830caff9ee44b42d32ed","name":"Telinha","image":{"@type":"ImageObject","inLanguage":"pt-PT","@id":"https:\/\/portaltela.pt\/s.01k8rhncp4jt1\/2025\/11\/talking-bot-125x125.png","url":"https:\/\/portaltela.pt\/s.01k8rhncp4jt1\/2025\/11\/talking-bot-125x125.png","contentUrl":"https:\/\/portaltela.pt\/s.01k8rhncp4jt1\/2025\/11\/talking-bot-125x125.png","caption":"Telinha"},"sameAs":["https:\/\/portaltela.pt\/"],"url":"https:\/\/portaltela.pt\/por\/367410592786\/"}]}},"_links":{"self":[{"href":"https:\/\/portaltela.pt\/api\/wp\/v2\/posts\/445988","targetHints":{"allow":["GET"]}}],"collection":[{"href":"https:\/\/portaltela.pt\/api\/wp\/v2\/posts"}],"about":[{"href":"https:\/\/portaltela.pt\/api\/wp\/v2\/types\/post"}],"author":[{"embeddable":true,"href":"https:\/\/portaltela.pt\/api\/wp\/v2\/users\/2"}],"replies":[{"embeddable":true,"href":"https:\/\/portaltela.pt\/api\/wp\/v2\/comments?post=445988"}],"version-history":[{"count":0,"href":"https:\/\/portaltela.pt\/api\/wp\/v2\/posts\/445988\/revisions"}],"wp:featuredmedia":[{"embeddable":true,"href":"https:\/\/portaltela.pt\/api\/wp\/v2\/media\/445992"}],"wp:attachment":[{"href":"https:\/\/portaltela.pt\/api\/wp\/v2\/media?parent=445988"}],"wp:term":[{"taxonomy":"category","embeddable":true,"href":"https:\/\/portaltela.pt\/api\/wp\/v2\/categories?post=445988"},{"taxonomy":"post_tag","embeddable":true,"href":"https:\/\/portaltela.pt\/api\/wp\/v2\/tags?post=445988"}],"curies":[{"name":"wp","href":"https:\/\/api.w.org\/{rel}","templated":true}]}}