{"id":445979,"date":"2026-04-16T04:32:25","date_gmt":"2026-04-16T07:32:25","guid":{"rendered":"https:\/\/portaltela.pt\/noticias\/2026\/04\/16\/deixem-o-luis-trabalhar-para-o-patronato-desperta-debate\/"},"modified":"2026-04-16T04:32:25","modified_gmt":"2026-04-16T07:32:25","slug":"deixem-o-luis-trabalhar-para-o-patronato-desperta-debate","status":"publish","type":"post","link":"https:\/\/portaltela.pt\/noticias\/politica\/2026\/04\/16\/deixem-o-luis-trabalhar-para-o-patronato-desperta-debate\/","title":{"rendered":"Deixem o Lu\u00eds trabalhar para o patronato desperta debate"},"content":{"rendered":"<p>O Governo mant\u00e9m uma linha de a\u00e7\u00e3o centrada na desregulamenta\u00e7\u00e3o do mercado de trabalho, afirmando que a mudan\u00e7a \u00e9 necess\u00e1ria para aumentar a competitividade e atrair investimento. O alongado diagn\u00f3stico de baixa produtividade, sal\u00e1rios baixos e crescimento abaixo do potencial sustenta a agenda, segundo a administra\u00e7\u00e3o.<\/p>\n<p>H\u00e1 quase um ano que o executivo avan\u00e7a com o pacote laboral, sob o lema de campanha que dizia aos portugueses para deixar o Lu\u00eds trabalhar. A pergunta que fica \u00e9: quem sai a ganhar com as mudan\u00e7as? O argumento de fundo \u00e9 a necessidade de mais flexibilidade para as empresas.<\/p>\n<p>A leitura oficial aponta para que a prote\u00e7\u00e3o do trabalhador \u00e9 o principal entrave \u00e0 competitividade. Este racioc\u00ednio \u00e9 confrontado por cr\u00edticas que apontam para d\u00e9cadas de baixo investimento em qualifica\u00e7\u00e3o, falta de aposta em inova\u00e7\u00e3o e baixa diversifica\u00e7\u00e3o para setores de maior valor acrescentado.<\/p>\n<p>Entre as medidas previstas est\u00e1 a altera\u00e7\u00e3o das penaliza\u00e7\u00f5es para oculta\u00e7\u00e3o de contratos \u00e0 Seguran\u00e7a Social. A inten\u00e7\u00e3o \u00e9 acabar com a pena de pris\u00e3o para os empregadores e reduzir o valor m\u00e1ximo das multas. A estrat\u00e9gia \u00e9 apresentada como forma de facilitar a atua\u00e7\u00e3o empresarial.<\/p>\n<p>A ministra do Trabalho, Maria do Ros\u00e1rio Palma Ramalho, admitiu que a reforma pode avan\u00e7ar para o Parlamento mesmo sem consenso na concerta\u00e7\u00e3o social. A mensagem passada \u00e9 de que a decis\u00e3o j\u00e1 estaria tomada, com ou sem acordo.<\/p>\n<p>O argumento oficial sustenta que a desregulamenta\u00e7\u00e3o aumentar\u00e1 a competitividade, atrair\u00e1 investimento e potencialmente elevar\u00e1 sal\u00e1rios. Contudo, n\u00e3o h\u00e1 evid\u00eancia emp\u00edrica robusta de que flexibilizar o mercado laboral conduza, de forma direta, ao aumento geral de rendimentos.<\/p>\n<p>A experi\u00eancia recente de reformas labourais, incluindo a de 2012, \u00e9 citada como refer\u00eancia. Argumenta-se que promessas de melhoria econ\u00f4mica n\u00e3o se traduziram em melhoria generalizada de emprego, levando a situa\u00e7\u00f5es de precariedade e empobrecimento entre quem trabalha.<\/p>\n<p>Para Lu\u00eds Montenegro, um acordo na concerta\u00e7\u00e3o social seria \u00fatil principalmente para ampliar a for\u00e7a negocial no Parlamento. A posi\u00e7\u00e3o do PSD e CDS depende de apoio externo para aprovar a reforma, o que levanta quest\u00f5es sobre o papel da concerta\u00e7\u00e3o social como espa\u00e7o de negocia\u00e7\u00e3o.<\/p>\n<p>Cr\u00edticos veem a concerta\u00e7\u00e3o social como instrumento instrumentalizado para justificar decis\u00f5es pol\u00edticas. Alegam que o processo n\u00e3o \u00e9 utilizado para construir compromissos entre empregadores e trabalhadores, mas para facilitar a aprova\u00e7\u00e3o legislativa.<\/p>\n<p>H\u00e1 ainda a leitura de que o governo recorre \u00e0 press\u00e3o pol\u00edtica para avan\u00e7ar com reformas estruturais, contando com a bancada da extrema-direita para viabilizar a agenda. A narrativa \u00e9 de que as institui\u00e7\u00f5es est\u00e3o a ser tratadas como palco para decis\u00f5es pol\u00edticas.<\/p>\n<p>Essa estrat\u00e9gia, segundo os cr\u00edticos, n\u00e3o moderniza o pa\u00eds e exp\u00f5e a sociedade a riscos de desregulamenta\u00e7\u00e3o sem salvaguardas suficientes. Em caso de falha, apontam, a fatura social pode recair sobre os trabalhadores, especialmente perto de elei\u00e7\u00f5es.<\/p>\n","protected":false},"excerpt":{"rendered":"<ul>\n<li>O Governo pretende avan\u00e7ar com o pacote laboral, alegando baixa produtividade e sal\u00e1rios baixos, definindo uma agenda que favorece o patronato para \u201cdeixar o Lu\u00eds trabalhar\u201d.<\/li>\n<li>Prop\u00f5e altera\u00e7\u00f5es \u00e0s penaliza\u00e7\u00f5es por oculta\u00e7\u00e3o de contratos \u00e0 Seguran\u00e7a Social, incluindo o fim de pris\u00e3o para empregadores e uma redu\u00e7\u00e3o do valor m\u00e1ximo da multa.<\/li>\n<li>A ministra do Trabalho afirmou que, mesmo sem consenso na concerta\u00e7\u00e3o social, a reforma seguiria para o Parlamento, revelando uma postura intransigente do executivo.<\/li>\n<li>O argumento oficial \u00e9 a desregulamenta\u00e7\u00e3o para aumentar competitividade e sal\u00e1rios, mas a avalia\u00e7\u00e3o hist\u00f3rica recente associa reformas semelhantes a aumentos de precariedade e desemprego.<\/li>\n<li>O Governo parece usar a concerta\u00e7\u00e3o social como instrumento pol\u00edtico, dependentemente do apoio de blocos como a direita, em vez de a ver como espa\u00e7o de negocia\u00e7\u00e3o real.<\/li>\n<\/ul>\n","protected":false},"author":2,"featured_media":445980,"comment_status":"closed","ping_status":"closed","sticky":false,"template":"","format":"standard","meta":{"footnotes":""},"categories":[5,6871],"tags":[2431,34,2832,36,2841,2201],"class_list":["post-445979","post","type-post","status-publish","format-standard","has-post-thumbnail","hentry","category-politica","category-sociedade","tag-concertacao-social","tag-governo","tag-politica","tag-reforma","tag-trabalhadores","tag-trabalho"],"yoast_head":"<!-- This site is optimized with the Yoast SEO plugin v27.2 - https:\/\/yoast.com\/product\/yoast-seo-wordpress\/ -->\n<title>Deixem o Lu\u00eds trabalhar para o patronato desperta debate - Portal Tela Portugal<\/title>\n<meta name=\"robots\" content=\"index, follow, max-snippet:-1, max-image-preview:large, max-video-preview:-1\" \/>\n<meta property=\"og:locale\" content=\"pt_PT\" \/>\n<meta property=\"og:type\" content=\"article\" \/>\n<meta property=\"og:title\" content=\"Deixem o Lu\u00eds trabalhar para o patronato desperta debate - Portal Tela Portugal\" \/>\n<meta property=\"og:description\" content=\"O Governo pretende avan\u00e7ar com o pacote laboral, alegando baixa produtividade e sal\u00e1rios baixos, definindo uma agenda que favorece o patronato para \u201cdeixar o Lu\u00eds trabalhar\u201d. Prop\u00f5e altera\u00e7\u00f5es \u00e0s penaliza\u00e7\u00f5es por oculta\u00e7\u00e3o de contratos \u00e0 Seguran\u00e7a Social, incluindo o fim de pris\u00e3o para empregadores e uma redu\u00e7\u00e3o do valor m\u00e1ximo da multa. A ministra do Trabalho afirmou que, mesmo sem consenso na concerta\u00e7\u00e3o social, a reforma seguiria para o Parlamento, revelando uma postura intransigente do executivo. O argumento oficial \u00e9 a desregulamenta\u00e7\u00e3o para aumentar competitividade e sal\u00e1rios, mas a avalia\u00e7\u00e3o hist\u00f3rica recente associa reformas semelhantes a aumentos de precariedade e desemprego. O Governo parece usar a concerta\u00e7\u00e3o social como instrumento pol\u00edtico, dependentemente do apoio de blocos como a direita, em vez de a ver como espa\u00e7o de negocia\u00e7\u00e3o real.\" \/>\n<meta property=\"og:url\" content=\"https:\/\/portaltela.pt\/noticias\/2026\/04\/16\/deixem-o-luis-trabalhar-para-o-patronato-desperta-debate\/\" \/>\n<meta property=\"og:site_name\" content=\"Portal Tela Portugal\" \/>\n<meta property=\"article:published_time\" content=\"2026-04-16T07:32:25+00:00\" \/>\n<meta name=\"author\" content=\"Telinha\" \/>\n<meta name=\"twitter:card\" content=\"summary_large_image\" \/>\n<meta name=\"twitter:label1\" content=\"Escrito por\" \/>\n\t<meta name=\"twitter:data1\" content=\"Telinha\" \/>\n\t<meta name=\"twitter:label2\" content=\"Tempo estimado de leitura\" \/>\n\t<meta name=\"twitter:data2\" content=\"3 minutos\" \/>\n<script type=\"application\/ld+json\" class=\"yoast-schema-graph\">{\"@context\":\"https:\/\/schema.org\",\"@graph\":[{\"@type\":\"Article\",\"@id\":\"https:\/\/portaltela.pt\/noticias\/2026\/04\/16\/deixem-o-luis-trabalhar-para-o-patronato-desperta-debate\/#article\",\"isPartOf\":{\"@id\":\"https:\/\/portaltela.pt\/noticias\/2026\/04\/16\/deixem-o-luis-trabalhar-para-o-patronato-desperta-debate\/\"},\"author\":{\"name\":\"Telinha\",\"@id\":\"https:\/\/portaltela.pt\/#\/schema\/person\/c4278d4a6028830caff9ee44b42d32ed\"},\"headline\":\"Deixem o Lu\u00eds trabalhar para o patronato desperta debate\",\"datePublished\":\"2026-04-16T07:32:25+00:00\",\"mainEntityOfPage\":{\"@id\":\"https:\/\/portaltela.pt\/noticias\/2026\/04\/16\/deixem-o-luis-trabalhar-para-o-patronato-desperta-debate\/\"},\"wordCount\":524,\"image\":{\"@id\":\"https:\/\/portaltela.pt\/noticias\/2026\/04\/16\/deixem-o-luis-trabalhar-para-o-patronato-desperta-debate\/#primaryimage\"},\"thumbnailUrl\":\"https:\/\/portaltela.pt\/s.01k8rhncp4jt1\/2026\/04\/2081479.jpg\",\"keywords\":[\"Concerta\u00e7\u00e3o Social\",\"governo\",\"pol\u00edtica\",\"reforma\",\"trabalhadores\",\"trabalho\"],\"articleSection\":[\"Pol\u00edtica\",\"Sociedade\"],\"inLanguage\":\"pt-PT\"},{\"@type\":\"WebPage\",\"@id\":\"https:\/\/portaltela.pt\/noticias\/2026\/04\/16\/deixem-o-luis-trabalhar-para-o-patronato-desperta-debate\/\",\"url\":\"https:\/\/portaltela.pt\/noticias\/2026\/04\/16\/deixem-o-luis-trabalhar-para-o-patronato-desperta-debate\/\",\"name\":\"Deixem o Lu\u00eds trabalhar para o patronato desperta debate - Portal Tela Portugal\",\"isPartOf\":{\"@id\":\"https:\/\/portaltela.pt\/#website\"},\"primaryImageOfPage\":{\"@id\":\"https:\/\/portaltela.pt\/noticias\/2026\/04\/16\/deixem-o-luis-trabalhar-para-o-patronato-desperta-debate\/#primaryimage\"},\"image\":{\"@id\":\"https:\/\/portaltela.pt\/noticias\/2026\/04\/16\/deixem-o-luis-trabalhar-para-o-patronato-desperta-debate\/#primaryimage\"},\"thumbnailUrl\":\"https:\/\/portaltela.pt\/s.01k8rhncp4jt1\/2026\/04\/2081479.jpg\",\"datePublished\":\"2026-04-16T07:32:25+00:00\",\"author\":{\"@id\":\"https:\/\/portaltela.pt\/#\/schema\/person\/c4278d4a6028830caff9ee44b42d32ed\"},\"breadcrumb\":{\"@id\":\"https:\/\/portaltela.pt\/noticias\/2026\/04\/16\/deixem-o-luis-trabalhar-para-o-patronato-desperta-debate\/#breadcrumb\"},\"inLanguage\":\"pt-PT\",\"potentialAction\":[{\"@type\":\"ReadAction\",\"target\":[\"https:\/\/portaltela.pt\/noticias\/2026\/04\/16\/deixem-o-luis-trabalhar-para-o-patronato-desperta-debate\/\"]}]},{\"@type\":\"ImageObject\",\"inLanguage\":\"pt-PT\",\"@id\":\"https:\/\/portaltela.pt\/noticias\/2026\/04\/16\/deixem-o-luis-trabalhar-para-o-patronato-desperta-debate\/#primaryimage\",\"url\":\"https:\/\/portaltela.pt\/s.01k8rhncp4jt1\/2026\/04\/2081479.jpg\",\"contentUrl\":\"https:\/\/portaltela.pt\/s.01k8rhncp4jt1\/2026\/04\/2081479.jpg\",\"width\":796,\"height\":448,\"caption\":\"Megafone P3: Deixar o Lu\u00eds trabalhar significa criar um tapete vermelho para o patronato poder fazer o que bem entender\"},{\"@type\":\"BreadcrumbList\",\"@id\":\"https:\/\/portaltela.pt\/noticias\/2026\/04\/16\/deixem-o-luis-trabalhar-para-o-patronato-desperta-debate\/#breadcrumb\",\"itemListElement\":[{\"@type\":\"ListItem\",\"position\":1,\"name\":\"In\u00edcio\",\"item\":\"https:\/\/portaltela.pt\/\"},{\"@type\":\"ListItem\",\"position\":2,\"name\":\"Deixem o Lu\u00eds trabalhar para o patronato desperta debate\"}]},{\"@type\":\"WebSite\",\"@id\":\"https:\/\/portaltela.pt\/#website\",\"url\":\"https:\/\/portaltela.pt\/\",\"name\":\"Portal Tela Portugal\",\"description\":\"\",\"potentialAction\":[{\"@type\":\"SearchAction\",\"target\":{\"@type\":\"EntryPoint\",\"urlTemplate\":\"https:\/\/portaltela.pt\/?s={search_term_string}\"},\"query-input\":{\"@type\":\"PropertyValueSpecification\",\"valueRequired\":true,\"valueName\":\"search_term_string\"}}],\"inLanguage\":\"pt-PT\"},{\"@type\":\"Person\",\"@id\":\"https:\/\/portaltela.pt\/#\/schema\/person\/c4278d4a6028830caff9ee44b42d32ed\",\"name\":\"Telinha\",\"image\":{\"@type\":\"ImageObject\",\"inLanguage\":\"pt-PT\",\"@id\":\"https:\/\/portaltela.pt\/s.01k8rhncp4jt1\/2025\/11\/talking-bot-125x125.png\",\"url\":\"https:\/\/portaltela.pt\/s.01k8rhncp4jt1\/2025\/11\/talking-bot-125x125.png\",\"contentUrl\":\"https:\/\/portaltela.pt\/s.01k8rhncp4jt1\/2025\/11\/talking-bot-125x125.png\",\"caption\":\"Telinha\"},\"sameAs\":[\"https:\/\/portaltela.pt\/\"],\"url\":\"https:\/\/portaltela.pt\/por\/367410592786\/\"}]}<\/script>\n<!-- \/ Yoast SEO plugin. -->","yoast_head_json":{"title":"Deixem o Lu\u00eds trabalhar para o patronato desperta debate - Portal Tela Portugal","robots":{"index":"index","follow":"follow","max-snippet":"max-snippet:-1","max-image-preview":"max-image-preview:large","max-video-preview":"max-video-preview:-1"},"og_locale":"pt_PT","og_type":"article","og_title":"Deixem o Lu\u00eds trabalhar para o patronato desperta debate - Portal Tela Portugal","og_description":"O Governo pretende avan\u00e7ar com o pacote laboral, alegando baixa produtividade e sal\u00e1rios baixos, definindo uma agenda que favorece o patronato para \u201cdeixar o Lu\u00eds trabalhar\u201d. Prop\u00f5e altera\u00e7\u00f5es \u00e0s penaliza\u00e7\u00f5es por oculta\u00e7\u00e3o de contratos \u00e0 Seguran\u00e7a Social, incluindo o fim de pris\u00e3o para empregadores e uma redu\u00e7\u00e3o do valor m\u00e1ximo da multa. A ministra do Trabalho afirmou que, mesmo sem consenso na concerta\u00e7\u00e3o social, a reforma seguiria para o Parlamento, revelando uma postura intransigente do executivo. O argumento oficial \u00e9 a desregulamenta\u00e7\u00e3o para aumentar competitividade e sal\u00e1rios, mas a avalia\u00e7\u00e3o hist\u00f3rica recente associa reformas semelhantes a aumentos de precariedade e desemprego. O Governo parece usar a concerta\u00e7\u00e3o social como instrumento pol\u00edtico, dependentemente do apoio de blocos como a direita, em vez de a ver como espa\u00e7o de negocia\u00e7\u00e3o real.","og_url":"https:\/\/portaltela.pt\/noticias\/2026\/04\/16\/deixem-o-luis-trabalhar-para-o-patronato-desperta-debate\/","og_site_name":"Portal Tela Portugal","article_published_time":"2026-04-16T07:32:25+00:00","author":"Telinha","twitter_card":"summary_large_image","twitter_misc":{"Escrito por":"Telinha","Tempo estimado de leitura":"3 minutos"},"schema":{"@context":"https:\/\/schema.org","@graph":[{"@type":"Article","@id":"https:\/\/portaltela.pt\/noticias\/2026\/04\/16\/deixem-o-luis-trabalhar-para-o-patronato-desperta-debate\/#article","isPartOf":{"@id":"https:\/\/portaltela.pt\/noticias\/2026\/04\/16\/deixem-o-luis-trabalhar-para-o-patronato-desperta-debate\/"},"author":{"name":"Telinha","@id":"https:\/\/portaltela.pt\/#\/schema\/person\/c4278d4a6028830caff9ee44b42d32ed"},"headline":"Deixem o Lu\u00eds trabalhar para o patronato desperta debate","datePublished":"2026-04-16T07:32:25+00:00","mainEntityOfPage":{"@id":"https:\/\/portaltela.pt\/noticias\/2026\/04\/16\/deixem-o-luis-trabalhar-para-o-patronato-desperta-debate\/"},"wordCount":524,"image":{"@id":"https:\/\/portaltela.pt\/noticias\/2026\/04\/16\/deixem-o-luis-trabalhar-para-o-patronato-desperta-debate\/#primaryimage"},"thumbnailUrl":"https:\/\/portaltela.pt\/s.01k8rhncp4jt1\/2026\/04\/2081479.jpg","keywords":["Concerta\u00e7\u00e3o Social","governo","pol\u00edtica","reforma","trabalhadores","trabalho"],"articleSection":["Pol\u00edtica","Sociedade"],"inLanguage":"pt-PT"},{"@type":"WebPage","@id":"https:\/\/portaltela.pt\/noticias\/2026\/04\/16\/deixem-o-luis-trabalhar-para-o-patronato-desperta-debate\/","url":"https:\/\/portaltela.pt\/noticias\/2026\/04\/16\/deixem-o-luis-trabalhar-para-o-patronato-desperta-debate\/","name":"Deixem o Lu\u00eds trabalhar para o patronato desperta debate - Portal Tela Portugal","isPartOf":{"@id":"https:\/\/portaltela.pt\/#website"},"primaryImageOfPage":{"@id":"https:\/\/portaltela.pt\/noticias\/2026\/04\/16\/deixem-o-luis-trabalhar-para-o-patronato-desperta-debate\/#primaryimage"},"image":{"@id":"https:\/\/portaltela.pt\/noticias\/2026\/04\/16\/deixem-o-luis-trabalhar-para-o-patronato-desperta-debate\/#primaryimage"},"thumbnailUrl":"https:\/\/portaltela.pt\/s.01k8rhncp4jt1\/2026\/04\/2081479.jpg","datePublished":"2026-04-16T07:32:25+00:00","author":{"@id":"https:\/\/portaltela.pt\/#\/schema\/person\/c4278d4a6028830caff9ee44b42d32ed"},"breadcrumb":{"@id":"https:\/\/portaltela.pt\/noticias\/2026\/04\/16\/deixem-o-luis-trabalhar-para-o-patronato-desperta-debate\/#breadcrumb"},"inLanguage":"pt-PT","potentialAction":[{"@type":"ReadAction","target":["https:\/\/portaltela.pt\/noticias\/2026\/04\/16\/deixem-o-luis-trabalhar-para-o-patronato-desperta-debate\/"]}]},{"@type":"ImageObject","inLanguage":"pt-PT","@id":"https:\/\/portaltela.pt\/noticias\/2026\/04\/16\/deixem-o-luis-trabalhar-para-o-patronato-desperta-debate\/#primaryimage","url":"https:\/\/portaltela.pt\/s.01k8rhncp4jt1\/2026\/04\/2081479.jpg","contentUrl":"https:\/\/portaltela.pt\/s.01k8rhncp4jt1\/2026\/04\/2081479.jpg","width":796,"height":448,"caption":"Megafone P3: Deixar o Lu\u00eds trabalhar significa criar um tapete vermelho para o patronato poder fazer o que bem entender"},{"@type":"BreadcrumbList","@id":"https:\/\/portaltela.pt\/noticias\/2026\/04\/16\/deixem-o-luis-trabalhar-para-o-patronato-desperta-debate\/#breadcrumb","itemListElement":[{"@type":"ListItem","position":1,"name":"In\u00edcio","item":"https:\/\/portaltela.pt\/"},{"@type":"ListItem","position":2,"name":"Deixem o Lu\u00eds trabalhar para o patronato desperta debate"}]},{"@type":"WebSite","@id":"https:\/\/portaltela.pt\/#website","url":"https:\/\/portaltela.pt\/","name":"Portal Tela Portugal","description":"","potentialAction":[{"@type":"SearchAction","target":{"@type":"EntryPoint","urlTemplate":"https:\/\/portaltela.pt\/?s={search_term_string}"},"query-input":{"@type":"PropertyValueSpecification","valueRequired":true,"valueName":"search_term_string"}}],"inLanguage":"pt-PT"},{"@type":"Person","@id":"https:\/\/portaltela.pt\/#\/schema\/person\/c4278d4a6028830caff9ee44b42d32ed","name":"Telinha","image":{"@type":"ImageObject","inLanguage":"pt-PT","@id":"https:\/\/portaltela.pt\/s.01k8rhncp4jt1\/2025\/11\/talking-bot-125x125.png","url":"https:\/\/portaltela.pt\/s.01k8rhncp4jt1\/2025\/11\/talking-bot-125x125.png","contentUrl":"https:\/\/portaltela.pt\/s.01k8rhncp4jt1\/2025\/11\/talking-bot-125x125.png","caption":"Telinha"},"sameAs":["https:\/\/portaltela.pt\/"],"url":"https:\/\/portaltela.pt\/por\/367410592786\/"}]}},"_links":{"self":[{"href":"https:\/\/portaltela.pt\/api\/wp\/v2\/posts\/445979","targetHints":{"allow":["GET"]}}],"collection":[{"href":"https:\/\/portaltela.pt\/api\/wp\/v2\/posts"}],"about":[{"href":"https:\/\/portaltela.pt\/api\/wp\/v2\/types\/post"}],"author":[{"embeddable":true,"href":"https:\/\/portaltela.pt\/api\/wp\/v2\/users\/2"}],"replies":[{"embeddable":true,"href":"https:\/\/portaltela.pt\/api\/wp\/v2\/comments?post=445979"}],"version-history":[{"count":0,"href":"https:\/\/portaltela.pt\/api\/wp\/v2\/posts\/445979\/revisions"}],"wp:featuredmedia":[{"embeddable":true,"href":"https:\/\/portaltela.pt\/api\/wp\/v2\/media\/445980"}],"wp:attachment":[{"href":"https:\/\/portaltela.pt\/api\/wp\/v2\/media?parent=445979"}],"wp:term":[{"taxonomy":"category","embeddable":true,"href":"https:\/\/portaltela.pt\/api\/wp\/v2\/categories?post=445979"},{"taxonomy":"post_tag","embeddable":true,"href":"https:\/\/portaltela.pt\/api\/wp\/v2\/tags?post=445979"}],"curies":[{"name":"wp","href":"https:\/\/api.w.org\/{rel}","templated":true}]}}