{"id":445969,"date":"2026-04-16T04:32:17","date_gmt":"2026-04-16T07:32:17","guid":{"rendered":"https:\/\/portaltela.pt\/noticias\/2026\/04\/16\/fernando-santos-pessoa-arquiteto-de-campo-vai-ser-doutor\/"},"modified":"2026-04-16T04:32:17","modified_gmt":"2026-04-16T07:32:17","slug":"fernando-santos-pessoa-arquiteto-de-campo-vai-ser-doutor","status":"publish","type":"post","link":"https:\/\/portaltela.pt\/meio-ambiente\/2026\/04\/16\/fernando-santos-pessoa-arquiteto-de-campo-vai-ser-doutor\/","title":{"rendered":"Fernando Santos Pessoa, arquiteto de campo, vai ser doutor"},"content":{"rendered":"<p>O arquiteto de campo Fernando Santos Pessoa foi homenageado com um doutoramento honoris causa pela Universidade do Algarve, ao lado de Gon\u00e7alo Ribeiro Telles. A homenagem reconhece a sua atua\u00e7\u00e3o na \u00e1rea ambiental e no ensino da arquitetura paisagista.<\/p>\n<p>Ao longo da carreira, Pessoa ajudou a criar uma \u201cescola\u201d de pensamento ambiental, consolidando o ensino da arquitetura paisagista em Portugal. A sua obra est\u00e1 ligada \u00e0 integra\u00e7\u00e3o entre natureza, espa\u00e7o p\u00fablico e planeamento.<\/p>\n<p>O percurso inclui a cria\u00e7\u00e3o do Servi\u00e7o Nacional de Parques, Reservas e Patrim\u00f3nio Paisag\u00edstico, em 1976, bem como a introdu\u00e7\u00e3o em Portugal da ecomuseologia, modelo de gest\u00e3o que valoriza o patrim\u00f3nio natural e cultural local.<\/p>\n<p>Aos 70 anos, o arquiteto recorda a passagem de um Renault 4L pela volta a Portugal, que integrou visitas a parques naturais e \u00e1reas protegidas. O ve\u00edculo simboliza uma fase de explora\u00e7\u00e3o territorial e de liga\u00e7\u00e3o ao territ\u00f3rio.<\/p>\n<p>A par da homenagem, a Universidade do Algarve destaca o contributo de Pessoa para a forma\u00e7\u00e3o na \u00e1rea ambiental e para a promo\u00e7\u00e3o de pr\u00e1ticas de conserva\u00e7\u00e3o e planeamento sustent\u00e1vel no pa\u00eds.<\/p>\n","protected":false},"excerpt":{"rendered":"<ul>\n<li>Fernando Santos Pessoa, arquiteto de campo, ser\u00e1 doutor honoris causa pela Universidade do Algarve, ao lado de Gon\u00e7alo Ribeiro Telles.<\/li>\n<li>A homenagem reconhece a sua contribui\u00e7\u00e3o para criar uma \u201cescola\u201d de pensamento ambiental e para consolidar o ensino da arquitetura paisagista.<\/li>\n<li>Este arquitecto esteve ligado \u00e0 cria\u00e7\u00e3o do Servi\u00e7o Nacional de Parques, Reservas e Patrim\u00f3nio Paisag\u00edstico, em 1976.<\/li>\n<li>Tamb\u00e9m ficou conhecido pela introdu\u00e7\u00e3o em Portugal da ecomuseologia.<\/li>\n<li>Em tom de mem\u00f3ria, o texto recorda o Renault 4L com mais de meio s\u00e9culo, conduzido por ele numa volta a Portugal para visitar parques naturais e \u00e1reas protegidas.<\/li>\n<\/ul>\n","protected":false},"author":2,"featured_media":445972,"comment_status":"closed","ping_status":"closed","sticky":false,"template":"","format":"standard","meta":{"footnotes":""},"categories":[6725],"tags":[8238,7975,4880,163,4399,814],"class_list":["post-445969","post","type-post","status-publish","format-standard","has-post-thumbnail","hentry","category-meio-ambiente","tag-_ambiente","tag-_arquitetura","tag-conservacao-ambiental","tag-educacao","tag-paisagens","tag-patrimonio"],"yoast_head":"<!-- This site is optimized with the Yoast SEO plugin v27.2 - https:\/\/yoast.com\/product\/yoast-seo-wordpress\/ -->\n<title>Fernando Santos Pessoa, arquiteto de campo, vai ser doutor - Portal Tela Portugal<\/title>\n<meta name=\"robots\" content=\"index, follow, max-snippet:-1, max-image-preview:large, max-video-preview:-1\" \/>\n<meta property=\"og:locale\" content=\"pt_PT\" \/>\n<meta property=\"og:type\" content=\"article\" \/>\n<meta property=\"og:title\" content=\"Fernando Santos Pessoa, arquiteto de campo, vai ser doutor - Portal Tela Portugal\" \/>\n<meta property=\"og:description\" content=\"Fernando Santos Pessoa, arquiteto de campo, ser\u00e1 doutor honoris causa pela Universidade do Algarve, ao lado de Gon\u00e7alo Ribeiro Telles. A homenagem reconhece a sua contribui\u00e7\u00e3o para criar uma \u201cescola\u201d de pensamento ambiental e para consolidar o ensino da arquitetura paisagista. Este arquitecto esteve ligado \u00e0 cria\u00e7\u00e3o do Servi\u00e7o Nacional de Parques, Reservas e Patrim\u00f3nio Paisag\u00edstico, em 1976. Tamb\u00e9m ficou conhecido pela introdu\u00e7\u00e3o em Portugal da ecomuseologia. Em tom de mem\u00f3ria, o texto recorda o Renault 4L com mais de meio s\u00e9culo, conduzido por ele numa volta a Portugal para visitar parques naturais e \u00e1reas protegidas.\" \/>\n<meta property=\"og:url\" content=\"https:\/\/portaltela.pt\/noticias\/2026\/04\/16\/fernando-santos-pessoa-arquiteto-de-campo-vai-ser-doutor\/\" \/>\n<meta property=\"og:site_name\" content=\"Portal Tela Portugal\" \/>\n<meta property=\"article:published_time\" content=\"2026-04-16T07:32:17+00:00\" \/>\n<meta name=\"author\" content=\"Telinha\" \/>\n<meta name=\"twitter:card\" content=\"summary_large_image\" \/>\n<meta name=\"twitter:label1\" content=\"Escrito por\" \/>\n\t<meta name=\"twitter:data1\" content=\"Telinha\" \/>\n\t<meta name=\"twitter:label2\" content=\"Tempo estimado de leitura\" \/>\n\t<meta name=\"twitter:data2\" content=\"1 minuto\" \/>\n<script type=\"application\/ld+json\" class=\"yoast-schema-graph\">{\"@context\":\"https:\/\/schema.org\",\"@graph\":[{\"@type\":\"Article\",\"@id\":\"https:\/\/portaltela.pt\/noticias\/2026\/04\/16\/fernando-santos-pessoa-arquiteto-de-campo-vai-ser-doutor\/#article\",\"isPartOf\":{\"@id\":\"https:\/\/portaltela.pt\/noticias\/2026\/04\/16\/fernando-santos-pessoa-arquiteto-de-campo-vai-ser-doutor\/\"},\"author\":{\"name\":\"Telinha\",\"@id\":\"https:\/\/portaltela.pt\/#\/schema\/person\/c4278d4a6028830caff9ee44b42d32ed\"},\"headline\":\"Fernando Santos Pessoa, arquiteto de campo, vai ser doutor\",\"datePublished\":\"2026-04-16T07:32:17+00:00\",\"mainEntityOfPage\":{\"@id\":\"https:\/\/portaltela.pt\/noticias\/2026\/04\/16\/fernando-santos-pessoa-arquiteto-de-campo-vai-ser-doutor\/\"},\"wordCount\":206,\"image\":{\"@id\":\"https:\/\/portaltela.pt\/noticias\/2026\/04\/16\/fernando-santos-pessoa-arquiteto-de-campo-vai-ser-doutor\/#primaryimage\"},\"thumbnailUrl\":\"https:\/\/portaltela.pt\/s.01k8rhncp4jt1\/2026\/04\/2081656.jpg\",\"keywords\":[\"_ambiente\",\"_arquitetura\",\"conserva\u00e7\u00e3o ambiental\",\"educa\u00e7\u00e3o\",\"Paisagens\",\"patrim\u00f3nio\"],\"articleSection\":[\"Meio Ambiente\"],\"inLanguage\":\"pt-PT\"},{\"@type\":\"WebPage\",\"@id\":\"https:\/\/portaltela.pt\/noticias\/2026\/04\/16\/fernando-santos-pessoa-arquiteto-de-campo-vai-ser-doutor\/\",\"url\":\"https:\/\/portaltela.pt\/noticias\/2026\/04\/16\/fernando-santos-pessoa-arquiteto-de-campo-vai-ser-doutor\/\",\"name\":\"Fernando Santos Pessoa, arquiteto de campo, vai ser doutor - Portal Tela Portugal\",\"isPartOf\":{\"@id\":\"https:\/\/portaltela.pt\/#website\"},\"primaryImageOfPage\":{\"@id\":\"https:\/\/portaltela.pt\/noticias\/2026\/04\/16\/fernando-santos-pessoa-arquiteto-de-campo-vai-ser-doutor\/#primaryimage\"},\"image\":{\"@id\":\"https:\/\/portaltela.pt\/noticias\/2026\/04\/16\/fernando-santos-pessoa-arquiteto-de-campo-vai-ser-doutor\/#primaryimage\"},\"thumbnailUrl\":\"https:\/\/portaltela.pt\/s.01k8rhncp4jt1\/2026\/04\/2081656.jpg\",\"datePublished\":\"2026-04-16T07:32:17+00:00\",\"author\":{\"@id\":\"https:\/\/portaltela.pt\/#\/schema\/person\/c4278d4a6028830caff9ee44b42d32ed\"},\"breadcrumb\":{\"@id\":\"https:\/\/portaltela.pt\/noticias\/2026\/04\/16\/fernando-santos-pessoa-arquiteto-de-campo-vai-ser-doutor\/#breadcrumb\"},\"inLanguage\":\"pt-PT\",\"potentialAction\":[{\"@type\":\"ReadAction\",\"target\":[\"https:\/\/portaltela.pt\/noticias\/2026\/04\/16\/fernando-santos-pessoa-arquiteto-de-campo-vai-ser-doutor\/\"]}]},{\"@type\":\"ImageObject\",\"inLanguage\":\"pt-PT\",\"@id\":\"https:\/\/portaltela.pt\/noticias\/2026\/04\/16\/fernando-santos-pessoa-arquiteto-de-campo-vai-ser-doutor\/#primaryimage\",\"url\":\"https:\/\/portaltela.pt\/s.01k8rhncp4jt1\/2026\/04\/2081656.jpg\",\"contentUrl\":\"https:\/\/portaltela.pt\/s.01k8rhncp4jt1\/2026\/04\/2081656.jpg\",\"width\":796,\"height\":448,\"caption\":\"Fernando Santos Pessoa, arquitecto paisagista\"},{\"@type\":\"BreadcrumbList\",\"@id\":\"https:\/\/portaltela.pt\/noticias\/2026\/04\/16\/fernando-santos-pessoa-arquiteto-de-campo-vai-ser-doutor\/#breadcrumb\",\"itemListElement\":[{\"@type\":\"ListItem\",\"position\":1,\"name\":\"In\u00edcio\",\"item\":\"https:\/\/portaltela.pt\/\"},{\"@type\":\"ListItem\",\"position\":2,\"name\":\"Fernando Santos Pessoa, arquiteto de campo, vai ser doutor\"}]},{\"@type\":\"WebSite\",\"@id\":\"https:\/\/portaltela.pt\/#website\",\"url\":\"https:\/\/portaltela.pt\/\",\"name\":\"Portal Tela Portugal\",\"description\":\"\",\"potentialAction\":[{\"@type\":\"SearchAction\",\"target\":{\"@type\":\"EntryPoint\",\"urlTemplate\":\"https:\/\/portaltela.pt\/?s={search_term_string}\"},\"query-input\":{\"@type\":\"PropertyValueSpecification\",\"valueRequired\":true,\"valueName\":\"search_term_string\"}}],\"inLanguage\":\"pt-PT\"},{\"@type\":\"Person\",\"@id\":\"https:\/\/portaltela.pt\/#\/schema\/person\/c4278d4a6028830caff9ee44b42d32ed\",\"name\":\"Telinha\",\"image\":{\"@type\":\"ImageObject\",\"inLanguage\":\"pt-PT\",\"@id\":\"https:\/\/portaltela.pt\/s.01k8rhncp4jt1\/2025\/11\/talking-bot-125x125.png\",\"url\":\"https:\/\/portaltela.pt\/s.01k8rhncp4jt1\/2025\/11\/talking-bot-125x125.png\",\"contentUrl\":\"https:\/\/portaltela.pt\/s.01k8rhncp4jt1\/2025\/11\/talking-bot-125x125.png\",\"caption\":\"Telinha\"},\"sameAs\":[\"https:\/\/portaltela.pt\/\"],\"url\":\"https:\/\/portaltela.pt\/por\/367410592786\/\"}]}<\/script>\n<!-- \/ Yoast SEO plugin. -->","yoast_head_json":{"title":"Fernando Santos Pessoa, arquiteto de campo, vai ser doutor - Portal Tela Portugal","robots":{"index":"index","follow":"follow","max-snippet":"max-snippet:-1","max-image-preview":"max-image-preview:large","max-video-preview":"max-video-preview:-1"},"og_locale":"pt_PT","og_type":"article","og_title":"Fernando Santos Pessoa, arquiteto de campo, vai ser doutor - Portal Tela Portugal","og_description":"Fernando Santos Pessoa, arquiteto de campo, ser\u00e1 doutor honoris causa pela Universidade do Algarve, ao lado de Gon\u00e7alo Ribeiro Telles. A homenagem reconhece a sua contribui\u00e7\u00e3o para criar uma \u201cescola\u201d de pensamento ambiental e para consolidar o ensino da arquitetura paisagista. Este arquitecto esteve ligado \u00e0 cria\u00e7\u00e3o do Servi\u00e7o Nacional de Parques, Reservas e Patrim\u00f3nio Paisag\u00edstico, em 1976. Tamb\u00e9m ficou conhecido pela introdu\u00e7\u00e3o em Portugal da ecomuseologia. Em tom de mem\u00f3ria, o texto recorda o Renault 4L com mais de meio s\u00e9culo, conduzido por ele numa volta a Portugal para visitar parques naturais e \u00e1reas protegidas.","og_url":"https:\/\/portaltela.pt\/noticias\/2026\/04\/16\/fernando-santos-pessoa-arquiteto-de-campo-vai-ser-doutor\/","og_site_name":"Portal Tela Portugal","article_published_time":"2026-04-16T07:32:17+00:00","author":"Telinha","twitter_card":"summary_large_image","twitter_misc":{"Escrito por":"Telinha","Tempo estimado de leitura":"1 minuto"},"schema":{"@context":"https:\/\/schema.org","@graph":[{"@type":"Article","@id":"https:\/\/portaltela.pt\/noticias\/2026\/04\/16\/fernando-santos-pessoa-arquiteto-de-campo-vai-ser-doutor\/#article","isPartOf":{"@id":"https:\/\/portaltela.pt\/noticias\/2026\/04\/16\/fernando-santos-pessoa-arquiteto-de-campo-vai-ser-doutor\/"},"author":{"name":"Telinha","@id":"https:\/\/portaltela.pt\/#\/schema\/person\/c4278d4a6028830caff9ee44b42d32ed"},"headline":"Fernando Santos Pessoa, arquiteto de campo, vai ser doutor","datePublished":"2026-04-16T07:32:17+00:00","mainEntityOfPage":{"@id":"https:\/\/portaltela.pt\/noticias\/2026\/04\/16\/fernando-santos-pessoa-arquiteto-de-campo-vai-ser-doutor\/"},"wordCount":206,"image":{"@id":"https:\/\/portaltela.pt\/noticias\/2026\/04\/16\/fernando-santos-pessoa-arquiteto-de-campo-vai-ser-doutor\/#primaryimage"},"thumbnailUrl":"https:\/\/portaltela.pt\/s.01k8rhncp4jt1\/2026\/04\/2081656.jpg","keywords":["_ambiente","_arquitetura","conserva\u00e7\u00e3o ambiental","educa\u00e7\u00e3o","Paisagens","patrim\u00f3nio"],"articleSection":["Meio Ambiente"],"inLanguage":"pt-PT"},{"@type":"WebPage","@id":"https:\/\/portaltela.pt\/noticias\/2026\/04\/16\/fernando-santos-pessoa-arquiteto-de-campo-vai-ser-doutor\/","url":"https:\/\/portaltela.pt\/noticias\/2026\/04\/16\/fernando-santos-pessoa-arquiteto-de-campo-vai-ser-doutor\/","name":"Fernando Santos Pessoa, arquiteto de campo, vai ser doutor - Portal Tela Portugal","isPartOf":{"@id":"https:\/\/portaltela.pt\/#website"},"primaryImageOfPage":{"@id":"https:\/\/portaltela.pt\/noticias\/2026\/04\/16\/fernando-santos-pessoa-arquiteto-de-campo-vai-ser-doutor\/#primaryimage"},"image":{"@id":"https:\/\/portaltela.pt\/noticias\/2026\/04\/16\/fernando-santos-pessoa-arquiteto-de-campo-vai-ser-doutor\/#primaryimage"},"thumbnailUrl":"https:\/\/portaltela.pt\/s.01k8rhncp4jt1\/2026\/04\/2081656.jpg","datePublished":"2026-04-16T07:32:17+00:00","author":{"@id":"https:\/\/portaltela.pt\/#\/schema\/person\/c4278d4a6028830caff9ee44b42d32ed"},"breadcrumb":{"@id":"https:\/\/portaltela.pt\/noticias\/2026\/04\/16\/fernando-santos-pessoa-arquiteto-de-campo-vai-ser-doutor\/#breadcrumb"},"inLanguage":"pt-PT","potentialAction":[{"@type":"ReadAction","target":["https:\/\/portaltela.pt\/noticias\/2026\/04\/16\/fernando-santos-pessoa-arquiteto-de-campo-vai-ser-doutor\/"]}]},{"@type":"ImageObject","inLanguage":"pt-PT","@id":"https:\/\/portaltela.pt\/noticias\/2026\/04\/16\/fernando-santos-pessoa-arquiteto-de-campo-vai-ser-doutor\/#primaryimage","url":"https:\/\/portaltela.pt\/s.01k8rhncp4jt1\/2026\/04\/2081656.jpg","contentUrl":"https:\/\/portaltela.pt\/s.01k8rhncp4jt1\/2026\/04\/2081656.jpg","width":796,"height":448,"caption":"Fernando Santos Pessoa, arquitecto paisagista"},{"@type":"BreadcrumbList","@id":"https:\/\/portaltela.pt\/noticias\/2026\/04\/16\/fernando-santos-pessoa-arquiteto-de-campo-vai-ser-doutor\/#breadcrumb","itemListElement":[{"@type":"ListItem","position":1,"name":"In\u00edcio","item":"https:\/\/portaltela.pt\/"},{"@type":"ListItem","position":2,"name":"Fernando Santos Pessoa, arquiteto de campo, vai ser doutor"}]},{"@type":"WebSite","@id":"https:\/\/portaltela.pt\/#website","url":"https:\/\/portaltela.pt\/","name":"Portal Tela Portugal","description":"","potentialAction":[{"@type":"SearchAction","target":{"@type":"EntryPoint","urlTemplate":"https:\/\/portaltela.pt\/?s={search_term_string}"},"query-input":{"@type":"PropertyValueSpecification","valueRequired":true,"valueName":"search_term_string"}}],"inLanguage":"pt-PT"},{"@type":"Person","@id":"https:\/\/portaltela.pt\/#\/schema\/person\/c4278d4a6028830caff9ee44b42d32ed","name":"Telinha","image":{"@type":"ImageObject","inLanguage":"pt-PT","@id":"https:\/\/portaltela.pt\/s.01k8rhncp4jt1\/2025\/11\/talking-bot-125x125.png","url":"https:\/\/portaltela.pt\/s.01k8rhncp4jt1\/2025\/11\/talking-bot-125x125.png","contentUrl":"https:\/\/portaltela.pt\/s.01k8rhncp4jt1\/2025\/11\/talking-bot-125x125.png","caption":"Telinha"},"sameAs":["https:\/\/portaltela.pt\/"],"url":"https:\/\/portaltela.pt\/por\/367410592786\/"}]}},"_links":{"self":[{"href":"https:\/\/portaltela.pt\/api\/wp\/v2\/posts\/445969","targetHints":{"allow":["GET"]}}],"collection":[{"href":"https:\/\/portaltela.pt\/api\/wp\/v2\/posts"}],"about":[{"href":"https:\/\/portaltela.pt\/api\/wp\/v2\/types\/post"}],"author":[{"embeddable":true,"href":"https:\/\/portaltela.pt\/api\/wp\/v2\/users\/2"}],"replies":[{"embeddable":true,"href":"https:\/\/portaltela.pt\/api\/wp\/v2\/comments?post=445969"}],"version-history":[{"count":0,"href":"https:\/\/portaltela.pt\/api\/wp\/v2\/posts\/445969\/revisions"}],"wp:featuredmedia":[{"embeddable":true,"href":"https:\/\/portaltela.pt\/api\/wp\/v2\/media\/445972"}],"wp:attachment":[{"href":"https:\/\/portaltela.pt\/api\/wp\/v2\/media?parent=445969"}],"wp:term":[{"taxonomy":"category","embeddable":true,"href":"https:\/\/portaltela.pt\/api\/wp\/v2\/categories?post=445969"},{"taxonomy":"post_tag","embeddable":true,"href":"https:\/\/portaltela.pt\/api\/wp\/v2\/tags?post=445969"}],"curies":[{"name":"wp","href":"https:\/\/api.w.org\/{rel}","templated":true}]}}