{"id":445918,"date":"2026-04-16T03:32:23","date_gmt":"2026-04-16T06:32:23","guid":{"rendered":"https:\/\/portaltela.pt\/noticias\/2026\/04\/16\/gustavo-mendonca-junta-se-a-joao-henriques-no-avs\/"},"modified":"2026-04-16T03:32:23","modified_gmt":"2026-04-16T06:32:23","slug":"gustavo-mendonca-junta-se-a-joao-henriques-no-avs","status":"publish","type":"post","link":"https:\/\/portaltela.pt\/desporto\/futebol\/2026\/04\/16\/gustavo-mendonca-junta-se-a-joao-henriques-no-avs\/","title":{"rendered":"Gustavo Mendon\u00e7a junta-se a Jo\u00e3o Henriques no AVS"},"content":{"rendered":"<p>Gustavo Mendon\u00e7a consolidou o estatuto sob o comando de Jo\u00e3o Henriques no AVS SAD. O m\u00e9dio, de 23 anos, passou de op\u00e7\u00e3o rara sob Jos\u00e9 Mota e, mais tarde, sob Jo\u00e3o Pedro Sousa, para titular indiscut\u00edvel desde a chegada do t\u00e9cnico.<\/p>\n<p>A evolu\u00e7\u00e3o aconteceu com a nova lideran\u00e7a t\u00e9cnica, que potenciou o tempo de jogo do jogador no onze inicial. Mendon\u00e7a prepara-se para cumprir o 14.\u00ba jogo consecutivo como titular nesta fase da \u00e9poca.<\/p>\n<h3>Consolida\u00e7\u00e3o sob Henriques<\/h3>\n<p>Aproxima-se a desloca\u00e7\u00e3o ao Rio Ave, onde o atleta estar\u00e1 em campo federalmente como titular, refor\u00e7ando o papel estrat\u00e9gico do meio-campo na constru\u00e7\u00e3o ofensiva da equipa. A dire\u00e7\u00e3o t\u00e9cnica mant\u00e9m o foco na consist\u00eancia coletiva e na progress\u00e3o do plantel.<\/p>\n","protected":false},"excerpt":{"rendered":"<ul>\n<li>Gustavo Mendon\u00e7a \u00e9 um dos jogadores que mais beneficiou com a chegada de Jo\u00e3o Henriques ao AVS SAD.<\/li>\n<li>O jogador, de 23 anos, raramente era op\u00e7\u00e3o sob Jos\u00e9 Mota e, mais tarde, sob Jo\u00e3o Pedro Sousa.<\/li>\n<li>Passou a ter estatuto de indiscut\u00edvel desde a entrada de Henriques no comando t\u00e9cnico.<\/li>\n<li>O atleta prepara-se para cumprir o 14.\u00ba jogo consecutivo a titular.<\/li>\n<li>A desloca\u00e7\u00e3o prevista \u00e9 ao terreno do Rio Ave.<\/li>\n<\/ul>\n","protected":false},"author":2,"featured_media":445923,"comment_status":"closed","ping_status":"closed","sticky":false,"template":"","format":"standard","meta":{"footnotes":""},"categories":[21,24],"tags":[1984,152,32,242,2190,2477],"class_list":["post-445918","post","type-post","status-publish","format-standard","has-post-thumbnail","hentry","category-desporto","category-futebol","tag-avs-sad","tag-desporto","tag-futebol","tag-jogadores","tag-rio-ave","tag-treinadores"],"yoast_head":"<!-- This site is optimized with the Yoast SEO plugin v27.2 - https:\/\/yoast.com\/product\/yoast-seo-wordpress\/ -->\n<title>Gustavo Mendon\u00e7a junta-se a Jo\u00e3o Henriques no AVS - Portal Tela Portugal<\/title>\n<meta name=\"robots\" content=\"index, follow, max-snippet:-1, max-image-preview:large, max-video-preview:-1\" \/>\n<meta property=\"og:locale\" content=\"pt_PT\" \/>\n<meta property=\"og:type\" content=\"article\" \/>\n<meta property=\"og:title\" content=\"Gustavo Mendon\u00e7a junta-se a Jo\u00e3o Henriques no AVS - Portal Tela Portugal\" \/>\n<meta property=\"og:description\" content=\"Gustavo Mendon\u00e7a \u00e9 um dos jogadores que mais beneficiou com a chegada de Jo\u00e3o Henriques ao AVS SAD. O jogador, de 23 anos, raramente era op\u00e7\u00e3o sob Jos\u00e9 Mota e, mais tarde, sob Jo\u00e3o Pedro Sousa. Passou a ter estatuto de indiscut\u00edvel desde a entrada de Henriques no comando t\u00e9cnico. O atleta prepara-se para cumprir o 14.\u00ba jogo consecutivo a titular. A desloca\u00e7\u00e3o prevista \u00e9 ao terreno do Rio Ave.\" \/>\n<meta property=\"og:url\" content=\"https:\/\/portaltela.pt\/noticias\/2026\/04\/16\/gustavo-mendonca-junta-se-a-joao-henriques-no-avs\/\" \/>\n<meta property=\"og:site_name\" content=\"Portal Tela Portugal\" \/>\n<meta property=\"article:published_time\" content=\"2026-04-16T06:32:23+00:00\" \/>\n<meta name=\"author\" content=\"Telinha\" \/>\n<meta name=\"twitter:card\" content=\"summary_large_image\" \/>\n<meta name=\"twitter:label1\" content=\"Escrito por\" \/>\n\t<meta name=\"twitter:data1\" content=\"Telinha\" \/>\n\t<meta name=\"twitter:label2\" content=\"Tempo estimado de leitura\" \/>\n\t<meta name=\"twitter:data2\" content=\"1 minuto\" \/>\n<script type=\"application\/ld+json\" class=\"yoast-schema-graph\">{\"@context\":\"https:\/\/schema.org\",\"@graph\":[{\"@type\":\"Article\",\"@id\":\"https:\/\/portaltela.pt\/noticias\/2026\/04\/16\/gustavo-mendonca-junta-se-a-joao-henriques-no-avs\/#article\",\"isPartOf\":{\"@id\":\"https:\/\/portaltela.pt\/noticias\/2026\/04\/16\/gustavo-mendonca-junta-se-a-joao-henriques-no-avs\/\"},\"author\":{\"name\":\"Telinha\",\"@id\":\"https:\/\/portaltela.pt\/#\/schema\/person\/c4278d4a6028830caff9ee44b42d32ed\"},\"headline\":\"Gustavo Mendon\u00e7a junta-se a Jo\u00e3o Henriques no AVS\",\"datePublished\":\"2026-04-16T06:32:23+00:00\",\"mainEntityOfPage\":{\"@id\":\"https:\/\/portaltela.pt\/noticias\/2026\/04\/16\/gustavo-mendonca-junta-se-a-joao-henriques-no-avs\/\"},\"wordCount\":146,\"image\":{\"@id\":\"https:\/\/portaltela.pt\/noticias\/2026\/04\/16\/gustavo-mendonca-junta-se-a-joao-henriques-no-avs\/#primaryimage\"},\"thumbnailUrl\":\"https:\/\/portaltela.pt\/s.01k8rhncp4jt1\/2026\/04\/img_920x518uu2025-07-05-14-13-07-2374500-im-638873216309847883.jpg\",\"keywords\":[\"AVS SAD\",\"desporto\",\"futebol\",\"jogadores\",\"Rio Ave\",\"treinadores\"],\"articleSection\":[\"Desporto\",\"Futebol\"],\"inLanguage\":\"pt-PT\"},{\"@type\":\"WebPage\",\"@id\":\"https:\/\/portaltela.pt\/noticias\/2026\/04\/16\/gustavo-mendonca-junta-se-a-joao-henriques-no-avs\/\",\"url\":\"https:\/\/portaltela.pt\/noticias\/2026\/04\/16\/gustavo-mendonca-junta-se-a-joao-henriques-no-avs\/\",\"name\":\"Gustavo Mendon\u00e7a junta-se a Jo\u00e3o Henriques no AVS - Portal Tela Portugal\",\"isPartOf\":{\"@id\":\"https:\/\/portaltela.pt\/#website\"},\"primaryImageOfPage\":{\"@id\":\"https:\/\/portaltela.pt\/noticias\/2026\/04\/16\/gustavo-mendonca-junta-se-a-joao-henriques-no-avs\/#primaryimage\"},\"image\":{\"@id\":\"https:\/\/portaltela.pt\/noticias\/2026\/04\/16\/gustavo-mendonca-junta-se-a-joao-henriques-no-avs\/#primaryimage\"},\"thumbnailUrl\":\"https:\/\/portaltela.pt\/s.01k8rhncp4jt1\/2026\/04\/img_920x518uu2025-07-05-14-13-07-2374500-im-638873216309847883.jpg\",\"datePublished\":\"2026-04-16T06:32:23+00:00\",\"author\":{\"@id\":\"https:\/\/portaltela.pt\/#\/schema\/person\/c4278d4a6028830caff9ee44b42d32ed\"},\"breadcrumb\":{\"@id\":\"https:\/\/portaltela.pt\/noticias\/2026\/04\/16\/gustavo-mendonca-junta-se-a-joao-henriques-no-avs\/#breadcrumb\"},\"inLanguage\":\"pt-PT\",\"potentialAction\":[{\"@type\":\"ReadAction\",\"target\":[\"https:\/\/portaltela.pt\/noticias\/2026\/04\/16\/gustavo-mendonca-junta-se-a-joao-henriques-no-avs\/\"]}]},{\"@type\":\"ImageObject\",\"inLanguage\":\"pt-PT\",\"@id\":\"https:\/\/portaltela.pt\/noticias\/2026\/04\/16\/gustavo-mendonca-junta-se-a-joao-henriques-no-avs\/#primaryimage\",\"url\":\"https:\/\/portaltela.pt\/s.01k8rhncp4jt1\/2026\/04\/img_920x518uu2025-07-05-14-13-07-2374500-im-638873216309847883.jpg\",\"contentUrl\":\"https:\/\/portaltela.pt\/s.01k8rhncp4jt1\/2026\/04\/img_920x518uu2025-07-05-14-13-07-2374500-im-638873216309847883.jpg\",\"width\":920,\"height\":518,\"caption\":\"Gustavo Mendon\u00e7a afirma-se com Jo\u00e3o Henriques no AVS\"},{\"@type\":\"BreadcrumbList\",\"@id\":\"https:\/\/portaltela.pt\/noticias\/2026\/04\/16\/gustavo-mendonca-junta-se-a-joao-henriques-no-avs\/#breadcrumb\",\"itemListElement\":[{\"@type\":\"ListItem\",\"position\":1,\"name\":\"In\u00edcio\",\"item\":\"https:\/\/portaltela.pt\/\"},{\"@type\":\"ListItem\",\"position\":2,\"name\":\"Gustavo Mendon\u00e7a junta-se a Jo\u00e3o Henriques no AVS\"}]},{\"@type\":\"WebSite\",\"@id\":\"https:\/\/portaltela.pt\/#website\",\"url\":\"https:\/\/portaltela.pt\/\",\"name\":\"Portal Tela Portugal\",\"description\":\"\",\"potentialAction\":[{\"@type\":\"SearchAction\",\"target\":{\"@type\":\"EntryPoint\",\"urlTemplate\":\"https:\/\/portaltela.pt\/?s={search_term_string}\"},\"query-input\":{\"@type\":\"PropertyValueSpecification\",\"valueRequired\":true,\"valueName\":\"search_term_string\"}}],\"inLanguage\":\"pt-PT\"},{\"@type\":\"Person\",\"@id\":\"https:\/\/portaltela.pt\/#\/schema\/person\/c4278d4a6028830caff9ee44b42d32ed\",\"name\":\"Telinha\",\"image\":{\"@type\":\"ImageObject\",\"inLanguage\":\"pt-PT\",\"@id\":\"https:\/\/portaltela.pt\/s.01k8rhncp4jt1\/2025\/11\/talking-bot-125x125.png\",\"url\":\"https:\/\/portaltela.pt\/s.01k8rhncp4jt1\/2025\/11\/talking-bot-125x125.png\",\"contentUrl\":\"https:\/\/portaltela.pt\/s.01k8rhncp4jt1\/2025\/11\/talking-bot-125x125.png\",\"caption\":\"Telinha\"},\"sameAs\":[\"https:\/\/portaltela.pt\/\"],\"url\":\"https:\/\/portaltela.pt\/por\/367410592786\/\"}]}<\/script>\n<!-- \/ Yoast SEO plugin. -->","yoast_head_json":{"title":"Gustavo Mendon\u00e7a junta-se a Jo\u00e3o Henriques no AVS - Portal Tela Portugal","robots":{"index":"index","follow":"follow","max-snippet":"max-snippet:-1","max-image-preview":"max-image-preview:large","max-video-preview":"max-video-preview:-1"},"og_locale":"pt_PT","og_type":"article","og_title":"Gustavo Mendon\u00e7a junta-se a Jo\u00e3o Henriques no AVS - Portal Tela Portugal","og_description":"Gustavo Mendon\u00e7a \u00e9 um dos jogadores que mais beneficiou com a chegada de Jo\u00e3o Henriques ao AVS SAD. O jogador, de 23 anos, raramente era op\u00e7\u00e3o sob Jos\u00e9 Mota e, mais tarde, sob Jo\u00e3o Pedro Sousa. Passou a ter estatuto de indiscut\u00edvel desde a entrada de Henriques no comando t\u00e9cnico. O atleta prepara-se para cumprir o 14.\u00ba jogo consecutivo a titular. A desloca\u00e7\u00e3o prevista \u00e9 ao terreno do Rio Ave.","og_url":"https:\/\/portaltela.pt\/noticias\/2026\/04\/16\/gustavo-mendonca-junta-se-a-joao-henriques-no-avs\/","og_site_name":"Portal Tela Portugal","article_published_time":"2026-04-16T06:32:23+00:00","author":"Telinha","twitter_card":"summary_large_image","twitter_misc":{"Escrito por":"Telinha","Tempo estimado de leitura":"1 minuto"},"schema":{"@context":"https:\/\/schema.org","@graph":[{"@type":"Article","@id":"https:\/\/portaltela.pt\/noticias\/2026\/04\/16\/gustavo-mendonca-junta-se-a-joao-henriques-no-avs\/#article","isPartOf":{"@id":"https:\/\/portaltela.pt\/noticias\/2026\/04\/16\/gustavo-mendonca-junta-se-a-joao-henriques-no-avs\/"},"author":{"name":"Telinha","@id":"https:\/\/portaltela.pt\/#\/schema\/person\/c4278d4a6028830caff9ee44b42d32ed"},"headline":"Gustavo Mendon\u00e7a junta-se a Jo\u00e3o Henriques no AVS","datePublished":"2026-04-16T06:32:23+00:00","mainEntityOfPage":{"@id":"https:\/\/portaltela.pt\/noticias\/2026\/04\/16\/gustavo-mendonca-junta-se-a-joao-henriques-no-avs\/"},"wordCount":146,"image":{"@id":"https:\/\/portaltela.pt\/noticias\/2026\/04\/16\/gustavo-mendonca-junta-se-a-joao-henriques-no-avs\/#primaryimage"},"thumbnailUrl":"https:\/\/portaltela.pt\/s.01k8rhncp4jt1\/2026\/04\/img_920x518uu2025-07-05-14-13-07-2374500-im-638873216309847883.jpg","keywords":["AVS SAD","desporto","futebol","jogadores","Rio Ave","treinadores"],"articleSection":["Desporto","Futebol"],"inLanguage":"pt-PT"},{"@type":"WebPage","@id":"https:\/\/portaltela.pt\/noticias\/2026\/04\/16\/gustavo-mendonca-junta-se-a-joao-henriques-no-avs\/","url":"https:\/\/portaltela.pt\/noticias\/2026\/04\/16\/gustavo-mendonca-junta-se-a-joao-henriques-no-avs\/","name":"Gustavo Mendon\u00e7a junta-se a Jo\u00e3o Henriques no AVS - Portal Tela Portugal","isPartOf":{"@id":"https:\/\/portaltela.pt\/#website"},"primaryImageOfPage":{"@id":"https:\/\/portaltela.pt\/noticias\/2026\/04\/16\/gustavo-mendonca-junta-se-a-joao-henriques-no-avs\/#primaryimage"},"image":{"@id":"https:\/\/portaltela.pt\/noticias\/2026\/04\/16\/gustavo-mendonca-junta-se-a-joao-henriques-no-avs\/#primaryimage"},"thumbnailUrl":"https:\/\/portaltela.pt\/s.01k8rhncp4jt1\/2026\/04\/img_920x518uu2025-07-05-14-13-07-2374500-im-638873216309847883.jpg","datePublished":"2026-04-16T06:32:23+00:00","author":{"@id":"https:\/\/portaltela.pt\/#\/schema\/person\/c4278d4a6028830caff9ee44b42d32ed"},"breadcrumb":{"@id":"https:\/\/portaltela.pt\/noticias\/2026\/04\/16\/gustavo-mendonca-junta-se-a-joao-henriques-no-avs\/#breadcrumb"},"inLanguage":"pt-PT","potentialAction":[{"@type":"ReadAction","target":["https:\/\/portaltela.pt\/noticias\/2026\/04\/16\/gustavo-mendonca-junta-se-a-joao-henriques-no-avs\/"]}]},{"@type":"ImageObject","inLanguage":"pt-PT","@id":"https:\/\/portaltela.pt\/noticias\/2026\/04\/16\/gustavo-mendonca-junta-se-a-joao-henriques-no-avs\/#primaryimage","url":"https:\/\/portaltela.pt\/s.01k8rhncp4jt1\/2026\/04\/img_920x518uu2025-07-05-14-13-07-2374500-im-638873216309847883.jpg","contentUrl":"https:\/\/portaltela.pt\/s.01k8rhncp4jt1\/2026\/04\/img_920x518uu2025-07-05-14-13-07-2374500-im-638873216309847883.jpg","width":920,"height":518,"caption":"Gustavo Mendon\u00e7a afirma-se com Jo\u00e3o Henriques no AVS"},{"@type":"BreadcrumbList","@id":"https:\/\/portaltela.pt\/noticias\/2026\/04\/16\/gustavo-mendonca-junta-se-a-joao-henriques-no-avs\/#breadcrumb","itemListElement":[{"@type":"ListItem","position":1,"name":"In\u00edcio","item":"https:\/\/portaltela.pt\/"},{"@type":"ListItem","position":2,"name":"Gustavo Mendon\u00e7a junta-se a Jo\u00e3o Henriques no AVS"}]},{"@type":"WebSite","@id":"https:\/\/portaltela.pt\/#website","url":"https:\/\/portaltela.pt\/","name":"Portal Tela Portugal","description":"","potentialAction":[{"@type":"SearchAction","target":{"@type":"EntryPoint","urlTemplate":"https:\/\/portaltela.pt\/?s={search_term_string}"},"query-input":{"@type":"PropertyValueSpecification","valueRequired":true,"valueName":"search_term_string"}}],"inLanguage":"pt-PT"},{"@type":"Person","@id":"https:\/\/portaltela.pt\/#\/schema\/person\/c4278d4a6028830caff9ee44b42d32ed","name":"Telinha","image":{"@type":"ImageObject","inLanguage":"pt-PT","@id":"https:\/\/portaltela.pt\/s.01k8rhncp4jt1\/2025\/11\/talking-bot-125x125.png","url":"https:\/\/portaltela.pt\/s.01k8rhncp4jt1\/2025\/11\/talking-bot-125x125.png","contentUrl":"https:\/\/portaltela.pt\/s.01k8rhncp4jt1\/2025\/11\/talking-bot-125x125.png","caption":"Telinha"},"sameAs":["https:\/\/portaltela.pt\/"],"url":"https:\/\/portaltela.pt\/por\/367410592786\/"}]}},"_links":{"self":[{"href":"https:\/\/portaltela.pt\/api\/wp\/v2\/posts\/445918","targetHints":{"allow":["GET"]}}],"collection":[{"href":"https:\/\/portaltela.pt\/api\/wp\/v2\/posts"}],"about":[{"href":"https:\/\/portaltela.pt\/api\/wp\/v2\/types\/post"}],"author":[{"embeddable":true,"href":"https:\/\/portaltela.pt\/api\/wp\/v2\/users\/2"}],"replies":[{"embeddable":true,"href":"https:\/\/portaltela.pt\/api\/wp\/v2\/comments?post=445918"}],"version-history":[{"count":0,"href":"https:\/\/portaltela.pt\/api\/wp\/v2\/posts\/445918\/revisions"}],"wp:featuredmedia":[{"embeddable":true,"href":"https:\/\/portaltela.pt\/api\/wp\/v2\/media\/445923"}],"wp:attachment":[{"href":"https:\/\/portaltela.pt\/api\/wp\/v2\/media?parent=445918"}],"wp:term":[{"taxonomy":"category","embeddable":true,"href":"https:\/\/portaltela.pt\/api\/wp\/v2\/categories?post=445918"},{"taxonomy":"post_tag","embeddable":true,"href":"https:\/\/portaltela.pt\/api\/wp\/v2\/tags?post=445918"}],"curies":[{"name":"wp","href":"https:\/\/api.w.org\/{rel}","templated":true}]}}