{"id":445915,"date":"2026-04-16T03:28:00","date_gmt":"2026-04-16T06:28:00","guid":{"rendered":"https:\/\/portaltela.pt\/noticias\/2026\/04\/16\/psp-gnr-maritima-e-guardas-prisionais-protestam-contra-cortes-nas-reformas\/"},"modified":"2026-04-16T03:28:00","modified_gmt":"2026-04-16T06:28:00","slug":"psp-gnr-maritima-e-guardas-prisionais-protestam-contra-cortes-nas-reformas","status":"publish","type":"post","link":"https:\/\/portaltela.pt\/noticias\/politica\/2026\/04\/16\/psp-gnr-maritima-e-guardas-prisionais-protestam-contra-cortes-nas-reformas\/","title":{"rendered":"PSP, GNR, Mar\u00edtima e guardas prisionais protestam contra cortes nas reformas"},"content":{"rendered":"<p>Os trabalhadores das for\u00e7as de seguran\u00e7a, incluindo PSP, GNR, Pol\u00edcia Mar\u00edtima e guardas prisionais, realizaram hoje uma concentra\u00e7\u00e3o em frente \u00e0 resid\u00eancia do Primeiro-Ministro, em Lisboa, para contestar cortes nas pens\u00f5es de reforma. O protesto decorre de mudan\u00e7as no c\u00e1lculo das pens\u00f5es que podem reduzir o valor at\u00e9 30%.<\/p>\n<p>Os manifestantes dizem que as novas regras afetam de forma desigual os reformados, com efeitos diferentes consoante o momento de entrada na CGA e o regime aplic\u00e1vel. A concentra\u00e7\u00e3o contou com sindicalistas e representantes das for\u00e7as de seguran\u00e7a.<\/p>\n<p>Contexto<\/p>\n<p>O regime em causa resulta do decreto-lei de 2017, que passou a aproximar as pens\u00f5es do regime pr\u00f3prio ao regime geral da Seguran\u00e7a Social. A reforma deixou de ser calculada apenas pelo \u00faltimo vencimento para incorporar a m\u00e9dia de toda a carreira.<\/p>\n<p>Detalhes das regras<\/p>\n<p>Antes, a reforma podia equivaler a 90% do \u00faltimo ordenado. Agora, a m\u00e9dia da carreira pode traduzir-se em 60% a 70%, com cortes que variam conforme as datas de inscri\u00e7\u00e3o na CGA. Existe ainda variabilidade conforme o regime de cada grupo profissional.<\/p>\n<p>Impactos por regimes<\/p>\n<p>Os c\u00e1lculos dependem de diferentes formulas para quem entrou na CGA antes ou depois de agosto de 1993. Outros modelos consideram descontos at\u00e9 2005 ou ap\u00f3s 2006, com impactos distintos na pens\u00e3o final.<\/p>\n<p>Motiva\u00e7\u00f5es do protesto<\/p>\n<p>Os sindicatos argumentam que a aplica\u00e7\u00e3o da f\u00f3rmula atual, ao longo do tempo, tem aumentado a indigna\u00e7\u00e3o entre os profissionais. A contesta\u00e7\u00e3o ganhou for\u00e7a face ao efeito pr\u00e1tico das novas regras, segundo os organizadores.<\/p>\n","protected":false},"excerpt":{"rendered":"<ul>\n<li>Elementos da PSP, GNR, guardas prisionais e Pol\u00edcia Mar\u00edtima concentram-se em frente \u00e0 resid\u00eancia do primeiro-ministro, em Lisboa, para protestar contra os cortes nas pens\u00f5es de reforma.<\/li>\n<li>O regime de 2017 altera o c\u00e1lculo, passando da base no \u00faltimo ordenado para a m\u00e9dia de todas as remunera\u00e7\u00f5es ao longo da vida profissional, o que pode reduzir a pens\u00e3o entre 60% e 70% da m\u00e9dia, com cortes que podem ultrapassar 30%.<\/li>\n<li>O valor final depende de quando o militar entrou na Caixa Geral de Aposenta\u00e7\u00f5es (CGA), com v\u00e1rias f\u00f3rmulas em vigor: at\u00e9 agosto de 1993 regime antigo; depois, regras baseadas na carreira completa, bem como regras do Estatuto da Aposenta\u00e7\u00e3o e do Regime Geral da Seguran\u00e7a Social.<\/li>\n<li>Quanto mais tempo contribu\u00edram a partir de 2006, maior tende a ser a redu\u00e7\u00e3o, conforme a f\u00f3rmula aplic\u00e1vel.<\/li>\n<li>Os sindicatos argumentam que o protesto se intensifica porque a f\u00f3rmula est\u00e1 a ser aplicada, provocando impactos reais nas pens\u00f5es.<\/li>\n<\/ul>\n","protected":false},"author":2,"featured_media":445920,"comment_status":"closed","ping_status":"closed","sticky":false,"template":"","format":"standard","meta":{"footnotes":""},"categories":[5,6871],"tags":[8083,8041,7878,6180,2857,2841],"class_list":["post-445915","post","type-post","status-publish","format-standard","has-post-thumbnail","hentry","category-politica","category-sociedade","tag-_policia-publica","tag-_psp","tag-_seguranca-publica","tag-pensoes","tag-protestos","tag-trabalhadores"],"yoast_head":"<!-- This site is optimized with the Yoast SEO plugin v27.2 - https:\/\/yoast.com\/product\/yoast-seo-wordpress\/ -->\n<title>PSP, GNR, Mar\u00edtima e guardas prisionais protestam contra cortes nas reformas - Portal Tela Portugal<\/title>\n<meta name=\"robots\" content=\"index, follow, max-snippet:-1, max-image-preview:large, max-video-preview:-1\" \/>\n<meta property=\"og:locale\" content=\"pt_PT\" \/>\n<meta property=\"og:type\" content=\"article\" \/>\n<meta property=\"og:title\" content=\"PSP, GNR, Mar\u00edtima e guardas prisionais protestam contra cortes nas reformas - Portal Tela Portugal\" \/>\n<meta property=\"og:description\" content=\"Elementos da PSP, GNR, guardas prisionais e Pol\u00edcia Mar\u00edtima concentram-se em frente \u00e0 resid\u00eancia do primeiro-ministro, em Lisboa, para protestar contra os cortes nas pens\u00f5es de reforma. O regime de 2017 altera o c\u00e1lculo, passando da base no \u00faltimo ordenado para a m\u00e9dia de todas as remunera\u00e7\u00f5es ao longo da vida profissional, o que pode reduzir a pens\u00e3o entre 60% e 70% da m\u00e9dia, com cortes que podem ultrapassar 30%. O valor final depende de quando o militar entrou na Caixa Geral de Aposenta\u00e7\u00f5es (CGA), com v\u00e1rias f\u00f3rmulas em vigor: at\u00e9 agosto de 1993 regime antigo; depois, regras baseadas na carreira completa, bem como regras do Estatuto da Aposenta\u00e7\u00e3o e do Regime Geral da Seguran\u00e7a Social. Quanto mais tempo contribu\u00edram a partir de 2006, maior tende a ser a redu\u00e7\u00e3o, conforme a f\u00f3rmula aplic\u00e1vel. Os sindicatos argumentam que o protesto se intensifica porque a f\u00f3rmula est\u00e1 a ser aplicada, provocando impactos reais nas pens\u00f5es.\" \/>\n<meta property=\"og:url\" content=\"https:\/\/portaltela.pt\/noticias\/2026\/04\/16\/psp-gnr-maritima-e-guardas-prisionais-protestam-contra-cortes-nas-reformas\/\" \/>\n<meta property=\"og:site_name\" content=\"Portal Tela Portugal\" \/>\n<meta property=\"article:published_time\" content=\"2026-04-16T06:28:00+00:00\" \/>\n<meta name=\"author\" content=\"Telinha\" \/>\n<meta name=\"twitter:card\" content=\"summary_large_image\" \/>\n<meta name=\"twitter:label1\" content=\"Escrito por\" \/>\n\t<meta name=\"twitter:data1\" content=\"Telinha\" \/>\n\t<meta name=\"twitter:label2\" content=\"Tempo estimado de leitura\" \/>\n\t<meta name=\"twitter:data2\" content=\"1 minuto\" \/>\n<script type=\"application\/ld+json\" class=\"yoast-schema-graph\">{\"@context\":\"https:\/\/schema.org\",\"@graph\":[{\"@type\":\"Article\",\"@id\":\"https:\/\/portaltela.pt\/noticias\/2026\/04\/16\/psp-gnr-maritima-e-guardas-prisionais-protestam-contra-cortes-nas-reformas\/#article\",\"isPartOf\":{\"@id\":\"https:\/\/portaltela.pt\/noticias\/2026\/04\/16\/psp-gnr-maritima-e-guardas-prisionais-protestam-contra-cortes-nas-reformas\/\"},\"author\":{\"name\":\"Telinha\",\"@id\":\"https:\/\/portaltela.pt\/#\/schema\/person\/c4278d4a6028830caff9ee44b42d32ed\"},\"headline\":\"PSP, GNR, Mar\u00edtima e guardas prisionais protestam contra cortes nas reformas\",\"datePublished\":\"2026-04-16T06:28:00+00:00\",\"mainEntityOfPage\":{\"@id\":\"https:\/\/portaltela.pt\/noticias\/2026\/04\/16\/psp-gnr-maritima-e-guardas-prisionais-protestam-contra-cortes-nas-reformas\/\"},\"wordCount\":281,\"image\":{\"@id\":\"https:\/\/portaltela.pt\/noticias\/2026\/04\/16\/psp-gnr-maritima-e-guardas-prisionais-protestam-contra-cortes-nas-reformas\/#primaryimage\"},\"thumbnailUrl\":\"https:\/\/portaltela.pt\/s.01k8rhncp4jt1\/2026\/04\/tpUHdbIMAGENStypeJPGshare1oBarraFacebook_Publico-14.jpg\",\"keywords\":[\"_pol\u00edcia p\u00fablica\",\"_PSP\",\"_seguran\u00e7a p\u00fablica\",\"pens\u00f5es\",\"protestos\",\"trabalhadores\"],\"articleSection\":[\"Pol\u00edtica\",\"Sociedade\"],\"inLanguage\":\"pt-PT\"},{\"@type\":\"WebPage\",\"@id\":\"https:\/\/portaltela.pt\/noticias\/2026\/04\/16\/psp-gnr-maritima-e-guardas-prisionais-protestam-contra-cortes-nas-reformas\/\",\"url\":\"https:\/\/portaltela.pt\/noticias\/2026\/04\/16\/psp-gnr-maritima-e-guardas-prisionais-protestam-contra-cortes-nas-reformas\/\",\"name\":\"PSP, GNR, Mar\u00edtima e guardas prisionais protestam contra cortes nas reformas - Portal Tela Portugal\",\"isPartOf\":{\"@id\":\"https:\/\/portaltela.pt\/#website\"},\"primaryImageOfPage\":{\"@id\":\"https:\/\/portaltela.pt\/noticias\/2026\/04\/16\/psp-gnr-maritima-e-guardas-prisionais-protestam-contra-cortes-nas-reformas\/#primaryimage\"},\"image\":{\"@id\":\"https:\/\/portaltela.pt\/noticias\/2026\/04\/16\/psp-gnr-maritima-e-guardas-prisionais-protestam-contra-cortes-nas-reformas\/#primaryimage\"},\"thumbnailUrl\":\"https:\/\/portaltela.pt\/s.01k8rhncp4jt1\/2026\/04\/tpUHdbIMAGENStypeJPGshare1oBarraFacebook_Publico-14.jpg\",\"datePublished\":\"2026-04-16T06:28:00+00:00\",\"author\":{\"@id\":\"https:\/\/portaltela.pt\/#\/schema\/person\/c4278d4a6028830caff9ee44b42d32ed\"},\"breadcrumb\":{\"@id\":\"https:\/\/portaltela.pt\/noticias\/2026\/04\/16\/psp-gnr-maritima-e-guardas-prisionais-protestam-contra-cortes-nas-reformas\/#breadcrumb\"},\"inLanguage\":\"pt-PT\",\"potentialAction\":[{\"@type\":\"ReadAction\",\"target\":[\"https:\/\/portaltela.pt\/noticias\/2026\/04\/16\/psp-gnr-maritima-e-guardas-prisionais-protestam-contra-cortes-nas-reformas\/\"]}]},{\"@type\":\"ImageObject\",\"inLanguage\":\"pt-PT\",\"@id\":\"https:\/\/portaltela.pt\/noticias\/2026\/04\/16\/psp-gnr-maritima-e-guardas-prisionais-protestam-contra-cortes-nas-reformas\/#primaryimage\",\"url\":\"https:\/\/portaltela.pt\/s.01k8rhncp4jt1\/2026\/04\/tpUHdbIMAGENStypeJPGshare1oBarraFacebook_Publico-14.jpg\",\"contentUrl\":\"https:\/\/portaltela.pt\/s.01k8rhncp4jt1\/2026\/04\/tpUHdbIMAGENStypeJPGshare1oBarraFacebook_Publico-14.jpg\",\"width\":1200,\"height\":630,\"caption\":\"Manifesta\u00e7ao da PSP, GNR e guardas prisionais pela revisao dos suplementos salariais nas forcas de seguran\u00e7a em 2024\"},{\"@type\":\"BreadcrumbList\",\"@id\":\"https:\/\/portaltela.pt\/noticias\/2026\/04\/16\/psp-gnr-maritima-e-guardas-prisionais-protestam-contra-cortes-nas-reformas\/#breadcrumb\",\"itemListElement\":[{\"@type\":\"ListItem\",\"position\":1,\"name\":\"In\u00edcio\",\"item\":\"https:\/\/portaltela.pt\/\"},{\"@type\":\"ListItem\",\"position\":2,\"name\":\"PSP, GNR, Mar\u00edtima e guardas prisionais protestam contra cortes nas reformas\"}]},{\"@type\":\"WebSite\",\"@id\":\"https:\/\/portaltela.pt\/#website\",\"url\":\"https:\/\/portaltela.pt\/\",\"name\":\"Portal Tela Portugal\",\"description\":\"\",\"potentialAction\":[{\"@type\":\"SearchAction\",\"target\":{\"@type\":\"EntryPoint\",\"urlTemplate\":\"https:\/\/portaltela.pt\/?s={search_term_string}\"},\"query-input\":{\"@type\":\"PropertyValueSpecification\",\"valueRequired\":true,\"valueName\":\"search_term_string\"}}],\"inLanguage\":\"pt-PT\"},{\"@type\":\"Person\",\"@id\":\"https:\/\/portaltela.pt\/#\/schema\/person\/c4278d4a6028830caff9ee44b42d32ed\",\"name\":\"Telinha\",\"image\":{\"@type\":\"ImageObject\",\"inLanguage\":\"pt-PT\",\"@id\":\"https:\/\/portaltela.pt\/s.01k8rhncp4jt1\/2025\/11\/talking-bot-125x125.png\",\"url\":\"https:\/\/portaltela.pt\/s.01k8rhncp4jt1\/2025\/11\/talking-bot-125x125.png\",\"contentUrl\":\"https:\/\/portaltela.pt\/s.01k8rhncp4jt1\/2025\/11\/talking-bot-125x125.png\",\"caption\":\"Telinha\"},\"sameAs\":[\"https:\/\/portaltela.pt\/\"],\"url\":\"https:\/\/portaltela.pt\/por\/367410592786\/\"}]}<\/script>\n<!-- \/ Yoast SEO plugin. -->","yoast_head_json":{"title":"PSP, GNR, Mar\u00edtima e guardas prisionais protestam contra cortes nas reformas - Portal Tela Portugal","robots":{"index":"index","follow":"follow","max-snippet":"max-snippet:-1","max-image-preview":"max-image-preview:large","max-video-preview":"max-video-preview:-1"},"og_locale":"pt_PT","og_type":"article","og_title":"PSP, GNR, Mar\u00edtima e guardas prisionais protestam contra cortes nas reformas - Portal Tela Portugal","og_description":"Elementos da PSP, GNR, guardas prisionais e Pol\u00edcia Mar\u00edtima concentram-se em frente \u00e0 resid\u00eancia do primeiro-ministro, em Lisboa, para protestar contra os cortes nas pens\u00f5es de reforma. O regime de 2017 altera o c\u00e1lculo, passando da base no \u00faltimo ordenado para a m\u00e9dia de todas as remunera\u00e7\u00f5es ao longo da vida profissional, o que pode reduzir a pens\u00e3o entre 60% e 70% da m\u00e9dia, com cortes que podem ultrapassar 30%. O valor final depende de quando o militar entrou na Caixa Geral de Aposenta\u00e7\u00f5es (CGA), com v\u00e1rias f\u00f3rmulas em vigor: at\u00e9 agosto de 1993 regime antigo; depois, regras baseadas na carreira completa, bem como regras do Estatuto da Aposenta\u00e7\u00e3o e do Regime Geral da Seguran\u00e7a Social. Quanto mais tempo contribu\u00edram a partir de 2006, maior tende a ser a redu\u00e7\u00e3o, conforme a f\u00f3rmula aplic\u00e1vel. Os sindicatos argumentam que o protesto se intensifica porque a f\u00f3rmula est\u00e1 a ser aplicada, provocando impactos reais nas pens\u00f5es.","og_url":"https:\/\/portaltela.pt\/noticias\/2026\/04\/16\/psp-gnr-maritima-e-guardas-prisionais-protestam-contra-cortes-nas-reformas\/","og_site_name":"Portal Tela Portugal","article_published_time":"2026-04-16T06:28:00+00:00","author":"Telinha","twitter_card":"summary_large_image","twitter_misc":{"Escrito por":"Telinha","Tempo estimado de leitura":"1 minuto"},"schema":{"@context":"https:\/\/schema.org","@graph":[{"@type":"Article","@id":"https:\/\/portaltela.pt\/noticias\/2026\/04\/16\/psp-gnr-maritima-e-guardas-prisionais-protestam-contra-cortes-nas-reformas\/#article","isPartOf":{"@id":"https:\/\/portaltela.pt\/noticias\/2026\/04\/16\/psp-gnr-maritima-e-guardas-prisionais-protestam-contra-cortes-nas-reformas\/"},"author":{"name":"Telinha","@id":"https:\/\/portaltela.pt\/#\/schema\/person\/c4278d4a6028830caff9ee44b42d32ed"},"headline":"PSP, GNR, Mar\u00edtima e guardas prisionais protestam contra cortes nas reformas","datePublished":"2026-04-16T06:28:00+00:00","mainEntityOfPage":{"@id":"https:\/\/portaltela.pt\/noticias\/2026\/04\/16\/psp-gnr-maritima-e-guardas-prisionais-protestam-contra-cortes-nas-reformas\/"},"wordCount":281,"image":{"@id":"https:\/\/portaltela.pt\/noticias\/2026\/04\/16\/psp-gnr-maritima-e-guardas-prisionais-protestam-contra-cortes-nas-reformas\/#primaryimage"},"thumbnailUrl":"https:\/\/portaltela.pt\/s.01k8rhncp4jt1\/2026\/04\/tpUHdbIMAGENStypeJPGshare1oBarraFacebook_Publico-14.jpg","keywords":["_pol\u00edcia p\u00fablica","_PSP","_seguran\u00e7a p\u00fablica","pens\u00f5es","protestos","trabalhadores"],"articleSection":["Pol\u00edtica","Sociedade"],"inLanguage":"pt-PT"},{"@type":"WebPage","@id":"https:\/\/portaltela.pt\/noticias\/2026\/04\/16\/psp-gnr-maritima-e-guardas-prisionais-protestam-contra-cortes-nas-reformas\/","url":"https:\/\/portaltela.pt\/noticias\/2026\/04\/16\/psp-gnr-maritima-e-guardas-prisionais-protestam-contra-cortes-nas-reformas\/","name":"PSP, GNR, Mar\u00edtima e guardas prisionais protestam contra cortes nas reformas - Portal Tela Portugal","isPartOf":{"@id":"https:\/\/portaltela.pt\/#website"},"primaryImageOfPage":{"@id":"https:\/\/portaltela.pt\/noticias\/2026\/04\/16\/psp-gnr-maritima-e-guardas-prisionais-protestam-contra-cortes-nas-reformas\/#primaryimage"},"image":{"@id":"https:\/\/portaltela.pt\/noticias\/2026\/04\/16\/psp-gnr-maritima-e-guardas-prisionais-protestam-contra-cortes-nas-reformas\/#primaryimage"},"thumbnailUrl":"https:\/\/portaltela.pt\/s.01k8rhncp4jt1\/2026\/04\/tpUHdbIMAGENStypeJPGshare1oBarraFacebook_Publico-14.jpg","datePublished":"2026-04-16T06:28:00+00:00","author":{"@id":"https:\/\/portaltela.pt\/#\/schema\/person\/c4278d4a6028830caff9ee44b42d32ed"},"breadcrumb":{"@id":"https:\/\/portaltela.pt\/noticias\/2026\/04\/16\/psp-gnr-maritima-e-guardas-prisionais-protestam-contra-cortes-nas-reformas\/#breadcrumb"},"inLanguage":"pt-PT","potentialAction":[{"@type":"ReadAction","target":["https:\/\/portaltela.pt\/noticias\/2026\/04\/16\/psp-gnr-maritima-e-guardas-prisionais-protestam-contra-cortes-nas-reformas\/"]}]},{"@type":"ImageObject","inLanguage":"pt-PT","@id":"https:\/\/portaltela.pt\/noticias\/2026\/04\/16\/psp-gnr-maritima-e-guardas-prisionais-protestam-contra-cortes-nas-reformas\/#primaryimage","url":"https:\/\/portaltela.pt\/s.01k8rhncp4jt1\/2026\/04\/tpUHdbIMAGENStypeJPGshare1oBarraFacebook_Publico-14.jpg","contentUrl":"https:\/\/portaltela.pt\/s.01k8rhncp4jt1\/2026\/04\/tpUHdbIMAGENStypeJPGshare1oBarraFacebook_Publico-14.jpg","width":1200,"height":630,"caption":"Manifesta\u00e7ao da PSP, GNR e guardas prisionais pela revisao dos suplementos salariais nas forcas de seguran\u00e7a em 2024"},{"@type":"BreadcrumbList","@id":"https:\/\/portaltela.pt\/noticias\/2026\/04\/16\/psp-gnr-maritima-e-guardas-prisionais-protestam-contra-cortes-nas-reformas\/#breadcrumb","itemListElement":[{"@type":"ListItem","position":1,"name":"In\u00edcio","item":"https:\/\/portaltela.pt\/"},{"@type":"ListItem","position":2,"name":"PSP, GNR, Mar\u00edtima e guardas prisionais protestam contra cortes nas reformas"}]},{"@type":"WebSite","@id":"https:\/\/portaltela.pt\/#website","url":"https:\/\/portaltela.pt\/","name":"Portal Tela Portugal","description":"","potentialAction":[{"@type":"SearchAction","target":{"@type":"EntryPoint","urlTemplate":"https:\/\/portaltela.pt\/?s={search_term_string}"},"query-input":{"@type":"PropertyValueSpecification","valueRequired":true,"valueName":"search_term_string"}}],"inLanguage":"pt-PT"},{"@type":"Person","@id":"https:\/\/portaltela.pt\/#\/schema\/person\/c4278d4a6028830caff9ee44b42d32ed","name":"Telinha","image":{"@type":"ImageObject","inLanguage":"pt-PT","@id":"https:\/\/portaltela.pt\/s.01k8rhncp4jt1\/2025\/11\/talking-bot-125x125.png","url":"https:\/\/portaltela.pt\/s.01k8rhncp4jt1\/2025\/11\/talking-bot-125x125.png","contentUrl":"https:\/\/portaltela.pt\/s.01k8rhncp4jt1\/2025\/11\/talking-bot-125x125.png","caption":"Telinha"},"sameAs":["https:\/\/portaltela.pt\/"],"url":"https:\/\/portaltela.pt\/por\/367410592786\/"}]}},"_links":{"self":[{"href":"https:\/\/portaltela.pt\/api\/wp\/v2\/posts\/445915","targetHints":{"allow":["GET"]}}],"collection":[{"href":"https:\/\/portaltela.pt\/api\/wp\/v2\/posts"}],"about":[{"href":"https:\/\/portaltela.pt\/api\/wp\/v2\/types\/post"}],"author":[{"embeddable":true,"href":"https:\/\/portaltela.pt\/api\/wp\/v2\/users\/2"}],"replies":[{"embeddable":true,"href":"https:\/\/portaltela.pt\/api\/wp\/v2\/comments?post=445915"}],"version-history":[{"count":0,"href":"https:\/\/portaltela.pt\/api\/wp\/v2\/posts\/445915\/revisions"}],"wp:featuredmedia":[{"embeddable":true,"href":"https:\/\/portaltela.pt\/api\/wp\/v2\/media\/445920"}],"wp:attachment":[{"href":"https:\/\/portaltela.pt\/api\/wp\/v2\/media?parent=445915"}],"wp:term":[{"taxonomy":"category","embeddable":true,"href":"https:\/\/portaltela.pt\/api\/wp\/v2\/categories?post=445915"},{"taxonomy":"post_tag","embeddable":true,"href":"https:\/\/portaltela.pt\/api\/wp\/v2\/tags?post=445915"}],"curies":[{"name":"wp","href":"https:\/\/api.w.org\/{rel}","templated":true}]}}