{"id":445872,"date":"2026-04-16T00:24:00","date_gmt":"2026-04-16T03:24:00","guid":{"rendered":"https:\/\/portaltela.pt\/noticias\/2026\/04\/16\/ex-chefe-dos-servicos-secretos-brasileiros-libertado-nos-eua\/"},"modified":"2026-04-16T00:24:00","modified_gmt":"2026-04-16T03:24:00","slug":"ex-chefe-dos-servicos-secretos-brasileiros-libertado-nos-eua","status":"publish","type":"post","link":"https:\/\/portaltela.pt\/noticias\/politica\/2026\/04\/16\/ex-chefe-dos-servicos-secretos-brasileiros-libertado-nos-eua\/","title":{"rendered":"Ex-chefe dos servi\u00e7os secretos brasileiros libertado nos EUA"},"content":{"rendered":"<p>N\u00e3o tenho acesso ao conte\u00fado completo. A not\u00edcia fornecida \u00e9 apenas o t\u00edtulo e informa que o texto est\u00e1 atr\u00e1s de paywall. Para reescrever de forma coesa, clara e imparcial, preciso do texto completo ou dos dados essenciais (o que aconteceu, quem est\u00e1 envolvido, quando, onde e porqu\u00ea).<\/p>\n<p>Pode enviar:<\/p>\n<ul>\n<li>o corpo do artigo original (ou trechos-chave),<\/li>\n<li>ou um resumo preciso dos fatos.<\/li>\n<\/ul>\n<p>Assim, entrego a not\u00edcia reescrita em pt-PT, em par\u00e1grafos curtos, com voz ativa e seguindo as diretrizes de neutralidade e estilo jornal\u00edstico.<\/p>\n","protected":false},"excerpt":{"rendered":"<ul>\n<li>Um ex-chefe dos servi\u00e7os secretos brasileiros, que atuou no governo de Jair Bolsonaro, foi libertado nos Estados Unidos.<\/li>\n<li>O conte\u00fado completo da not\u00edcia permanece dispon\u00edvel apenas para subscritores.<\/li>\n<li>N\u00e3o h\u00e1, no trecho acess\u00edvel, detalhes adicionais sobre o caso.<\/li>\n<li>A not\u00edcia foca na liberta\u00e7\u00e3o ocorrida nos EUA, sem imagens ou declara\u00e7\u00f5es p\u00fablicas inclu\u00eddas.<\/li>\n<\/ul>\n","protected":false},"author":2,"featured_media":445874,"comment_status":"closed","ping_status":"closed","sticky":false,"template":"","format":"standard","meta":{"footnotes":""},"categories":[6912,5],"tags":[8619,8170,7944,7986,7962,8472],"class_list":["post-445872","post","type-post","status-publish","format-standard","has-post-thumbnail","hentry","category-internacionais","category-politica","tag-_agentes-internacionais","tag-_brasil","tag-_diplomacia","tag-_estados-unidos","tag-_politica-externa","tag-_seguranca-nacional"],"yoast_head":"<!-- This site is optimized with the Yoast SEO plugin v27.2 - https:\/\/yoast.com\/product\/yoast-seo-wordpress\/ -->\n<title>Ex-chefe dos servi\u00e7os secretos brasileiros libertado nos EUA - Portal Tela Portugal<\/title>\n<meta name=\"robots\" content=\"index, follow, max-snippet:-1, max-image-preview:large, max-video-preview:-1\" \/>\n<meta property=\"og:locale\" content=\"pt_PT\" \/>\n<meta property=\"og:type\" content=\"article\" \/>\n<meta property=\"og:title\" content=\"Ex-chefe dos servi\u00e7os secretos brasileiros libertado nos EUA - Portal Tela Portugal\" \/>\n<meta property=\"og:description\" content=\"Um ex-chefe dos servi\u00e7os secretos brasileiros, que atuou no governo de Jair Bolsonaro, foi libertado nos Estados Unidos. O conte\u00fado completo da not\u00edcia permanece dispon\u00edvel apenas para subscritores. N\u00e3o h\u00e1, no trecho acess\u00edvel, detalhes adicionais sobre o caso. A not\u00edcia foca na liberta\u00e7\u00e3o ocorrida nos EUA, sem imagens ou declara\u00e7\u00f5es p\u00fablicas inclu\u00eddas.\" \/>\n<meta property=\"og:url\" content=\"https:\/\/portaltela.pt\/noticias\/2026\/04\/16\/ex-chefe-dos-servicos-secretos-brasileiros-libertado-nos-eua\/\" \/>\n<meta property=\"og:site_name\" content=\"Portal Tela Portugal\" \/>\n<meta property=\"article:published_time\" content=\"2026-04-16T03:24:00+00:00\" \/>\n<meta name=\"author\" content=\"Telinha\" \/>\n<meta name=\"twitter:card\" content=\"summary_large_image\" \/>\n<meta name=\"twitter:label1\" content=\"Escrito por\" \/>\n\t<meta name=\"twitter:data1\" content=\"Telinha\" \/>\n<script type=\"application\/ld+json\" class=\"yoast-schema-graph\">{\"@context\":\"https:\/\/schema.org\",\"@graph\":[{\"@type\":\"Article\",\"@id\":\"https:\/\/portaltela.pt\/noticias\/2026\/04\/16\/ex-chefe-dos-servicos-secretos-brasileiros-libertado-nos-eua\/#article\",\"isPartOf\":{\"@id\":\"https:\/\/portaltela.pt\/noticias\/2026\/04\/16\/ex-chefe-dos-servicos-secretos-brasileiros-libertado-nos-eua\/\"},\"author\":{\"name\":\"Telinha\",\"@id\":\"https:\/\/portaltela.pt\/#\/schema\/person\/c4278d4a6028830caff9ee44b42d32ed\"},\"headline\":\"Ex-chefe dos servi\u00e7os secretos brasileiros libertado nos EUA\",\"datePublished\":\"2026-04-16T03:24:00+00:00\",\"mainEntityOfPage\":{\"@id\":\"https:\/\/portaltela.pt\/noticias\/2026\/04\/16\/ex-chefe-dos-servicos-secretos-brasileiros-libertado-nos-eua\/\"},\"wordCount\":101,\"image\":{\"@id\":\"https:\/\/portaltela.pt\/noticias\/2026\/04\/16\/ex-chefe-dos-servicos-secretos-brasileiros-libertado-nos-eua\/#primaryimage\"},\"thumbnailUrl\":\"https:\/\/portaltela.pt\/s.01k8rhncp4jt1\/2026\/04\/CACHE_780X1200_ANALOG_WATERMARKED_45126832_16120216439853.jpg\",\"keywords\":[\"_agentes internacionais\",\"_Brasil\",\"_diplomacia\",\"_Estados Unidos\",\"_pol\u00edtica externa\",\"_seguran\u00e7a nacional\"],\"articleSection\":[\"Internacionais\",\"Pol\u00edtica\"],\"inLanguage\":\"pt-PT\"},{\"@type\":\"WebPage\",\"@id\":\"https:\/\/portaltela.pt\/noticias\/2026\/04\/16\/ex-chefe-dos-servicos-secretos-brasileiros-libertado-nos-eua\/\",\"url\":\"https:\/\/portaltela.pt\/noticias\/2026\/04\/16\/ex-chefe-dos-servicos-secretos-brasileiros-libertado-nos-eua\/\",\"name\":\"Ex-chefe dos servi\u00e7os secretos brasileiros libertado nos EUA - Portal Tela Portugal\",\"isPartOf\":{\"@id\":\"https:\/\/portaltela.pt\/#website\"},\"primaryImageOfPage\":{\"@id\":\"https:\/\/portaltela.pt\/noticias\/2026\/04\/16\/ex-chefe-dos-servicos-secretos-brasileiros-libertado-nos-eua\/#primaryimage\"},\"image\":{\"@id\":\"https:\/\/portaltela.pt\/noticias\/2026\/04\/16\/ex-chefe-dos-servicos-secretos-brasileiros-libertado-nos-eua\/#primaryimage\"},\"thumbnailUrl\":\"https:\/\/portaltela.pt\/s.01k8rhncp4jt1\/2026\/04\/CACHE_780X1200_ANALOG_WATERMARKED_45126832_16120216439853.jpg\",\"datePublished\":\"2026-04-16T03:24:00+00:00\",\"author\":{\"@id\":\"https:\/\/portaltela.pt\/#\/schema\/person\/c4278d4a6028830caff9ee44b42d32ed\"},\"breadcrumb\":{\"@id\":\"https:\/\/portaltela.pt\/noticias\/2026\/04\/16\/ex-chefe-dos-servicos-secretos-brasileiros-libertado-nos-eua\/#breadcrumb\"},\"inLanguage\":\"pt-PT\",\"potentialAction\":[{\"@type\":\"ReadAction\",\"target\":[\"https:\/\/portaltela.pt\/noticias\/2026\/04\/16\/ex-chefe-dos-servicos-secretos-brasileiros-libertado-nos-eua\/\"]}]},{\"@type\":\"ImageObject\",\"inLanguage\":\"pt-PT\",\"@id\":\"https:\/\/portaltela.pt\/noticias\/2026\/04\/16\/ex-chefe-dos-servicos-secretos-brasileiros-libertado-nos-eua\/#primaryimage\",\"url\":\"https:\/\/portaltela.pt\/s.01k8rhncp4jt1\/2026\/04\/CACHE_780X1200_ANALOG_WATERMARKED_45126832_16120216439853.jpg\",\"contentUrl\":\"https:\/\/portaltela.pt\/s.01k8rhncp4jt1\/2026\/04\/CACHE_780X1200_ANALOG_WATERMARKED_45126832_16120216439853.jpg\",\"width\":768,\"height\":512,\"caption\":\"Photo\"},{\"@type\":\"BreadcrumbList\",\"@id\":\"https:\/\/portaltela.pt\/noticias\/2026\/04\/16\/ex-chefe-dos-servicos-secretos-brasileiros-libertado-nos-eua\/#breadcrumb\",\"itemListElement\":[{\"@type\":\"ListItem\",\"position\":1,\"name\":\"In\u00edcio\",\"item\":\"https:\/\/portaltela.pt\/\"},{\"@type\":\"ListItem\",\"position\":2,\"name\":\"Ex-chefe dos servi\u00e7os secretos brasileiros libertado nos EUA\"}]},{\"@type\":\"WebSite\",\"@id\":\"https:\/\/portaltela.pt\/#website\",\"url\":\"https:\/\/portaltela.pt\/\",\"name\":\"Portal Tela Portugal\",\"description\":\"\",\"potentialAction\":[{\"@type\":\"SearchAction\",\"target\":{\"@type\":\"EntryPoint\",\"urlTemplate\":\"https:\/\/portaltela.pt\/?s={search_term_string}\"},\"query-input\":{\"@type\":\"PropertyValueSpecification\",\"valueRequired\":true,\"valueName\":\"search_term_string\"}}],\"inLanguage\":\"pt-PT\"},{\"@type\":\"Person\",\"@id\":\"https:\/\/portaltela.pt\/#\/schema\/person\/c4278d4a6028830caff9ee44b42d32ed\",\"name\":\"Telinha\",\"image\":{\"@type\":\"ImageObject\",\"inLanguage\":\"pt-PT\",\"@id\":\"https:\/\/portaltela.pt\/s.01k8rhncp4jt1\/2025\/11\/talking-bot-125x125.png\",\"url\":\"https:\/\/portaltela.pt\/s.01k8rhncp4jt1\/2025\/11\/talking-bot-125x125.png\",\"contentUrl\":\"https:\/\/portaltela.pt\/s.01k8rhncp4jt1\/2025\/11\/talking-bot-125x125.png\",\"caption\":\"Telinha\"},\"sameAs\":[\"https:\/\/portaltela.pt\/\"],\"url\":\"https:\/\/portaltela.pt\/por\/367410592786\/\"}]}<\/script>\n<!-- \/ Yoast SEO plugin. -->","yoast_head_json":{"title":"Ex-chefe dos servi\u00e7os secretos brasileiros libertado nos EUA - Portal Tela Portugal","robots":{"index":"index","follow":"follow","max-snippet":"max-snippet:-1","max-image-preview":"max-image-preview:large","max-video-preview":"max-video-preview:-1"},"og_locale":"pt_PT","og_type":"article","og_title":"Ex-chefe dos servi\u00e7os secretos brasileiros libertado nos EUA - Portal Tela Portugal","og_description":"Um ex-chefe dos servi\u00e7os secretos brasileiros, que atuou no governo de Jair Bolsonaro, foi libertado nos Estados Unidos. O conte\u00fado completo da not\u00edcia permanece dispon\u00edvel apenas para subscritores. N\u00e3o h\u00e1, no trecho acess\u00edvel, detalhes adicionais sobre o caso. A not\u00edcia foca na liberta\u00e7\u00e3o ocorrida nos EUA, sem imagens ou declara\u00e7\u00f5es p\u00fablicas inclu\u00eddas.","og_url":"https:\/\/portaltela.pt\/noticias\/2026\/04\/16\/ex-chefe-dos-servicos-secretos-brasileiros-libertado-nos-eua\/","og_site_name":"Portal Tela Portugal","article_published_time":"2026-04-16T03:24:00+00:00","author":"Telinha","twitter_card":"summary_large_image","twitter_misc":{"Escrito por":"Telinha"},"schema":{"@context":"https:\/\/schema.org","@graph":[{"@type":"Article","@id":"https:\/\/portaltela.pt\/noticias\/2026\/04\/16\/ex-chefe-dos-servicos-secretos-brasileiros-libertado-nos-eua\/#article","isPartOf":{"@id":"https:\/\/portaltela.pt\/noticias\/2026\/04\/16\/ex-chefe-dos-servicos-secretos-brasileiros-libertado-nos-eua\/"},"author":{"name":"Telinha","@id":"https:\/\/portaltela.pt\/#\/schema\/person\/c4278d4a6028830caff9ee44b42d32ed"},"headline":"Ex-chefe dos servi\u00e7os secretos brasileiros libertado nos EUA","datePublished":"2026-04-16T03:24:00+00:00","mainEntityOfPage":{"@id":"https:\/\/portaltela.pt\/noticias\/2026\/04\/16\/ex-chefe-dos-servicos-secretos-brasileiros-libertado-nos-eua\/"},"wordCount":101,"image":{"@id":"https:\/\/portaltela.pt\/noticias\/2026\/04\/16\/ex-chefe-dos-servicos-secretos-brasileiros-libertado-nos-eua\/#primaryimage"},"thumbnailUrl":"https:\/\/portaltela.pt\/s.01k8rhncp4jt1\/2026\/04\/CACHE_780X1200_ANALOG_WATERMARKED_45126832_16120216439853.jpg","keywords":["_agentes internacionais","_Brasil","_diplomacia","_Estados Unidos","_pol\u00edtica externa","_seguran\u00e7a nacional"],"articleSection":["Internacionais","Pol\u00edtica"],"inLanguage":"pt-PT"},{"@type":"WebPage","@id":"https:\/\/portaltela.pt\/noticias\/2026\/04\/16\/ex-chefe-dos-servicos-secretos-brasileiros-libertado-nos-eua\/","url":"https:\/\/portaltela.pt\/noticias\/2026\/04\/16\/ex-chefe-dos-servicos-secretos-brasileiros-libertado-nos-eua\/","name":"Ex-chefe dos servi\u00e7os secretos brasileiros libertado nos EUA - Portal Tela Portugal","isPartOf":{"@id":"https:\/\/portaltela.pt\/#website"},"primaryImageOfPage":{"@id":"https:\/\/portaltela.pt\/noticias\/2026\/04\/16\/ex-chefe-dos-servicos-secretos-brasileiros-libertado-nos-eua\/#primaryimage"},"image":{"@id":"https:\/\/portaltela.pt\/noticias\/2026\/04\/16\/ex-chefe-dos-servicos-secretos-brasileiros-libertado-nos-eua\/#primaryimage"},"thumbnailUrl":"https:\/\/portaltela.pt\/s.01k8rhncp4jt1\/2026\/04\/CACHE_780X1200_ANALOG_WATERMARKED_45126832_16120216439853.jpg","datePublished":"2026-04-16T03:24:00+00:00","author":{"@id":"https:\/\/portaltela.pt\/#\/schema\/person\/c4278d4a6028830caff9ee44b42d32ed"},"breadcrumb":{"@id":"https:\/\/portaltela.pt\/noticias\/2026\/04\/16\/ex-chefe-dos-servicos-secretos-brasileiros-libertado-nos-eua\/#breadcrumb"},"inLanguage":"pt-PT","potentialAction":[{"@type":"ReadAction","target":["https:\/\/portaltela.pt\/noticias\/2026\/04\/16\/ex-chefe-dos-servicos-secretos-brasileiros-libertado-nos-eua\/"]}]},{"@type":"ImageObject","inLanguage":"pt-PT","@id":"https:\/\/portaltela.pt\/noticias\/2026\/04\/16\/ex-chefe-dos-servicos-secretos-brasileiros-libertado-nos-eua\/#primaryimage","url":"https:\/\/portaltela.pt\/s.01k8rhncp4jt1\/2026\/04\/CACHE_780X1200_ANALOG_WATERMARKED_45126832_16120216439853.jpg","contentUrl":"https:\/\/portaltela.pt\/s.01k8rhncp4jt1\/2026\/04\/CACHE_780X1200_ANALOG_WATERMARKED_45126832_16120216439853.jpg","width":768,"height":512,"caption":"Photo"},{"@type":"BreadcrumbList","@id":"https:\/\/portaltela.pt\/noticias\/2026\/04\/16\/ex-chefe-dos-servicos-secretos-brasileiros-libertado-nos-eua\/#breadcrumb","itemListElement":[{"@type":"ListItem","position":1,"name":"In\u00edcio","item":"https:\/\/portaltela.pt\/"},{"@type":"ListItem","position":2,"name":"Ex-chefe dos servi\u00e7os secretos brasileiros libertado nos EUA"}]},{"@type":"WebSite","@id":"https:\/\/portaltela.pt\/#website","url":"https:\/\/portaltela.pt\/","name":"Portal Tela Portugal","description":"","potentialAction":[{"@type":"SearchAction","target":{"@type":"EntryPoint","urlTemplate":"https:\/\/portaltela.pt\/?s={search_term_string}"},"query-input":{"@type":"PropertyValueSpecification","valueRequired":true,"valueName":"search_term_string"}}],"inLanguage":"pt-PT"},{"@type":"Person","@id":"https:\/\/portaltela.pt\/#\/schema\/person\/c4278d4a6028830caff9ee44b42d32ed","name":"Telinha","image":{"@type":"ImageObject","inLanguage":"pt-PT","@id":"https:\/\/portaltela.pt\/s.01k8rhncp4jt1\/2025\/11\/talking-bot-125x125.png","url":"https:\/\/portaltela.pt\/s.01k8rhncp4jt1\/2025\/11\/talking-bot-125x125.png","contentUrl":"https:\/\/portaltela.pt\/s.01k8rhncp4jt1\/2025\/11\/talking-bot-125x125.png","caption":"Telinha"},"sameAs":["https:\/\/portaltela.pt\/"],"url":"https:\/\/portaltela.pt\/por\/367410592786\/"}]}},"_links":{"self":[{"href":"https:\/\/portaltela.pt\/api\/wp\/v2\/posts\/445872","targetHints":{"allow":["GET"]}}],"collection":[{"href":"https:\/\/portaltela.pt\/api\/wp\/v2\/posts"}],"about":[{"href":"https:\/\/portaltela.pt\/api\/wp\/v2\/types\/post"}],"author":[{"embeddable":true,"href":"https:\/\/portaltela.pt\/api\/wp\/v2\/users\/2"}],"replies":[{"embeddable":true,"href":"https:\/\/portaltela.pt\/api\/wp\/v2\/comments?post=445872"}],"version-history":[{"count":0,"href":"https:\/\/portaltela.pt\/api\/wp\/v2\/posts\/445872\/revisions"}],"wp:featuredmedia":[{"embeddable":true,"href":"https:\/\/portaltela.pt\/api\/wp\/v2\/media\/445874"}],"wp:attachment":[{"href":"https:\/\/portaltela.pt\/api\/wp\/v2\/media?parent=445872"}],"wp:term":[{"taxonomy":"category","embeddable":true,"href":"https:\/\/portaltela.pt\/api\/wp\/v2\/categories?post=445872"},{"taxonomy":"post_tag","embeddable":true,"href":"https:\/\/portaltela.pt\/api\/wp\/v2\/tags?post=445872"}],"curies":[{"name":"wp","href":"https:\/\/api.w.org\/{rel}","templated":true}]}}