{"id":445731,"date":"2026-04-15T18:46:45","date_gmt":"2026-04-15T21:46:45","guid":{"rendered":"https:\/\/portaltela.pt\/noticias\/2026\/04\/15\/carlos-alcaraz-desiste-do-barcelona-por-lesao-no-pulso\/"},"modified":"2026-04-15T18:46:45","modified_gmt":"2026-04-15T21:46:45","slug":"carlos-alcaraz-desiste-do-barcelona-por-lesao-no-pulso","status":"publish","type":"post","link":"https:\/\/portaltela.pt\/desporto\/futebol\/2026\/04\/15\/carlos-alcaraz-desiste-do-barcelona-por-lesao-no-pulso\/","title":{"rendered":"Carlos Alcaraz desiste do Barcelona por les\u00e3o no pulso"},"content":{"rendered":"<p>Carlos Alcaraz desiste do torneio de Barcelona devido a les\u00e3o no pulso. O tenista espanhol abandonou a competi\u00e7\u00e3o, alegando uma les\u00e3o no pulso durante a participa\u00e7\u00e3o no evento realizado em Barcelona, Espanha.<\/p>\n<p>A desist\u00eancia foi anunciada pela equipa do jogador, sem divulga\u00e7\u00e3o de detalhes adicionais sobre o estado cl\u00ednico ou previs\u00e3o de retorno \u00e0s competi\u00e7\u00f5es. A not\u00edcia, reportada pela ag\u00eancia Lusa, n\u00e3o fornece datas exatas de quando ocorreu o incidente.<\/p>\n<h3>Detalhes da les\u00e3o<\/h3>\n<p>Ainda n\u00e3o h\u00e1 informa\u00e7\u00f5es oficiais sobre o tratamento indicado ou o calend\u00e1rio do pr\u00f3ximo ciclo competitivo de Alcaraz, que dever\u00e1 ser definido pela equipa m\u00e9dica e pela organiza\u00e7\u00e3o do torneio.<\/p>\n","protected":false},"excerpt":{"rendered":"<ul>\n<li>Carlos Alcaraz desiste do torneio de Barcelona por causa de uma les\u00e3o no pulso.<\/li>\n<li>A desist\u00eancia envolve o torneio realizado em Barcelona.<\/li>\n<li>No texto dispon\u00edvel, n\u00e3o aparecem mais detalhes sobre a les\u00e3o ou sobre o momento da desist\u00eancia.<\/li>\n<li>O conte\u00fado completo est\u00e1 acess\u00edvel apenas para subscritores.<\/li>\n<\/ul>\n","protected":false},"author":2,"featured_media":445732,"comment_status":"closed","ping_status":"closed","sticky":false,"template":"","format":"standard","meta":{"footnotes":""},"categories":[21,24],"tags":[3459,152,81,2538,94],"class_list":["post-445731","post","type-post","status-publish","format-standard","has-post-thumbnail","hentry","category-desporto","category-futebol","tag-desistencia","tag-desporto","tag-internacionais","tag-lesoes","tag-tenis"],"yoast_head":"<!-- This site is optimized with the Yoast SEO plugin v27.2 - https:\/\/yoast.com\/product\/yoast-seo-wordpress\/ -->\n<title>Carlos Alcaraz desiste do Barcelona por les\u00e3o no pulso - Portal Tela Portugal<\/title>\n<meta name=\"robots\" content=\"index, follow, max-snippet:-1, max-image-preview:large, max-video-preview:-1\" \/>\n<meta property=\"og:locale\" content=\"pt_PT\" \/>\n<meta property=\"og:type\" content=\"article\" \/>\n<meta property=\"og:title\" content=\"Carlos Alcaraz desiste do Barcelona por les\u00e3o no pulso - Portal Tela Portugal\" \/>\n<meta property=\"og:description\" content=\"Carlos Alcaraz desiste do torneio de Barcelona por causa de uma les\u00e3o no pulso. A desist\u00eancia envolve o torneio realizado em Barcelona. No texto dispon\u00edvel, n\u00e3o aparecem mais detalhes sobre a les\u00e3o ou sobre o momento da desist\u00eancia. O conte\u00fado completo est\u00e1 acess\u00edvel apenas para subscritores.\" \/>\n<meta property=\"og:url\" content=\"https:\/\/portaltela.pt\/noticias\/2026\/04\/15\/carlos-alcaraz-desiste-do-barcelona-por-lesao-no-pulso\/\" \/>\n<meta property=\"og:site_name\" content=\"Portal Tela Portugal\" \/>\n<meta property=\"article:published_time\" content=\"2026-04-15T21:46:45+00:00\" \/>\n<meta name=\"author\" content=\"Telinha\" \/>\n<meta name=\"twitter:card\" content=\"summary_large_image\" \/>\n<meta name=\"twitter:label1\" content=\"Escrito por\" \/>\n\t<meta name=\"twitter:data1\" content=\"Telinha\" \/>\n\t<meta name=\"twitter:label2\" content=\"Tempo estimado de leitura\" \/>\n\t<meta name=\"twitter:data2\" content=\"1 minuto\" \/>\n<script type=\"application\/ld+json\" class=\"yoast-schema-graph\">{\"@context\":\"https:\/\/schema.org\",\"@graph\":[{\"@type\":\"Article\",\"@id\":\"https:\/\/portaltela.pt\/noticias\/2026\/04\/15\/carlos-alcaraz-desiste-do-barcelona-por-lesao-no-pulso\/#article\",\"isPartOf\":{\"@id\":\"https:\/\/portaltela.pt\/noticias\/2026\/04\/15\/carlos-alcaraz-desiste-do-barcelona-por-lesao-no-pulso\/\"},\"author\":{\"name\":\"Telinha\",\"@id\":\"https:\/\/portaltela.pt\/#\/schema\/person\/c4278d4a6028830caff9ee44b42d32ed\"},\"headline\":\"Carlos Alcaraz desiste do Barcelona por les\u00e3o no pulso\",\"datePublished\":\"2026-04-15T21:46:45+00:00\",\"mainEntityOfPage\":{\"@id\":\"https:\/\/portaltela.pt\/noticias\/2026\/04\/15\/carlos-alcaraz-desiste-do-barcelona-por-lesao-no-pulso\/\"},\"wordCount\":132,\"image\":{\"@id\":\"https:\/\/portaltela.pt\/noticias\/2026\/04\/15\/carlos-alcaraz-desiste-do-barcelona-por-lesao-no-pulso\/#primaryimage\"},\"thumbnailUrl\":\"https:\/\/portaltela.pt\/s.01k8rhncp4jt1\/2026\/04\/CACHE_780X1200_ANALOG_WATERMARKED_46937097_605404644769362.jpg\",\"keywords\":[\"desist\u00eancia\",\"desporto\",\"internacionais\",\"les\u00f5es\",\"t\u00eanis\"],\"articleSection\":[\"Desporto\",\"Futebol\"],\"inLanguage\":\"pt-PT\"},{\"@type\":\"WebPage\",\"@id\":\"https:\/\/portaltela.pt\/noticias\/2026\/04\/15\/carlos-alcaraz-desiste-do-barcelona-por-lesao-no-pulso\/\",\"url\":\"https:\/\/portaltela.pt\/noticias\/2026\/04\/15\/carlos-alcaraz-desiste-do-barcelona-por-lesao-no-pulso\/\",\"name\":\"Carlos Alcaraz desiste do Barcelona por les\u00e3o no pulso - Portal Tela Portugal\",\"isPartOf\":{\"@id\":\"https:\/\/portaltela.pt\/#website\"},\"primaryImageOfPage\":{\"@id\":\"https:\/\/portaltela.pt\/noticias\/2026\/04\/15\/carlos-alcaraz-desiste-do-barcelona-por-lesao-no-pulso\/#primaryimage\"},\"image\":{\"@id\":\"https:\/\/portaltela.pt\/noticias\/2026\/04\/15\/carlos-alcaraz-desiste-do-barcelona-por-lesao-no-pulso\/#primaryimage\"},\"thumbnailUrl\":\"https:\/\/portaltela.pt\/s.01k8rhncp4jt1\/2026\/04\/CACHE_780X1200_ANALOG_WATERMARKED_46937097_605404644769362.jpg\",\"datePublished\":\"2026-04-15T21:46:45+00:00\",\"author\":{\"@id\":\"https:\/\/portaltela.pt\/#\/schema\/person\/c4278d4a6028830caff9ee44b42d32ed\"},\"breadcrumb\":{\"@id\":\"https:\/\/portaltela.pt\/noticias\/2026\/04\/15\/carlos-alcaraz-desiste-do-barcelona-por-lesao-no-pulso\/#breadcrumb\"},\"inLanguage\":\"pt-PT\",\"potentialAction\":[{\"@type\":\"ReadAction\",\"target\":[\"https:\/\/portaltela.pt\/noticias\/2026\/04\/15\/carlos-alcaraz-desiste-do-barcelona-por-lesao-no-pulso\/\"]}]},{\"@type\":\"ImageObject\",\"inLanguage\":\"pt-PT\",\"@id\":\"https:\/\/portaltela.pt\/noticias\/2026\/04\/15\/carlos-alcaraz-desiste-do-barcelona-por-lesao-no-pulso\/#primaryimage\",\"url\":\"https:\/\/portaltela.pt\/s.01k8rhncp4jt1\/2026\/04\/CACHE_780X1200_ANALOG_WATERMARKED_46937097_605404644769362.jpg\",\"contentUrl\":\"https:\/\/portaltela.pt\/s.01k8rhncp4jt1\/2026\/04\/CACHE_780X1200_ANALOG_WATERMARKED_46937097_605404644769362.jpg\",\"width\":796,\"height\":448,\"caption\":\"Tenista Carlos Alcaraz desiste do torneio de Barcelona devido a les\u00e3o no pulso\"},{\"@type\":\"BreadcrumbList\",\"@id\":\"https:\/\/portaltela.pt\/noticias\/2026\/04\/15\/carlos-alcaraz-desiste-do-barcelona-por-lesao-no-pulso\/#breadcrumb\",\"itemListElement\":[{\"@type\":\"ListItem\",\"position\":1,\"name\":\"In\u00edcio\",\"item\":\"https:\/\/portaltela.pt\/\"},{\"@type\":\"ListItem\",\"position\":2,\"name\":\"Carlos Alcaraz desiste do Barcelona por les\u00e3o no pulso\"}]},{\"@type\":\"WebSite\",\"@id\":\"https:\/\/portaltela.pt\/#website\",\"url\":\"https:\/\/portaltela.pt\/\",\"name\":\"Portal Tela Portugal\",\"description\":\"\",\"potentialAction\":[{\"@type\":\"SearchAction\",\"target\":{\"@type\":\"EntryPoint\",\"urlTemplate\":\"https:\/\/portaltela.pt\/?s={search_term_string}\"},\"query-input\":{\"@type\":\"PropertyValueSpecification\",\"valueRequired\":true,\"valueName\":\"search_term_string\"}}],\"inLanguage\":\"pt-PT\"},{\"@type\":\"Person\",\"@id\":\"https:\/\/portaltela.pt\/#\/schema\/person\/c4278d4a6028830caff9ee44b42d32ed\",\"name\":\"Telinha\",\"image\":{\"@type\":\"ImageObject\",\"inLanguage\":\"pt-PT\",\"@id\":\"https:\/\/portaltela.pt\/s.01k8rhncp4jt1\/2025\/11\/talking-bot-125x125.png\",\"url\":\"https:\/\/portaltela.pt\/s.01k8rhncp4jt1\/2025\/11\/talking-bot-125x125.png\",\"contentUrl\":\"https:\/\/portaltela.pt\/s.01k8rhncp4jt1\/2025\/11\/talking-bot-125x125.png\",\"caption\":\"Telinha\"},\"sameAs\":[\"https:\/\/portaltela.pt\/\"],\"url\":\"https:\/\/portaltela.pt\/por\/367410592786\/\"}]}<\/script>\n<!-- \/ Yoast SEO plugin. -->","yoast_head_json":{"title":"Carlos Alcaraz desiste do Barcelona por les\u00e3o no pulso - Portal Tela Portugal","robots":{"index":"index","follow":"follow","max-snippet":"max-snippet:-1","max-image-preview":"max-image-preview:large","max-video-preview":"max-video-preview:-1"},"og_locale":"pt_PT","og_type":"article","og_title":"Carlos Alcaraz desiste do Barcelona por les\u00e3o no pulso - Portal Tela Portugal","og_description":"Carlos Alcaraz desiste do torneio de Barcelona por causa de uma les\u00e3o no pulso. A desist\u00eancia envolve o torneio realizado em Barcelona. No texto dispon\u00edvel, n\u00e3o aparecem mais detalhes sobre a les\u00e3o ou sobre o momento da desist\u00eancia. O conte\u00fado completo est\u00e1 acess\u00edvel apenas para subscritores.","og_url":"https:\/\/portaltela.pt\/noticias\/2026\/04\/15\/carlos-alcaraz-desiste-do-barcelona-por-lesao-no-pulso\/","og_site_name":"Portal Tela Portugal","article_published_time":"2026-04-15T21:46:45+00:00","author":"Telinha","twitter_card":"summary_large_image","twitter_misc":{"Escrito por":"Telinha","Tempo estimado de leitura":"1 minuto"},"schema":{"@context":"https:\/\/schema.org","@graph":[{"@type":"Article","@id":"https:\/\/portaltela.pt\/noticias\/2026\/04\/15\/carlos-alcaraz-desiste-do-barcelona-por-lesao-no-pulso\/#article","isPartOf":{"@id":"https:\/\/portaltela.pt\/noticias\/2026\/04\/15\/carlos-alcaraz-desiste-do-barcelona-por-lesao-no-pulso\/"},"author":{"name":"Telinha","@id":"https:\/\/portaltela.pt\/#\/schema\/person\/c4278d4a6028830caff9ee44b42d32ed"},"headline":"Carlos Alcaraz desiste do Barcelona por les\u00e3o no pulso","datePublished":"2026-04-15T21:46:45+00:00","mainEntityOfPage":{"@id":"https:\/\/portaltela.pt\/noticias\/2026\/04\/15\/carlos-alcaraz-desiste-do-barcelona-por-lesao-no-pulso\/"},"wordCount":132,"image":{"@id":"https:\/\/portaltela.pt\/noticias\/2026\/04\/15\/carlos-alcaraz-desiste-do-barcelona-por-lesao-no-pulso\/#primaryimage"},"thumbnailUrl":"https:\/\/portaltela.pt\/s.01k8rhncp4jt1\/2026\/04\/CACHE_780X1200_ANALOG_WATERMARKED_46937097_605404644769362.jpg","keywords":["desist\u00eancia","desporto","internacionais","les\u00f5es","t\u00eanis"],"articleSection":["Desporto","Futebol"],"inLanguage":"pt-PT"},{"@type":"WebPage","@id":"https:\/\/portaltela.pt\/noticias\/2026\/04\/15\/carlos-alcaraz-desiste-do-barcelona-por-lesao-no-pulso\/","url":"https:\/\/portaltela.pt\/noticias\/2026\/04\/15\/carlos-alcaraz-desiste-do-barcelona-por-lesao-no-pulso\/","name":"Carlos Alcaraz desiste do Barcelona por les\u00e3o no pulso - Portal Tela Portugal","isPartOf":{"@id":"https:\/\/portaltela.pt\/#website"},"primaryImageOfPage":{"@id":"https:\/\/portaltela.pt\/noticias\/2026\/04\/15\/carlos-alcaraz-desiste-do-barcelona-por-lesao-no-pulso\/#primaryimage"},"image":{"@id":"https:\/\/portaltela.pt\/noticias\/2026\/04\/15\/carlos-alcaraz-desiste-do-barcelona-por-lesao-no-pulso\/#primaryimage"},"thumbnailUrl":"https:\/\/portaltela.pt\/s.01k8rhncp4jt1\/2026\/04\/CACHE_780X1200_ANALOG_WATERMARKED_46937097_605404644769362.jpg","datePublished":"2026-04-15T21:46:45+00:00","author":{"@id":"https:\/\/portaltela.pt\/#\/schema\/person\/c4278d4a6028830caff9ee44b42d32ed"},"breadcrumb":{"@id":"https:\/\/portaltela.pt\/noticias\/2026\/04\/15\/carlos-alcaraz-desiste-do-barcelona-por-lesao-no-pulso\/#breadcrumb"},"inLanguage":"pt-PT","potentialAction":[{"@type":"ReadAction","target":["https:\/\/portaltela.pt\/noticias\/2026\/04\/15\/carlos-alcaraz-desiste-do-barcelona-por-lesao-no-pulso\/"]}]},{"@type":"ImageObject","inLanguage":"pt-PT","@id":"https:\/\/portaltela.pt\/noticias\/2026\/04\/15\/carlos-alcaraz-desiste-do-barcelona-por-lesao-no-pulso\/#primaryimage","url":"https:\/\/portaltela.pt\/s.01k8rhncp4jt1\/2026\/04\/CACHE_780X1200_ANALOG_WATERMARKED_46937097_605404644769362.jpg","contentUrl":"https:\/\/portaltela.pt\/s.01k8rhncp4jt1\/2026\/04\/CACHE_780X1200_ANALOG_WATERMARKED_46937097_605404644769362.jpg","width":796,"height":448,"caption":"Tenista Carlos Alcaraz desiste do torneio de Barcelona devido a les\u00e3o no pulso"},{"@type":"BreadcrumbList","@id":"https:\/\/portaltela.pt\/noticias\/2026\/04\/15\/carlos-alcaraz-desiste-do-barcelona-por-lesao-no-pulso\/#breadcrumb","itemListElement":[{"@type":"ListItem","position":1,"name":"In\u00edcio","item":"https:\/\/portaltela.pt\/"},{"@type":"ListItem","position":2,"name":"Carlos Alcaraz desiste do Barcelona por les\u00e3o no pulso"}]},{"@type":"WebSite","@id":"https:\/\/portaltela.pt\/#website","url":"https:\/\/portaltela.pt\/","name":"Portal Tela Portugal","description":"","potentialAction":[{"@type":"SearchAction","target":{"@type":"EntryPoint","urlTemplate":"https:\/\/portaltela.pt\/?s={search_term_string}"},"query-input":{"@type":"PropertyValueSpecification","valueRequired":true,"valueName":"search_term_string"}}],"inLanguage":"pt-PT"},{"@type":"Person","@id":"https:\/\/portaltela.pt\/#\/schema\/person\/c4278d4a6028830caff9ee44b42d32ed","name":"Telinha","image":{"@type":"ImageObject","inLanguage":"pt-PT","@id":"https:\/\/portaltela.pt\/s.01k8rhncp4jt1\/2025\/11\/talking-bot-125x125.png","url":"https:\/\/portaltela.pt\/s.01k8rhncp4jt1\/2025\/11\/talking-bot-125x125.png","contentUrl":"https:\/\/portaltela.pt\/s.01k8rhncp4jt1\/2025\/11\/talking-bot-125x125.png","caption":"Telinha"},"sameAs":["https:\/\/portaltela.pt\/"],"url":"https:\/\/portaltela.pt\/por\/367410592786\/"}]}},"_links":{"self":[{"href":"https:\/\/portaltela.pt\/api\/wp\/v2\/posts\/445731","targetHints":{"allow":["GET"]}}],"collection":[{"href":"https:\/\/portaltela.pt\/api\/wp\/v2\/posts"}],"about":[{"href":"https:\/\/portaltela.pt\/api\/wp\/v2\/types\/post"}],"author":[{"embeddable":true,"href":"https:\/\/portaltela.pt\/api\/wp\/v2\/users\/2"}],"replies":[{"embeddable":true,"href":"https:\/\/portaltela.pt\/api\/wp\/v2\/comments?post=445731"}],"version-history":[{"count":0,"href":"https:\/\/portaltela.pt\/api\/wp\/v2\/posts\/445731\/revisions"}],"wp:featuredmedia":[{"embeddable":true,"href":"https:\/\/portaltela.pt\/api\/wp\/v2\/media\/445732"}],"wp:attachment":[{"href":"https:\/\/portaltela.pt\/api\/wp\/v2\/media?parent=445731"}],"wp:term":[{"taxonomy":"category","embeddable":true,"href":"https:\/\/portaltela.pt\/api\/wp\/v2\/categories?post=445731"},{"taxonomy":"post_tag","embeddable":true,"href":"https:\/\/portaltela.pt\/api\/wp\/v2\/tags?post=445731"}],"curies":[{"name":"wp","href":"https:\/\/api.w.org\/{rel}","templated":true}]}}