{"id":445720,"date":"2026-04-15T18:32:09","date_gmt":"2026-04-15T21:32:09","guid":{"rendered":"https:\/\/portaltela.pt\/noticias\/2026\/04\/15\/bayern-e-real-madrid-apresentam-o-pacote-champions-completo\/"},"modified":"2026-04-15T18:32:09","modified_gmt":"2026-04-15T21:32:09","slug":"bayern-e-real-madrid-apresentam-o-pacote-champions-completo","status":"publish","type":"post","link":"https:\/\/portaltela.pt\/desporto\/futebol\/2026\/04\/15\/bayern-e-real-madrid-apresentam-o-pacote-champions-completo\/","title":{"rendered":"Bayern e Real Madrid apresentam o pacote Champions completo"},"content":{"rendered":"<p>O Bayern de Munique venceu o Real Madrid por 4-3, na casa dos alem\u00e3es, nesta quarta-feira, no regresso dos oitavos de final da Liga dos Campe\u00f5es. A eliminat\u00f3ria, favor\u00e1vel ao Bayern por 2-1 na primeira-m\u00e3o, ficou assim com o agregado de 6-4 a favor dos alem\u00e3es.<\/p>\n<p>Logo aos 35 segundos, Neuer cometeu um erro de passe que Guler aproveitou para rematar de longe, sem guarda-redes na baliza. Cinco minutos depois, Lunin saiu mal de forma e Pavlovic rematou \u00e0 baliza vazia.<\/p>\n<p>Guler emergiu com mais um momento de brilho aos 30\u2019, num livre-directo que desequilibrou as contas, mas o Bayern respondeu r\u00e1pido. Aos 38\u2019, Upamecano abriu caminho a Kane, ap\u00f3s falha de Arnold, que finalizou com facilidade.<\/p>\n<p>A tr\u00eas minutos do intervalo, o Real empatou com Vin\u00edcius a assistir Mbapp\u00e9 num contra-ataque bem explorado, mantendo a eliminat\u00f3ria em aberto. O jogo manteve o controlo territorial do Bayern na segunda parte.<\/p>\n<p>Na segunda metade, o Real manteve-se firme na defesa baixa, com Neuer a evitar mais golos em pelo menos duas ocasi\u00f5es. Camavinga entrou aos 62\u2019, viu amarelo aos 78\u2019 e aos 86\u2019, saiu em inferioridade.<\/p>\n<p>Em vantagem num\u00e9rica, o Bayern intensificou a press\u00e3o e marcou aos 89\u2019 por Luis Diaz, consolidando a vantagem no marcador. Nos momentos finais, Michael Olise fixou o resultado com o quarto golo dos alem\u00e3es.<\/p>\n","protected":false},"excerpt":{"rendered":"<ul>\n<li>Bayern Munique venceu Real Madrid por 4-3 em Munique, e soma 6-4 no agregado, garantindo passagem \u00e0s meias-finais.<\/li>\n<li>O jogo come\u00e7ou com falhas dos guarda-redes: Neuer com um mau passe e Lunin a sair mal de um canto, permitindo golo de Pavlovic.<\/li>\n<li>Guler colocou o Real na frente aos 30 minutos com um livre-direto, mas o Bayern respondeu antes do intervalo com Kane, ap\u00f3s assist\u00eancia de Upamecano.<\/li>\n<li>O Real empatou aos 42 minutos num contra-ataque finalizado por Mbapp\u00e9, com assist\u00eancia de Vin\u00edcius, mantendo o jogo muito disputado.<\/li>\n<li>No segundo tempo, o Real ficou com menos um ap\u00f3s as advert\u00eancias a Camavinga, e o Bayern terminou por marcar aos 89 minutos por Luis Diaz, com Michael Olise a fechar nos instantes finais.<\/li>\n<\/ul>\n","protected":false},"author":2,"featured_media":445725,"comment_status":"closed","ping_status":"closed","sticky":false,"template":"","format":"standard","meta":{"footnotes":""},"categories":[21,24],"tags":[1720,3577,152,32,3338,2714],"class_list":["post-445720","post","type-post","status-publish","format-standard","has-post-thumbnail","hentry","category-desporto","category-futebol","tag-bayern-munique","tag-champions-league","tag-desporto","tag-futebol","tag-futebol-internacional","tag-real-madrid"],"yoast_head":"<!-- This site is optimized with the Yoast SEO plugin v27.2 - https:\/\/yoast.com\/product\/yoast-seo-wordpress\/ -->\n<title>Bayern e Real Madrid apresentam o pacote Champions completo - Portal Tela Portugal<\/title>\n<meta name=\"robots\" content=\"index, follow, max-snippet:-1, max-image-preview:large, max-video-preview:-1\" \/>\n<meta property=\"og:locale\" content=\"pt_PT\" \/>\n<meta property=\"og:type\" content=\"article\" \/>\n<meta property=\"og:title\" content=\"Bayern e Real Madrid apresentam o pacote Champions completo - Portal Tela Portugal\" \/>\n<meta property=\"og:description\" content=\"Bayern Munique venceu Real Madrid por 4-3 em Munique, e soma 6-4 no agregado, garantindo passagem \u00e0s meias-finais. O jogo come\u00e7ou com falhas dos guarda-redes: Neuer com um mau passe e Lunin a sair mal de um canto, permitindo golo de Pavlovic. Guler colocou o Real na frente aos 30 minutos com um livre-direto, mas o Bayern respondeu antes do intervalo com Kane, ap\u00f3s assist\u00eancia de Upamecano. O Real empatou aos 42 minutos num contra-ataque finalizado por Mbapp\u00e9, com assist\u00eancia de Vin\u00edcius, mantendo o jogo muito disputado. No segundo tempo, o Real ficou com menos um ap\u00f3s as advert\u00eancias a Camavinga, e o Bayern terminou por marcar aos 89 minutos por Luis Diaz, com Michael Olise a fechar nos instantes finais.\" \/>\n<meta property=\"og:url\" content=\"https:\/\/portaltela.pt\/noticias\/2026\/04\/15\/bayern-e-real-madrid-apresentam-o-pacote-champions-completo\/\" \/>\n<meta property=\"og:site_name\" content=\"Portal Tela Portugal\" \/>\n<meta property=\"article:published_time\" content=\"2026-04-15T21:32:09+00:00\" \/>\n<meta name=\"author\" content=\"Telinha\" \/>\n<meta name=\"twitter:card\" content=\"summary_large_image\" \/>\n<meta name=\"twitter:label1\" content=\"Escrito por\" \/>\n\t<meta name=\"twitter:data1\" content=\"Telinha\" \/>\n\t<meta name=\"twitter:label2\" content=\"Tempo estimado de leitura\" \/>\n\t<meta name=\"twitter:data2\" content=\"1 minuto\" \/>\n<script type=\"application\/ld+json\" class=\"yoast-schema-graph\">{\"@context\":\"https:\/\/schema.org\",\"@graph\":[{\"@type\":\"Article\",\"@id\":\"https:\/\/portaltela.pt\/noticias\/2026\/04\/15\/bayern-e-real-madrid-apresentam-o-pacote-champions-completo\/#article\",\"isPartOf\":{\"@id\":\"https:\/\/portaltela.pt\/noticias\/2026\/04\/15\/bayern-e-real-madrid-apresentam-o-pacote-champions-completo\/\"},\"author\":{\"name\":\"Telinha\",\"@id\":\"https:\/\/portaltela.pt\/#\/schema\/person\/c4278d4a6028830caff9ee44b42d32ed\"},\"headline\":\"Bayern e Real Madrid apresentam o pacote Champions completo\",\"datePublished\":\"2026-04-15T21:32:09+00:00\",\"mainEntityOfPage\":{\"@id\":\"https:\/\/portaltela.pt\/noticias\/2026\/04\/15\/bayern-e-real-madrid-apresentam-o-pacote-champions-completo\/\"},\"wordCount\":235,\"image\":{\"@id\":\"https:\/\/portaltela.pt\/noticias\/2026\/04\/15\/bayern-e-real-madrid-apresentam-o-pacote-champions-completo\/#primaryimage\"},\"thumbnailUrl\":\"https:\/\/portaltela.pt\/s.01k8rhncp4jt1\/2026\/04\/2081640.jpg\",\"keywords\":[\"Bayern Munique\",\"Champions League\",\"desporto\",\"futebol\",\"futebol internacional\",\"Real Madrid\"],\"articleSection\":[\"Desporto\",\"Futebol\"],\"inLanguage\":\"pt-PT\"},{\"@type\":\"WebPage\",\"@id\":\"https:\/\/portaltela.pt\/noticias\/2026\/04\/15\/bayern-e-real-madrid-apresentam-o-pacote-champions-completo\/\",\"url\":\"https:\/\/portaltela.pt\/noticias\/2026\/04\/15\/bayern-e-real-madrid-apresentam-o-pacote-champions-completo\/\",\"name\":\"Bayern e Real Madrid apresentam o pacote Champions completo - Portal Tela Portugal\",\"isPartOf\":{\"@id\":\"https:\/\/portaltela.pt\/#website\"},\"primaryImageOfPage\":{\"@id\":\"https:\/\/portaltela.pt\/noticias\/2026\/04\/15\/bayern-e-real-madrid-apresentam-o-pacote-champions-completo\/#primaryimage\"},\"image\":{\"@id\":\"https:\/\/portaltela.pt\/noticias\/2026\/04\/15\/bayern-e-real-madrid-apresentam-o-pacote-champions-completo\/#primaryimage\"},\"thumbnailUrl\":\"https:\/\/portaltela.pt\/s.01k8rhncp4jt1\/2026\/04\/2081640.jpg\",\"datePublished\":\"2026-04-15T21:32:09+00:00\",\"author\":{\"@id\":\"https:\/\/portaltela.pt\/#\/schema\/person\/c4278d4a6028830caff9ee44b42d32ed\"},\"breadcrumb\":{\"@id\":\"https:\/\/portaltela.pt\/noticias\/2026\/04\/15\/bayern-e-real-madrid-apresentam-o-pacote-champions-completo\/#breadcrumb\"},\"inLanguage\":\"pt-PT\",\"potentialAction\":[{\"@type\":\"ReadAction\",\"target\":[\"https:\/\/portaltela.pt\/noticias\/2026\/04\/15\/bayern-e-real-madrid-apresentam-o-pacote-champions-completo\/\"]}]},{\"@type\":\"ImageObject\",\"inLanguage\":\"pt-PT\",\"@id\":\"https:\/\/portaltela.pt\/noticias\/2026\/04\/15\/bayern-e-real-madrid-apresentam-o-pacote-champions-completo\/#primaryimage\",\"url\":\"https:\/\/portaltela.pt\/s.01k8rhncp4jt1\/2026\/04\/2081640.jpg\",\"contentUrl\":\"https:\/\/portaltela.pt\/s.01k8rhncp4jt1\/2026\/04\/2081640.jpg\",\"width\":796,\"height\":448,\"caption\":\"Bayern e Real Madrid em duelo na Champions\"},{\"@type\":\"BreadcrumbList\",\"@id\":\"https:\/\/portaltela.pt\/noticias\/2026\/04\/15\/bayern-e-real-madrid-apresentam-o-pacote-champions-completo\/#breadcrumb\",\"itemListElement\":[{\"@type\":\"ListItem\",\"position\":1,\"name\":\"In\u00edcio\",\"item\":\"https:\/\/portaltela.pt\/\"},{\"@type\":\"ListItem\",\"position\":2,\"name\":\"Bayern e Real Madrid apresentam o pacote Champions completo\"}]},{\"@type\":\"WebSite\",\"@id\":\"https:\/\/portaltela.pt\/#website\",\"url\":\"https:\/\/portaltela.pt\/\",\"name\":\"Portal Tela Portugal\",\"description\":\"\",\"potentialAction\":[{\"@type\":\"SearchAction\",\"target\":{\"@type\":\"EntryPoint\",\"urlTemplate\":\"https:\/\/portaltela.pt\/?s={search_term_string}\"},\"query-input\":{\"@type\":\"PropertyValueSpecification\",\"valueRequired\":true,\"valueName\":\"search_term_string\"}}],\"inLanguage\":\"pt-PT\"},{\"@type\":\"Person\",\"@id\":\"https:\/\/portaltela.pt\/#\/schema\/person\/c4278d4a6028830caff9ee44b42d32ed\",\"name\":\"Telinha\",\"image\":{\"@type\":\"ImageObject\",\"inLanguage\":\"pt-PT\",\"@id\":\"https:\/\/portaltela.pt\/s.01k8rhncp4jt1\/2025\/11\/talking-bot-125x125.png\",\"url\":\"https:\/\/portaltela.pt\/s.01k8rhncp4jt1\/2025\/11\/talking-bot-125x125.png\",\"contentUrl\":\"https:\/\/portaltela.pt\/s.01k8rhncp4jt1\/2025\/11\/talking-bot-125x125.png\",\"caption\":\"Telinha\"},\"sameAs\":[\"https:\/\/portaltela.pt\/\"],\"url\":\"https:\/\/portaltela.pt\/por\/367410592786\/\"}]}<\/script>\n<!-- \/ Yoast SEO plugin. -->","yoast_head_json":{"title":"Bayern e Real Madrid apresentam o pacote Champions completo - Portal Tela Portugal","robots":{"index":"index","follow":"follow","max-snippet":"max-snippet:-1","max-image-preview":"max-image-preview:large","max-video-preview":"max-video-preview:-1"},"og_locale":"pt_PT","og_type":"article","og_title":"Bayern e Real Madrid apresentam o pacote Champions completo - Portal Tela Portugal","og_description":"Bayern Munique venceu Real Madrid por 4-3 em Munique, e soma 6-4 no agregado, garantindo passagem \u00e0s meias-finais. O jogo come\u00e7ou com falhas dos guarda-redes: Neuer com um mau passe e Lunin a sair mal de um canto, permitindo golo de Pavlovic. Guler colocou o Real na frente aos 30 minutos com um livre-direto, mas o Bayern respondeu antes do intervalo com Kane, ap\u00f3s assist\u00eancia de Upamecano. O Real empatou aos 42 minutos num contra-ataque finalizado por Mbapp\u00e9, com assist\u00eancia de Vin\u00edcius, mantendo o jogo muito disputado. No segundo tempo, o Real ficou com menos um ap\u00f3s as advert\u00eancias a Camavinga, e o Bayern terminou por marcar aos 89 minutos por Luis Diaz, com Michael Olise a fechar nos instantes finais.","og_url":"https:\/\/portaltela.pt\/noticias\/2026\/04\/15\/bayern-e-real-madrid-apresentam-o-pacote-champions-completo\/","og_site_name":"Portal Tela Portugal","article_published_time":"2026-04-15T21:32:09+00:00","author":"Telinha","twitter_card":"summary_large_image","twitter_misc":{"Escrito por":"Telinha","Tempo estimado de leitura":"1 minuto"},"schema":{"@context":"https:\/\/schema.org","@graph":[{"@type":"Article","@id":"https:\/\/portaltela.pt\/noticias\/2026\/04\/15\/bayern-e-real-madrid-apresentam-o-pacote-champions-completo\/#article","isPartOf":{"@id":"https:\/\/portaltela.pt\/noticias\/2026\/04\/15\/bayern-e-real-madrid-apresentam-o-pacote-champions-completo\/"},"author":{"name":"Telinha","@id":"https:\/\/portaltela.pt\/#\/schema\/person\/c4278d4a6028830caff9ee44b42d32ed"},"headline":"Bayern e Real Madrid apresentam o pacote Champions completo","datePublished":"2026-04-15T21:32:09+00:00","mainEntityOfPage":{"@id":"https:\/\/portaltela.pt\/noticias\/2026\/04\/15\/bayern-e-real-madrid-apresentam-o-pacote-champions-completo\/"},"wordCount":235,"image":{"@id":"https:\/\/portaltela.pt\/noticias\/2026\/04\/15\/bayern-e-real-madrid-apresentam-o-pacote-champions-completo\/#primaryimage"},"thumbnailUrl":"https:\/\/portaltela.pt\/s.01k8rhncp4jt1\/2026\/04\/2081640.jpg","keywords":["Bayern Munique","Champions League","desporto","futebol","futebol internacional","Real Madrid"],"articleSection":["Desporto","Futebol"],"inLanguage":"pt-PT"},{"@type":"WebPage","@id":"https:\/\/portaltela.pt\/noticias\/2026\/04\/15\/bayern-e-real-madrid-apresentam-o-pacote-champions-completo\/","url":"https:\/\/portaltela.pt\/noticias\/2026\/04\/15\/bayern-e-real-madrid-apresentam-o-pacote-champions-completo\/","name":"Bayern e Real Madrid apresentam o pacote Champions completo - Portal Tela Portugal","isPartOf":{"@id":"https:\/\/portaltela.pt\/#website"},"primaryImageOfPage":{"@id":"https:\/\/portaltela.pt\/noticias\/2026\/04\/15\/bayern-e-real-madrid-apresentam-o-pacote-champions-completo\/#primaryimage"},"image":{"@id":"https:\/\/portaltela.pt\/noticias\/2026\/04\/15\/bayern-e-real-madrid-apresentam-o-pacote-champions-completo\/#primaryimage"},"thumbnailUrl":"https:\/\/portaltela.pt\/s.01k8rhncp4jt1\/2026\/04\/2081640.jpg","datePublished":"2026-04-15T21:32:09+00:00","author":{"@id":"https:\/\/portaltela.pt\/#\/schema\/person\/c4278d4a6028830caff9ee44b42d32ed"},"breadcrumb":{"@id":"https:\/\/portaltela.pt\/noticias\/2026\/04\/15\/bayern-e-real-madrid-apresentam-o-pacote-champions-completo\/#breadcrumb"},"inLanguage":"pt-PT","potentialAction":[{"@type":"ReadAction","target":["https:\/\/portaltela.pt\/noticias\/2026\/04\/15\/bayern-e-real-madrid-apresentam-o-pacote-champions-completo\/"]}]},{"@type":"ImageObject","inLanguage":"pt-PT","@id":"https:\/\/portaltela.pt\/noticias\/2026\/04\/15\/bayern-e-real-madrid-apresentam-o-pacote-champions-completo\/#primaryimage","url":"https:\/\/portaltela.pt\/s.01k8rhncp4jt1\/2026\/04\/2081640.jpg","contentUrl":"https:\/\/portaltela.pt\/s.01k8rhncp4jt1\/2026\/04\/2081640.jpg","width":796,"height":448,"caption":"Bayern e Real Madrid em duelo na Champions"},{"@type":"BreadcrumbList","@id":"https:\/\/portaltela.pt\/noticias\/2026\/04\/15\/bayern-e-real-madrid-apresentam-o-pacote-champions-completo\/#breadcrumb","itemListElement":[{"@type":"ListItem","position":1,"name":"In\u00edcio","item":"https:\/\/portaltela.pt\/"},{"@type":"ListItem","position":2,"name":"Bayern e Real Madrid apresentam o pacote Champions completo"}]},{"@type":"WebSite","@id":"https:\/\/portaltela.pt\/#website","url":"https:\/\/portaltela.pt\/","name":"Portal Tela Portugal","description":"","potentialAction":[{"@type":"SearchAction","target":{"@type":"EntryPoint","urlTemplate":"https:\/\/portaltela.pt\/?s={search_term_string}"},"query-input":{"@type":"PropertyValueSpecification","valueRequired":true,"valueName":"search_term_string"}}],"inLanguage":"pt-PT"},{"@type":"Person","@id":"https:\/\/portaltela.pt\/#\/schema\/person\/c4278d4a6028830caff9ee44b42d32ed","name":"Telinha","image":{"@type":"ImageObject","inLanguage":"pt-PT","@id":"https:\/\/portaltela.pt\/s.01k8rhncp4jt1\/2025\/11\/talking-bot-125x125.png","url":"https:\/\/portaltela.pt\/s.01k8rhncp4jt1\/2025\/11\/talking-bot-125x125.png","contentUrl":"https:\/\/portaltela.pt\/s.01k8rhncp4jt1\/2025\/11\/talking-bot-125x125.png","caption":"Telinha"},"sameAs":["https:\/\/portaltela.pt\/"],"url":"https:\/\/portaltela.pt\/por\/367410592786\/"}]}},"_links":{"self":[{"href":"https:\/\/portaltela.pt\/api\/wp\/v2\/posts\/445720","targetHints":{"allow":["GET"]}}],"collection":[{"href":"https:\/\/portaltela.pt\/api\/wp\/v2\/posts"}],"about":[{"href":"https:\/\/portaltela.pt\/api\/wp\/v2\/types\/post"}],"author":[{"embeddable":true,"href":"https:\/\/portaltela.pt\/api\/wp\/v2\/users\/2"}],"replies":[{"embeddable":true,"href":"https:\/\/portaltela.pt\/api\/wp\/v2\/comments?post=445720"}],"version-history":[{"count":0,"href":"https:\/\/portaltela.pt\/api\/wp\/v2\/posts\/445720\/revisions"}],"wp:featuredmedia":[{"embeddable":true,"href":"https:\/\/portaltela.pt\/api\/wp\/v2\/media\/445725"}],"wp:attachment":[{"href":"https:\/\/portaltela.pt\/api\/wp\/v2\/media?parent=445720"}],"wp:term":[{"taxonomy":"category","embeddable":true,"href":"https:\/\/portaltela.pt\/api\/wp\/v2\/categories?post=445720"},{"taxonomy":"post_tag","embeddable":true,"href":"https:\/\/portaltela.pt\/api\/wp\/v2\/tags?post=445720"}],"curies":[{"name":"wp","href":"https:\/\/api.w.org\/{rel}","templated":true}]}}