{"id":445471,"date":"2026-04-15T14:47:11","date_gmt":"2026-04-15T17:47:11","guid":{"rendered":"https:\/\/portaltela.pt\/noticias\/2026\/04\/15\/proposta-do-nacional-promete-acender-debate-na-ag-sobre-direitos-de-tv\/"},"modified":"2026-04-15T14:47:11","modified_gmt":"2026-04-15T17:47:11","slug":"proposta-do-nacional-promete-acender-debate-na-ag-sobre-direitos-de-tv","status":"publish","type":"post","link":"https:\/\/portaltela.pt\/desporto\/futebol\/2026\/04\/15\/proposta-do-nacional-promete-acender-debate-na-ag-sobre-direitos-de-tv\/","title":{"rendered":"Proposta do Nacional promete acender debate na AG sobre direitos de TV"},"content":{"rendered":"<p>A Assembleia Geral Extraordin\u00e1ria da Liga est\u00e1 marcada para sexta-feira, \u00e0s 15 horas, no Porto, e promete ser tensa. A disc\u00f3rdia envolve a proposta de comercializa\u00e7\u00e3o dos direitos audiovisuais da Liga Portugal I e II para o mercado dom\u00e9stico.<\/p>\n<p>O motivo da tens\u00e3o \u00e9 a diverg\u00eancia entre clubes quanto \u00e0 distribui\u00e7\u00e3o de receitas. O Nacional enviou, no dia 13, uma proposta ao presidente da MAG que contraria o que foi apresentado pela dire\u00e7\u00e3o da Liga na Cimeira de Presidentes de dezembro.<\/p>\n<p>A interpreta\u00e7\u00e3o das regras de distribui\u00e7\u00e3o est\u00e1 no centro do debate. Enquanto a Liga defende uma proposta de participa\u00e7\u00e3o mais contida, o Nacional apresenta uma alternativa que pode alterar significativamente o bolo dispon\u00edvel aos clubes.<\/p>\n<h3>Proposta do Nacional em foco<\/h3>\n<p>Segundo o documento enviado pelo Nacional, a distribui\u00e7\u00e3o para os 18 clubes deveria alcan\u00e7ar 50% do bolo total, em oposi\u00e7\u00e3o aos 32,5% propostos pela Liga. A diferen\u00e7a \u00e9 vista como determinante para o equil\u00edbrio financeiro entre as equipas.<\/p>\n<p>A reuni\u00e3o de sexta-feira re\u00fane dirigentes de clubes, membros da MAG e representantes da Liga. O objetivo \u00e9 chegar a um acordo que permita avan\u00e7ar com o procedimento de comercializa\u00e7\u00e3o sem recorrer a medidas adicionais.<\/p>\n<p>O encontro ocorre num momento de forte escrut\u00ednio sobre a gest\u00e3o dos direitos televisivos. As decis\u00f5es devem ditar a forma como os clubes recebem as receitas resultantes dos contratos de transmiss\u00e3o.<\/p>\n","protected":false},"excerpt":{"rendered":"<ul>\n<li>A Assembleia Geral Extraordin\u00e1ria da Liga realiza-se nesta sexta-feira, \u00e0s 15 horas, no Porto, e espera-se quente devido \u00e0s diverg\u00eancias entre clubes sobre os direitos audiovisuais da Liga Portugal I e II para o mercado dom\u00e9stico.<\/li>\n<li>O Nacional enviou ao presidente da MAG, no dia 13, uma proposta que promete subir o tom da discuss\u00e3o, ao contrariar o que foi apresentado pela dire\u00e7\u00e3o da Liga na Cimeira de Presidentes de dezembro.<\/li>\n<li>A proposta do Nacional defende que 50% do valor total dos direitos seja distribu\u00eddo pelos 18 clubes.<\/li>\n<li>Em contraste, a Liga apresenta uma proposta de 32,5% para os clubes no \u00e2mbito do mesmo neg\u00f3cio de direitos.<\/li>\n<li>A novela envolve a comercializa\u00e7\u00e3o dos direitos audiovisuais e o mercado dom\u00e9stico, com impactos na distribui\u00e7\u00e3o entre clubes.<\/li>\n<\/ul>\n","protected":false},"author":2,"featured_media":445475,"comment_status":"closed","ping_status":"closed","sticky":false,"template":"","format":"standard","meta":{"footnotes":""},"categories":[21,24],"tags":[4143,6373,32,1319,982,5799],"class_list":["post-445471","post","type-post","status-publish","format-standard","has-post-thumbnail","hentry","category-desporto","category-futebol","tag-1-liga","tag-direitos","tag-futebol","tag-nacional","tag-porto","tag-transmissoes"],"yoast_head":"<!-- This site is optimized with the Yoast SEO plugin v27.2 - https:\/\/yoast.com\/product\/yoast-seo-wordpress\/ -->\n<title>Proposta do Nacional promete acender debate na AG sobre direitos de TV - Portal Tela Portugal<\/title>\n<meta name=\"robots\" content=\"index, follow, max-snippet:-1, max-image-preview:large, max-video-preview:-1\" \/>\n<meta property=\"og:locale\" content=\"pt_PT\" \/>\n<meta property=\"og:type\" content=\"article\" \/>\n<meta property=\"og:title\" content=\"Proposta do Nacional promete acender debate na AG sobre direitos de TV - Portal Tela Portugal\" \/>\n<meta property=\"og:description\" content=\"A Assembleia Geral Extraordin\u00e1ria da Liga realiza-se nesta sexta-feira, \u00e0s 15 horas, no Porto, e espera-se quente devido \u00e0s diverg\u00eancias entre clubes sobre os direitos audiovisuais da Liga Portugal I e II para o mercado dom\u00e9stico. O Nacional enviou ao presidente da MAG, no dia 13, uma proposta que promete subir o tom da discuss\u00e3o, ao contrariar o que foi apresentado pela dire\u00e7\u00e3o da Liga na Cimeira de Presidentes de dezembro. A proposta do Nacional defende que 50% do valor total dos direitos seja distribu\u00eddo pelos 18 clubes. Em contraste, a Liga apresenta uma proposta de 32,5% para os clubes no \u00e2mbito do mesmo neg\u00f3cio de direitos. A novela envolve a comercializa\u00e7\u00e3o dos direitos audiovisuais e o mercado dom\u00e9stico, com impactos na distribui\u00e7\u00e3o entre clubes.\" \/>\n<meta property=\"og:url\" content=\"https:\/\/portaltela.pt\/noticias\/2026\/04\/15\/proposta-do-nacional-promete-acender-debate-na-ag-sobre-direitos-de-tv\/\" \/>\n<meta property=\"og:site_name\" content=\"Portal Tela Portugal\" \/>\n<meta property=\"article:published_time\" content=\"2026-04-15T17:47:11+00:00\" \/>\n<meta name=\"author\" content=\"Telinha\" \/>\n<meta name=\"twitter:card\" content=\"summary_large_image\" \/>\n<meta name=\"twitter:label1\" content=\"Escrito por\" \/>\n\t<meta name=\"twitter:data1\" content=\"Telinha\" \/>\n\t<meta name=\"twitter:label2\" content=\"Tempo estimado de leitura\" \/>\n\t<meta name=\"twitter:data2\" content=\"1 minuto\" \/>\n<script type=\"application\/ld+json\" class=\"yoast-schema-graph\">{\"@context\":\"https:\/\/schema.org\",\"@graph\":[{\"@type\":\"Article\",\"@id\":\"https:\/\/portaltela.pt\/noticias\/2026\/04\/15\/proposta-do-nacional-promete-acender-debate-na-ag-sobre-direitos-de-tv\/#article\",\"isPartOf\":{\"@id\":\"https:\/\/portaltela.pt\/noticias\/2026\/04\/15\/proposta-do-nacional-promete-acender-debate-na-ag-sobre-direitos-de-tv\/\"},\"author\":{\"name\":\"Telinha\",\"@id\":\"https:\/\/portaltela.pt\/#\/schema\/person\/c4278d4a6028830caff9ee44b42d32ed\"},\"headline\":\"Proposta do Nacional promete acender debate na AG sobre direitos de TV\",\"datePublished\":\"2026-04-15T17:47:11+00:00\",\"mainEntityOfPage\":{\"@id\":\"https:\/\/portaltela.pt\/noticias\/2026\/04\/15\/proposta-do-nacional-promete-acender-debate-na-ag-sobre-direitos-de-tv\/\"},\"wordCount\":253,\"image\":{\"@id\":\"https:\/\/portaltela.pt\/noticias\/2026\/04\/15\/proposta-do-nacional-promete-acender-debate-na-ag-sobre-direitos-de-tv\/#primaryimage\"},\"thumbnailUrl\":\"https:\/\/portaltela.pt\/s.01k8rhncp4jt1\/2026\/04\/img_920x518uu2026-04-15-18-32-59-2433199-im-639118748114353707.jpg\",\"keywords\":[\"1. Liga\",\"direitos\",\"futebol\",\"Nacional\",\"Porto\",\"transmiss\u00f5es\"],\"articleSection\":[\"Desporto\",\"Futebol\"],\"inLanguage\":\"pt-PT\"},{\"@type\":\"WebPage\",\"@id\":\"https:\/\/portaltela.pt\/noticias\/2026\/04\/15\/proposta-do-nacional-promete-acender-debate-na-ag-sobre-direitos-de-tv\/\",\"url\":\"https:\/\/portaltela.pt\/noticias\/2026\/04\/15\/proposta-do-nacional-promete-acender-debate-na-ag-sobre-direitos-de-tv\/\",\"name\":\"Proposta do Nacional promete acender debate na AG sobre direitos de TV - Portal Tela Portugal\",\"isPartOf\":{\"@id\":\"https:\/\/portaltela.pt\/#website\"},\"primaryImageOfPage\":{\"@id\":\"https:\/\/portaltela.pt\/noticias\/2026\/04\/15\/proposta-do-nacional-promete-acender-debate-na-ag-sobre-direitos-de-tv\/#primaryimage\"},\"image\":{\"@id\":\"https:\/\/portaltela.pt\/noticias\/2026\/04\/15\/proposta-do-nacional-promete-acender-debate-na-ag-sobre-direitos-de-tv\/#primaryimage\"},\"thumbnailUrl\":\"https:\/\/portaltela.pt\/s.01k8rhncp4jt1\/2026\/04\/img_920x518uu2026-04-15-18-32-59-2433199-im-639118748114353707.jpg\",\"datePublished\":\"2026-04-15T17:47:11+00:00\",\"author\":{\"@id\":\"https:\/\/portaltela.pt\/#\/schema\/person\/c4278d4a6028830caff9ee44b42d32ed\"},\"breadcrumb\":{\"@id\":\"https:\/\/portaltela.pt\/noticias\/2026\/04\/15\/proposta-do-nacional-promete-acender-debate-na-ag-sobre-direitos-de-tv\/#breadcrumb\"},\"inLanguage\":\"pt-PT\",\"potentialAction\":[{\"@type\":\"ReadAction\",\"target\":[\"https:\/\/portaltela.pt\/noticias\/2026\/04\/15\/proposta-do-nacional-promete-acender-debate-na-ag-sobre-direitos-de-tv\/\"]}]},{\"@type\":\"ImageObject\",\"inLanguage\":\"pt-PT\",\"@id\":\"https:\/\/portaltela.pt\/noticias\/2026\/04\/15\/proposta-do-nacional-promete-acender-debate-na-ag-sobre-direitos-de-tv\/#primaryimage\",\"url\":\"https:\/\/portaltela.pt\/s.01k8rhncp4jt1\/2026\/04\/img_920x518uu2026-04-15-18-32-59-2433199-im-639118748114353707.jpg\",\"contentUrl\":\"https:\/\/portaltela.pt\/s.01k8rhncp4jt1\/2026\/04\/img_920x518uu2026-04-15-18-32-59-2433199-im-639118748114353707.jpg\",\"width\":796,\"height\":448,\"caption\":\"Rui Alves, presidente do Nacional\"},{\"@type\":\"BreadcrumbList\",\"@id\":\"https:\/\/portaltela.pt\/noticias\/2026\/04\/15\/proposta-do-nacional-promete-acender-debate-na-ag-sobre-direitos-de-tv\/#breadcrumb\",\"itemListElement\":[{\"@type\":\"ListItem\",\"position\":1,\"name\":\"In\u00edcio\",\"item\":\"https:\/\/portaltela.pt\/\"},{\"@type\":\"ListItem\",\"position\":2,\"name\":\"Proposta do Nacional promete acender debate na AG sobre direitos de TV\"}]},{\"@type\":\"WebSite\",\"@id\":\"https:\/\/portaltela.pt\/#website\",\"url\":\"https:\/\/portaltela.pt\/\",\"name\":\"Portal Tela Portugal\",\"description\":\"\",\"potentialAction\":[{\"@type\":\"SearchAction\",\"target\":{\"@type\":\"EntryPoint\",\"urlTemplate\":\"https:\/\/portaltela.pt\/?s={search_term_string}\"},\"query-input\":{\"@type\":\"PropertyValueSpecification\",\"valueRequired\":true,\"valueName\":\"search_term_string\"}}],\"inLanguage\":\"pt-PT\"},{\"@type\":\"Person\",\"@id\":\"https:\/\/portaltela.pt\/#\/schema\/person\/c4278d4a6028830caff9ee44b42d32ed\",\"name\":\"Telinha\",\"image\":{\"@type\":\"ImageObject\",\"inLanguage\":\"pt-PT\",\"@id\":\"https:\/\/portaltela.pt\/s.01k8rhncp4jt1\/2025\/11\/talking-bot-125x125.png\",\"url\":\"https:\/\/portaltela.pt\/s.01k8rhncp4jt1\/2025\/11\/talking-bot-125x125.png\",\"contentUrl\":\"https:\/\/portaltela.pt\/s.01k8rhncp4jt1\/2025\/11\/talking-bot-125x125.png\",\"caption\":\"Telinha\"},\"sameAs\":[\"https:\/\/portaltela.pt\/\"],\"url\":\"https:\/\/portaltela.pt\/por\/367410592786\/\"}]}<\/script>\n<!-- \/ Yoast SEO plugin. -->","yoast_head_json":{"title":"Proposta do Nacional promete acender debate na AG sobre direitos de TV - Portal Tela Portugal","robots":{"index":"index","follow":"follow","max-snippet":"max-snippet:-1","max-image-preview":"max-image-preview:large","max-video-preview":"max-video-preview:-1"},"og_locale":"pt_PT","og_type":"article","og_title":"Proposta do Nacional promete acender debate na AG sobre direitos de TV - Portal Tela Portugal","og_description":"A Assembleia Geral Extraordin\u00e1ria da Liga realiza-se nesta sexta-feira, \u00e0s 15 horas, no Porto, e espera-se quente devido \u00e0s diverg\u00eancias entre clubes sobre os direitos audiovisuais da Liga Portugal I e II para o mercado dom\u00e9stico. O Nacional enviou ao presidente da MAG, no dia 13, uma proposta que promete subir o tom da discuss\u00e3o, ao contrariar o que foi apresentado pela dire\u00e7\u00e3o da Liga na Cimeira de Presidentes de dezembro. A proposta do Nacional defende que 50% do valor total dos direitos seja distribu\u00eddo pelos 18 clubes. Em contraste, a Liga apresenta uma proposta de 32,5% para os clubes no \u00e2mbito do mesmo neg\u00f3cio de direitos. A novela envolve a comercializa\u00e7\u00e3o dos direitos audiovisuais e o mercado dom\u00e9stico, com impactos na distribui\u00e7\u00e3o entre clubes.","og_url":"https:\/\/portaltela.pt\/noticias\/2026\/04\/15\/proposta-do-nacional-promete-acender-debate-na-ag-sobre-direitos-de-tv\/","og_site_name":"Portal Tela Portugal","article_published_time":"2026-04-15T17:47:11+00:00","author":"Telinha","twitter_card":"summary_large_image","twitter_misc":{"Escrito por":"Telinha","Tempo estimado de leitura":"1 minuto"},"schema":{"@context":"https:\/\/schema.org","@graph":[{"@type":"Article","@id":"https:\/\/portaltela.pt\/noticias\/2026\/04\/15\/proposta-do-nacional-promete-acender-debate-na-ag-sobre-direitos-de-tv\/#article","isPartOf":{"@id":"https:\/\/portaltela.pt\/noticias\/2026\/04\/15\/proposta-do-nacional-promete-acender-debate-na-ag-sobre-direitos-de-tv\/"},"author":{"name":"Telinha","@id":"https:\/\/portaltela.pt\/#\/schema\/person\/c4278d4a6028830caff9ee44b42d32ed"},"headline":"Proposta do Nacional promete acender debate na AG sobre direitos de TV","datePublished":"2026-04-15T17:47:11+00:00","mainEntityOfPage":{"@id":"https:\/\/portaltela.pt\/noticias\/2026\/04\/15\/proposta-do-nacional-promete-acender-debate-na-ag-sobre-direitos-de-tv\/"},"wordCount":253,"image":{"@id":"https:\/\/portaltela.pt\/noticias\/2026\/04\/15\/proposta-do-nacional-promete-acender-debate-na-ag-sobre-direitos-de-tv\/#primaryimage"},"thumbnailUrl":"https:\/\/portaltela.pt\/s.01k8rhncp4jt1\/2026\/04\/img_920x518uu2026-04-15-18-32-59-2433199-im-639118748114353707.jpg","keywords":["1. Liga","direitos","futebol","Nacional","Porto","transmiss\u00f5es"],"articleSection":["Desporto","Futebol"],"inLanguage":"pt-PT"},{"@type":"WebPage","@id":"https:\/\/portaltela.pt\/noticias\/2026\/04\/15\/proposta-do-nacional-promete-acender-debate-na-ag-sobre-direitos-de-tv\/","url":"https:\/\/portaltela.pt\/noticias\/2026\/04\/15\/proposta-do-nacional-promete-acender-debate-na-ag-sobre-direitos-de-tv\/","name":"Proposta do Nacional promete acender debate na AG sobre direitos de TV - Portal Tela Portugal","isPartOf":{"@id":"https:\/\/portaltela.pt\/#website"},"primaryImageOfPage":{"@id":"https:\/\/portaltela.pt\/noticias\/2026\/04\/15\/proposta-do-nacional-promete-acender-debate-na-ag-sobre-direitos-de-tv\/#primaryimage"},"image":{"@id":"https:\/\/portaltela.pt\/noticias\/2026\/04\/15\/proposta-do-nacional-promete-acender-debate-na-ag-sobre-direitos-de-tv\/#primaryimage"},"thumbnailUrl":"https:\/\/portaltela.pt\/s.01k8rhncp4jt1\/2026\/04\/img_920x518uu2026-04-15-18-32-59-2433199-im-639118748114353707.jpg","datePublished":"2026-04-15T17:47:11+00:00","author":{"@id":"https:\/\/portaltela.pt\/#\/schema\/person\/c4278d4a6028830caff9ee44b42d32ed"},"breadcrumb":{"@id":"https:\/\/portaltela.pt\/noticias\/2026\/04\/15\/proposta-do-nacional-promete-acender-debate-na-ag-sobre-direitos-de-tv\/#breadcrumb"},"inLanguage":"pt-PT","potentialAction":[{"@type":"ReadAction","target":["https:\/\/portaltela.pt\/noticias\/2026\/04\/15\/proposta-do-nacional-promete-acender-debate-na-ag-sobre-direitos-de-tv\/"]}]},{"@type":"ImageObject","inLanguage":"pt-PT","@id":"https:\/\/portaltela.pt\/noticias\/2026\/04\/15\/proposta-do-nacional-promete-acender-debate-na-ag-sobre-direitos-de-tv\/#primaryimage","url":"https:\/\/portaltela.pt\/s.01k8rhncp4jt1\/2026\/04\/img_920x518uu2026-04-15-18-32-59-2433199-im-639118748114353707.jpg","contentUrl":"https:\/\/portaltela.pt\/s.01k8rhncp4jt1\/2026\/04\/img_920x518uu2026-04-15-18-32-59-2433199-im-639118748114353707.jpg","width":796,"height":448,"caption":"Rui Alves, presidente do Nacional"},{"@type":"BreadcrumbList","@id":"https:\/\/portaltela.pt\/noticias\/2026\/04\/15\/proposta-do-nacional-promete-acender-debate-na-ag-sobre-direitos-de-tv\/#breadcrumb","itemListElement":[{"@type":"ListItem","position":1,"name":"In\u00edcio","item":"https:\/\/portaltela.pt\/"},{"@type":"ListItem","position":2,"name":"Proposta do Nacional promete acender debate na AG sobre direitos de TV"}]},{"@type":"WebSite","@id":"https:\/\/portaltela.pt\/#website","url":"https:\/\/portaltela.pt\/","name":"Portal Tela Portugal","description":"","potentialAction":[{"@type":"SearchAction","target":{"@type":"EntryPoint","urlTemplate":"https:\/\/portaltela.pt\/?s={search_term_string}"},"query-input":{"@type":"PropertyValueSpecification","valueRequired":true,"valueName":"search_term_string"}}],"inLanguage":"pt-PT"},{"@type":"Person","@id":"https:\/\/portaltela.pt\/#\/schema\/person\/c4278d4a6028830caff9ee44b42d32ed","name":"Telinha","image":{"@type":"ImageObject","inLanguage":"pt-PT","@id":"https:\/\/portaltela.pt\/s.01k8rhncp4jt1\/2025\/11\/talking-bot-125x125.png","url":"https:\/\/portaltela.pt\/s.01k8rhncp4jt1\/2025\/11\/talking-bot-125x125.png","contentUrl":"https:\/\/portaltela.pt\/s.01k8rhncp4jt1\/2025\/11\/talking-bot-125x125.png","caption":"Telinha"},"sameAs":["https:\/\/portaltela.pt\/"],"url":"https:\/\/portaltela.pt\/por\/367410592786\/"}]}},"_links":{"self":[{"href":"https:\/\/portaltela.pt\/api\/wp\/v2\/posts\/445471","targetHints":{"allow":["GET"]}}],"collection":[{"href":"https:\/\/portaltela.pt\/api\/wp\/v2\/posts"}],"about":[{"href":"https:\/\/portaltela.pt\/api\/wp\/v2\/types\/post"}],"author":[{"embeddable":true,"href":"https:\/\/portaltela.pt\/api\/wp\/v2\/users\/2"}],"replies":[{"embeddable":true,"href":"https:\/\/portaltela.pt\/api\/wp\/v2\/comments?post=445471"}],"version-history":[{"count":0,"href":"https:\/\/portaltela.pt\/api\/wp\/v2\/posts\/445471\/revisions"}],"wp:featuredmedia":[{"embeddable":true,"href":"https:\/\/portaltela.pt\/api\/wp\/v2\/media\/445475"}],"wp:attachment":[{"href":"https:\/\/portaltela.pt\/api\/wp\/v2\/media?parent=445471"}],"wp:term":[{"taxonomy":"category","embeddable":true,"href":"https:\/\/portaltela.pt\/api\/wp\/v2\/categories?post=445471"},{"taxonomy":"post_tag","embeddable":true,"href":"https:\/\/portaltela.pt\/api\/wp\/v2\/tags?post=445471"}],"curies":[{"name":"wp","href":"https:\/\/api.w.org\/{rel}","templated":true}]}}