{"id":445271,"date":"2026-04-15T12:32:03","date_gmt":"2026-04-15T15:32:03","guid":{"rendered":"https:\/\/portaltela.pt\/noticias\/2026\/04\/15\/trump-ameaca-demitir-presidente-do-fed-em-maio\/"},"modified":"2026-04-15T12:32:03","modified_gmt":"2026-04-15T15:32:03","slug":"trump-ameaca-demitir-presidente-do-fed-em-maio","status":"publish","type":"post","link":"https:\/\/portaltela.pt\/noticias\/politica\/2026\/04\/15\/trump-ameaca-demitir-presidente-do-fed-em-maio\/","title":{"rendered":"Trump amea\u00e7a demitir presidente do Fed em maio"},"content":{"rendered":"<p>Donald Trump voltou a colocar em debate a gest\u00e3o da Reserva Federal ao afirmar, numa entrevista \u00e0 Fox Business, que demite o presidente Jerome Powell se este n\u00e3o abandonar o cargo at\u00e9 15 de maio, data prevista para o fim do mandato. O objetivo \u00e9 indicar que Powell deve sair, segundo o ex-Presidente.<\/p>\n<p>A decis\u00e3o surge num contexto de cr\u00edticas \u00e0 pol\u00edtica de juros da Fed e \u00e0 necessidade de manter a independ\u00eancia do banco central. Trump aponta o afastamento de Powell como forma de alinhar a pol\u00edtica monet\u00e1ria \u00e0s suas prioridades.<\/p>\n<p>A entrevista ocorre num momento em que a confirma\u00e7\u00e3o de Kevin Warsh para substituir Powell ainda depende de aprova\u00e7\u00e3o. Embora Trump tenha indicado Warsh, alguns senadores do Partido Republicano j\u00e1 sinalizaram d\u00favidas, condicionando o apoio \u00e0 conclus\u00e3o de investiga\u00e7\u00f5es em torno de Powell.<\/p>\n<h3>Contexto e substitui\u00e7\u00e3o<\/h3>\n<p>Segundo o Financial Times, Powell j\u00e1 afirmou que permanecer\u00e1 no cargo at\u00e9 que haja um substituto formal. A confirma\u00e7\u00e3o de Warsh enfrenta resist\u00eancia de parte da base republicana, com a investiga\u00e7\u00e3o sobre Powell a influenciar votos.<\/p>\n<p>Paralelamente, o New York Times avan\u00e7a que Powell poder\u00e1 manter o cargo como governador at\u00e9 2028. Em mar\u00e7o, Powell indicou que n\u00e3o planeava afastar-se antes da conclus\u00e3o da investiga\u00e7\u00e3o com transpar\u00eancia.<\/p>\n<p>A ex-presidente da Fed, Janet Yellen, criticou publicamente as declara\u00e7\u00f5es de Trump, descrevendo-as como inadequadas para o funcionamento de uma economia democr\u00e1tica, sem associar-se a um coment\u00e1rio sobre o tema.<\/p>\n<h3>Situa\u00e7\u00e3o atual da lideran\u00e7a<\/h3>\n<p>Powell permanece no cargo enquanto aguarda confirma\u00e7\u00e3o do seu substituto e a conclus\u00e3o da investiga\u00e7\u00e3o vinculada a reformas da sede da Fed, avaliadas em cerca de 2,5 mil milh\u00f5es de d\u00f3lares. A defesa de independ\u00eancia do banco central continua em foco.<\/p>\n","protected":false},"excerpt":{"rendered":"<ul>\n<li>Trump afirmou, numa entrevista \u00e0 Fox Business, que demiti Powell se n\u00e3o sair at\u00e9 ao dia 15 de maio, fim formal do mandato do atual presidente da Reserva Federal.<\/li>\n<li>O objetivo \u00e9 afastar Powell por n\u00e3o cumprir as recomenda\u00e7\u00f5es de corte de juros e pela independ\u00eancia do banco central.<\/li>\n<li>Powell j\u00e1 disse que permanece no cargo at\u00e9 existir substituto formal; a confirmar est\u00e1 a nomea\u00e7\u00e3o de Kevin Warsh.<\/li>\n<li>Alguns senadores republicanos n\u00e3o apoiar\u00e3o Warsh at\u00e9 terminar a investiga\u00e7\u00e3o sobre Powell, o que pode atrasar a confirma\u00e7\u00e3o.<\/li>\n<li>O New York Times indica que Powell pode ficar como governador at\u00e9 2028; Janet Yellen criticou as declara\u00e7\u00f5es de Trump.<\/li>\n<\/ul>\n","protected":false},"author":2,"featured_media":445272,"comment_status":"closed","ping_status":"closed","sticky":false,"template":"","format":"standard","meta":{"footnotes":""},"categories":[6912,5],"tags":[3861,34,6414,7283,2832,7439],"class_list":["post-445271","post","type-post","status-publish","format-standard","has-post-thumbnail","hentry","category-internacionais","category-politica","tag-economia-internacional","tag-governo","tag-independencia-institucional","tag-instituicao-publica","tag-politica","tag-politica-externa"],"yoast_head":"<!-- This site is optimized with the Yoast SEO plugin v27.2 - https:\/\/yoast.com\/product\/yoast-seo-wordpress\/ -->\n<title>Trump amea\u00e7a demitir presidente do Fed em maio - Portal Tela Portugal<\/title>\n<meta name=\"robots\" content=\"index, follow, max-snippet:-1, max-image-preview:large, max-video-preview:-1\" \/>\n<meta property=\"og:locale\" content=\"pt_PT\" \/>\n<meta property=\"og:type\" content=\"article\" \/>\n<meta property=\"og:title\" content=\"Trump amea\u00e7a demitir presidente do Fed em maio - Portal Tela Portugal\" \/>\n<meta property=\"og:description\" content=\"Trump afirmou, numa entrevista \u00e0 Fox Business, que demiti Powell se n\u00e3o sair at\u00e9 ao dia 15 de maio, fim formal do mandato do atual presidente da Reserva Federal. O objetivo \u00e9 afastar Powell por n\u00e3o cumprir as recomenda\u00e7\u00f5es de corte de juros e pela independ\u00eancia do banco central. Powell j\u00e1 disse que permanece no cargo at\u00e9 existir substituto formal; a confirmar est\u00e1 a nomea\u00e7\u00e3o de Kevin Warsh. Alguns senadores republicanos n\u00e3o apoiar\u00e3o Warsh at\u00e9 terminar a investiga\u00e7\u00e3o sobre Powell, o que pode atrasar a confirma\u00e7\u00e3o. O New York Times indica que Powell pode ficar como governador at\u00e9 2028; Janet Yellen criticou as declara\u00e7\u00f5es de Trump.\" \/>\n<meta property=\"og:url\" content=\"https:\/\/portaltela.pt\/noticias\/2026\/04\/15\/trump-ameaca-demitir-presidente-do-fed-em-maio\/\" \/>\n<meta property=\"og:site_name\" content=\"Portal Tela Portugal\" \/>\n<meta property=\"article:published_time\" content=\"2026-04-15T15:32:03+00:00\" \/>\n<meta name=\"author\" content=\"Telinha\" \/>\n<meta name=\"twitter:card\" content=\"summary_large_image\" \/>\n<meta name=\"twitter:label1\" content=\"Escrito por\" \/>\n\t<meta name=\"twitter:data1\" content=\"Telinha\" \/>\n\t<meta name=\"twitter:label2\" content=\"Tempo estimado de leitura\" \/>\n\t<meta name=\"twitter:data2\" content=\"2 minutos\" \/>\n<script type=\"application\/ld+json\" class=\"yoast-schema-graph\">{\"@context\":\"https:\/\/schema.org\",\"@graph\":[{\"@type\":\"Article\",\"@id\":\"https:\/\/portaltela.pt\/noticias\/2026\/04\/15\/trump-ameaca-demitir-presidente-do-fed-em-maio\/#article\",\"isPartOf\":{\"@id\":\"https:\/\/portaltela.pt\/noticias\/2026\/04\/15\/trump-ameaca-demitir-presidente-do-fed-em-maio\/\"},\"author\":{\"name\":\"Telinha\",\"@id\":\"https:\/\/portaltela.pt\/#\/schema\/person\/c4278d4a6028830caff9ee44b42d32ed\"},\"headline\":\"Trump amea\u00e7a demitir presidente do Fed em maio\",\"datePublished\":\"2026-04-15T15:32:03+00:00\",\"mainEntityOfPage\":{\"@id\":\"https:\/\/portaltela.pt\/noticias\/2026\/04\/15\/trump-ameaca-demitir-presidente-do-fed-em-maio\/\"},\"wordCount\":315,\"image\":{\"@id\":\"https:\/\/portaltela.pt\/noticias\/2026\/04\/15\/trump-ameaca-demitir-presidente-do-fed-em-maio\/#primaryimage\"},\"thumbnailUrl\":\"https:\/\/portaltela.pt\/s.01k8rhncp4jt1\/2026\/04\/2081502.jpg\",\"keywords\":[\"economia internacional\",\"governo\",\"independ\u00eancia institucional\",\"institui\u00e7\u00e3o p\u00fablica\",\"pol\u00edtica\",\"pol\u00edtica externa\"],\"articleSection\":[\"Internacionais\",\"Pol\u00edtica\"],\"inLanguage\":\"pt-PT\"},{\"@type\":\"WebPage\",\"@id\":\"https:\/\/portaltela.pt\/noticias\/2026\/04\/15\/trump-ameaca-demitir-presidente-do-fed-em-maio\/\",\"url\":\"https:\/\/portaltela.pt\/noticias\/2026\/04\/15\/trump-ameaca-demitir-presidente-do-fed-em-maio\/\",\"name\":\"Trump amea\u00e7a demitir presidente do Fed em maio - Portal Tela Portugal\",\"isPartOf\":{\"@id\":\"https:\/\/portaltela.pt\/#website\"},\"primaryImageOfPage\":{\"@id\":\"https:\/\/portaltela.pt\/noticias\/2026\/04\/15\/trump-ameaca-demitir-presidente-do-fed-em-maio\/#primaryimage\"},\"image\":{\"@id\":\"https:\/\/portaltela.pt\/noticias\/2026\/04\/15\/trump-ameaca-demitir-presidente-do-fed-em-maio\/#primaryimage\"},\"thumbnailUrl\":\"https:\/\/portaltela.pt\/s.01k8rhncp4jt1\/2026\/04\/2081502.jpg\",\"datePublished\":\"2026-04-15T15:32:03+00:00\",\"author\":{\"@id\":\"https:\/\/portaltela.pt\/#\/schema\/person\/c4278d4a6028830caff9ee44b42d32ed\"},\"breadcrumb\":{\"@id\":\"https:\/\/portaltela.pt\/noticias\/2026\/04\/15\/trump-ameaca-demitir-presidente-do-fed-em-maio\/#breadcrumb\"},\"inLanguage\":\"pt-PT\",\"potentialAction\":[{\"@type\":\"ReadAction\",\"target\":[\"https:\/\/portaltela.pt\/noticias\/2026\/04\/15\/trump-ameaca-demitir-presidente-do-fed-em-maio\/\"]}]},{\"@type\":\"ImageObject\",\"inLanguage\":\"pt-PT\",\"@id\":\"https:\/\/portaltela.pt\/noticias\/2026\/04\/15\/trump-ameaca-demitir-presidente-do-fed-em-maio\/#primaryimage\",\"url\":\"https:\/\/portaltela.pt\/s.01k8rhncp4jt1\/2026\/04\/2081502.jpg\",\"contentUrl\":\"https:\/\/portaltela.pt\/s.01k8rhncp4jt1\/2026\/04\/2081502.jpg\",\"width\":796,\"height\":448,\"caption\":\"Independ\u00eancia da Fed tem sido amea\u00e7ada por Donald Trump\"},{\"@type\":\"BreadcrumbList\",\"@id\":\"https:\/\/portaltela.pt\/noticias\/2026\/04\/15\/trump-ameaca-demitir-presidente-do-fed-em-maio\/#breadcrumb\",\"itemListElement\":[{\"@type\":\"ListItem\",\"position\":1,\"name\":\"In\u00edcio\",\"item\":\"https:\/\/portaltela.pt\/\"},{\"@type\":\"ListItem\",\"position\":2,\"name\":\"Trump amea\u00e7a demitir presidente do Fed em maio\"}]},{\"@type\":\"WebSite\",\"@id\":\"https:\/\/portaltela.pt\/#website\",\"url\":\"https:\/\/portaltela.pt\/\",\"name\":\"Portal Tela Portugal\",\"description\":\"\",\"potentialAction\":[{\"@type\":\"SearchAction\",\"target\":{\"@type\":\"EntryPoint\",\"urlTemplate\":\"https:\/\/portaltela.pt\/?s={search_term_string}\"},\"query-input\":{\"@type\":\"PropertyValueSpecification\",\"valueRequired\":true,\"valueName\":\"search_term_string\"}}],\"inLanguage\":\"pt-PT\"},{\"@type\":\"Person\",\"@id\":\"https:\/\/portaltela.pt\/#\/schema\/person\/c4278d4a6028830caff9ee44b42d32ed\",\"name\":\"Telinha\",\"image\":{\"@type\":\"ImageObject\",\"inLanguage\":\"pt-PT\",\"@id\":\"https:\/\/portaltela.pt\/s.01k8rhncp4jt1\/2025\/11\/talking-bot-125x125.png\",\"url\":\"https:\/\/portaltela.pt\/s.01k8rhncp4jt1\/2025\/11\/talking-bot-125x125.png\",\"contentUrl\":\"https:\/\/portaltela.pt\/s.01k8rhncp4jt1\/2025\/11\/talking-bot-125x125.png\",\"caption\":\"Telinha\"},\"sameAs\":[\"https:\/\/portaltela.pt\/\"],\"url\":\"https:\/\/portaltela.pt\/por\/367410592786\/\"}]}<\/script>\n<!-- \/ Yoast SEO plugin. -->","yoast_head_json":{"title":"Trump amea\u00e7a demitir presidente do Fed em maio - Portal Tela Portugal","robots":{"index":"index","follow":"follow","max-snippet":"max-snippet:-1","max-image-preview":"max-image-preview:large","max-video-preview":"max-video-preview:-1"},"og_locale":"pt_PT","og_type":"article","og_title":"Trump amea\u00e7a demitir presidente do Fed em maio - Portal Tela Portugal","og_description":"Trump afirmou, numa entrevista \u00e0 Fox Business, que demiti Powell se n\u00e3o sair at\u00e9 ao dia 15 de maio, fim formal do mandato do atual presidente da Reserva Federal. O objetivo \u00e9 afastar Powell por n\u00e3o cumprir as recomenda\u00e7\u00f5es de corte de juros e pela independ\u00eancia do banco central. Powell j\u00e1 disse que permanece no cargo at\u00e9 existir substituto formal; a confirmar est\u00e1 a nomea\u00e7\u00e3o de Kevin Warsh. Alguns senadores republicanos n\u00e3o apoiar\u00e3o Warsh at\u00e9 terminar a investiga\u00e7\u00e3o sobre Powell, o que pode atrasar a confirma\u00e7\u00e3o. O New York Times indica que Powell pode ficar como governador at\u00e9 2028; Janet Yellen criticou as declara\u00e7\u00f5es de Trump.","og_url":"https:\/\/portaltela.pt\/noticias\/2026\/04\/15\/trump-ameaca-demitir-presidente-do-fed-em-maio\/","og_site_name":"Portal Tela Portugal","article_published_time":"2026-04-15T15:32:03+00:00","author":"Telinha","twitter_card":"summary_large_image","twitter_misc":{"Escrito por":"Telinha","Tempo estimado de leitura":"2 minutos"},"schema":{"@context":"https:\/\/schema.org","@graph":[{"@type":"Article","@id":"https:\/\/portaltela.pt\/noticias\/2026\/04\/15\/trump-ameaca-demitir-presidente-do-fed-em-maio\/#article","isPartOf":{"@id":"https:\/\/portaltela.pt\/noticias\/2026\/04\/15\/trump-ameaca-demitir-presidente-do-fed-em-maio\/"},"author":{"name":"Telinha","@id":"https:\/\/portaltela.pt\/#\/schema\/person\/c4278d4a6028830caff9ee44b42d32ed"},"headline":"Trump amea\u00e7a demitir presidente do Fed em maio","datePublished":"2026-04-15T15:32:03+00:00","mainEntityOfPage":{"@id":"https:\/\/portaltela.pt\/noticias\/2026\/04\/15\/trump-ameaca-demitir-presidente-do-fed-em-maio\/"},"wordCount":315,"image":{"@id":"https:\/\/portaltela.pt\/noticias\/2026\/04\/15\/trump-ameaca-demitir-presidente-do-fed-em-maio\/#primaryimage"},"thumbnailUrl":"https:\/\/portaltela.pt\/s.01k8rhncp4jt1\/2026\/04\/2081502.jpg","keywords":["economia internacional","governo","independ\u00eancia institucional","institui\u00e7\u00e3o p\u00fablica","pol\u00edtica","pol\u00edtica externa"],"articleSection":["Internacionais","Pol\u00edtica"],"inLanguage":"pt-PT"},{"@type":"WebPage","@id":"https:\/\/portaltela.pt\/noticias\/2026\/04\/15\/trump-ameaca-demitir-presidente-do-fed-em-maio\/","url":"https:\/\/portaltela.pt\/noticias\/2026\/04\/15\/trump-ameaca-demitir-presidente-do-fed-em-maio\/","name":"Trump amea\u00e7a demitir presidente do Fed em maio - Portal Tela Portugal","isPartOf":{"@id":"https:\/\/portaltela.pt\/#website"},"primaryImageOfPage":{"@id":"https:\/\/portaltela.pt\/noticias\/2026\/04\/15\/trump-ameaca-demitir-presidente-do-fed-em-maio\/#primaryimage"},"image":{"@id":"https:\/\/portaltela.pt\/noticias\/2026\/04\/15\/trump-ameaca-demitir-presidente-do-fed-em-maio\/#primaryimage"},"thumbnailUrl":"https:\/\/portaltela.pt\/s.01k8rhncp4jt1\/2026\/04\/2081502.jpg","datePublished":"2026-04-15T15:32:03+00:00","author":{"@id":"https:\/\/portaltela.pt\/#\/schema\/person\/c4278d4a6028830caff9ee44b42d32ed"},"breadcrumb":{"@id":"https:\/\/portaltela.pt\/noticias\/2026\/04\/15\/trump-ameaca-demitir-presidente-do-fed-em-maio\/#breadcrumb"},"inLanguage":"pt-PT","potentialAction":[{"@type":"ReadAction","target":["https:\/\/portaltela.pt\/noticias\/2026\/04\/15\/trump-ameaca-demitir-presidente-do-fed-em-maio\/"]}]},{"@type":"ImageObject","inLanguage":"pt-PT","@id":"https:\/\/portaltela.pt\/noticias\/2026\/04\/15\/trump-ameaca-demitir-presidente-do-fed-em-maio\/#primaryimage","url":"https:\/\/portaltela.pt\/s.01k8rhncp4jt1\/2026\/04\/2081502.jpg","contentUrl":"https:\/\/portaltela.pt\/s.01k8rhncp4jt1\/2026\/04\/2081502.jpg","width":796,"height":448,"caption":"Independ\u00eancia da Fed tem sido amea\u00e7ada por Donald Trump"},{"@type":"BreadcrumbList","@id":"https:\/\/portaltela.pt\/noticias\/2026\/04\/15\/trump-ameaca-demitir-presidente-do-fed-em-maio\/#breadcrumb","itemListElement":[{"@type":"ListItem","position":1,"name":"In\u00edcio","item":"https:\/\/portaltela.pt\/"},{"@type":"ListItem","position":2,"name":"Trump amea\u00e7a demitir presidente do Fed em maio"}]},{"@type":"WebSite","@id":"https:\/\/portaltela.pt\/#website","url":"https:\/\/portaltela.pt\/","name":"Portal Tela Portugal","description":"","potentialAction":[{"@type":"SearchAction","target":{"@type":"EntryPoint","urlTemplate":"https:\/\/portaltela.pt\/?s={search_term_string}"},"query-input":{"@type":"PropertyValueSpecification","valueRequired":true,"valueName":"search_term_string"}}],"inLanguage":"pt-PT"},{"@type":"Person","@id":"https:\/\/portaltela.pt\/#\/schema\/person\/c4278d4a6028830caff9ee44b42d32ed","name":"Telinha","image":{"@type":"ImageObject","inLanguage":"pt-PT","@id":"https:\/\/portaltela.pt\/s.01k8rhncp4jt1\/2025\/11\/talking-bot-125x125.png","url":"https:\/\/portaltela.pt\/s.01k8rhncp4jt1\/2025\/11\/talking-bot-125x125.png","contentUrl":"https:\/\/portaltela.pt\/s.01k8rhncp4jt1\/2025\/11\/talking-bot-125x125.png","caption":"Telinha"},"sameAs":["https:\/\/portaltela.pt\/"],"url":"https:\/\/portaltela.pt\/por\/367410592786\/"}]}},"_links":{"self":[{"href":"https:\/\/portaltela.pt\/api\/wp\/v2\/posts\/445271","targetHints":{"allow":["GET"]}}],"collection":[{"href":"https:\/\/portaltela.pt\/api\/wp\/v2\/posts"}],"about":[{"href":"https:\/\/portaltela.pt\/api\/wp\/v2\/types\/post"}],"author":[{"embeddable":true,"href":"https:\/\/portaltela.pt\/api\/wp\/v2\/users\/2"}],"replies":[{"embeddable":true,"href":"https:\/\/portaltela.pt\/api\/wp\/v2\/comments?post=445271"}],"version-history":[{"count":0,"href":"https:\/\/portaltela.pt\/api\/wp\/v2\/posts\/445271\/revisions"}],"wp:featuredmedia":[{"embeddable":true,"href":"https:\/\/portaltela.pt\/api\/wp\/v2\/media\/445272"}],"wp:attachment":[{"href":"https:\/\/portaltela.pt\/api\/wp\/v2\/media?parent=445271"}],"wp:term":[{"taxonomy":"category","embeddable":true,"href":"https:\/\/portaltela.pt\/api\/wp\/v2\/categories?post=445271"},{"taxonomy":"post_tag","embeddable":true,"href":"https:\/\/portaltela.pt\/api\/wp\/v2\/tags?post=445271"}],"curies":[{"name":"wp","href":"https:\/\/api.w.org\/{rel}","templated":true}]}}