{"id":445241,"date":"2026-04-15T12:01:43","date_gmt":"2026-04-15T15:01:43","guid":{"rendered":"https:\/\/portaltela.pt\/noticias\/2026\/04\/15\/fc-porto-parte-para-nottingham-sem-martim-fernandes\/"},"modified":"2026-04-15T12:01:43","modified_gmt":"2026-04-15T15:01:43","slug":"fc-porto-parte-para-nottingham-sem-martim-fernandes","status":"publish","type":"post","link":"https:\/\/portaltela.pt\/desporto\/futebol\/2026\/04\/15\/fc-porto-parte-para-nottingham-sem-martim-fernandes\/","title":{"rendered":"FC Porto parte para Nottingham sem Martim Fernandes"},"content":{"rendered":"<p>O FC Porto partiu hoje rumo a Nottingham sem a presen\u00e7a de Martim Fernandes, segundo a informa\u00e7\u00e3o dispon\u00edvel. A desloca\u00e7\u00e3o est\u00e1 relacionada com um compromisso da equipa na cidade inglesa.<\/p>\n<p>De acordo com o conte\u00fado dispon\u00edvel, a not\u00edcia completa permanece exclusiva para subscritores. Detalhes adicionais sobre a viagem, a convocat\u00f3ria e o motivo da aus\u00eancia de Fernandes n\u00e3o foram tornados p\u00fablicos.<\/p>\n<p>A cobertura completa, incluindo datas, locais exatos e contexto do que est\u00e1 em jogo, ainda n\u00e3o est\u00e1 acess\u00edvel publicamente. O FC Porto segue para o local indicado a fim de cumprir o encontro ou compromisso agendado.<\/p>\n","protected":false},"excerpt":{"rendered":"<ul>\n<li>FC Porto parte para Nottingham na competi\u00e7\u00e3o LE, sem o jogador Martim Fernandes.<\/li>\n<li>Martim Fernandes n\u00e3o viajou com a comitiva da equipa para a desloca\u00e7\u00e3o.<\/li>\n<li>O conte\u00fado completo da not\u00edcia est\u00e1 dispon\u00edvel apenas para subscritores.<\/li>\n<li>N\u00e3o foram apresentados detalhes adicionais sobre a aus\u00eancia ou o planeamento da viagem.<\/li>\n<li>A informa\u00e7\u00e3o \u00e9 baseada no t\u00edtulo da not\u00edcia fornecida.<\/li>\n<\/ul>\n","protected":false},"author":2,"featured_media":445242,"comment_status":"closed","ping_status":"closed","sticky":false,"template":"","format":"standard","meta":{"footnotes":""},"categories":[21,24],"tags":[262,5188,2028,5953,32,4591],"class_list":["post-445241","post","type-post","status-publish","format-standard","has-post-thumbnail","hentry","category-desporto","category-futebol","tag-convocados","tag-deslocacao","tag-fc-porto","tag-fc-porto-sad","tag-futebol","tag-inglaterra"],"yoast_head":"<!-- This site is optimized with the Yoast SEO plugin v27.2 - https:\/\/yoast.com\/product\/yoast-seo-wordpress\/ -->\n<title>FC Porto parte para Nottingham sem Martim Fernandes - Portal Tela Portugal<\/title>\n<meta name=\"robots\" content=\"index, follow, max-snippet:-1, max-image-preview:large, max-video-preview:-1\" \/>\n<meta property=\"og:locale\" content=\"pt_PT\" \/>\n<meta property=\"og:type\" content=\"article\" \/>\n<meta property=\"og:title\" content=\"FC Porto parte para Nottingham sem Martim Fernandes - Portal Tela Portugal\" \/>\n<meta property=\"og:description\" content=\"FC Porto parte para Nottingham na competi\u00e7\u00e3o LE, sem o jogador Martim Fernandes. Martim Fernandes n\u00e3o viajou com a comitiva da equipa para a desloca\u00e7\u00e3o. O conte\u00fado completo da not\u00edcia est\u00e1 dispon\u00edvel apenas para subscritores. N\u00e3o foram apresentados detalhes adicionais sobre a aus\u00eancia ou o planeamento da viagem. A informa\u00e7\u00e3o \u00e9 baseada no t\u00edtulo da not\u00edcia fornecida.\" \/>\n<meta property=\"og:url\" content=\"https:\/\/portaltela.pt\/noticias\/2026\/04\/15\/fc-porto-parte-para-nottingham-sem-martim-fernandes\/\" \/>\n<meta property=\"og:site_name\" content=\"Portal Tela Portugal\" \/>\n<meta property=\"article:published_time\" content=\"2026-04-15T15:01:43+00:00\" \/>\n<meta name=\"author\" content=\"Telinha\" \/>\n<meta name=\"twitter:card\" content=\"summary_large_image\" \/>\n<meta name=\"twitter:label1\" content=\"Escrito por\" \/>\n\t<meta name=\"twitter:data1\" content=\"Telinha\" \/>\n\t<meta name=\"twitter:label2\" content=\"Tempo estimado de leitura\" \/>\n\t<meta name=\"twitter:data2\" content=\"1 minuto\" \/>\n<script type=\"application\/ld+json\" class=\"yoast-schema-graph\">{\"@context\":\"https:\/\/schema.org\",\"@graph\":[{\"@type\":\"Article\",\"@id\":\"https:\/\/portaltela.pt\/noticias\/2026\/04\/15\/fc-porto-parte-para-nottingham-sem-martim-fernandes\/#article\",\"isPartOf\":{\"@id\":\"https:\/\/portaltela.pt\/noticias\/2026\/04\/15\/fc-porto-parte-para-nottingham-sem-martim-fernandes\/\"},\"author\":{\"name\":\"Telinha\",\"@id\":\"https:\/\/portaltela.pt\/#\/schema\/person\/c4278d4a6028830caff9ee44b42d32ed\"},\"headline\":\"FC Porto parte para Nottingham sem Martim Fernandes\",\"datePublished\":\"2026-04-15T15:01:43+00:00\",\"mainEntityOfPage\":{\"@id\":\"https:\/\/portaltela.pt\/noticias\/2026\/04\/15\/fc-porto-parte-para-nottingham-sem-martim-fernandes\/\"},\"wordCount\":118,\"image\":{\"@id\":\"https:\/\/portaltela.pt\/noticias\/2026\/04\/15\/fc-porto-parte-para-nottingham-sem-martim-fernandes\/#primaryimage\"},\"thumbnailUrl\":\"https:\/\/portaltela.pt\/s.01k8rhncp4jt1\/2026\/04\/CACHE_780X1200_ANALOG_WATERMARKED_46903725_910623054000077.jpg\",\"keywords\":[\"convocados\",\"desloca\u00e7\u00e3o\",\"FC Porto\",\"FC Porto SAD\",\"futebol\",\"Inglaterra\"],\"articleSection\":[\"Desporto\",\"Futebol\"],\"inLanguage\":\"pt-PT\"},{\"@type\":\"WebPage\",\"@id\":\"https:\/\/portaltela.pt\/noticias\/2026\/04\/15\/fc-porto-parte-para-nottingham-sem-martim-fernandes\/\",\"url\":\"https:\/\/portaltela.pt\/noticias\/2026\/04\/15\/fc-porto-parte-para-nottingham-sem-martim-fernandes\/\",\"name\":\"FC Porto parte para Nottingham sem Martim Fernandes - Portal Tela Portugal\",\"isPartOf\":{\"@id\":\"https:\/\/portaltela.pt\/#website\"},\"primaryImageOfPage\":{\"@id\":\"https:\/\/portaltela.pt\/noticias\/2026\/04\/15\/fc-porto-parte-para-nottingham-sem-martim-fernandes\/#primaryimage\"},\"image\":{\"@id\":\"https:\/\/portaltela.pt\/noticias\/2026\/04\/15\/fc-porto-parte-para-nottingham-sem-martim-fernandes\/#primaryimage\"},\"thumbnailUrl\":\"https:\/\/portaltela.pt\/s.01k8rhncp4jt1\/2026\/04\/CACHE_780X1200_ANALOG_WATERMARKED_46903725_910623054000077.jpg\",\"datePublished\":\"2026-04-15T15:01:43+00:00\",\"author\":{\"@id\":\"https:\/\/portaltela.pt\/#\/schema\/person\/c4278d4a6028830caff9ee44b42d32ed\"},\"breadcrumb\":{\"@id\":\"https:\/\/portaltela.pt\/noticias\/2026\/04\/15\/fc-porto-parte-para-nottingham-sem-martim-fernandes\/#breadcrumb\"},\"inLanguage\":\"pt-PT\",\"potentialAction\":[{\"@type\":\"ReadAction\",\"target\":[\"https:\/\/portaltela.pt\/noticias\/2026\/04\/15\/fc-porto-parte-para-nottingham-sem-martim-fernandes\/\"]}]},{\"@type\":\"ImageObject\",\"inLanguage\":\"pt-PT\",\"@id\":\"https:\/\/portaltela.pt\/noticias\/2026\/04\/15\/fc-porto-parte-para-nottingham-sem-martim-fernandes\/#primaryimage\",\"url\":\"https:\/\/portaltela.pt\/s.01k8rhncp4jt1\/2026\/04\/CACHE_780X1200_ANALOG_WATERMARKED_46903725_910623054000077.jpg\",\"contentUrl\":\"https:\/\/portaltela.pt\/s.01k8rhncp4jt1\/2026\/04\/CACHE_780X1200_ANALOG_WATERMARKED_46903725_910623054000077.jpg\",\"width\":768,\"height\":512,\"caption\":\"Photo\"},{\"@type\":\"BreadcrumbList\",\"@id\":\"https:\/\/portaltela.pt\/noticias\/2026\/04\/15\/fc-porto-parte-para-nottingham-sem-martim-fernandes\/#breadcrumb\",\"itemListElement\":[{\"@type\":\"ListItem\",\"position\":1,\"name\":\"In\u00edcio\",\"item\":\"https:\/\/portaltela.pt\/\"},{\"@type\":\"ListItem\",\"position\":2,\"name\":\"FC Porto parte para Nottingham sem Martim Fernandes\"}]},{\"@type\":\"WebSite\",\"@id\":\"https:\/\/portaltela.pt\/#website\",\"url\":\"https:\/\/portaltela.pt\/\",\"name\":\"Portal Tela Portugal\",\"description\":\"\",\"potentialAction\":[{\"@type\":\"SearchAction\",\"target\":{\"@type\":\"EntryPoint\",\"urlTemplate\":\"https:\/\/portaltela.pt\/?s={search_term_string}\"},\"query-input\":{\"@type\":\"PropertyValueSpecification\",\"valueRequired\":true,\"valueName\":\"search_term_string\"}}],\"inLanguage\":\"pt-PT\"},{\"@type\":\"Person\",\"@id\":\"https:\/\/portaltela.pt\/#\/schema\/person\/c4278d4a6028830caff9ee44b42d32ed\",\"name\":\"Telinha\",\"image\":{\"@type\":\"ImageObject\",\"inLanguage\":\"pt-PT\",\"@id\":\"https:\/\/portaltela.pt\/s.01k8rhncp4jt1\/2025\/11\/talking-bot-125x125.png\",\"url\":\"https:\/\/portaltela.pt\/s.01k8rhncp4jt1\/2025\/11\/talking-bot-125x125.png\",\"contentUrl\":\"https:\/\/portaltela.pt\/s.01k8rhncp4jt1\/2025\/11\/talking-bot-125x125.png\",\"caption\":\"Telinha\"},\"sameAs\":[\"https:\/\/portaltela.pt\/\"],\"url\":\"https:\/\/portaltela.pt\/por\/367410592786\/\"}]}<\/script>\n<!-- \/ Yoast SEO plugin. -->","yoast_head_json":{"title":"FC Porto parte para Nottingham sem Martim Fernandes - Portal Tela Portugal","robots":{"index":"index","follow":"follow","max-snippet":"max-snippet:-1","max-image-preview":"max-image-preview:large","max-video-preview":"max-video-preview:-1"},"og_locale":"pt_PT","og_type":"article","og_title":"FC Porto parte para Nottingham sem Martim Fernandes - Portal Tela Portugal","og_description":"FC Porto parte para Nottingham na competi\u00e7\u00e3o LE, sem o jogador Martim Fernandes. Martim Fernandes n\u00e3o viajou com a comitiva da equipa para a desloca\u00e7\u00e3o. O conte\u00fado completo da not\u00edcia est\u00e1 dispon\u00edvel apenas para subscritores. N\u00e3o foram apresentados detalhes adicionais sobre a aus\u00eancia ou o planeamento da viagem. A informa\u00e7\u00e3o \u00e9 baseada no t\u00edtulo da not\u00edcia fornecida.","og_url":"https:\/\/portaltela.pt\/noticias\/2026\/04\/15\/fc-porto-parte-para-nottingham-sem-martim-fernandes\/","og_site_name":"Portal Tela Portugal","article_published_time":"2026-04-15T15:01:43+00:00","author":"Telinha","twitter_card":"summary_large_image","twitter_misc":{"Escrito por":"Telinha","Tempo estimado de leitura":"1 minuto"},"schema":{"@context":"https:\/\/schema.org","@graph":[{"@type":"Article","@id":"https:\/\/portaltela.pt\/noticias\/2026\/04\/15\/fc-porto-parte-para-nottingham-sem-martim-fernandes\/#article","isPartOf":{"@id":"https:\/\/portaltela.pt\/noticias\/2026\/04\/15\/fc-porto-parte-para-nottingham-sem-martim-fernandes\/"},"author":{"name":"Telinha","@id":"https:\/\/portaltela.pt\/#\/schema\/person\/c4278d4a6028830caff9ee44b42d32ed"},"headline":"FC Porto parte para Nottingham sem Martim Fernandes","datePublished":"2026-04-15T15:01:43+00:00","mainEntityOfPage":{"@id":"https:\/\/portaltela.pt\/noticias\/2026\/04\/15\/fc-porto-parte-para-nottingham-sem-martim-fernandes\/"},"wordCount":118,"image":{"@id":"https:\/\/portaltela.pt\/noticias\/2026\/04\/15\/fc-porto-parte-para-nottingham-sem-martim-fernandes\/#primaryimage"},"thumbnailUrl":"https:\/\/portaltela.pt\/s.01k8rhncp4jt1\/2026\/04\/CACHE_780X1200_ANALOG_WATERMARKED_46903725_910623054000077.jpg","keywords":["convocados","desloca\u00e7\u00e3o","FC Porto","FC Porto SAD","futebol","Inglaterra"],"articleSection":["Desporto","Futebol"],"inLanguage":"pt-PT"},{"@type":"WebPage","@id":"https:\/\/portaltela.pt\/noticias\/2026\/04\/15\/fc-porto-parte-para-nottingham-sem-martim-fernandes\/","url":"https:\/\/portaltela.pt\/noticias\/2026\/04\/15\/fc-porto-parte-para-nottingham-sem-martim-fernandes\/","name":"FC Porto parte para Nottingham sem Martim Fernandes - Portal Tela Portugal","isPartOf":{"@id":"https:\/\/portaltela.pt\/#website"},"primaryImageOfPage":{"@id":"https:\/\/portaltela.pt\/noticias\/2026\/04\/15\/fc-porto-parte-para-nottingham-sem-martim-fernandes\/#primaryimage"},"image":{"@id":"https:\/\/portaltela.pt\/noticias\/2026\/04\/15\/fc-porto-parte-para-nottingham-sem-martim-fernandes\/#primaryimage"},"thumbnailUrl":"https:\/\/portaltela.pt\/s.01k8rhncp4jt1\/2026\/04\/CACHE_780X1200_ANALOG_WATERMARKED_46903725_910623054000077.jpg","datePublished":"2026-04-15T15:01:43+00:00","author":{"@id":"https:\/\/portaltela.pt\/#\/schema\/person\/c4278d4a6028830caff9ee44b42d32ed"},"breadcrumb":{"@id":"https:\/\/portaltela.pt\/noticias\/2026\/04\/15\/fc-porto-parte-para-nottingham-sem-martim-fernandes\/#breadcrumb"},"inLanguage":"pt-PT","potentialAction":[{"@type":"ReadAction","target":["https:\/\/portaltela.pt\/noticias\/2026\/04\/15\/fc-porto-parte-para-nottingham-sem-martim-fernandes\/"]}]},{"@type":"ImageObject","inLanguage":"pt-PT","@id":"https:\/\/portaltela.pt\/noticias\/2026\/04\/15\/fc-porto-parte-para-nottingham-sem-martim-fernandes\/#primaryimage","url":"https:\/\/portaltela.pt\/s.01k8rhncp4jt1\/2026\/04\/CACHE_780X1200_ANALOG_WATERMARKED_46903725_910623054000077.jpg","contentUrl":"https:\/\/portaltela.pt\/s.01k8rhncp4jt1\/2026\/04\/CACHE_780X1200_ANALOG_WATERMARKED_46903725_910623054000077.jpg","width":768,"height":512,"caption":"Photo"},{"@type":"BreadcrumbList","@id":"https:\/\/portaltela.pt\/noticias\/2026\/04\/15\/fc-porto-parte-para-nottingham-sem-martim-fernandes\/#breadcrumb","itemListElement":[{"@type":"ListItem","position":1,"name":"In\u00edcio","item":"https:\/\/portaltela.pt\/"},{"@type":"ListItem","position":2,"name":"FC Porto parte para Nottingham sem Martim Fernandes"}]},{"@type":"WebSite","@id":"https:\/\/portaltela.pt\/#website","url":"https:\/\/portaltela.pt\/","name":"Portal Tela Portugal","description":"","potentialAction":[{"@type":"SearchAction","target":{"@type":"EntryPoint","urlTemplate":"https:\/\/portaltela.pt\/?s={search_term_string}"},"query-input":{"@type":"PropertyValueSpecification","valueRequired":true,"valueName":"search_term_string"}}],"inLanguage":"pt-PT"},{"@type":"Person","@id":"https:\/\/portaltela.pt\/#\/schema\/person\/c4278d4a6028830caff9ee44b42d32ed","name":"Telinha","image":{"@type":"ImageObject","inLanguage":"pt-PT","@id":"https:\/\/portaltela.pt\/s.01k8rhncp4jt1\/2025\/11\/talking-bot-125x125.png","url":"https:\/\/portaltela.pt\/s.01k8rhncp4jt1\/2025\/11\/talking-bot-125x125.png","contentUrl":"https:\/\/portaltela.pt\/s.01k8rhncp4jt1\/2025\/11\/talking-bot-125x125.png","caption":"Telinha"},"sameAs":["https:\/\/portaltela.pt\/"],"url":"https:\/\/portaltela.pt\/por\/367410592786\/"}]}},"_links":{"self":[{"href":"https:\/\/portaltela.pt\/api\/wp\/v2\/posts\/445241","targetHints":{"allow":["GET"]}}],"collection":[{"href":"https:\/\/portaltela.pt\/api\/wp\/v2\/posts"}],"about":[{"href":"https:\/\/portaltela.pt\/api\/wp\/v2\/types\/post"}],"author":[{"embeddable":true,"href":"https:\/\/portaltela.pt\/api\/wp\/v2\/users\/2"}],"replies":[{"embeddable":true,"href":"https:\/\/portaltela.pt\/api\/wp\/v2\/comments?post=445241"}],"version-history":[{"count":0,"href":"https:\/\/portaltela.pt\/api\/wp\/v2\/posts\/445241\/revisions"}],"wp:featuredmedia":[{"embeddable":true,"href":"https:\/\/portaltela.pt\/api\/wp\/v2\/media\/445242"}],"wp:attachment":[{"href":"https:\/\/portaltela.pt\/api\/wp\/v2\/media?parent=445241"}],"wp:term":[{"taxonomy":"category","embeddable":true,"href":"https:\/\/portaltela.pt\/api\/wp\/v2\/categories?post=445241"},{"taxonomy":"post_tag","embeddable":true,"href":"https:\/\/portaltela.pt\/api\/wp\/v2\/tags?post=445241"}],"curies":[{"name":"wp","href":"https:\/\/api.w.org\/{rel}","templated":true}]}}