{"id":445214,"date":"2026-04-15T11:47:19","date_gmt":"2026-04-15T14:47:19","guid":{"rendered":"https:\/\/portaltela.pt\/noticias\/2026\/04\/15\/kahraman-afirma-que-vao-dar-tudo-para-alcancar-a-promocao\/"},"modified":"2026-04-15T11:47:19","modified_gmt":"2026-04-15T14:47:19","slug":"kahraman-afirma-que-vao-dar-tudo-para-alcancar-a-promocao","status":"publish","type":"post","link":"https:\/\/portaltela.pt\/desporto\/futebol\/2026\/04\/15\/kahraman-afirma-que-vao-dar-tudo-para-alcancar-a-promocao\/","title":{"rendered":"Kahraman afirma que v\u00e3o dar tudo para alcan\u00e7ar a promo\u00e7\u00e3o"},"content":{"rendered":"<p>Cihan Kahraman, m\u00e9dio turco do Ac. Viseu, foi distinguido como melhor m\u00e9dio e melhor jogador do m\u00eas de mar\u00e7o na 2.\u00aa Liga, numa vota\u00e7\u00e3o realizada entre os treinadores da competi\u00e7\u00e3o. A dupla condecora\u00e7\u00e3o refor\u00e7a a influ\u00eancia do jogador na equipa beir\u00e3 durante o m\u00eas.<\/p>\n<p>A atribui\u00e7\u00e3o foi efetuada pelos treinadores principais da liga, que reconheceram o desempenho de Kahraman ao longo de mar\u00e7o. O galard\u00e3o sublinha a consist\u00eancia do jogador nas diferentes partidas disputadas pela equipa.<\/p>\n<p>No momento da entrega dos trof\u00e9us, Kahraman mostrou satisfa\u00e7\u00e3o pela distin\u00e7\u00e3o e agradeceu aos colegas de equipa, \u00e0 fam\u00edlia e ao pa\u00eds. O internacional turco tamb\u00e9m olhou para o futuro da equipa, assegurando a total confian\u00e7a na direc\u00e7\u00e3o para alcan\u00e7ar a promo\u00e7\u00e3o.<\/p>\n<p>Ressalvou ainda que os pr\u00f3ximos jogos ser\u00e3o decisivos para o objetivo de subir de divis\u00e3o, mantendo a determina\u00e7\u00e3o de encarar cada encontro com o maior empenho. A equipa de Viseu continua assim focada na escalada na classifica\u00e7\u00e3o da competi\u00e7\u00e3o.<\/p>\n","protected":false},"excerpt":{"rendered":"<ul>\n<li>Cihan Kahraman, m\u00e9dio turco do Ac. Viseu, foi eleito melhor m\u00e9dio e melhor jogador do m\u00eas de mar\u00e7o da 2.\u00aa Liga, numa vota\u00e7\u00e3o dos treinadores principais.<\/li>\n<li>Recebeu os trof\u00e9us, agradeceu aos colegas de equipa e dedicou os pr\u00e9mios \u00e0 fam\u00edlia e ao seu pa\u00eds.<\/li>\n<li>Manifestou satisfa\u00e7\u00e3o e orgulho pelas distin\u00e7\u00f5es.<\/li>\n<li>Afirmou ter total confian\u00e7a na equipa e que, nos pr\u00f3ximos jogos, v\u00e3o dar tudo para conquistar a promo\u00e7\u00e3o.<\/li>\n<li>\u00c9 internacional jovem pela Turquia.<\/li>\n<\/ul>\n","protected":false},"author":2,"featured_media":445218,"comment_status":"closed","ping_status":"closed","sticky":false,"template":"","format":"standard","meta":{"footnotes":""},"categories":[21,24],"tags":[4175,1287,32,242,1628,1171],"class_list":["post-445214","post","type-post","status-publish","format-standard","has-post-thumbnail","hentry","category-desporto","category-futebol","tag-2-a-liga","tag-equipas","tag-futebol","tag-jogadores","tag-promocoes","tag-viseu"],"yoast_head":"<!-- This site is optimized with the Yoast SEO plugin v27.2 - https:\/\/yoast.com\/product\/yoast-seo-wordpress\/ -->\n<title>Kahraman afirma que v\u00e3o dar tudo para alcan\u00e7ar a promo\u00e7\u00e3o - Portal Tela Portugal<\/title>\n<meta name=\"robots\" content=\"index, follow, max-snippet:-1, max-image-preview:large, max-video-preview:-1\" \/>\n<meta property=\"og:locale\" content=\"pt_PT\" \/>\n<meta property=\"og:type\" content=\"article\" \/>\n<meta property=\"og:title\" content=\"Kahraman afirma que v\u00e3o dar tudo para alcan\u00e7ar a promo\u00e7\u00e3o - Portal Tela Portugal\" \/>\n<meta property=\"og:description\" content=\"Cihan Kahraman, m\u00e9dio turco do Ac. Viseu, foi eleito melhor m\u00e9dio e melhor jogador do m\u00eas de mar\u00e7o da 2.\u00aa Liga, numa vota\u00e7\u00e3o dos treinadores principais. Recebeu os trof\u00e9us, agradeceu aos colegas de equipa e dedicou os pr\u00e9mios \u00e0 fam\u00edlia e ao seu pa\u00eds. Manifestou satisfa\u00e7\u00e3o e orgulho pelas distin\u00e7\u00f5es. Afirmou ter total confian\u00e7a na equipa e que, nos pr\u00f3ximos jogos, v\u00e3o dar tudo para conquistar a promo\u00e7\u00e3o. \u00c9 internacional jovem pela Turquia.\" \/>\n<meta property=\"og:url\" content=\"https:\/\/portaltela.pt\/noticias\/2026\/04\/15\/kahraman-afirma-que-vao-dar-tudo-para-alcancar-a-promocao\/\" \/>\n<meta property=\"og:site_name\" content=\"Portal Tela Portugal\" \/>\n<meta property=\"article:published_time\" content=\"2026-04-15T14:47:19+00:00\" \/>\n<meta name=\"author\" content=\"Telinha\" \/>\n<meta name=\"twitter:card\" content=\"summary_large_image\" \/>\n<meta name=\"twitter:label1\" content=\"Escrito por\" \/>\n\t<meta name=\"twitter:data1\" content=\"Telinha\" \/>\n\t<meta name=\"twitter:label2\" content=\"Tempo estimado de leitura\" \/>\n\t<meta name=\"twitter:data2\" content=\"1 minuto\" \/>\n<script type=\"application\/ld+json\" class=\"yoast-schema-graph\">{\"@context\":\"https:\/\/schema.org\",\"@graph\":[{\"@type\":\"Article\",\"@id\":\"https:\/\/portaltela.pt\/noticias\/2026\/04\/15\/kahraman-afirma-que-vao-dar-tudo-para-alcancar-a-promocao\/#article\",\"isPartOf\":{\"@id\":\"https:\/\/portaltela.pt\/noticias\/2026\/04\/15\/kahraman-afirma-que-vao-dar-tudo-para-alcancar-a-promocao\/\"},\"author\":{\"name\":\"Telinha\",\"@id\":\"https:\/\/portaltela.pt\/#\/schema\/person\/c4278d4a6028830caff9ee44b42d32ed\"},\"headline\":\"Kahraman afirma que v\u00e3o dar tudo para alcan\u00e7ar a promo\u00e7\u00e3o\",\"datePublished\":\"2026-04-15T14:47:19+00:00\",\"mainEntityOfPage\":{\"@id\":\"https:\/\/portaltela.pt\/noticias\/2026\/04\/15\/kahraman-afirma-que-vao-dar-tudo-para-alcancar-a-promocao\/\"},\"wordCount\":198,\"image\":{\"@id\":\"https:\/\/portaltela.pt\/noticias\/2026\/04\/15\/kahraman-afirma-que-vao-dar-tudo-para-alcancar-a-promocao\/#primaryimage\"},\"thumbnailUrl\":\"https:\/\/portaltela.pt\/s.01k8rhncp4jt1\/2026\/04\/img_920x518uu2026-04-15-15-26-20-2433158-im-639118636278881833.jpg\",\"keywords\":[\"2.\u00aa Liga\",\"equipas\",\"futebol\",\"jogadores\",\"promo\u00e7\u00f5es\",\"Viseu\"],\"articleSection\":[\"Desporto\",\"Futebol\"],\"inLanguage\":\"pt-PT\"},{\"@type\":\"WebPage\",\"@id\":\"https:\/\/portaltela.pt\/noticias\/2026\/04\/15\/kahraman-afirma-que-vao-dar-tudo-para-alcancar-a-promocao\/\",\"url\":\"https:\/\/portaltela.pt\/noticias\/2026\/04\/15\/kahraman-afirma-que-vao-dar-tudo-para-alcancar-a-promocao\/\",\"name\":\"Kahraman afirma que v\u00e3o dar tudo para alcan\u00e7ar a promo\u00e7\u00e3o - Portal Tela Portugal\",\"isPartOf\":{\"@id\":\"https:\/\/portaltela.pt\/#website\"},\"primaryImageOfPage\":{\"@id\":\"https:\/\/portaltela.pt\/noticias\/2026\/04\/15\/kahraman-afirma-que-vao-dar-tudo-para-alcancar-a-promocao\/#primaryimage\"},\"image\":{\"@id\":\"https:\/\/portaltela.pt\/noticias\/2026\/04\/15\/kahraman-afirma-que-vao-dar-tudo-para-alcancar-a-promocao\/#primaryimage\"},\"thumbnailUrl\":\"https:\/\/portaltela.pt\/s.01k8rhncp4jt1\/2026\/04\/img_920x518uu2026-04-15-15-26-20-2433158-im-639118636278881833.jpg\",\"datePublished\":\"2026-04-15T14:47:19+00:00\",\"author\":{\"@id\":\"https:\/\/portaltela.pt\/#\/schema\/person\/c4278d4a6028830caff9ee44b42d32ed\"},\"breadcrumb\":{\"@id\":\"https:\/\/portaltela.pt\/noticias\/2026\/04\/15\/kahraman-afirma-que-vao-dar-tudo-para-alcancar-a-promocao\/#breadcrumb\"},\"inLanguage\":\"pt-PT\",\"potentialAction\":[{\"@type\":\"ReadAction\",\"target\":[\"https:\/\/portaltela.pt\/noticias\/2026\/04\/15\/kahraman-afirma-que-vao-dar-tudo-para-alcancar-a-promocao\/\"]}]},{\"@type\":\"ImageObject\",\"inLanguage\":\"pt-PT\",\"@id\":\"https:\/\/portaltela.pt\/noticias\/2026\/04\/15\/kahraman-afirma-que-vao-dar-tudo-para-alcancar-a-promocao\/#primaryimage\",\"url\":\"https:\/\/portaltela.pt\/s.01k8rhncp4jt1\/2026\/04\/img_920x518uu2026-04-15-15-26-20-2433158-im-639118636278881833.jpg\",\"contentUrl\":\"https:\/\/portaltela.pt\/s.01k8rhncp4jt1\/2026\/04\/img_920x518uu2026-04-15-15-26-20-2433158-im-639118636278881833.jpg\",\"width\":796,\"height\":448,\"caption\":\"Futebolista recebe pr\u00e9mio de jogador do m\u00eas da Liga Portugal\"},{\"@type\":\"BreadcrumbList\",\"@id\":\"https:\/\/portaltela.pt\/noticias\/2026\/04\/15\/kahraman-afirma-que-vao-dar-tudo-para-alcancar-a-promocao\/#breadcrumb\",\"itemListElement\":[{\"@type\":\"ListItem\",\"position\":1,\"name\":\"In\u00edcio\",\"item\":\"https:\/\/portaltela.pt\/\"},{\"@type\":\"ListItem\",\"position\":2,\"name\":\"Kahraman afirma que v\u00e3o dar tudo para alcan\u00e7ar a promo\u00e7\u00e3o\"}]},{\"@type\":\"WebSite\",\"@id\":\"https:\/\/portaltela.pt\/#website\",\"url\":\"https:\/\/portaltela.pt\/\",\"name\":\"Portal Tela Portugal\",\"description\":\"\",\"potentialAction\":[{\"@type\":\"SearchAction\",\"target\":{\"@type\":\"EntryPoint\",\"urlTemplate\":\"https:\/\/portaltela.pt\/?s={search_term_string}\"},\"query-input\":{\"@type\":\"PropertyValueSpecification\",\"valueRequired\":true,\"valueName\":\"search_term_string\"}}],\"inLanguage\":\"pt-PT\"},{\"@type\":\"Person\",\"@id\":\"https:\/\/portaltela.pt\/#\/schema\/person\/c4278d4a6028830caff9ee44b42d32ed\",\"name\":\"Telinha\",\"image\":{\"@type\":\"ImageObject\",\"inLanguage\":\"pt-PT\",\"@id\":\"https:\/\/portaltela.pt\/s.01k8rhncp4jt1\/2025\/11\/talking-bot-125x125.png\",\"url\":\"https:\/\/portaltela.pt\/s.01k8rhncp4jt1\/2025\/11\/talking-bot-125x125.png\",\"contentUrl\":\"https:\/\/portaltela.pt\/s.01k8rhncp4jt1\/2025\/11\/talking-bot-125x125.png\",\"caption\":\"Telinha\"},\"sameAs\":[\"https:\/\/portaltela.pt\/\"],\"url\":\"https:\/\/portaltela.pt\/por\/367410592786\/\"}]}<\/script>\n<!-- \/ Yoast SEO plugin. -->","yoast_head_json":{"title":"Kahraman afirma que v\u00e3o dar tudo para alcan\u00e7ar a promo\u00e7\u00e3o - Portal Tela Portugal","robots":{"index":"index","follow":"follow","max-snippet":"max-snippet:-1","max-image-preview":"max-image-preview:large","max-video-preview":"max-video-preview:-1"},"og_locale":"pt_PT","og_type":"article","og_title":"Kahraman afirma que v\u00e3o dar tudo para alcan\u00e7ar a promo\u00e7\u00e3o - Portal Tela Portugal","og_description":"Cihan Kahraman, m\u00e9dio turco do Ac. Viseu, foi eleito melhor m\u00e9dio e melhor jogador do m\u00eas de mar\u00e7o da 2.\u00aa Liga, numa vota\u00e7\u00e3o dos treinadores principais. Recebeu os trof\u00e9us, agradeceu aos colegas de equipa e dedicou os pr\u00e9mios \u00e0 fam\u00edlia e ao seu pa\u00eds. Manifestou satisfa\u00e7\u00e3o e orgulho pelas distin\u00e7\u00f5es. Afirmou ter total confian\u00e7a na equipa e que, nos pr\u00f3ximos jogos, v\u00e3o dar tudo para conquistar a promo\u00e7\u00e3o. \u00c9 internacional jovem pela Turquia.","og_url":"https:\/\/portaltela.pt\/noticias\/2026\/04\/15\/kahraman-afirma-que-vao-dar-tudo-para-alcancar-a-promocao\/","og_site_name":"Portal Tela Portugal","article_published_time":"2026-04-15T14:47:19+00:00","author":"Telinha","twitter_card":"summary_large_image","twitter_misc":{"Escrito por":"Telinha","Tempo estimado de leitura":"1 minuto"},"schema":{"@context":"https:\/\/schema.org","@graph":[{"@type":"Article","@id":"https:\/\/portaltela.pt\/noticias\/2026\/04\/15\/kahraman-afirma-que-vao-dar-tudo-para-alcancar-a-promocao\/#article","isPartOf":{"@id":"https:\/\/portaltela.pt\/noticias\/2026\/04\/15\/kahraman-afirma-que-vao-dar-tudo-para-alcancar-a-promocao\/"},"author":{"name":"Telinha","@id":"https:\/\/portaltela.pt\/#\/schema\/person\/c4278d4a6028830caff9ee44b42d32ed"},"headline":"Kahraman afirma que v\u00e3o dar tudo para alcan\u00e7ar a promo\u00e7\u00e3o","datePublished":"2026-04-15T14:47:19+00:00","mainEntityOfPage":{"@id":"https:\/\/portaltela.pt\/noticias\/2026\/04\/15\/kahraman-afirma-que-vao-dar-tudo-para-alcancar-a-promocao\/"},"wordCount":198,"image":{"@id":"https:\/\/portaltela.pt\/noticias\/2026\/04\/15\/kahraman-afirma-que-vao-dar-tudo-para-alcancar-a-promocao\/#primaryimage"},"thumbnailUrl":"https:\/\/portaltela.pt\/s.01k8rhncp4jt1\/2026\/04\/img_920x518uu2026-04-15-15-26-20-2433158-im-639118636278881833.jpg","keywords":["2.\u00aa Liga","equipas","futebol","jogadores","promo\u00e7\u00f5es","Viseu"],"articleSection":["Desporto","Futebol"],"inLanguage":"pt-PT"},{"@type":"WebPage","@id":"https:\/\/portaltela.pt\/noticias\/2026\/04\/15\/kahraman-afirma-que-vao-dar-tudo-para-alcancar-a-promocao\/","url":"https:\/\/portaltela.pt\/noticias\/2026\/04\/15\/kahraman-afirma-que-vao-dar-tudo-para-alcancar-a-promocao\/","name":"Kahraman afirma que v\u00e3o dar tudo para alcan\u00e7ar a promo\u00e7\u00e3o - Portal Tela Portugal","isPartOf":{"@id":"https:\/\/portaltela.pt\/#website"},"primaryImageOfPage":{"@id":"https:\/\/portaltela.pt\/noticias\/2026\/04\/15\/kahraman-afirma-que-vao-dar-tudo-para-alcancar-a-promocao\/#primaryimage"},"image":{"@id":"https:\/\/portaltela.pt\/noticias\/2026\/04\/15\/kahraman-afirma-que-vao-dar-tudo-para-alcancar-a-promocao\/#primaryimage"},"thumbnailUrl":"https:\/\/portaltela.pt\/s.01k8rhncp4jt1\/2026\/04\/img_920x518uu2026-04-15-15-26-20-2433158-im-639118636278881833.jpg","datePublished":"2026-04-15T14:47:19+00:00","author":{"@id":"https:\/\/portaltela.pt\/#\/schema\/person\/c4278d4a6028830caff9ee44b42d32ed"},"breadcrumb":{"@id":"https:\/\/portaltela.pt\/noticias\/2026\/04\/15\/kahraman-afirma-que-vao-dar-tudo-para-alcancar-a-promocao\/#breadcrumb"},"inLanguage":"pt-PT","potentialAction":[{"@type":"ReadAction","target":["https:\/\/portaltela.pt\/noticias\/2026\/04\/15\/kahraman-afirma-que-vao-dar-tudo-para-alcancar-a-promocao\/"]}]},{"@type":"ImageObject","inLanguage":"pt-PT","@id":"https:\/\/portaltela.pt\/noticias\/2026\/04\/15\/kahraman-afirma-que-vao-dar-tudo-para-alcancar-a-promocao\/#primaryimage","url":"https:\/\/portaltela.pt\/s.01k8rhncp4jt1\/2026\/04\/img_920x518uu2026-04-15-15-26-20-2433158-im-639118636278881833.jpg","contentUrl":"https:\/\/portaltela.pt\/s.01k8rhncp4jt1\/2026\/04\/img_920x518uu2026-04-15-15-26-20-2433158-im-639118636278881833.jpg","width":796,"height":448,"caption":"Futebolista recebe pr\u00e9mio de jogador do m\u00eas da Liga Portugal"},{"@type":"BreadcrumbList","@id":"https:\/\/portaltela.pt\/noticias\/2026\/04\/15\/kahraman-afirma-que-vao-dar-tudo-para-alcancar-a-promocao\/#breadcrumb","itemListElement":[{"@type":"ListItem","position":1,"name":"In\u00edcio","item":"https:\/\/portaltela.pt\/"},{"@type":"ListItem","position":2,"name":"Kahraman afirma que v\u00e3o dar tudo para alcan\u00e7ar a promo\u00e7\u00e3o"}]},{"@type":"WebSite","@id":"https:\/\/portaltela.pt\/#website","url":"https:\/\/portaltela.pt\/","name":"Portal Tela Portugal","description":"","potentialAction":[{"@type":"SearchAction","target":{"@type":"EntryPoint","urlTemplate":"https:\/\/portaltela.pt\/?s={search_term_string}"},"query-input":{"@type":"PropertyValueSpecification","valueRequired":true,"valueName":"search_term_string"}}],"inLanguage":"pt-PT"},{"@type":"Person","@id":"https:\/\/portaltela.pt\/#\/schema\/person\/c4278d4a6028830caff9ee44b42d32ed","name":"Telinha","image":{"@type":"ImageObject","inLanguage":"pt-PT","@id":"https:\/\/portaltela.pt\/s.01k8rhncp4jt1\/2025\/11\/talking-bot-125x125.png","url":"https:\/\/portaltela.pt\/s.01k8rhncp4jt1\/2025\/11\/talking-bot-125x125.png","contentUrl":"https:\/\/portaltela.pt\/s.01k8rhncp4jt1\/2025\/11\/talking-bot-125x125.png","caption":"Telinha"},"sameAs":["https:\/\/portaltela.pt\/"],"url":"https:\/\/portaltela.pt\/por\/367410592786\/"}]}},"_links":{"self":[{"href":"https:\/\/portaltela.pt\/api\/wp\/v2\/posts\/445214","targetHints":{"allow":["GET"]}}],"collection":[{"href":"https:\/\/portaltela.pt\/api\/wp\/v2\/posts"}],"about":[{"href":"https:\/\/portaltela.pt\/api\/wp\/v2\/types\/post"}],"author":[{"embeddable":true,"href":"https:\/\/portaltela.pt\/api\/wp\/v2\/users\/2"}],"replies":[{"embeddable":true,"href":"https:\/\/portaltela.pt\/api\/wp\/v2\/comments?post=445214"}],"version-history":[{"count":0,"href":"https:\/\/portaltela.pt\/api\/wp\/v2\/posts\/445214\/revisions"}],"wp:featuredmedia":[{"embeddable":true,"href":"https:\/\/portaltela.pt\/api\/wp\/v2\/media\/445218"}],"wp:attachment":[{"href":"https:\/\/portaltela.pt\/api\/wp\/v2\/media?parent=445214"}],"wp:term":[{"taxonomy":"category","embeddable":true,"href":"https:\/\/portaltela.pt\/api\/wp\/v2\/categories?post=445214"},{"taxonomy":"post_tag","embeddable":true,"href":"https:\/\/portaltela.pt\/api\/wp\/v2\/tags?post=445214"}],"curies":[{"name":"wp","href":"https:\/\/api.w.org\/{rel}","templated":true}]}}