{"id":445181,"date":"2026-04-15T11:32:13","date_gmt":"2026-04-15T14:32:13","guid":{"rendered":"https:\/\/portaltela.pt\/noticias\/2026\/04\/15\/benfica-leva-jovens-para-suica-com-o-objetivo-de-disputar-a-youth-league\/"},"modified":"2026-04-15T11:32:13","modified_gmt":"2026-04-15T14:32:13","slug":"benfica-leva-jovens-para-suica-com-o-objetivo-de-disputar-a-youth-league","status":"publish","type":"post","link":"https:\/\/portaltela.pt\/desporto\/futebol\/2026\/04\/15\/benfica-leva-jovens-para-suica-com-o-objetivo-de-disputar-a-youth-league\/","title":{"rendered":"Benfica leva jovens para Su\u00ed\u00e7a com o objetivo de disputar a Youth League"},"content":{"rendered":"<p>O Benfica anunciou a comitiva que vai disputar a final four da UEFA Youth League, em Lausanne, Sui\u00e7a. O grupo parte com V\u00edtor Vinha e inclui jovens que j\u00e1 conviveram com a equipa A, a fim de reconquistar o t\u00edtulo.<\/p>\n<p>Entre os nomes que figuram na lista est\u00e3o Jos\u00e9 Neto, An\u00edsio Cabral, Daniel Banjaqui, Gon\u00e7alo Oliveira, Gon\u00e7alo Moreira e Tiago Freitas. A convoca\u00e7\u00e3o foi divulgada pelo clube da Luz.<\/p>\n<p>Neto encontra-se fisicamente limitado e tem seguido tratamento nos \u00faltimos dias, o que o coloca em d\u00favida para o duelo com o Club Brugge, marcado para Lausanne. A lista completa inclui 24 jogadores.<\/p>\n<p>Convocat\u00f3ria completa: Diogo Ferreira, Leonardo Lopes, Luiz Xavier, Daniel Banjaqui, Duarte Soares, Rui Silva, Gon\u00e7alo Oliveira, Dinis Telehovschi, Jos\u00e9 Neto, Nilson Semedo, Jo\u00e3o Capucho, Tiago Parente, Miguel Figueiredo, Rafael Quintas, Tiago Freitas, Isaac Ferreira, Federico Coletta, Tom\u00e1s Soares, Gon\u00e7alo Moreira, Stevan Manuel, Jaden Umeh, Eduardo Fernandes, An\u00edsio Cabral e Francisco Silva.<\/p>\n","protected":false},"excerpt":{"rendered":"<ul>\n<li>Benfica parte para a final four da UEFA Youth League na Su\u00ed\u00e7a, com uma comitiva de jovens que j\u00e1 orbitam a equipa principal.<\/li>\n<li>Entre os escolhidos est\u00e3o Jos\u00e9 Neto, An\u00edsio Cabral, Daniel Banjaqui, Gon\u00e7alo Oliveira, Gon\u00e7alo Moreira e Tiago Freitas.<\/li>\n<li>Jos\u00e9 Neto est\u00e1 fisicamente limitado e em tratamento, ficando em d\u00favida para o jogo com o Club Brugge, em Lausanne.<\/li>\n<li>A convocat\u00f3ria completa foi divulgada pelo clube da Luz, com v\u00e1rios jovens na lista para a prova.<\/li>\n<li>A lista inclui ainda Diogo Ferreira, Leonardo Lopes, Rui Silva, Jo\u00e3o Capucho, Tiago Parente, Nilson Semedo, entre outros.<\/li>\n<\/ul>\n","protected":false},"author":2,"featured_media":445185,"comment_status":"closed","ping_status":"closed","sticky":false,"template":"","format":"standard","meta":{"footnotes":""},"categories":[21,24],"tags":[1946,152,32,81,251,1014],"class_list":["post-445181","post","type-post","status-publish","format-standard","has-post-thumbnail","hentry","category-desporto","category-futebol","tag-benfica","tag-desporto","tag-futebol","tag-internacionais","tag-juventude","tag-portugal"],"yoast_head":"<!-- This site is optimized with the Yoast SEO plugin v27.2 - https:\/\/yoast.com\/product\/yoast-seo-wordpress\/ -->\n<title>Benfica leva jovens para Su\u00ed\u00e7a com o objetivo de disputar a Youth League - Portal Tela Portugal<\/title>\n<meta name=\"robots\" content=\"index, follow, max-snippet:-1, max-image-preview:large, max-video-preview:-1\" \/>\n<meta property=\"og:locale\" content=\"pt_PT\" \/>\n<meta property=\"og:type\" content=\"article\" \/>\n<meta property=\"og:title\" content=\"Benfica leva jovens para Su\u00ed\u00e7a com o objetivo de disputar a Youth League - Portal Tela Portugal\" \/>\n<meta property=\"og:description\" content=\"Benfica parte para a final four da UEFA Youth League na Su\u00ed\u00e7a, com uma comitiva de jovens que j\u00e1 orbitam a equipa principal. Entre os escolhidos est\u00e3o Jos\u00e9 Neto, An\u00edsio Cabral, Daniel Banjaqui, Gon\u00e7alo Oliveira, Gon\u00e7alo Moreira e Tiago Freitas. Jos\u00e9 Neto est\u00e1 fisicamente limitado e em tratamento, ficando em d\u00favida para o jogo com o Club Brugge, em Lausanne. A convocat\u00f3ria completa foi divulgada pelo clube da Luz, com v\u00e1rios jovens na lista para a prova. A lista inclui ainda Diogo Ferreira, Leonardo Lopes, Rui Silva, Jo\u00e3o Capucho, Tiago Parente, Nilson Semedo, entre outros.\" \/>\n<meta property=\"og:url\" content=\"https:\/\/portaltela.pt\/noticias\/2026\/04\/15\/benfica-leva-jovens-para-suica-com-o-objetivo-de-disputar-a-youth-league\/\" \/>\n<meta property=\"og:site_name\" content=\"Portal Tela Portugal\" \/>\n<meta property=\"article:published_time\" content=\"2026-04-15T14:32:13+00:00\" \/>\n<meta name=\"author\" content=\"Telinha\" \/>\n<meta name=\"twitter:card\" content=\"summary_large_image\" \/>\n<meta name=\"twitter:label1\" content=\"Escrito por\" \/>\n\t<meta name=\"twitter:data1\" content=\"Telinha\" \/>\n\t<meta name=\"twitter:label2\" content=\"Tempo estimado de leitura\" \/>\n\t<meta name=\"twitter:data2\" content=\"1 minuto\" \/>\n<script type=\"application\/ld+json\" class=\"yoast-schema-graph\">{\"@context\":\"https:\/\/schema.org\",\"@graph\":[{\"@type\":\"Article\",\"@id\":\"https:\/\/portaltela.pt\/noticias\/2026\/04\/15\/benfica-leva-jovens-para-suica-com-o-objetivo-de-disputar-a-youth-league\/#article\",\"isPartOf\":{\"@id\":\"https:\/\/portaltela.pt\/noticias\/2026\/04\/15\/benfica-leva-jovens-para-suica-com-o-objetivo-de-disputar-a-youth-league\/\"},\"author\":{\"name\":\"Telinha\",\"@id\":\"https:\/\/portaltela.pt\/#\/schema\/person\/c4278d4a6028830caff9ee44b42d32ed\"},\"headline\":\"Benfica leva jovens para Su\u00ed\u00e7a com o objetivo de disputar a Youth League\",\"datePublished\":\"2026-04-15T14:32:13+00:00\",\"mainEntityOfPage\":{\"@id\":\"https:\/\/portaltela.pt\/noticias\/2026\/04\/15\/benfica-leva-jovens-para-suica-com-o-objetivo-de-disputar-a-youth-league\/\"},\"wordCount\":181,\"image\":{\"@id\":\"https:\/\/portaltela.pt\/noticias\/2026\/04\/15\/benfica-leva-jovens-para-suica-com-o-objetivo-de-disputar-a-youth-league\/#primaryimage\"},\"thumbnailUrl\":\"https:\/\/portaltela.pt\/s.01k8rhncp4jt1\/2026\/04\/img_920x518uu2026-01-26-16-08-39-2417470-im-639058929528665241.jpg\",\"keywords\":[\"Benfica\",\"desporto\",\"futebol\",\"internacionais\",\"juventude\",\"Portugal\"],\"articleSection\":[\"Desporto\",\"Futebol\"],\"inLanguage\":\"pt-PT\"},{\"@type\":\"WebPage\",\"@id\":\"https:\/\/portaltela.pt\/noticias\/2026\/04\/15\/benfica-leva-jovens-para-suica-com-o-objetivo-de-disputar-a-youth-league\/\",\"url\":\"https:\/\/portaltela.pt\/noticias\/2026\/04\/15\/benfica-leva-jovens-para-suica-com-o-objetivo-de-disputar-a-youth-league\/\",\"name\":\"Benfica leva jovens para Su\u00ed\u00e7a com o objetivo de disputar a Youth League - Portal Tela Portugal\",\"isPartOf\":{\"@id\":\"https:\/\/portaltela.pt\/#website\"},\"primaryImageOfPage\":{\"@id\":\"https:\/\/portaltela.pt\/noticias\/2026\/04\/15\/benfica-leva-jovens-para-suica-com-o-objetivo-de-disputar-a-youth-league\/#primaryimage\"},\"image\":{\"@id\":\"https:\/\/portaltela.pt\/noticias\/2026\/04\/15\/benfica-leva-jovens-para-suica-com-o-objetivo-de-disputar-a-youth-league\/#primaryimage\"},\"thumbnailUrl\":\"https:\/\/portaltela.pt\/s.01k8rhncp4jt1\/2026\/04\/img_920x518uu2026-01-26-16-08-39-2417470-im-639058929528665241.jpg\",\"datePublished\":\"2026-04-15T14:32:13+00:00\",\"author\":{\"@id\":\"https:\/\/portaltela.pt\/#\/schema\/person\/c4278d4a6028830caff9ee44b42d32ed\"},\"breadcrumb\":{\"@id\":\"https:\/\/portaltela.pt\/noticias\/2026\/04\/15\/benfica-leva-jovens-para-suica-com-o-objetivo-de-disputar-a-youth-league\/#breadcrumb\"},\"inLanguage\":\"pt-PT\",\"potentialAction\":[{\"@type\":\"ReadAction\",\"target\":[\"https:\/\/portaltela.pt\/noticias\/2026\/04\/15\/benfica-leva-jovens-para-suica-com-o-objetivo-de-disputar-a-youth-league\/\"]}]},{\"@type\":\"ImageObject\",\"inLanguage\":\"pt-PT\",\"@id\":\"https:\/\/portaltela.pt\/noticias\/2026\/04\/15\/benfica-leva-jovens-para-suica-com-o-objetivo-de-disputar-a-youth-league\/#primaryimage\",\"url\":\"https:\/\/portaltela.pt\/s.01k8rhncp4jt1\/2026\/04\/img_920x518uu2026-01-26-16-08-39-2417470-im-639058929528665241.jpg\",\"contentUrl\":\"https:\/\/portaltela.pt\/s.01k8rhncp4jt1\/2026\/04\/img_920x518uu2026-01-26-16-08-39-2417470-im-639058929528665241.jpg\",\"width\":796,\"height\":448,\"caption\":\"Banjaqui e An\u00edsio Cabral\"},{\"@type\":\"BreadcrumbList\",\"@id\":\"https:\/\/portaltela.pt\/noticias\/2026\/04\/15\/benfica-leva-jovens-para-suica-com-o-objetivo-de-disputar-a-youth-league\/#breadcrumb\",\"itemListElement\":[{\"@type\":\"ListItem\",\"position\":1,\"name\":\"In\u00edcio\",\"item\":\"https:\/\/portaltela.pt\/\"},{\"@type\":\"ListItem\",\"position\":2,\"name\":\"Benfica leva jovens para Su\u00ed\u00e7a com o objetivo de disputar a Youth League\"}]},{\"@type\":\"WebSite\",\"@id\":\"https:\/\/portaltela.pt\/#website\",\"url\":\"https:\/\/portaltela.pt\/\",\"name\":\"Portal Tela Portugal\",\"description\":\"\",\"potentialAction\":[{\"@type\":\"SearchAction\",\"target\":{\"@type\":\"EntryPoint\",\"urlTemplate\":\"https:\/\/portaltela.pt\/?s={search_term_string}\"},\"query-input\":{\"@type\":\"PropertyValueSpecification\",\"valueRequired\":true,\"valueName\":\"search_term_string\"}}],\"inLanguage\":\"pt-PT\"},{\"@type\":\"Person\",\"@id\":\"https:\/\/portaltela.pt\/#\/schema\/person\/c4278d4a6028830caff9ee44b42d32ed\",\"name\":\"Telinha\",\"image\":{\"@type\":\"ImageObject\",\"inLanguage\":\"pt-PT\",\"@id\":\"https:\/\/portaltela.pt\/s.01k8rhncp4jt1\/2025\/11\/talking-bot-125x125.png\",\"url\":\"https:\/\/portaltela.pt\/s.01k8rhncp4jt1\/2025\/11\/talking-bot-125x125.png\",\"contentUrl\":\"https:\/\/portaltela.pt\/s.01k8rhncp4jt1\/2025\/11\/talking-bot-125x125.png\",\"caption\":\"Telinha\"},\"sameAs\":[\"https:\/\/portaltela.pt\/\"],\"url\":\"https:\/\/portaltela.pt\/por\/367410592786\/\"}]}<\/script>\n<!-- \/ Yoast SEO plugin. -->","yoast_head_json":{"title":"Benfica leva jovens para Su\u00ed\u00e7a com o objetivo de disputar a Youth League - Portal Tela Portugal","robots":{"index":"index","follow":"follow","max-snippet":"max-snippet:-1","max-image-preview":"max-image-preview:large","max-video-preview":"max-video-preview:-1"},"og_locale":"pt_PT","og_type":"article","og_title":"Benfica leva jovens para Su\u00ed\u00e7a com o objetivo de disputar a Youth League - Portal Tela Portugal","og_description":"Benfica parte para a final four da UEFA Youth League na Su\u00ed\u00e7a, com uma comitiva de jovens que j\u00e1 orbitam a equipa principal. Entre os escolhidos est\u00e3o Jos\u00e9 Neto, An\u00edsio Cabral, Daniel Banjaqui, Gon\u00e7alo Oliveira, Gon\u00e7alo Moreira e Tiago Freitas. Jos\u00e9 Neto est\u00e1 fisicamente limitado e em tratamento, ficando em d\u00favida para o jogo com o Club Brugge, em Lausanne. A convocat\u00f3ria completa foi divulgada pelo clube da Luz, com v\u00e1rios jovens na lista para a prova. A lista inclui ainda Diogo Ferreira, Leonardo Lopes, Rui Silva, Jo\u00e3o Capucho, Tiago Parente, Nilson Semedo, entre outros.","og_url":"https:\/\/portaltela.pt\/noticias\/2026\/04\/15\/benfica-leva-jovens-para-suica-com-o-objetivo-de-disputar-a-youth-league\/","og_site_name":"Portal Tela Portugal","article_published_time":"2026-04-15T14:32:13+00:00","author":"Telinha","twitter_card":"summary_large_image","twitter_misc":{"Escrito por":"Telinha","Tempo estimado de leitura":"1 minuto"},"schema":{"@context":"https:\/\/schema.org","@graph":[{"@type":"Article","@id":"https:\/\/portaltela.pt\/noticias\/2026\/04\/15\/benfica-leva-jovens-para-suica-com-o-objetivo-de-disputar-a-youth-league\/#article","isPartOf":{"@id":"https:\/\/portaltela.pt\/noticias\/2026\/04\/15\/benfica-leva-jovens-para-suica-com-o-objetivo-de-disputar-a-youth-league\/"},"author":{"name":"Telinha","@id":"https:\/\/portaltela.pt\/#\/schema\/person\/c4278d4a6028830caff9ee44b42d32ed"},"headline":"Benfica leva jovens para Su\u00ed\u00e7a com o objetivo de disputar a Youth League","datePublished":"2026-04-15T14:32:13+00:00","mainEntityOfPage":{"@id":"https:\/\/portaltela.pt\/noticias\/2026\/04\/15\/benfica-leva-jovens-para-suica-com-o-objetivo-de-disputar-a-youth-league\/"},"wordCount":181,"image":{"@id":"https:\/\/portaltela.pt\/noticias\/2026\/04\/15\/benfica-leva-jovens-para-suica-com-o-objetivo-de-disputar-a-youth-league\/#primaryimage"},"thumbnailUrl":"https:\/\/portaltela.pt\/s.01k8rhncp4jt1\/2026\/04\/img_920x518uu2026-01-26-16-08-39-2417470-im-639058929528665241.jpg","keywords":["Benfica","desporto","futebol","internacionais","juventude","Portugal"],"articleSection":["Desporto","Futebol"],"inLanguage":"pt-PT"},{"@type":"WebPage","@id":"https:\/\/portaltela.pt\/noticias\/2026\/04\/15\/benfica-leva-jovens-para-suica-com-o-objetivo-de-disputar-a-youth-league\/","url":"https:\/\/portaltela.pt\/noticias\/2026\/04\/15\/benfica-leva-jovens-para-suica-com-o-objetivo-de-disputar-a-youth-league\/","name":"Benfica leva jovens para Su\u00ed\u00e7a com o objetivo de disputar a Youth League - Portal Tela Portugal","isPartOf":{"@id":"https:\/\/portaltela.pt\/#website"},"primaryImageOfPage":{"@id":"https:\/\/portaltela.pt\/noticias\/2026\/04\/15\/benfica-leva-jovens-para-suica-com-o-objetivo-de-disputar-a-youth-league\/#primaryimage"},"image":{"@id":"https:\/\/portaltela.pt\/noticias\/2026\/04\/15\/benfica-leva-jovens-para-suica-com-o-objetivo-de-disputar-a-youth-league\/#primaryimage"},"thumbnailUrl":"https:\/\/portaltela.pt\/s.01k8rhncp4jt1\/2026\/04\/img_920x518uu2026-01-26-16-08-39-2417470-im-639058929528665241.jpg","datePublished":"2026-04-15T14:32:13+00:00","author":{"@id":"https:\/\/portaltela.pt\/#\/schema\/person\/c4278d4a6028830caff9ee44b42d32ed"},"breadcrumb":{"@id":"https:\/\/portaltela.pt\/noticias\/2026\/04\/15\/benfica-leva-jovens-para-suica-com-o-objetivo-de-disputar-a-youth-league\/#breadcrumb"},"inLanguage":"pt-PT","potentialAction":[{"@type":"ReadAction","target":["https:\/\/portaltela.pt\/noticias\/2026\/04\/15\/benfica-leva-jovens-para-suica-com-o-objetivo-de-disputar-a-youth-league\/"]}]},{"@type":"ImageObject","inLanguage":"pt-PT","@id":"https:\/\/portaltela.pt\/noticias\/2026\/04\/15\/benfica-leva-jovens-para-suica-com-o-objetivo-de-disputar-a-youth-league\/#primaryimage","url":"https:\/\/portaltela.pt\/s.01k8rhncp4jt1\/2026\/04\/img_920x518uu2026-01-26-16-08-39-2417470-im-639058929528665241.jpg","contentUrl":"https:\/\/portaltela.pt\/s.01k8rhncp4jt1\/2026\/04\/img_920x518uu2026-01-26-16-08-39-2417470-im-639058929528665241.jpg","width":796,"height":448,"caption":"Banjaqui e An\u00edsio Cabral"},{"@type":"BreadcrumbList","@id":"https:\/\/portaltela.pt\/noticias\/2026\/04\/15\/benfica-leva-jovens-para-suica-com-o-objetivo-de-disputar-a-youth-league\/#breadcrumb","itemListElement":[{"@type":"ListItem","position":1,"name":"In\u00edcio","item":"https:\/\/portaltela.pt\/"},{"@type":"ListItem","position":2,"name":"Benfica leva jovens para Su\u00ed\u00e7a com o objetivo de disputar a Youth League"}]},{"@type":"WebSite","@id":"https:\/\/portaltela.pt\/#website","url":"https:\/\/portaltela.pt\/","name":"Portal Tela Portugal","description":"","potentialAction":[{"@type":"SearchAction","target":{"@type":"EntryPoint","urlTemplate":"https:\/\/portaltela.pt\/?s={search_term_string}"},"query-input":{"@type":"PropertyValueSpecification","valueRequired":true,"valueName":"search_term_string"}}],"inLanguage":"pt-PT"},{"@type":"Person","@id":"https:\/\/portaltela.pt\/#\/schema\/person\/c4278d4a6028830caff9ee44b42d32ed","name":"Telinha","image":{"@type":"ImageObject","inLanguage":"pt-PT","@id":"https:\/\/portaltela.pt\/s.01k8rhncp4jt1\/2025\/11\/talking-bot-125x125.png","url":"https:\/\/portaltela.pt\/s.01k8rhncp4jt1\/2025\/11\/talking-bot-125x125.png","contentUrl":"https:\/\/portaltela.pt\/s.01k8rhncp4jt1\/2025\/11\/talking-bot-125x125.png","caption":"Telinha"},"sameAs":["https:\/\/portaltela.pt\/"],"url":"https:\/\/portaltela.pt\/por\/367410592786\/"}]}},"_links":{"self":[{"href":"https:\/\/portaltela.pt\/api\/wp\/v2\/posts\/445181","targetHints":{"allow":["GET"]}}],"collection":[{"href":"https:\/\/portaltela.pt\/api\/wp\/v2\/posts"}],"about":[{"href":"https:\/\/portaltela.pt\/api\/wp\/v2\/types\/post"}],"author":[{"embeddable":true,"href":"https:\/\/portaltela.pt\/api\/wp\/v2\/users\/2"}],"replies":[{"embeddable":true,"href":"https:\/\/portaltela.pt\/api\/wp\/v2\/comments?post=445181"}],"version-history":[{"count":0,"href":"https:\/\/portaltela.pt\/api\/wp\/v2\/posts\/445181\/revisions"}],"wp:featuredmedia":[{"embeddable":true,"href":"https:\/\/portaltela.pt\/api\/wp\/v2\/media\/445185"}],"wp:attachment":[{"href":"https:\/\/portaltela.pt\/api\/wp\/v2\/media?parent=445181"}],"wp:term":[{"taxonomy":"category","embeddable":true,"href":"https:\/\/portaltela.pt\/api\/wp\/v2\/categories?post=445181"},{"taxonomy":"post_tag","embeddable":true,"href":"https:\/\/portaltela.pt\/api\/wp\/v2\/tags?post=445181"}],"curies":[{"name":"wp","href":"https:\/\/api.w.org\/{rel}","templated":true}]}}