{"id":445165,"date":"2026-04-15T11:17:14","date_gmt":"2026-04-15T14:17:14","guid":{"rendered":"https:\/\/portaltela.pt\/noticias\/2026\/04\/15\/ataque-com-drones-ucranianos-em-sterlitamak-deixa-um-morto\/"},"modified":"2026-04-15T11:17:14","modified_gmt":"2026-04-15T14:17:14","slug":"ataque-com-drones-ucranianos-em-sterlitamak-deixa-um-morto","status":"publish","type":"post","link":"https:\/\/portaltela.pt\/guerra\/2026\/04\/15\/ataque-com-drones-ucranianos-em-sterlitamak-deixa-um-morto\/","title":{"rendered":"Ataque com drones ucranianos em Sterlitamak deixa um morto"},"content":{"rendered":"<p>Um ataque com drones ucranianos atingiu uma instala\u00e7\u00e3o industrial em Sterlitamak, na R\u00fassia, nesta quarta-feira. Houve pelo menos uma v\u00edtima mortal, segundo informa\u00e7\u00f5es oficiais.<\/p>\n<p>O governador regional confirmou que a v\u00edtima \u00e9 um bombeiro que trabalhava na instala\u00e7\u00e3o atingida. As circunst\u00e2ncias e a extens\u00e3o dos danos est\u00e3o a ser apuradas pelas autoridades.<\/p>\n<p>At\u00e9 ao momento, n\u00e3o foram divulgados n\u00fameros oficiais sobre feridos adicionais nem sobre impactos na produ\u00e7\u00e3o da unidade. As autoridades continuam a investigar o sucedido.<\/p>\n","protected":false},"excerpt":{"rendered":"<ul>\n<li>Um ataque com drones ucranianos atingiu uma instala\u00e7\u00e3o industrial em Sterlitamak, na R\u00fassia, nesta quarta-feira.<\/li>\n<li>O ataque provocou uma v\u00edtima mortal, de acordo com o governador da regi\u00e3o.<\/li>\n<li>A v\u00edtima foi um bombeiro que trabalhava nas instala\u00e7\u00f5es atingidas.<\/li>\n<\/ul>\n","protected":false},"author":2,"featured_media":445170,"comment_status":"closed","ping_status":"closed","sticky":false,"template":"","format":"standard","meta":{"footnotes":""},"categories":[6790,6804],"tags":[5267,971,2198,7400,62,3110],"class_list":["post-445165","post","type-post","status-publish","format-standard","has-post-thumbnail","hentry","category-conflitos","category-guerra","tag-ataques","tag-bombeiros","tag-conflitos-internacionais","tag-drones","tag-guerra","tag-russia"],"yoast_head":"<!-- This site is optimized with the Yoast SEO plugin v27.2 - https:\/\/yoast.com\/product\/yoast-seo-wordpress\/ -->\n<title>Ataque com drones ucranianos em Sterlitamak deixa um morto - Portal Tela Portugal<\/title>\n<meta name=\"robots\" content=\"index, follow, max-snippet:-1, max-image-preview:large, max-video-preview:-1\" \/>\n<meta property=\"og:locale\" content=\"pt_PT\" \/>\n<meta property=\"og:type\" content=\"article\" \/>\n<meta property=\"og:title\" content=\"Ataque com drones ucranianos em Sterlitamak deixa um morto - Portal Tela Portugal\" \/>\n<meta property=\"og:description\" content=\"Um ataque com drones ucranianos atingiu uma instala\u00e7\u00e3o industrial em Sterlitamak, na R\u00fassia, nesta quarta-feira. O ataque provocou uma v\u00edtima mortal, de acordo com o governador da regi\u00e3o. A v\u00edtima foi um bombeiro que trabalhava nas instala\u00e7\u00f5es atingidas.\" \/>\n<meta property=\"og:url\" content=\"https:\/\/portaltela.pt\/noticias\/2026\/04\/15\/ataque-com-drones-ucranianos-em-sterlitamak-deixa-um-morto\/\" \/>\n<meta property=\"og:site_name\" content=\"Portal Tela Portugal\" \/>\n<meta property=\"article:published_time\" content=\"2026-04-15T14:17:14+00:00\" \/>\n<meta name=\"author\" content=\"Telinha\" \/>\n<meta name=\"twitter:card\" content=\"summary_large_image\" \/>\n<meta name=\"twitter:label1\" content=\"Escrito por\" \/>\n\t<meta name=\"twitter:data1\" content=\"Telinha\" \/>\n<script type=\"application\/ld+json\" class=\"yoast-schema-graph\">{\"@context\":\"https:\/\/schema.org\",\"@graph\":[{\"@type\":\"Article\",\"@id\":\"https:\/\/portaltela.pt\/noticias\/2026\/04\/15\/ataque-com-drones-ucranianos-em-sterlitamak-deixa-um-morto\/#article\",\"isPartOf\":{\"@id\":\"https:\/\/portaltela.pt\/noticias\/2026\/04\/15\/ataque-com-drones-ucranianos-em-sterlitamak-deixa-um-morto\/\"},\"author\":{\"name\":\"Telinha\",\"@id\":\"https:\/\/portaltela.pt\/#\/schema\/person\/c4278d4a6028830caff9ee44b42d32ed\"},\"headline\":\"Ataque com drones ucranianos em Sterlitamak deixa um morto\",\"datePublished\":\"2026-04-15T14:17:14+00:00\",\"mainEntityOfPage\":{\"@id\":\"https:\/\/portaltela.pt\/noticias\/2026\/04\/15\/ataque-com-drones-ucranianos-em-sterlitamak-deixa-um-morto\/\"},\"wordCount\":97,\"image\":{\"@id\":\"https:\/\/portaltela.pt\/noticias\/2026\/04\/15\/ataque-com-drones-ucranianos-em-sterlitamak-deixa-um-morto\/#primaryimage\"},\"thumbnailUrl\":\"https:\/\/portaltela.pt\/s.01k8rhncp4jt1\/2026\/04\/img_1280x722uu2026-04-15-15-03-43-2278754.jpg\",\"keywords\":[\"ataques\",\"bombeiros\",\"conflitos internacionais\",\"drones\",\"guerra\",\"R\u00fassia\"],\"articleSection\":[\"Conflitos\",\"Guerra\"],\"inLanguage\":\"pt-PT\"},{\"@type\":\"WebPage\",\"@id\":\"https:\/\/portaltela.pt\/noticias\/2026\/04\/15\/ataque-com-drones-ucranianos-em-sterlitamak-deixa-um-morto\/\",\"url\":\"https:\/\/portaltela.pt\/noticias\/2026\/04\/15\/ataque-com-drones-ucranianos-em-sterlitamak-deixa-um-morto\/\",\"name\":\"Ataque com drones ucranianos em Sterlitamak deixa um morto - Portal Tela Portugal\",\"isPartOf\":{\"@id\":\"https:\/\/portaltela.pt\/#website\"},\"primaryImageOfPage\":{\"@id\":\"https:\/\/portaltela.pt\/noticias\/2026\/04\/15\/ataque-com-drones-ucranianos-em-sterlitamak-deixa-um-morto\/#primaryimage\"},\"image\":{\"@id\":\"https:\/\/portaltela.pt\/noticias\/2026\/04\/15\/ataque-com-drones-ucranianos-em-sterlitamak-deixa-um-morto\/#primaryimage\"},\"thumbnailUrl\":\"https:\/\/portaltela.pt\/s.01k8rhncp4jt1\/2026\/04\/img_1280x722uu2026-04-15-15-03-43-2278754.jpg\",\"datePublished\":\"2026-04-15T14:17:14+00:00\",\"author\":{\"@id\":\"https:\/\/portaltela.pt\/#\/schema\/person\/c4278d4a6028830caff9ee44b42d32ed\"},\"breadcrumb\":{\"@id\":\"https:\/\/portaltela.pt\/noticias\/2026\/04\/15\/ataque-com-drones-ucranianos-em-sterlitamak-deixa-um-morto\/#breadcrumb\"},\"inLanguage\":\"pt-PT\",\"potentialAction\":[{\"@type\":\"ReadAction\",\"target\":[\"https:\/\/portaltela.pt\/noticias\/2026\/04\/15\/ataque-com-drones-ucranianos-em-sterlitamak-deixa-um-morto\/\"]}]},{\"@type\":\"ImageObject\",\"inLanguage\":\"pt-PT\",\"@id\":\"https:\/\/portaltela.pt\/noticias\/2026\/04\/15\/ataque-com-drones-ucranianos-em-sterlitamak-deixa-um-morto\/#primaryimage\",\"url\":\"https:\/\/portaltela.pt\/s.01k8rhncp4jt1\/2026\/04\/img_1280x722uu2026-04-15-15-03-43-2278754.jpg\",\"contentUrl\":\"https:\/\/portaltela.pt\/s.01k8rhncp4jt1\/2026\/04\/img_1280x722uu2026-04-15-15-03-43-2278754.jpg\",\"width\":1280,\"height\":722,\"caption\":\"Photo\"},{\"@type\":\"BreadcrumbList\",\"@id\":\"https:\/\/portaltela.pt\/noticias\/2026\/04\/15\/ataque-com-drones-ucranianos-em-sterlitamak-deixa-um-morto\/#breadcrumb\",\"itemListElement\":[{\"@type\":\"ListItem\",\"position\":1,\"name\":\"In\u00edcio\",\"item\":\"https:\/\/portaltela.pt\/\"},{\"@type\":\"ListItem\",\"position\":2,\"name\":\"Ataque com drones ucranianos em Sterlitamak deixa um morto\"}]},{\"@type\":\"WebSite\",\"@id\":\"https:\/\/portaltela.pt\/#website\",\"url\":\"https:\/\/portaltela.pt\/\",\"name\":\"Portal Tela Portugal\",\"description\":\"\",\"potentialAction\":[{\"@type\":\"SearchAction\",\"target\":{\"@type\":\"EntryPoint\",\"urlTemplate\":\"https:\/\/portaltela.pt\/?s={search_term_string}\"},\"query-input\":{\"@type\":\"PropertyValueSpecification\",\"valueRequired\":true,\"valueName\":\"search_term_string\"}}],\"inLanguage\":\"pt-PT\"},{\"@type\":\"Person\",\"@id\":\"https:\/\/portaltela.pt\/#\/schema\/person\/c4278d4a6028830caff9ee44b42d32ed\",\"name\":\"Telinha\",\"image\":{\"@type\":\"ImageObject\",\"inLanguage\":\"pt-PT\",\"@id\":\"https:\/\/portaltela.pt\/s.01k8rhncp4jt1\/2025\/11\/talking-bot-125x125.png\",\"url\":\"https:\/\/portaltela.pt\/s.01k8rhncp4jt1\/2025\/11\/talking-bot-125x125.png\",\"contentUrl\":\"https:\/\/portaltela.pt\/s.01k8rhncp4jt1\/2025\/11\/talking-bot-125x125.png\",\"caption\":\"Telinha\"},\"sameAs\":[\"https:\/\/portaltela.pt\/\"],\"url\":\"https:\/\/portaltela.pt\/por\/367410592786\/\"}]}<\/script>\n<!-- \/ Yoast SEO plugin. -->","yoast_head_json":{"title":"Ataque com drones ucranianos em Sterlitamak deixa um morto - Portal Tela Portugal","robots":{"index":"index","follow":"follow","max-snippet":"max-snippet:-1","max-image-preview":"max-image-preview:large","max-video-preview":"max-video-preview:-1"},"og_locale":"pt_PT","og_type":"article","og_title":"Ataque com drones ucranianos em Sterlitamak deixa um morto - Portal Tela Portugal","og_description":"Um ataque com drones ucranianos atingiu uma instala\u00e7\u00e3o industrial em Sterlitamak, na R\u00fassia, nesta quarta-feira. O ataque provocou uma v\u00edtima mortal, de acordo com o governador da regi\u00e3o. A v\u00edtima foi um bombeiro que trabalhava nas instala\u00e7\u00f5es atingidas.","og_url":"https:\/\/portaltela.pt\/noticias\/2026\/04\/15\/ataque-com-drones-ucranianos-em-sterlitamak-deixa-um-morto\/","og_site_name":"Portal Tela Portugal","article_published_time":"2026-04-15T14:17:14+00:00","author":"Telinha","twitter_card":"summary_large_image","twitter_misc":{"Escrito por":"Telinha"},"schema":{"@context":"https:\/\/schema.org","@graph":[{"@type":"Article","@id":"https:\/\/portaltela.pt\/noticias\/2026\/04\/15\/ataque-com-drones-ucranianos-em-sterlitamak-deixa-um-morto\/#article","isPartOf":{"@id":"https:\/\/portaltela.pt\/noticias\/2026\/04\/15\/ataque-com-drones-ucranianos-em-sterlitamak-deixa-um-morto\/"},"author":{"name":"Telinha","@id":"https:\/\/portaltela.pt\/#\/schema\/person\/c4278d4a6028830caff9ee44b42d32ed"},"headline":"Ataque com drones ucranianos em Sterlitamak deixa um morto","datePublished":"2026-04-15T14:17:14+00:00","mainEntityOfPage":{"@id":"https:\/\/portaltela.pt\/noticias\/2026\/04\/15\/ataque-com-drones-ucranianos-em-sterlitamak-deixa-um-morto\/"},"wordCount":97,"image":{"@id":"https:\/\/portaltela.pt\/noticias\/2026\/04\/15\/ataque-com-drones-ucranianos-em-sterlitamak-deixa-um-morto\/#primaryimage"},"thumbnailUrl":"https:\/\/portaltela.pt\/s.01k8rhncp4jt1\/2026\/04\/img_1280x722uu2026-04-15-15-03-43-2278754.jpg","keywords":["ataques","bombeiros","conflitos internacionais","drones","guerra","R\u00fassia"],"articleSection":["Conflitos","Guerra"],"inLanguage":"pt-PT"},{"@type":"WebPage","@id":"https:\/\/portaltela.pt\/noticias\/2026\/04\/15\/ataque-com-drones-ucranianos-em-sterlitamak-deixa-um-morto\/","url":"https:\/\/portaltela.pt\/noticias\/2026\/04\/15\/ataque-com-drones-ucranianos-em-sterlitamak-deixa-um-morto\/","name":"Ataque com drones ucranianos em Sterlitamak deixa um morto - Portal Tela Portugal","isPartOf":{"@id":"https:\/\/portaltela.pt\/#website"},"primaryImageOfPage":{"@id":"https:\/\/portaltela.pt\/noticias\/2026\/04\/15\/ataque-com-drones-ucranianos-em-sterlitamak-deixa-um-morto\/#primaryimage"},"image":{"@id":"https:\/\/portaltela.pt\/noticias\/2026\/04\/15\/ataque-com-drones-ucranianos-em-sterlitamak-deixa-um-morto\/#primaryimage"},"thumbnailUrl":"https:\/\/portaltela.pt\/s.01k8rhncp4jt1\/2026\/04\/img_1280x722uu2026-04-15-15-03-43-2278754.jpg","datePublished":"2026-04-15T14:17:14+00:00","author":{"@id":"https:\/\/portaltela.pt\/#\/schema\/person\/c4278d4a6028830caff9ee44b42d32ed"},"breadcrumb":{"@id":"https:\/\/portaltela.pt\/noticias\/2026\/04\/15\/ataque-com-drones-ucranianos-em-sterlitamak-deixa-um-morto\/#breadcrumb"},"inLanguage":"pt-PT","potentialAction":[{"@type":"ReadAction","target":["https:\/\/portaltela.pt\/noticias\/2026\/04\/15\/ataque-com-drones-ucranianos-em-sterlitamak-deixa-um-morto\/"]}]},{"@type":"ImageObject","inLanguage":"pt-PT","@id":"https:\/\/portaltela.pt\/noticias\/2026\/04\/15\/ataque-com-drones-ucranianos-em-sterlitamak-deixa-um-morto\/#primaryimage","url":"https:\/\/portaltela.pt\/s.01k8rhncp4jt1\/2026\/04\/img_1280x722uu2026-04-15-15-03-43-2278754.jpg","contentUrl":"https:\/\/portaltela.pt\/s.01k8rhncp4jt1\/2026\/04\/img_1280x722uu2026-04-15-15-03-43-2278754.jpg","width":1280,"height":722,"caption":"Photo"},{"@type":"BreadcrumbList","@id":"https:\/\/portaltela.pt\/noticias\/2026\/04\/15\/ataque-com-drones-ucranianos-em-sterlitamak-deixa-um-morto\/#breadcrumb","itemListElement":[{"@type":"ListItem","position":1,"name":"In\u00edcio","item":"https:\/\/portaltela.pt\/"},{"@type":"ListItem","position":2,"name":"Ataque com drones ucranianos em Sterlitamak deixa um morto"}]},{"@type":"WebSite","@id":"https:\/\/portaltela.pt\/#website","url":"https:\/\/portaltela.pt\/","name":"Portal Tela Portugal","description":"","potentialAction":[{"@type":"SearchAction","target":{"@type":"EntryPoint","urlTemplate":"https:\/\/portaltela.pt\/?s={search_term_string}"},"query-input":{"@type":"PropertyValueSpecification","valueRequired":true,"valueName":"search_term_string"}}],"inLanguage":"pt-PT"},{"@type":"Person","@id":"https:\/\/portaltela.pt\/#\/schema\/person\/c4278d4a6028830caff9ee44b42d32ed","name":"Telinha","image":{"@type":"ImageObject","inLanguage":"pt-PT","@id":"https:\/\/portaltela.pt\/s.01k8rhncp4jt1\/2025\/11\/talking-bot-125x125.png","url":"https:\/\/portaltela.pt\/s.01k8rhncp4jt1\/2025\/11\/talking-bot-125x125.png","contentUrl":"https:\/\/portaltela.pt\/s.01k8rhncp4jt1\/2025\/11\/talking-bot-125x125.png","caption":"Telinha"},"sameAs":["https:\/\/portaltela.pt\/"],"url":"https:\/\/portaltela.pt\/por\/367410592786\/"}]}},"_links":{"self":[{"href":"https:\/\/portaltela.pt\/api\/wp\/v2\/posts\/445165","targetHints":{"allow":["GET"]}}],"collection":[{"href":"https:\/\/portaltela.pt\/api\/wp\/v2\/posts"}],"about":[{"href":"https:\/\/portaltela.pt\/api\/wp\/v2\/types\/post"}],"author":[{"embeddable":true,"href":"https:\/\/portaltela.pt\/api\/wp\/v2\/users\/2"}],"replies":[{"embeddable":true,"href":"https:\/\/portaltela.pt\/api\/wp\/v2\/comments?post=445165"}],"version-history":[{"count":0,"href":"https:\/\/portaltela.pt\/api\/wp\/v2\/posts\/445165\/revisions"}],"wp:featuredmedia":[{"embeddable":true,"href":"https:\/\/portaltela.pt\/api\/wp\/v2\/media\/445170"}],"wp:attachment":[{"href":"https:\/\/portaltela.pt\/api\/wp\/v2\/media?parent=445165"}],"wp:term":[{"taxonomy":"category","embeddable":true,"href":"https:\/\/portaltela.pt\/api\/wp\/v2\/categories?post=445165"},{"taxonomy":"post_tag","embeddable":true,"href":"https:\/\/portaltela.pt\/api\/wp\/v2\/tags?post=445165"}],"curies":[{"name":"wp","href":"https:\/\/api.w.org\/{rel}","templated":true}]}}