{"id":445150,"date":"2026-04-15T11:02:30","date_gmt":"2026-04-15T14:02:30","guid":{"rendered":"https:\/\/portaltela.pt\/noticias\/2026\/04\/15\/joana-barrios-e-insultada-e-reage-com-humor\/"},"modified":"2026-04-15T11:02:30","modified_gmt":"2026-04-15T14:02:30","slug":"joana-barrios-e-insultada-e-reage-com-humor","status":"publish","type":"post","link":"https:\/\/portaltela.pt\/celebridades\/2026\/04\/15\/joana-barrios-e-insultada-e-reage-com-humor\/","title":{"rendered":"Joana Barrios \u00e9 insultada e reage com humor"},"content":{"rendered":"<p>Joana Barrios viu a sua casa ser alvo de uma picha\u00e7\u00e3o com insultos na noite anterior e respondeu com humor. A situa\u00e7\u00e3o ocorreu no Regueir\u00e3o dos Anjos, junto ao Lugar Nenhum, depois de a chef ter passado a noite a cozinhar para dezoito pessoas numa casa que n\u00e3o \u00e9 sua. O objetivo do epis\u00f3dio parece ter sido provocar a artista.<\/p>\n<p>A pichagem inclu\u00eda o nome da apresentadora com uma grafia incorreta: Joana Barios. Vaca do crl. Barrios descreveu o incidente como crime de dano e pediu que a chapa de desacatos fosse apurada pela pol\u00edcia, levando a p\u00fablico o caso para evitar que se repita.<\/p>\n<p>No Instagram, a apresentadora explicou que, apesar do susto, manteve o esp\u00edrito bem-humorado. Disse que acordou com a vaca que usou na noite anterior para o almo\u00e7o e decidiu tirar uma foto para registar o momento, mantendo o tom leve da publica\u00e7\u00e3o.<\/p>\n<p>A chef revelou ainda que a atitude nas redes visa chamar a aten\u00e7\u00e3o para o \u00f3dio, a viol\u00eancia e o machismo associados ao trabalho nos meios de teatro, televis\u00e3o, r\u00e1dio e culin\u00e1ria. Apontou que tais comportamentos perpetuam estere\u00f3tipos que n\u00e3o ajudam a discutir os temas relevantes.<\/p>\n<p>As rea\u00e7\u00f5es online foram majoritariamente de apoio. Seguidores elogiaram a forma como Barrios enfrentou o epis\u00f3dio, destacando a intelig\u00eancia e o humor usados para lidar com a situa\u00e7\u00e3o. Houve ainda mensagens que celebraram a resposta p\u00fablica como exemplo de resili\u00eancia.<\/p>\n","protected":false},"excerpt":{"rendered":"<ul>\n<li>Joana Barrios foi alvo de uma pichagem na porta do Lugar Nenhum, com a frase dirigida a ela e o nome escrito incorretamente como &#8220;Joana Barios. Vaca do crl&#8221;.<\/li>\n<li>O incidente ocorreu na Regueir\u00e3o dos Anjos, na noite de s\u00e1bado, momento em que a chef revelou ter passado a noite a cozinhar uma vaca para o almo\u00e7o seguinte.<\/li>\n<li>Ela reagiu com humor, tirou uma foto com a vaca na m\u00e3o e classificou o epis\u00f3dio como um momento de \u201cpeak pop culture\u201d, pedindo que se investiguem os crimes.<\/li>\n<li>Barrios disse que o \u00f3dio, a viol\u00eancia e o machismo ligados ao seu trabalho em teatro, televis\u00e3o, r\u00e1dio e comida perpetuam estere\u00f3tipos sem contribuir para nada.<\/li>\n<li>As redes sociais elogiaram a rea\u00e7\u00e3o da chef, com mensagens de apoio e reconhecimento de que a persona p\u00fablica pode chamar aten\u00e7\u00e3o para o sucedido; a pichagem \u00e9 crime.<\/li>\n<\/ul>\n","protected":false},"author":2,"featured_media":445153,"comment_status":"closed","ping_status":"closed","sticky":false,"template":"","format":"standard","meta":{"footnotes":""},"categories":[6675],"tags":[2442,6039,2920,5661,939,1165],"class_list":["post-445150","post","type-post","status-publish","format-standard","has-post-thumbnail","hentry","category-celebridades","tag-difamacao","tag-injuria","tag-liberdade-de-expressao","tag-pessoas-publicas","tag-violencia","tag-violencia-de-genero"],"yoast_head":"<!-- This site is optimized with the Yoast SEO plugin v27.2 - https:\/\/yoast.com\/product\/yoast-seo-wordpress\/ -->\n<title>Joana Barrios \u00e9 insultada e reage com humor - Portal Tela Portugal<\/title>\n<meta name=\"robots\" content=\"index, follow, max-snippet:-1, max-image-preview:large, max-video-preview:-1\" \/>\n<meta property=\"og:locale\" content=\"pt_PT\" \/>\n<meta property=\"og:type\" content=\"article\" \/>\n<meta property=\"og:title\" content=\"Joana Barrios \u00e9 insultada e reage com humor - Portal Tela Portugal\" \/>\n<meta property=\"og:description\" content=\"Joana Barrios foi alvo de uma pichagem na porta do Lugar Nenhum, com a frase dirigida a ela e o nome escrito incorretamente como &quot;Joana Barios. Vaca do crl&quot;. O incidente ocorreu na Regueir\u00e3o dos Anjos, na noite de s\u00e1bado, momento em que a chef revelou ter passado a noite a cozinhar uma vaca para o almo\u00e7o seguinte. Ela reagiu com humor, tirou uma foto com a vaca na m\u00e3o e classificou o epis\u00f3dio como um momento de \u201cpeak pop culture\u201d, pedindo que se investiguem os crimes. Barrios disse que o \u00f3dio, a viol\u00eancia e o machismo ligados ao seu trabalho em teatro, televis\u00e3o, r\u00e1dio e comida perpetuam estere\u00f3tipos sem contribuir para nada. As redes sociais elogiaram a rea\u00e7\u00e3o da chef, com mensagens de apoio e reconhecimento de que a persona p\u00fablica pode chamar aten\u00e7\u00e3o para o sucedido; a pichagem \u00e9 crime.\" \/>\n<meta property=\"og:url\" content=\"https:\/\/portaltela.pt\/noticias\/2026\/04\/15\/joana-barrios-e-insultada-e-reage-com-humor\/\" \/>\n<meta property=\"og:site_name\" content=\"Portal Tela Portugal\" \/>\n<meta property=\"article:published_time\" content=\"2026-04-15T14:02:30+00:00\" \/>\n<meta name=\"author\" content=\"Telinha\" \/>\n<meta name=\"twitter:card\" content=\"summary_large_image\" \/>\n<meta name=\"twitter:label1\" content=\"Escrito por\" \/>\n\t<meta name=\"twitter:data1\" content=\"Telinha\" \/>\n\t<meta name=\"twitter:label2\" content=\"Tempo estimado de leitura\" \/>\n\t<meta name=\"twitter:data2\" content=\"1 minuto\" \/>\n<script type=\"application\/ld+json\" class=\"yoast-schema-graph\">{\"@context\":\"https:\/\/schema.org\",\"@graph\":[{\"@type\":\"Article\",\"@id\":\"https:\/\/portaltela.pt\/noticias\/2026\/04\/15\/joana-barrios-e-insultada-e-reage-com-humor\/#article\",\"isPartOf\":{\"@id\":\"https:\/\/portaltela.pt\/noticias\/2026\/04\/15\/joana-barrios-e-insultada-e-reage-com-humor\/\"},\"author\":{\"name\":\"Telinha\",\"@id\":\"https:\/\/portaltela.pt\/#\/schema\/person\/c4278d4a6028830caff9ee44b42d32ed\"},\"headline\":\"Joana Barrios \u00e9 insultada e reage com humor\",\"datePublished\":\"2026-04-15T14:02:30+00:00\",\"mainEntityOfPage\":{\"@id\":\"https:\/\/portaltela.pt\/noticias\/2026\/04\/15\/joana-barrios-e-insultada-e-reage-com-humor\/\"},\"wordCount\":263,\"image\":{\"@id\":\"https:\/\/portaltela.pt\/noticias\/2026\/04\/15\/joana-barrios-e-insultada-e-reage-com-humor\/#primaryimage\"},\"thumbnailUrl\":\"https:\/\/portaltela.pt\/s.01k8rhncp4jt1\/2026\/04\/img_1280x718uu2026-04-15-14-45-15-2278742-im-639118611958471826.jpg\",\"keywords\":[\"difama\u00e7\u00e3o\",\"inj\u00faria\",\"liberdade de express\u00e3o\",\"pessoas p\u00fablicas\",\"viol\u00eancia\",\"viol\u00eancia de g\u00e9nero\"],\"articleSection\":[\"Celebridades\"],\"inLanguage\":\"pt-PT\"},{\"@type\":\"WebPage\",\"@id\":\"https:\/\/portaltela.pt\/noticias\/2026\/04\/15\/joana-barrios-e-insultada-e-reage-com-humor\/\",\"url\":\"https:\/\/portaltela.pt\/noticias\/2026\/04\/15\/joana-barrios-e-insultada-e-reage-com-humor\/\",\"name\":\"Joana Barrios \u00e9 insultada e reage com humor - Portal Tela Portugal\",\"isPartOf\":{\"@id\":\"https:\/\/portaltela.pt\/#website\"},\"primaryImageOfPage\":{\"@id\":\"https:\/\/portaltela.pt\/noticias\/2026\/04\/15\/joana-barrios-e-insultada-e-reage-com-humor\/#primaryimage\"},\"image\":{\"@id\":\"https:\/\/portaltela.pt\/noticias\/2026\/04\/15\/joana-barrios-e-insultada-e-reage-com-humor\/#primaryimage\"},\"thumbnailUrl\":\"https:\/\/portaltela.pt\/s.01k8rhncp4jt1\/2026\/04\/img_1280x718uu2026-04-15-14-45-15-2278742-im-639118611958471826.jpg\",\"datePublished\":\"2026-04-15T14:02:30+00:00\",\"author\":{\"@id\":\"https:\/\/portaltela.pt\/#\/schema\/person\/c4278d4a6028830caff9ee44b42d32ed\"},\"breadcrumb\":{\"@id\":\"https:\/\/portaltela.pt\/noticias\/2026\/04\/15\/joana-barrios-e-insultada-e-reage-com-humor\/#breadcrumb\"},\"inLanguage\":\"pt-PT\",\"potentialAction\":[{\"@type\":\"ReadAction\",\"target\":[\"https:\/\/portaltela.pt\/noticias\/2026\/04\/15\/joana-barrios-e-insultada-e-reage-com-humor\/\"]}]},{\"@type\":\"ImageObject\",\"inLanguage\":\"pt-PT\",\"@id\":\"https:\/\/portaltela.pt\/noticias\/2026\/04\/15\/joana-barrios-e-insultada-e-reage-com-humor\/#primaryimage\",\"url\":\"https:\/\/portaltela.pt\/s.01k8rhncp4jt1\/2026\/04\/img_1280x718uu2026-04-15-14-45-15-2278742-im-639118611958471826.jpg\",\"contentUrl\":\"https:\/\/portaltela.pt\/s.01k8rhncp4jt1\/2026\/04\/img_1280x718uu2026-04-15-14-45-15-2278742-im-639118611958471826.jpg\",\"width\":796,\"height\":448,\"caption\":\"Joana Barrios reage com humor a insulto na rua e pede investiga\u00e7\u00e3o\"},{\"@type\":\"BreadcrumbList\",\"@id\":\"https:\/\/portaltela.pt\/noticias\/2026\/04\/15\/joana-barrios-e-insultada-e-reage-com-humor\/#breadcrumb\",\"itemListElement\":[{\"@type\":\"ListItem\",\"position\":1,\"name\":\"In\u00edcio\",\"item\":\"https:\/\/portaltela.pt\/\"},{\"@type\":\"ListItem\",\"position\":2,\"name\":\"Joana Barrios \u00e9 insultada e reage com humor\"}]},{\"@type\":\"WebSite\",\"@id\":\"https:\/\/portaltela.pt\/#website\",\"url\":\"https:\/\/portaltela.pt\/\",\"name\":\"Portal Tela Portugal\",\"description\":\"\",\"potentialAction\":[{\"@type\":\"SearchAction\",\"target\":{\"@type\":\"EntryPoint\",\"urlTemplate\":\"https:\/\/portaltela.pt\/?s={search_term_string}\"},\"query-input\":{\"@type\":\"PropertyValueSpecification\",\"valueRequired\":true,\"valueName\":\"search_term_string\"}}],\"inLanguage\":\"pt-PT\"},{\"@type\":\"Person\",\"@id\":\"https:\/\/portaltela.pt\/#\/schema\/person\/c4278d4a6028830caff9ee44b42d32ed\",\"name\":\"Telinha\",\"image\":{\"@type\":\"ImageObject\",\"inLanguage\":\"pt-PT\",\"@id\":\"https:\/\/portaltela.pt\/s.01k8rhncp4jt1\/2025\/11\/talking-bot-125x125.png\",\"url\":\"https:\/\/portaltela.pt\/s.01k8rhncp4jt1\/2025\/11\/talking-bot-125x125.png\",\"contentUrl\":\"https:\/\/portaltela.pt\/s.01k8rhncp4jt1\/2025\/11\/talking-bot-125x125.png\",\"caption\":\"Telinha\"},\"sameAs\":[\"https:\/\/portaltela.pt\/\"],\"url\":\"https:\/\/portaltela.pt\/por\/367410592786\/\"}]}<\/script>\n<!-- \/ Yoast SEO plugin. -->","yoast_head_json":{"title":"Joana Barrios \u00e9 insultada e reage com humor - Portal Tela Portugal","robots":{"index":"index","follow":"follow","max-snippet":"max-snippet:-1","max-image-preview":"max-image-preview:large","max-video-preview":"max-video-preview:-1"},"og_locale":"pt_PT","og_type":"article","og_title":"Joana Barrios \u00e9 insultada e reage com humor - Portal Tela Portugal","og_description":"Joana Barrios foi alvo de uma pichagem na porta do Lugar Nenhum, com a frase dirigida a ela e o nome escrito incorretamente como \"Joana Barios. Vaca do crl\". O incidente ocorreu na Regueir\u00e3o dos Anjos, na noite de s\u00e1bado, momento em que a chef revelou ter passado a noite a cozinhar uma vaca para o almo\u00e7o seguinte. Ela reagiu com humor, tirou uma foto com a vaca na m\u00e3o e classificou o epis\u00f3dio como um momento de \u201cpeak pop culture\u201d, pedindo que se investiguem os crimes. Barrios disse que o \u00f3dio, a viol\u00eancia e o machismo ligados ao seu trabalho em teatro, televis\u00e3o, r\u00e1dio e comida perpetuam estere\u00f3tipos sem contribuir para nada. As redes sociais elogiaram a rea\u00e7\u00e3o da chef, com mensagens de apoio e reconhecimento de que a persona p\u00fablica pode chamar aten\u00e7\u00e3o para o sucedido; a pichagem \u00e9 crime.","og_url":"https:\/\/portaltela.pt\/noticias\/2026\/04\/15\/joana-barrios-e-insultada-e-reage-com-humor\/","og_site_name":"Portal Tela Portugal","article_published_time":"2026-04-15T14:02:30+00:00","author":"Telinha","twitter_card":"summary_large_image","twitter_misc":{"Escrito por":"Telinha","Tempo estimado de leitura":"1 minuto"},"schema":{"@context":"https:\/\/schema.org","@graph":[{"@type":"Article","@id":"https:\/\/portaltela.pt\/noticias\/2026\/04\/15\/joana-barrios-e-insultada-e-reage-com-humor\/#article","isPartOf":{"@id":"https:\/\/portaltela.pt\/noticias\/2026\/04\/15\/joana-barrios-e-insultada-e-reage-com-humor\/"},"author":{"name":"Telinha","@id":"https:\/\/portaltela.pt\/#\/schema\/person\/c4278d4a6028830caff9ee44b42d32ed"},"headline":"Joana Barrios \u00e9 insultada e reage com humor","datePublished":"2026-04-15T14:02:30+00:00","mainEntityOfPage":{"@id":"https:\/\/portaltela.pt\/noticias\/2026\/04\/15\/joana-barrios-e-insultada-e-reage-com-humor\/"},"wordCount":263,"image":{"@id":"https:\/\/portaltela.pt\/noticias\/2026\/04\/15\/joana-barrios-e-insultada-e-reage-com-humor\/#primaryimage"},"thumbnailUrl":"https:\/\/portaltela.pt\/s.01k8rhncp4jt1\/2026\/04\/img_1280x718uu2026-04-15-14-45-15-2278742-im-639118611958471826.jpg","keywords":["difama\u00e7\u00e3o","inj\u00faria","liberdade de express\u00e3o","pessoas p\u00fablicas","viol\u00eancia","viol\u00eancia de g\u00e9nero"],"articleSection":["Celebridades"],"inLanguage":"pt-PT"},{"@type":"WebPage","@id":"https:\/\/portaltela.pt\/noticias\/2026\/04\/15\/joana-barrios-e-insultada-e-reage-com-humor\/","url":"https:\/\/portaltela.pt\/noticias\/2026\/04\/15\/joana-barrios-e-insultada-e-reage-com-humor\/","name":"Joana Barrios \u00e9 insultada e reage com humor - Portal Tela Portugal","isPartOf":{"@id":"https:\/\/portaltela.pt\/#website"},"primaryImageOfPage":{"@id":"https:\/\/portaltela.pt\/noticias\/2026\/04\/15\/joana-barrios-e-insultada-e-reage-com-humor\/#primaryimage"},"image":{"@id":"https:\/\/portaltela.pt\/noticias\/2026\/04\/15\/joana-barrios-e-insultada-e-reage-com-humor\/#primaryimage"},"thumbnailUrl":"https:\/\/portaltela.pt\/s.01k8rhncp4jt1\/2026\/04\/img_1280x718uu2026-04-15-14-45-15-2278742-im-639118611958471826.jpg","datePublished":"2026-04-15T14:02:30+00:00","author":{"@id":"https:\/\/portaltela.pt\/#\/schema\/person\/c4278d4a6028830caff9ee44b42d32ed"},"breadcrumb":{"@id":"https:\/\/portaltela.pt\/noticias\/2026\/04\/15\/joana-barrios-e-insultada-e-reage-com-humor\/#breadcrumb"},"inLanguage":"pt-PT","potentialAction":[{"@type":"ReadAction","target":["https:\/\/portaltela.pt\/noticias\/2026\/04\/15\/joana-barrios-e-insultada-e-reage-com-humor\/"]}]},{"@type":"ImageObject","inLanguage":"pt-PT","@id":"https:\/\/portaltela.pt\/noticias\/2026\/04\/15\/joana-barrios-e-insultada-e-reage-com-humor\/#primaryimage","url":"https:\/\/portaltela.pt\/s.01k8rhncp4jt1\/2026\/04\/img_1280x718uu2026-04-15-14-45-15-2278742-im-639118611958471826.jpg","contentUrl":"https:\/\/portaltela.pt\/s.01k8rhncp4jt1\/2026\/04\/img_1280x718uu2026-04-15-14-45-15-2278742-im-639118611958471826.jpg","width":796,"height":448,"caption":"Joana Barrios reage com humor a insulto na rua e pede investiga\u00e7\u00e3o"},{"@type":"BreadcrumbList","@id":"https:\/\/portaltela.pt\/noticias\/2026\/04\/15\/joana-barrios-e-insultada-e-reage-com-humor\/#breadcrumb","itemListElement":[{"@type":"ListItem","position":1,"name":"In\u00edcio","item":"https:\/\/portaltela.pt\/"},{"@type":"ListItem","position":2,"name":"Joana Barrios \u00e9 insultada e reage com humor"}]},{"@type":"WebSite","@id":"https:\/\/portaltela.pt\/#website","url":"https:\/\/portaltela.pt\/","name":"Portal Tela Portugal","description":"","potentialAction":[{"@type":"SearchAction","target":{"@type":"EntryPoint","urlTemplate":"https:\/\/portaltela.pt\/?s={search_term_string}"},"query-input":{"@type":"PropertyValueSpecification","valueRequired":true,"valueName":"search_term_string"}}],"inLanguage":"pt-PT"},{"@type":"Person","@id":"https:\/\/portaltela.pt\/#\/schema\/person\/c4278d4a6028830caff9ee44b42d32ed","name":"Telinha","image":{"@type":"ImageObject","inLanguage":"pt-PT","@id":"https:\/\/portaltela.pt\/s.01k8rhncp4jt1\/2025\/11\/talking-bot-125x125.png","url":"https:\/\/portaltela.pt\/s.01k8rhncp4jt1\/2025\/11\/talking-bot-125x125.png","contentUrl":"https:\/\/portaltela.pt\/s.01k8rhncp4jt1\/2025\/11\/talking-bot-125x125.png","caption":"Telinha"},"sameAs":["https:\/\/portaltela.pt\/"],"url":"https:\/\/portaltela.pt\/por\/367410592786\/"}]}},"_links":{"self":[{"href":"https:\/\/portaltela.pt\/api\/wp\/v2\/posts\/445150","targetHints":{"allow":["GET"]}}],"collection":[{"href":"https:\/\/portaltela.pt\/api\/wp\/v2\/posts"}],"about":[{"href":"https:\/\/portaltela.pt\/api\/wp\/v2\/types\/post"}],"author":[{"embeddable":true,"href":"https:\/\/portaltela.pt\/api\/wp\/v2\/users\/2"}],"replies":[{"embeddable":true,"href":"https:\/\/portaltela.pt\/api\/wp\/v2\/comments?post=445150"}],"version-history":[{"count":0,"href":"https:\/\/portaltela.pt\/api\/wp\/v2\/posts\/445150\/revisions"}],"wp:featuredmedia":[{"embeddable":true,"href":"https:\/\/portaltela.pt\/api\/wp\/v2\/media\/445153"}],"wp:attachment":[{"href":"https:\/\/portaltela.pt\/api\/wp\/v2\/media?parent=445150"}],"wp:term":[{"taxonomy":"category","embeddable":true,"href":"https:\/\/portaltela.pt\/api\/wp\/v2\/categories?post=445150"},{"taxonomy":"post_tag","embeddable":true,"href":"https:\/\/portaltela.pt\/api\/wp\/v2\/tags?post=445150"}],"curies":[{"name":"wp","href":"https:\/\/api.w.org\/{rel}","templated":true}]}}