{"id":445126,"date":"2026-04-15T10:47:20","date_gmt":"2026-04-15T13:47:20","guid":{"rendered":"https:\/\/portaltela.pt\/noticias\/2026\/04\/15\/uniao-europeia-e-dependente-do-comercio-com-a-china\/"},"modified":"2026-04-15T10:47:20","modified_gmt":"2026-04-15T13:47:20","slug":"uniao-europeia-e-dependente-do-comercio-com-a-china","status":"publish","type":"post","link":"https:\/\/portaltela.pt\/noticias\/economia\/2026\/04\/15\/uniao-europeia-e-dependente-do-comercio-com-a-china\/","title":{"rendered":"Uni\u00e3o Europeia \u00e9 dependente do com\u00e9rcio com a China?"},"content":{"rendered":"<p>A Uni\u00e3o Europeia enfrenta um d\u00e9fice comercial crescente com a China, sem consenso entre os Estados-membros sobre a estrat\u00e9gia mais eficaz. Dados recentes mostram resist\u00eancia em harmonizar as respostas a uma rela\u00e7\u00e3o comercial tensa.<\/p>\n<p>Em 2025, a UE exportou 199,6 mil milh\u00f5es de euros para a China, enquanto as importa\u00e7\u00f5es alcan\u00e7aram 559,4 mil milh\u00f5es. O d\u00e9fice situou-se em 359,8 mil milh\u00f5es, segundo o Eurostat. Em rela\u00e7\u00e3o a 2024, as exporta\u00e7\u00f5es europeias ca\u00edram 6,5% e as importa\u00e7\u00f5es chinesas cresceram 6,4%.<\/p>\n<p>A longo prazo, desde 2015, as exporta\u00e7\u00f5es da UE para a China aumentaram 37,1%, frente a um crescimento de 89% nas importa\u00e7\u00f5es. O setor de m\u00e1quinas e aparelhos mec\u00e2nicos domina as exporta\u00e7\u00f5es, com 22,7%. Seguem-se m\u00e1quinas el\u00e9tricas e equipamento audiovisual, 14,5%, e ve\u00edculos, 8,2%.<\/p>\n<h3>Redirecionamento do com\u00e9rcio<\/h3>\n<p>Os impactos da guerra tarif\u00e1ria de Trump em 2025 levaram a redes de produ\u00e7\u00e3o a mudar e a redirecionar envios para mercados n\u00e3o tarifados. China expandiu com\u00e9rcio com Sudeste Asi\u00e1tico, Europa e \u00c1frica para compensar perdas.<\/p>\n<p>Apesar disso, fluxos comerciais mantiveram-se resilientes, com exporta\u00e7\u00f5es da UE e da China em subida, segundo o grupo Bruegel. O bloco continua a lutar para conter o d\u00e9fice, gerando preocupa\u00e7\u00f5es de concorr\u00eancia desleal, decl\u00ednio industrial e desemprego.<\/p>\n<p>Mais recentemente, P\u00e9ter Magyar, vencedor esmagador das elei\u00e7\u00f5es na Hungria, afirmou que ir\u00e1 rever investimentos chineses no pa\u00eds, especialmente em ve\u00edculos el\u00e9tricos, sem inten\u00e7\u00e3o de encerrar ou impedir projetos.<\/p>\n","protected":false},"excerpt":{"rendered":"<ul>\n<li>A Uni\u00e3o Europeia exportou 199,6 mil milh\u00f5es de euros em mercadorias para a China e importou 559,4 mil milh\u00f5es de euros, gerando um d\u00e9fice comercial de 359,8 mil milh\u00f5es, segundo o Eurostat.<\/li>\n<li>Em rela\u00e7\u00e3o a 2024, as exporta\u00e7\u00f5es da UE ca\u00edram 6,5% e as importa\u00e7\u00f5es da China aumentaram 6,4%.<\/li>\n<li>A longo prazo, desde 2015 as exporta\u00e7\u00f5es da UE para a China cresceram 37,1% e as importa\u00e7\u00f5es aumentaram 89%.<\/li>\n<li>No lado das exporta\u00e7\u00f5es, o setor de m\u00e1quinas e aparelhos mec\u00e2nicos lidera com 22,7% do total, seguido de m\u00e1quinas el\u00e9tricas\/equipamento audiovisual (14,5%) e ve\u00edculos (8,2%).<\/li>\n<li>Nas importa\u00e7\u00f5es, cinco categorias representam quase dois ter\u00e7os do total, com m\u00e1quinas el\u00e9tricas e equipamento audiovisual a 29,5% e m\u00e1quinas e aparelhos mec\u00e2nicos a 19%.<\/li>\n<\/ul>\n","protected":false},"author":2,"featured_media":445133,"comment_status":"closed","ping_status":"closed","sticky":false,"template":"","format":"standard","meta":{"footnotes":""},"categories":[2,6735],"tags":[3225,3368,256,28,3861,2055],"class_list":["post-445126","post","type-post","status-publish","format-standard","has-post-thumbnail","hentry","category-economia","category-negocios","tag-acoes-internacionais","tag-comercio-internacional","tag-cooperacao-internacional","tag-economia","tag-economia-internacional","tag-uniao-europeia"],"yoast_head":"<!-- This site is optimized with the Yoast SEO plugin v27.2 - https:\/\/yoast.com\/product\/yoast-seo-wordpress\/ -->\n<title>Uni\u00e3o Europeia \u00e9 dependente do com\u00e9rcio com a China? - Portal Tela Portugal<\/title>\n<meta name=\"robots\" content=\"index, follow, max-snippet:-1, max-image-preview:large, max-video-preview:-1\" \/>\n<meta property=\"og:locale\" content=\"pt_PT\" \/>\n<meta property=\"og:type\" content=\"article\" \/>\n<meta property=\"og:title\" content=\"Uni\u00e3o Europeia \u00e9 dependente do com\u00e9rcio com a China? - Portal Tela Portugal\" \/>\n<meta property=\"og:description\" content=\"A Uni\u00e3o Europeia exportou 199,6 mil milh\u00f5es de euros em mercadorias para a China e importou 559,4 mil milh\u00f5es de euros, gerando um d\u00e9fice comercial de 359,8 mil milh\u00f5es, segundo o Eurostat. Em rela\u00e7\u00e3o a 2024, as exporta\u00e7\u00f5es da UE ca\u00edram 6,5% e as importa\u00e7\u00f5es da China aumentaram 6,4%. A longo prazo, desde 2015 as exporta\u00e7\u00f5es da UE para a China cresceram 37,1% e as importa\u00e7\u00f5es aumentaram 89%. No lado das exporta\u00e7\u00f5es, o setor de m\u00e1quinas e aparelhos mec\u00e2nicos lidera com 22,7% do total, seguido de m\u00e1quinas el\u00e9tricas\/equipamento audiovisual (14,5%) e ve\u00edculos (8,2%). Nas importa\u00e7\u00f5es, cinco categorias representam quase dois ter\u00e7os do total, com m\u00e1quinas el\u00e9tricas e equipamento audiovisual a 29,5% e m\u00e1quinas e aparelhos mec\u00e2nicos a 19%.\" \/>\n<meta property=\"og:url\" content=\"https:\/\/portaltela.pt\/noticias\/2026\/04\/15\/uniao-europeia-e-dependente-do-comercio-com-a-china\/\" \/>\n<meta property=\"og:site_name\" content=\"Portal Tela Portugal\" \/>\n<meta property=\"article:published_time\" content=\"2026-04-15T13:47:20+00:00\" \/>\n<meta name=\"author\" content=\"Telinha\" \/>\n<meta name=\"twitter:card\" content=\"summary_large_image\" \/>\n<meta name=\"twitter:label1\" content=\"Escrito por\" \/>\n\t<meta name=\"twitter:data1\" content=\"Telinha\" \/>\n\t<meta name=\"twitter:label2\" content=\"Tempo estimado de leitura\" \/>\n\t<meta name=\"twitter:data2\" content=\"1 minuto\" \/>\n<script type=\"application\/ld+json\" class=\"yoast-schema-graph\">{\"@context\":\"https:\/\/schema.org\",\"@graph\":[{\"@type\":\"Article\",\"@id\":\"https:\/\/portaltela.pt\/noticias\/2026\/04\/15\/uniao-europeia-e-dependente-do-comercio-com-a-china\/#article\",\"isPartOf\":{\"@id\":\"https:\/\/portaltela.pt\/noticias\/2026\/04\/15\/uniao-europeia-e-dependente-do-comercio-com-a-china\/\"},\"author\":{\"name\":\"Telinha\",\"@id\":\"https:\/\/portaltela.pt\/#\/schema\/person\/c4278d4a6028830caff9ee44b42d32ed\"},\"headline\":\"Uni\u00e3o Europeia \u00e9 dependente do com\u00e9rcio com a China?\",\"datePublished\":\"2026-04-15T13:47:20+00:00\",\"mainEntityOfPage\":{\"@id\":\"https:\/\/portaltela.pt\/noticias\/2026\/04\/15\/uniao-europeia-e-dependente-do-comercio-com-a-china\/\"},\"wordCount\":264,\"image\":{\"@id\":\"https:\/\/portaltela.pt\/noticias\/2026\/04\/15\/uniao-europeia-e-dependente-do-comercio-com-a-china\/#primaryimage\"},\"thumbnailUrl\":\"https:\/\/portaltela.pt\/s.01k8rhncp4jt1\/2026\/04\/1536x864_cmsv2_929128b6-a6a3-5be9-84cd-8d3cabd119a0-9719900.jpg\",\"keywords\":[\"a\u00e7\u00f5es internacionais\",\"com\u00e9rcio internacional\",\"coopera\u00e7\u00e3o internacional\",\"economia\",\"economia internacional\",\"Uni\u00e3o Europeia\"],\"articleSection\":[\"Economia\",\"Neg\u00f3cios\"],\"inLanguage\":\"pt-PT\"},{\"@type\":\"WebPage\",\"@id\":\"https:\/\/portaltela.pt\/noticias\/2026\/04\/15\/uniao-europeia-e-dependente-do-comercio-com-a-china\/\",\"url\":\"https:\/\/portaltela.pt\/noticias\/2026\/04\/15\/uniao-europeia-e-dependente-do-comercio-com-a-china\/\",\"name\":\"Uni\u00e3o Europeia \u00e9 dependente do com\u00e9rcio com a China? - Portal Tela Portugal\",\"isPartOf\":{\"@id\":\"https:\/\/portaltela.pt\/#website\"},\"primaryImageOfPage\":{\"@id\":\"https:\/\/portaltela.pt\/noticias\/2026\/04\/15\/uniao-europeia-e-dependente-do-comercio-com-a-china\/#primaryimage\"},\"image\":{\"@id\":\"https:\/\/portaltela.pt\/noticias\/2026\/04\/15\/uniao-europeia-e-dependente-do-comercio-com-a-china\/#primaryimage\"},\"thumbnailUrl\":\"https:\/\/portaltela.pt\/s.01k8rhncp4jt1\/2026\/04\/1536x864_cmsv2_929128b6-a6a3-5be9-84cd-8d3cabd119a0-9719900.jpg\",\"datePublished\":\"2026-04-15T13:47:20+00:00\",\"author\":{\"@id\":\"https:\/\/portaltela.pt\/#\/schema\/person\/c4278d4a6028830caff9ee44b42d32ed\"},\"breadcrumb\":{\"@id\":\"https:\/\/portaltela.pt\/noticias\/2026\/04\/15\/uniao-europeia-e-dependente-do-comercio-com-a-china\/#breadcrumb\"},\"inLanguage\":\"pt-PT\",\"potentialAction\":[{\"@type\":\"ReadAction\",\"target\":[\"https:\/\/portaltela.pt\/noticias\/2026\/04\/15\/uniao-europeia-e-dependente-do-comercio-com-a-china\/\"]}]},{\"@type\":\"ImageObject\",\"inLanguage\":\"pt-PT\",\"@id\":\"https:\/\/portaltela.pt\/noticias\/2026\/04\/15\/uniao-europeia-e-dependente-do-comercio-com-a-china\/#primaryimage\",\"url\":\"https:\/\/portaltela.pt\/s.01k8rhncp4jt1\/2026\/04\/1536x864_cmsv2_929128b6-a6a3-5be9-84cd-8d3cabd119a0-9719900.jpg\",\"contentUrl\":\"https:\/\/portaltela.pt\/s.01k8rhncp4jt1\/2026\/04\/1536x864_cmsv2_929128b6-a6a3-5be9-84cd-8d3cabd119a0-9719900.jpg\",\"width\":796,\"height\":448,\"caption\":\"Apesar das tens\u00f5es globais e da guerra tarif\u00e1ria de Trump em 2025, o com\u00e9rcio entre a Uni\u00e3o Europeia e a China no ano passado manteve-se forte.\"},{\"@type\":\"BreadcrumbList\",\"@id\":\"https:\/\/portaltela.pt\/noticias\/2026\/04\/15\/uniao-europeia-e-dependente-do-comercio-com-a-china\/#breadcrumb\",\"itemListElement\":[{\"@type\":\"ListItem\",\"position\":1,\"name\":\"In\u00edcio\",\"item\":\"https:\/\/portaltela.pt\/\"},{\"@type\":\"ListItem\",\"position\":2,\"name\":\"Uni\u00e3o Europeia \u00e9 dependente do com\u00e9rcio com a China?\"}]},{\"@type\":\"WebSite\",\"@id\":\"https:\/\/portaltela.pt\/#website\",\"url\":\"https:\/\/portaltela.pt\/\",\"name\":\"Portal Tela Portugal\",\"description\":\"\",\"potentialAction\":[{\"@type\":\"SearchAction\",\"target\":{\"@type\":\"EntryPoint\",\"urlTemplate\":\"https:\/\/portaltela.pt\/?s={search_term_string}\"},\"query-input\":{\"@type\":\"PropertyValueSpecification\",\"valueRequired\":true,\"valueName\":\"search_term_string\"}}],\"inLanguage\":\"pt-PT\"},{\"@type\":\"Person\",\"@id\":\"https:\/\/portaltela.pt\/#\/schema\/person\/c4278d4a6028830caff9ee44b42d32ed\",\"name\":\"Telinha\",\"image\":{\"@type\":\"ImageObject\",\"inLanguage\":\"pt-PT\",\"@id\":\"https:\/\/portaltela.pt\/s.01k8rhncp4jt1\/2025\/11\/talking-bot-125x125.png\",\"url\":\"https:\/\/portaltela.pt\/s.01k8rhncp4jt1\/2025\/11\/talking-bot-125x125.png\",\"contentUrl\":\"https:\/\/portaltela.pt\/s.01k8rhncp4jt1\/2025\/11\/talking-bot-125x125.png\",\"caption\":\"Telinha\"},\"sameAs\":[\"https:\/\/portaltela.pt\/\"],\"url\":\"https:\/\/portaltela.pt\/por\/367410592786\/\"}]}<\/script>\n<!-- \/ Yoast SEO plugin. -->","yoast_head_json":{"title":"Uni\u00e3o Europeia \u00e9 dependente do com\u00e9rcio com a China? - Portal Tela Portugal","robots":{"index":"index","follow":"follow","max-snippet":"max-snippet:-1","max-image-preview":"max-image-preview:large","max-video-preview":"max-video-preview:-1"},"og_locale":"pt_PT","og_type":"article","og_title":"Uni\u00e3o Europeia \u00e9 dependente do com\u00e9rcio com a China? - Portal Tela Portugal","og_description":"A Uni\u00e3o Europeia exportou 199,6 mil milh\u00f5es de euros em mercadorias para a China e importou 559,4 mil milh\u00f5es de euros, gerando um d\u00e9fice comercial de 359,8 mil milh\u00f5es, segundo o Eurostat. Em rela\u00e7\u00e3o a 2024, as exporta\u00e7\u00f5es da UE ca\u00edram 6,5% e as importa\u00e7\u00f5es da China aumentaram 6,4%. A longo prazo, desde 2015 as exporta\u00e7\u00f5es da UE para a China cresceram 37,1% e as importa\u00e7\u00f5es aumentaram 89%. No lado das exporta\u00e7\u00f5es, o setor de m\u00e1quinas e aparelhos mec\u00e2nicos lidera com 22,7% do total, seguido de m\u00e1quinas el\u00e9tricas\/equipamento audiovisual (14,5%) e ve\u00edculos (8,2%). Nas importa\u00e7\u00f5es, cinco categorias representam quase dois ter\u00e7os do total, com m\u00e1quinas el\u00e9tricas e equipamento audiovisual a 29,5% e m\u00e1quinas e aparelhos mec\u00e2nicos a 19%.","og_url":"https:\/\/portaltela.pt\/noticias\/2026\/04\/15\/uniao-europeia-e-dependente-do-comercio-com-a-china\/","og_site_name":"Portal Tela Portugal","article_published_time":"2026-04-15T13:47:20+00:00","author":"Telinha","twitter_card":"summary_large_image","twitter_misc":{"Escrito por":"Telinha","Tempo estimado de leitura":"1 minuto"},"schema":{"@context":"https:\/\/schema.org","@graph":[{"@type":"Article","@id":"https:\/\/portaltela.pt\/noticias\/2026\/04\/15\/uniao-europeia-e-dependente-do-comercio-com-a-china\/#article","isPartOf":{"@id":"https:\/\/portaltela.pt\/noticias\/2026\/04\/15\/uniao-europeia-e-dependente-do-comercio-com-a-china\/"},"author":{"name":"Telinha","@id":"https:\/\/portaltela.pt\/#\/schema\/person\/c4278d4a6028830caff9ee44b42d32ed"},"headline":"Uni\u00e3o Europeia \u00e9 dependente do com\u00e9rcio com a China?","datePublished":"2026-04-15T13:47:20+00:00","mainEntityOfPage":{"@id":"https:\/\/portaltela.pt\/noticias\/2026\/04\/15\/uniao-europeia-e-dependente-do-comercio-com-a-china\/"},"wordCount":264,"image":{"@id":"https:\/\/portaltela.pt\/noticias\/2026\/04\/15\/uniao-europeia-e-dependente-do-comercio-com-a-china\/#primaryimage"},"thumbnailUrl":"https:\/\/portaltela.pt\/s.01k8rhncp4jt1\/2026\/04\/1536x864_cmsv2_929128b6-a6a3-5be9-84cd-8d3cabd119a0-9719900.jpg","keywords":["a\u00e7\u00f5es internacionais","com\u00e9rcio internacional","coopera\u00e7\u00e3o internacional","economia","economia internacional","Uni\u00e3o Europeia"],"articleSection":["Economia","Neg\u00f3cios"],"inLanguage":"pt-PT"},{"@type":"WebPage","@id":"https:\/\/portaltela.pt\/noticias\/2026\/04\/15\/uniao-europeia-e-dependente-do-comercio-com-a-china\/","url":"https:\/\/portaltela.pt\/noticias\/2026\/04\/15\/uniao-europeia-e-dependente-do-comercio-com-a-china\/","name":"Uni\u00e3o Europeia \u00e9 dependente do com\u00e9rcio com a China? - Portal Tela Portugal","isPartOf":{"@id":"https:\/\/portaltela.pt\/#website"},"primaryImageOfPage":{"@id":"https:\/\/portaltela.pt\/noticias\/2026\/04\/15\/uniao-europeia-e-dependente-do-comercio-com-a-china\/#primaryimage"},"image":{"@id":"https:\/\/portaltela.pt\/noticias\/2026\/04\/15\/uniao-europeia-e-dependente-do-comercio-com-a-china\/#primaryimage"},"thumbnailUrl":"https:\/\/portaltela.pt\/s.01k8rhncp4jt1\/2026\/04\/1536x864_cmsv2_929128b6-a6a3-5be9-84cd-8d3cabd119a0-9719900.jpg","datePublished":"2026-04-15T13:47:20+00:00","author":{"@id":"https:\/\/portaltela.pt\/#\/schema\/person\/c4278d4a6028830caff9ee44b42d32ed"},"breadcrumb":{"@id":"https:\/\/portaltela.pt\/noticias\/2026\/04\/15\/uniao-europeia-e-dependente-do-comercio-com-a-china\/#breadcrumb"},"inLanguage":"pt-PT","potentialAction":[{"@type":"ReadAction","target":["https:\/\/portaltela.pt\/noticias\/2026\/04\/15\/uniao-europeia-e-dependente-do-comercio-com-a-china\/"]}]},{"@type":"ImageObject","inLanguage":"pt-PT","@id":"https:\/\/portaltela.pt\/noticias\/2026\/04\/15\/uniao-europeia-e-dependente-do-comercio-com-a-china\/#primaryimage","url":"https:\/\/portaltela.pt\/s.01k8rhncp4jt1\/2026\/04\/1536x864_cmsv2_929128b6-a6a3-5be9-84cd-8d3cabd119a0-9719900.jpg","contentUrl":"https:\/\/portaltela.pt\/s.01k8rhncp4jt1\/2026\/04\/1536x864_cmsv2_929128b6-a6a3-5be9-84cd-8d3cabd119a0-9719900.jpg","width":796,"height":448,"caption":"Apesar das tens\u00f5es globais e da guerra tarif\u00e1ria de Trump em 2025, o com\u00e9rcio entre a Uni\u00e3o Europeia e a China no ano passado manteve-se forte."},{"@type":"BreadcrumbList","@id":"https:\/\/portaltela.pt\/noticias\/2026\/04\/15\/uniao-europeia-e-dependente-do-comercio-com-a-china\/#breadcrumb","itemListElement":[{"@type":"ListItem","position":1,"name":"In\u00edcio","item":"https:\/\/portaltela.pt\/"},{"@type":"ListItem","position":2,"name":"Uni\u00e3o Europeia \u00e9 dependente do com\u00e9rcio com a China?"}]},{"@type":"WebSite","@id":"https:\/\/portaltela.pt\/#website","url":"https:\/\/portaltela.pt\/","name":"Portal Tela Portugal","description":"","potentialAction":[{"@type":"SearchAction","target":{"@type":"EntryPoint","urlTemplate":"https:\/\/portaltela.pt\/?s={search_term_string}"},"query-input":{"@type":"PropertyValueSpecification","valueRequired":true,"valueName":"search_term_string"}}],"inLanguage":"pt-PT"},{"@type":"Person","@id":"https:\/\/portaltela.pt\/#\/schema\/person\/c4278d4a6028830caff9ee44b42d32ed","name":"Telinha","image":{"@type":"ImageObject","inLanguage":"pt-PT","@id":"https:\/\/portaltela.pt\/s.01k8rhncp4jt1\/2025\/11\/talking-bot-125x125.png","url":"https:\/\/portaltela.pt\/s.01k8rhncp4jt1\/2025\/11\/talking-bot-125x125.png","contentUrl":"https:\/\/portaltela.pt\/s.01k8rhncp4jt1\/2025\/11\/talking-bot-125x125.png","caption":"Telinha"},"sameAs":["https:\/\/portaltela.pt\/"],"url":"https:\/\/portaltela.pt\/por\/367410592786\/"}]}},"_links":{"self":[{"href":"https:\/\/portaltela.pt\/api\/wp\/v2\/posts\/445126","targetHints":{"allow":["GET"]}}],"collection":[{"href":"https:\/\/portaltela.pt\/api\/wp\/v2\/posts"}],"about":[{"href":"https:\/\/portaltela.pt\/api\/wp\/v2\/types\/post"}],"author":[{"embeddable":true,"href":"https:\/\/portaltela.pt\/api\/wp\/v2\/users\/2"}],"replies":[{"embeddable":true,"href":"https:\/\/portaltela.pt\/api\/wp\/v2\/comments?post=445126"}],"version-history":[{"count":0,"href":"https:\/\/portaltela.pt\/api\/wp\/v2\/posts\/445126\/revisions"}],"wp:featuredmedia":[{"embeddable":true,"href":"https:\/\/portaltela.pt\/api\/wp\/v2\/media\/445133"}],"wp:attachment":[{"href":"https:\/\/portaltela.pt\/api\/wp\/v2\/media?parent=445126"}],"wp:term":[{"taxonomy":"category","embeddable":true,"href":"https:\/\/portaltela.pt\/api\/wp\/v2\/categories?post=445126"},{"taxonomy":"post_tag","embeddable":true,"href":"https:\/\/portaltela.pt\/api\/wp\/v2\/tags?post=445126"}],"curies":[{"name":"wp","href":"https:\/\/api.w.org\/{rel}","templated":true}]}}