{"id":444994,"date":"2026-04-15T09:17:02","date_gmt":"2026-04-15T12:17:02","guid":{"rendered":"https:\/\/portaltela.pt\/noticias\/2026\/04\/15\/neemias-queta-revela-numeros-da-sua-epoca-de-maior-rendimento\/"},"modified":"2026-04-15T09:17:02","modified_gmt":"2026-04-15T12:17:02","slug":"neemias-queta-revela-numeros-da-sua-epoca-de-maior-rendimento","status":"publish","type":"post","link":"https:\/\/portaltela.pt\/desporto\/futebol\/2026\/04\/15\/neemias-queta-revela-numeros-da-sua-epoca-de-maior-rendimento\/","title":{"rendered":"Neemias Queta revela n\u00fameros da sua \u00e9poca de maior rendimento"},"content":{"rendered":"<p>Neemias Queta, jogador portugu\u00eas do Celtics, foi promovido a titular no arranque da temporada. A equipa contou com ele na aus\u00eancia de Jayson Tatum, mantendo a competitividade na NBA.<\/p>\n<p>Ao longo da \u00e9poca, Queta mostrou evolu\u00e7\u00e3o not\u00e1vel, com n\u00fameros que destacaram a sua contribui\u00e7\u00e3o na rota\u00e7\u00e3o, especialmente a defesa e o jogo no interior.<\/p>\n<p>A dire\u00e7\u00e3o do Celtics reconheceu o papel do jogador na continuidade do desempenho da equipa, num percurso marcado por aus\u00eancias e ajustes ao plantel.<\/p>\n","protected":false},"excerpt":{"rendered":"<ul>\n<li>Neemias Queta foi promovido a titular do Celtics, destacando-se como poste portugu\u00eas.<\/li>\n<li>A \u00e9poca foi de regularidade acima da m\u00e9dia, com n\u00fameros not\u00e1veis que ajudaram a equipa a manter competitiva.<\/li>\n<li>O desempenho deu resposta \u00e0 aus\u00eancia de Jayson Tatum, contribuindo para o campaign da equipa.<\/li>\n<li>O jogador \u00e9 lembrado pela forma como evoluiu e mostrou consist\u00eancia durante a temporada.<\/li>\n<li>A temporada fica associada a uma fase de pico no carreira do atleta, destacando-se no Vale da Amoreira.<\/li>\n<\/ul>\n","protected":false},"author":2,"featured_media":444998,"comment_status":"closed","ping_status":"closed","sticky":false,"template":"","format":"standard","meta":{"footnotes":""},"categories":[21,24],"tags":[85,6574,152,242,110,1014],"class_list":["post-444994","post","type-post","status-publish","format-standard","has-post-thumbnail","hentry","category-desporto","category-futebol","tag-basquete","tag-defesa","tag-desporto","tag-jogadores","tag-nba","tag-portugal"],"yoast_head":"<!-- This site is optimized with the Yoast SEO plugin v27.2 - https:\/\/yoast.com\/product\/yoast-seo-wordpress\/ -->\n<title>Neemias Queta revela n\u00fameros da sua \u00e9poca de maior rendimento - Portal Tela Portugal<\/title>\n<meta name=\"robots\" content=\"index, follow, max-snippet:-1, max-image-preview:large, max-video-preview:-1\" \/>\n<meta property=\"og:locale\" content=\"pt_PT\" \/>\n<meta property=\"og:type\" content=\"article\" \/>\n<meta property=\"og:title\" content=\"Neemias Queta revela n\u00fameros da sua \u00e9poca de maior rendimento - Portal Tela Portugal\" \/>\n<meta property=\"og:description\" content=\"Neemias Queta foi promovido a titular do Celtics, destacando-se como poste portugu\u00eas. A \u00e9poca foi de regularidade acima da m\u00e9dia, com n\u00fameros not\u00e1veis que ajudaram a equipa a manter competitiva. O desempenho deu resposta \u00e0 aus\u00eancia de Jayson Tatum, contribuindo para o campaign da equipa. O jogador \u00e9 lembrado pela forma como evoluiu e mostrou consist\u00eancia durante a temporada. A temporada fica associada a uma fase de pico no carreira do atleta, destacando-se no Vale da Amoreira.\" \/>\n<meta property=\"og:url\" content=\"https:\/\/portaltela.pt\/noticias\/2026\/04\/15\/neemias-queta-revela-numeros-da-sua-epoca-de-maior-rendimento\/\" \/>\n<meta property=\"og:site_name\" content=\"Portal Tela Portugal\" \/>\n<meta property=\"article:published_time\" content=\"2026-04-15T12:17:02+00:00\" \/>\n<meta name=\"author\" content=\"Telinha\" \/>\n<meta name=\"twitter:card\" content=\"summary_large_image\" \/>\n<meta name=\"twitter:label1\" content=\"Escrito por\" \/>\n\t<meta name=\"twitter:data1\" content=\"Telinha\" \/>\n<script type=\"application\/ld+json\" class=\"yoast-schema-graph\">{\"@context\":\"https:\/\/schema.org\",\"@graph\":[{\"@type\":\"Article\",\"@id\":\"https:\/\/portaltela.pt\/noticias\/2026\/04\/15\/neemias-queta-revela-numeros-da-sua-epoca-de-maior-rendimento\/#article\",\"isPartOf\":{\"@id\":\"https:\/\/portaltela.pt\/noticias\/2026\/04\/15\/neemias-queta-revela-numeros-da-sua-epoca-de-maior-rendimento\/\"},\"author\":{\"name\":\"Telinha\",\"@id\":\"https:\/\/portaltela.pt\/#\/schema\/person\/c4278d4a6028830caff9ee44b42d32ed\"},\"headline\":\"Neemias Queta revela n\u00fameros da sua \u00e9poca de maior rendimento\",\"datePublished\":\"2026-04-15T12:17:02+00:00\",\"mainEntityOfPage\":{\"@id\":\"https:\/\/portaltela.pt\/noticias\/2026\/04\/15\/neemias-queta-revela-numeros-da-sua-epoca-de-maior-rendimento\/\"},\"wordCount\":98,\"image\":{\"@id\":\"https:\/\/portaltela.pt\/noticias\/2026\/04\/15\/neemias-queta-revela-numeros-da-sua-epoca-de-maior-rendimento\/#primaryimage\"},\"thumbnailUrl\":\"https:\/\/portaltela.pt\/s.01k8rhncp4jt1\/2026\/04\/img_293x165uu2026-04-15-13-09-08-2433139.jpg\",\"keywords\":[\"basquete\",\"defesa\",\"desporto\",\"jogadores\",\"nba\",\"Portugal\"],\"articleSection\":[\"Desporto\",\"Futebol\"],\"inLanguage\":\"pt-PT\"},{\"@type\":\"WebPage\",\"@id\":\"https:\/\/portaltela.pt\/noticias\/2026\/04\/15\/neemias-queta-revela-numeros-da-sua-epoca-de-maior-rendimento\/\",\"url\":\"https:\/\/portaltela.pt\/noticias\/2026\/04\/15\/neemias-queta-revela-numeros-da-sua-epoca-de-maior-rendimento\/\",\"name\":\"Neemias Queta revela n\u00fameros da sua \u00e9poca de maior rendimento - Portal Tela Portugal\",\"isPartOf\":{\"@id\":\"https:\/\/portaltela.pt\/#website\"},\"primaryImageOfPage\":{\"@id\":\"https:\/\/portaltela.pt\/noticias\/2026\/04\/15\/neemias-queta-revela-numeros-da-sua-epoca-de-maior-rendimento\/#primaryimage\"},\"image\":{\"@id\":\"https:\/\/portaltela.pt\/noticias\/2026\/04\/15\/neemias-queta-revela-numeros-da-sua-epoca-de-maior-rendimento\/#primaryimage\"},\"thumbnailUrl\":\"https:\/\/portaltela.pt\/s.01k8rhncp4jt1\/2026\/04\/img_293x165uu2026-04-15-13-09-08-2433139.jpg\",\"datePublished\":\"2026-04-15T12:17:02+00:00\",\"author\":{\"@id\":\"https:\/\/portaltela.pt\/#\/schema\/person\/c4278d4a6028830caff9ee44b42d32ed\"},\"breadcrumb\":{\"@id\":\"https:\/\/portaltela.pt\/noticias\/2026\/04\/15\/neemias-queta-revela-numeros-da-sua-epoca-de-maior-rendimento\/#breadcrumb\"},\"inLanguage\":\"pt-PT\",\"potentialAction\":[{\"@type\":\"ReadAction\",\"target\":[\"https:\/\/portaltela.pt\/noticias\/2026\/04\/15\/neemias-queta-revela-numeros-da-sua-epoca-de-maior-rendimento\/\"]}]},{\"@type\":\"ImageObject\",\"inLanguage\":\"pt-PT\",\"@id\":\"https:\/\/portaltela.pt\/noticias\/2026\/04\/15\/neemias-queta-revela-numeros-da-sua-epoca-de-maior-rendimento\/#primaryimage\",\"url\":\"https:\/\/portaltela.pt\/s.01k8rhncp4jt1\/2026\/04\/img_293x165uu2026-04-15-13-09-08-2433139.jpg\",\"contentUrl\":\"https:\/\/portaltela.pt\/s.01k8rhncp4jt1\/2026\/04\/img_293x165uu2026-04-15-13-09-08-2433139.jpg\",\"width\":796,\"height\":448,\"caption\":\"Neemias Queta como nunca se viu: todos os n\u00fameros da \u00e9poca dourada do poste\"},{\"@type\":\"BreadcrumbList\",\"@id\":\"https:\/\/portaltela.pt\/noticias\/2026\/04\/15\/neemias-queta-revela-numeros-da-sua-epoca-de-maior-rendimento\/#breadcrumb\",\"itemListElement\":[{\"@type\":\"ListItem\",\"position\":1,\"name\":\"In\u00edcio\",\"item\":\"https:\/\/portaltela.pt\/\"},{\"@type\":\"ListItem\",\"position\":2,\"name\":\"Neemias Queta revela n\u00fameros da sua \u00e9poca de maior rendimento\"}]},{\"@type\":\"WebSite\",\"@id\":\"https:\/\/portaltela.pt\/#website\",\"url\":\"https:\/\/portaltela.pt\/\",\"name\":\"Portal Tela Portugal\",\"description\":\"\",\"potentialAction\":[{\"@type\":\"SearchAction\",\"target\":{\"@type\":\"EntryPoint\",\"urlTemplate\":\"https:\/\/portaltela.pt\/?s={search_term_string}\"},\"query-input\":{\"@type\":\"PropertyValueSpecification\",\"valueRequired\":true,\"valueName\":\"search_term_string\"}}],\"inLanguage\":\"pt-PT\"},{\"@type\":\"Person\",\"@id\":\"https:\/\/portaltela.pt\/#\/schema\/person\/c4278d4a6028830caff9ee44b42d32ed\",\"name\":\"Telinha\",\"image\":{\"@type\":\"ImageObject\",\"inLanguage\":\"pt-PT\",\"@id\":\"https:\/\/portaltela.pt\/s.01k8rhncp4jt1\/2025\/11\/talking-bot-125x125.png\",\"url\":\"https:\/\/portaltela.pt\/s.01k8rhncp4jt1\/2025\/11\/talking-bot-125x125.png\",\"contentUrl\":\"https:\/\/portaltela.pt\/s.01k8rhncp4jt1\/2025\/11\/talking-bot-125x125.png\",\"caption\":\"Telinha\"},\"sameAs\":[\"https:\/\/portaltela.pt\/\"],\"url\":\"https:\/\/portaltela.pt\/por\/367410592786\/\"}]}<\/script>\n<!-- \/ Yoast SEO plugin. -->","yoast_head_json":{"title":"Neemias Queta revela n\u00fameros da sua \u00e9poca de maior rendimento - Portal Tela Portugal","robots":{"index":"index","follow":"follow","max-snippet":"max-snippet:-1","max-image-preview":"max-image-preview:large","max-video-preview":"max-video-preview:-1"},"og_locale":"pt_PT","og_type":"article","og_title":"Neemias Queta revela n\u00fameros da sua \u00e9poca de maior rendimento - Portal Tela Portugal","og_description":"Neemias Queta foi promovido a titular do Celtics, destacando-se como poste portugu\u00eas. A \u00e9poca foi de regularidade acima da m\u00e9dia, com n\u00fameros not\u00e1veis que ajudaram a equipa a manter competitiva. O desempenho deu resposta \u00e0 aus\u00eancia de Jayson Tatum, contribuindo para o campaign da equipa. O jogador \u00e9 lembrado pela forma como evoluiu e mostrou consist\u00eancia durante a temporada. A temporada fica associada a uma fase de pico no carreira do atleta, destacando-se no Vale da Amoreira.","og_url":"https:\/\/portaltela.pt\/noticias\/2026\/04\/15\/neemias-queta-revela-numeros-da-sua-epoca-de-maior-rendimento\/","og_site_name":"Portal Tela Portugal","article_published_time":"2026-04-15T12:17:02+00:00","author":"Telinha","twitter_card":"summary_large_image","twitter_misc":{"Escrito por":"Telinha"},"schema":{"@context":"https:\/\/schema.org","@graph":[{"@type":"Article","@id":"https:\/\/portaltela.pt\/noticias\/2026\/04\/15\/neemias-queta-revela-numeros-da-sua-epoca-de-maior-rendimento\/#article","isPartOf":{"@id":"https:\/\/portaltela.pt\/noticias\/2026\/04\/15\/neemias-queta-revela-numeros-da-sua-epoca-de-maior-rendimento\/"},"author":{"name":"Telinha","@id":"https:\/\/portaltela.pt\/#\/schema\/person\/c4278d4a6028830caff9ee44b42d32ed"},"headline":"Neemias Queta revela n\u00fameros da sua \u00e9poca de maior rendimento","datePublished":"2026-04-15T12:17:02+00:00","mainEntityOfPage":{"@id":"https:\/\/portaltela.pt\/noticias\/2026\/04\/15\/neemias-queta-revela-numeros-da-sua-epoca-de-maior-rendimento\/"},"wordCount":98,"image":{"@id":"https:\/\/portaltela.pt\/noticias\/2026\/04\/15\/neemias-queta-revela-numeros-da-sua-epoca-de-maior-rendimento\/#primaryimage"},"thumbnailUrl":"https:\/\/portaltela.pt\/s.01k8rhncp4jt1\/2026\/04\/img_293x165uu2026-04-15-13-09-08-2433139.jpg","keywords":["basquete","defesa","desporto","jogadores","nba","Portugal"],"articleSection":["Desporto","Futebol"],"inLanguage":"pt-PT"},{"@type":"WebPage","@id":"https:\/\/portaltela.pt\/noticias\/2026\/04\/15\/neemias-queta-revela-numeros-da-sua-epoca-de-maior-rendimento\/","url":"https:\/\/portaltela.pt\/noticias\/2026\/04\/15\/neemias-queta-revela-numeros-da-sua-epoca-de-maior-rendimento\/","name":"Neemias Queta revela n\u00fameros da sua \u00e9poca de maior rendimento - Portal Tela Portugal","isPartOf":{"@id":"https:\/\/portaltela.pt\/#website"},"primaryImageOfPage":{"@id":"https:\/\/portaltela.pt\/noticias\/2026\/04\/15\/neemias-queta-revela-numeros-da-sua-epoca-de-maior-rendimento\/#primaryimage"},"image":{"@id":"https:\/\/portaltela.pt\/noticias\/2026\/04\/15\/neemias-queta-revela-numeros-da-sua-epoca-de-maior-rendimento\/#primaryimage"},"thumbnailUrl":"https:\/\/portaltela.pt\/s.01k8rhncp4jt1\/2026\/04\/img_293x165uu2026-04-15-13-09-08-2433139.jpg","datePublished":"2026-04-15T12:17:02+00:00","author":{"@id":"https:\/\/portaltela.pt\/#\/schema\/person\/c4278d4a6028830caff9ee44b42d32ed"},"breadcrumb":{"@id":"https:\/\/portaltela.pt\/noticias\/2026\/04\/15\/neemias-queta-revela-numeros-da-sua-epoca-de-maior-rendimento\/#breadcrumb"},"inLanguage":"pt-PT","potentialAction":[{"@type":"ReadAction","target":["https:\/\/portaltela.pt\/noticias\/2026\/04\/15\/neemias-queta-revela-numeros-da-sua-epoca-de-maior-rendimento\/"]}]},{"@type":"ImageObject","inLanguage":"pt-PT","@id":"https:\/\/portaltela.pt\/noticias\/2026\/04\/15\/neemias-queta-revela-numeros-da-sua-epoca-de-maior-rendimento\/#primaryimage","url":"https:\/\/portaltela.pt\/s.01k8rhncp4jt1\/2026\/04\/img_293x165uu2026-04-15-13-09-08-2433139.jpg","contentUrl":"https:\/\/portaltela.pt\/s.01k8rhncp4jt1\/2026\/04\/img_293x165uu2026-04-15-13-09-08-2433139.jpg","width":796,"height":448,"caption":"Neemias Queta como nunca se viu: todos os n\u00fameros da \u00e9poca dourada do poste"},{"@type":"BreadcrumbList","@id":"https:\/\/portaltela.pt\/noticias\/2026\/04\/15\/neemias-queta-revela-numeros-da-sua-epoca-de-maior-rendimento\/#breadcrumb","itemListElement":[{"@type":"ListItem","position":1,"name":"In\u00edcio","item":"https:\/\/portaltela.pt\/"},{"@type":"ListItem","position":2,"name":"Neemias Queta revela n\u00fameros da sua \u00e9poca de maior rendimento"}]},{"@type":"WebSite","@id":"https:\/\/portaltela.pt\/#website","url":"https:\/\/portaltela.pt\/","name":"Portal Tela Portugal","description":"","potentialAction":[{"@type":"SearchAction","target":{"@type":"EntryPoint","urlTemplate":"https:\/\/portaltela.pt\/?s={search_term_string}"},"query-input":{"@type":"PropertyValueSpecification","valueRequired":true,"valueName":"search_term_string"}}],"inLanguage":"pt-PT"},{"@type":"Person","@id":"https:\/\/portaltela.pt\/#\/schema\/person\/c4278d4a6028830caff9ee44b42d32ed","name":"Telinha","image":{"@type":"ImageObject","inLanguage":"pt-PT","@id":"https:\/\/portaltela.pt\/s.01k8rhncp4jt1\/2025\/11\/talking-bot-125x125.png","url":"https:\/\/portaltela.pt\/s.01k8rhncp4jt1\/2025\/11\/talking-bot-125x125.png","contentUrl":"https:\/\/portaltela.pt\/s.01k8rhncp4jt1\/2025\/11\/talking-bot-125x125.png","caption":"Telinha"},"sameAs":["https:\/\/portaltela.pt\/"],"url":"https:\/\/portaltela.pt\/por\/367410592786\/"}]}},"_links":{"self":[{"href":"https:\/\/portaltela.pt\/api\/wp\/v2\/posts\/444994","targetHints":{"allow":["GET"]}}],"collection":[{"href":"https:\/\/portaltela.pt\/api\/wp\/v2\/posts"}],"about":[{"href":"https:\/\/portaltela.pt\/api\/wp\/v2\/types\/post"}],"author":[{"embeddable":true,"href":"https:\/\/portaltela.pt\/api\/wp\/v2\/users\/2"}],"replies":[{"embeddable":true,"href":"https:\/\/portaltela.pt\/api\/wp\/v2\/comments?post=444994"}],"version-history":[{"count":0,"href":"https:\/\/portaltela.pt\/api\/wp\/v2\/posts\/444994\/revisions"}],"wp:featuredmedia":[{"embeddable":true,"href":"https:\/\/portaltela.pt\/api\/wp\/v2\/media\/444998"}],"wp:attachment":[{"href":"https:\/\/portaltela.pt\/api\/wp\/v2\/media?parent=444994"}],"wp:term":[{"taxonomy":"category","embeddable":true,"href":"https:\/\/portaltela.pt\/api\/wp\/v2\/categories?post=444994"},{"taxonomy":"post_tag","embeddable":true,"href":"https:\/\/portaltela.pt\/api\/wp\/v2\/tags?post=444994"}],"curies":[{"name":"wp","href":"https:\/\/api.w.org\/{rel}","templated":true}]}}