{"id":444973,"date":"2026-04-15T09:02:34","date_gmt":"2026-04-15T12:02:34","guid":{"rendered":"https:\/\/portaltela.pt\/noticias\/2026\/04\/15\/a-boa-alma-de-setsuan-ganha-nova-encenacao\/"},"modified":"2026-04-15T09:02:34","modified_gmt":"2026-04-15T12:02:34","slug":"a-boa-alma-de-setsuan-ganha-nova-encenacao","status":"publish","type":"post","link":"https:\/\/portaltela.pt\/noticias\/2026\/04\/15\/a-boa-alma-de-setsuan-ganha-nova-encenacao\/","title":{"rendered":"A Boa Alma de Setsuan ganha nova encena\u00e7\u00e3o"},"content":{"rendered":"<p>O A Boa Alma de Setsuan, de Bertolt Brecht, ganha uma nova encena\u00e7\u00e3o de Rui Lu\u00eds Br\u00e1s, apresentada pelo Teatroesfera. A pe\u00e7a sobe a palco no Teatroesfera, de 24 de abril a 10 de maio, \u00e0s sextas-feiras e s\u00e1bados \u00e0s 21h e aos domingos \u00e0s 16h.<\/p>\n<p>Num contexto mundial marcado por tens\u00f5es sociais, crescentes extremismos e desigualdades, a produ\u00e7\u00e3o prop\u00f5e uma reflex\u00e3o sobre a possibilidade de agir com \u00e9tica num sistema que muitas vezes penaliza a solidariedade. A obra, escrita na primeira metade do s\u00e9culo XX, mant\u00e9m a atualidade ao abordar temas como desigualdade econ\u00f3mica, explora\u00e7\u00e3o de vulner\u00e1veis e injusti\u00e7a social.<\/p>\n<p>A encena\u00e7\u00e3o reinterpreta Brecht para o p\u00fablico contempor\u00e2neo, mantendo a tradu\u00e7\u00e3o de Ilse Losa e potenciando uma leitura cr\u00edtica sobre valores \u00e9ticos versus as exig\u00eancias do mundo atual. O espet\u00e1culo integra m\u00fasica, sonoplastia e uma equipa criativa que visa uma leitura r\u00edgida e objetiva dos conflitos apresentados.<\/p>\n<h3>Elenco e equipa<\/h3>\n<p>A apresenta\u00e7\u00e3o conta com int\u00e9rpretes como Ana Landum, Ana L\u00facia Palminha, David Mesquita, Filipa Chaves, Guilherme Br\u00e1s, Isabel Ribas, Jorge Estreia, Paula Sousa, Pedro Bargado, Rui Lu\u00eds Br\u00e1s e Tiago Ribas. A dire\u00e7\u00e3o art\u00edstica fica a cargo de Paula Sousa, enquanto a dire\u00e7\u00e3o t\u00e9cnica \u00e9 de Jorge Estreia. A produ\u00e7\u00e3o \u00e9 de Leandro Rodrigues Gouveia e Herm\u00ednia Melo.<\/p>\n<p>Entre os elementos cenogr\u00e1ficos, destacam-se Marta Fernandes da Silva (cenografia), Rafaela Mapril (figurinos) e El Duplo (desenho de luz). A coordena\u00e7\u00e3o de som e luz \u00e9 assegurada por Adriana Ribas, com assist\u00eancia de encena\u00e7\u00e3o de Adriana Ribas. A dire\u00e7\u00e3o de produ\u00e7\u00e3o acontece sob responsabilidade de Ana Landum.<\/p>\n","protected":false},"excerpt":{"rendered":"<ul>\n<li>Nova encena\u00e7\u00e3o de Rui Lu\u00eds Br\u00e1s de A Boa Alma de Setsuan, apresentada pela Teatroesfera, companhia fundada em 1995 com mais de 60 produ\u00e7\u00f5es pr\u00f3prias.<\/li>\n<li>Espet\u00e1culo em cartaz de 24 de abril a 10 de maio, \u00e0s sextas-feiras e s\u00e1bados \u00e0s 21h e aos domingos \u00e0s 16h, no Teatroesfera.<\/li>\n<li>O texto original \u00e9 de Bertolt Brecht e tem tradu\u00e7\u00e3o de Ilse Losa; encena\u00e7\u00e3o fica a cargo de Rui Lu\u00eds Br\u00e1s.<\/li>\n<li>A pe\u00e7a contextualiza tens\u00f5es sociais globais, extremismos, desigualdades e falta de empatia, questionando a \u00e9tica num sistema que penaliza a solidariedade.<\/li>\n<li>Aborda temas de desigualdade econ\u00f3mica, explora\u00e7\u00e3o de pessoas vulner\u00e1veis, injusti\u00e7a social e dilemas \u00e9ticos frente \u00e0s exig\u00eancias do mundo atual.<\/li>\n<\/ul>\n","protected":false},"author":2,"featured_media":444979,"comment_status":"closed","ping_status":"closed","sticky":false,"template":"","format":"standard","meta":{"footnotes":""},"categories":[7375,1],"tags":[70,2473,145,2116,119],"class_list":["post-444973","post","type-post","status-publish","format-standard","has-post-thumbnail","hentry","category-cultura","category-noticias","tag-arte","tag-criacao-artistica","tag-cultura","tag-espetaculos","tag-teatro"],"yoast_head":"<!-- This site is optimized with the Yoast SEO plugin v27.2 - https:\/\/yoast.com\/product\/yoast-seo-wordpress\/ -->\n<title>A Boa Alma de Setsuan ganha nova encena\u00e7\u00e3o - Portal Tela Portugal<\/title>\n<meta name=\"robots\" content=\"index, follow, max-snippet:-1, max-image-preview:large, max-video-preview:-1\" \/>\n<meta property=\"og:locale\" content=\"pt_PT\" \/>\n<meta property=\"og:type\" content=\"article\" \/>\n<meta property=\"og:title\" content=\"A Boa Alma de Setsuan ganha nova encena\u00e7\u00e3o - Portal Tela Portugal\" \/>\n<meta property=\"og:description\" content=\"Nova encena\u00e7\u00e3o de Rui Lu\u00eds Br\u00e1s de A Boa Alma de Setsuan, apresentada pela Teatroesfera, companhia fundada em 1995 com mais de 60 produ\u00e7\u00f5es pr\u00f3prias. Espet\u00e1culo em cartaz de 24 de abril a 10 de maio, \u00e0s sextas-feiras e s\u00e1bados \u00e0s 21h e aos domingos \u00e0s 16h, no Teatroesfera. O texto original \u00e9 de Bertolt Brecht e tem tradu\u00e7\u00e3o de Ilse Losa; encena\u00e7\u00e3o fica a cargo de Rui Lu\u00eds Br\u00e1s. A pe\u00e7a contextualiza tens\u00f5es sociais globais, extremismos, desigualdades e falta de empatia, questionando a \u00e9tica num sistema que penaliza a solidariedade. Aborda temas de desigualdade econ\u00f3mica, explora\u00e7\u00e3o de pessoas vulner\u00e1veis, injusti\u00e7a social e dilemas \u00e9ticos frente \u00e0s exig\u00eancias do mundo atual.\" \/>\n<meta property=\"og:url\" content=\"https:\/\/portaltela.pt\/noticias\/2026\/04\/15\/a-boa-alma-de-setsuan-ganha-nova-encenacao\/\" \/>\n<meta property=\"og:site_name\" content=\"Portal Tela Portugal\" \/>\n<meta property=\"article:published_time\" content=\"2026-04-15T12:02:34+00:00\" \/>\n<meta name=\"author\" content=\"Telinha\" \/>\n<meta name=\"twitter:card\" content=\"summary_large_image\" \/>\n<meta name=\"twitter:label1\" content=\"Escrito por\" \/>\n\t<meta name=\"twitter:data1\" content=\"Telinha\" \/>\n\t<meta name=\"twitter:label2\" content=\"Tempo estimado de leitura\" \/>\n\t<meta name=\"twitter:data2\" content=\"1 minuto\" \/>\n<script type=\"application\/ld+json\" class=\"yoast-schema-graph\">{\"@context\":\"https:\/\/schema.org\",\"@graph\":[{\"@type\":\"Article\",\"@id\":\"https:\/\/portaltela.pt\/noticias\/2026\/04\/15\/a-boa-alma-de-setsuan-ganha-nova-encenacao\/#article\",\"isPartOf\":{\"@id\":\"https:\/\/portaltela.pt\/noticias\/2026\/04\/15\/a-boa-alma-de-setsuan-ganha-nova-encenacao\/\"},\"author\":{\"name\":\"Telinha\",\"@id\":\"https:\/\/portaltela.pt\/#\/schema\/person\/c4278d4a6028830caff9ee44b42d32ed\"},\"headline\":\"A Boa Alma de Setsuan ganha nova encena\u00e7\u00e3o\",\"datePublished\":\"2026-04-15T12:02:34+00:00\",\"mainEntityOfPage\":{\"@id\":\"https:\/\/portaltela.pt\/noticias\/2026\/04\/15\/a-boa-alma-de-setsuan-ganha-nova-encenacao\/\"},\"wordCount\":302,\"image\":{\"@id\":\"https:\/\/portaltela.pt\/noticias\/2026\/04\/15\/a-boa-alma-de-setsuan-ganha-nova-encenacao\/#primaryimage\"},\"thumbnailUrl\":\"https:\/\/portaltela.pt\/s.01k8rhncp4jt1\/2026\/04\/img_1500x1000uu2026-04-15-12-55-18-2278705.jpg\",\"keywords\":[\"arte\",\"Cria\u00e7\u00e3o Art\u00edstica\",\"cultura\",\"espet\u00e1culos\",\"teatro\"],\"articleSection\":[\"Cultura\",\"Not\u00edcias\"],\"inLanguage\":\"pt-PT\"},{\"@type\":\"WebPage\",\"@id\":\"https:\/\/portaltela.pt\/noticias\/2026\/04\/15\/a-boa-alma-de-setsuan-ganha-nova-encenacao\/\",\"url\":\"https:\/\/portaltela.pt\/noticias\/2026\/04\/15\/a-boa-alma-de-setsuan-ganha-nova-encenacao\/\",\"name\":\"A Boa Alma de Setsuan ganha nova encena\u00e7\u00e3o - Portal Tela Portugal\",\"isPartOf\":{\"@id\":\"https:\/\/portaltela.pt\/#website\"},\"primaryImageOfPage\":{\"@id\":\"https:\/\/portaltela.pt\/noticias\/2026\/04\/15\/a-boa-alma-de-setsuan-ganha-nova-encenacao\/#primaryimage\"},\"image\":{\"@id\":\"https:\/\/portaltela.pt\/noticias\/2026\/04\/15\/a-boa-alma-de-setsuan-ganha-nova-encenacao\/#primaryimage\"},\"thumbnailUrl\":\"https:\/\/portaltela.pt\/s.01k8rhncp4jt1\/2026\/04\/img_1500x1000uu2026-04-15-12-55-18-2278705.jpg\",\"datePublished\":\"2026-04-15T12:02:34+00:00\",\"author\":{\"@id\":\"https:\/\/portaltela.pt\/#\/schema\/person\/c4278d4a6028830caff9ee44b42d32ed\"},\"breadcrumb\":{\"@id\":\"https:\/\/portaltela.pt\/noticias\/2026\/04\/15\/a-boa-alma-de-setsuan-ganha-nova-encenacao\/#breadcrumb\"},\"inLanguage\":\"pt-PT\",\"potentialAction\":[{\"@type\":\"ReadAction\",\"target\":[\"https:\/\/portaltela.pt\/noticias\/2026\/04\/15\/a-boa-alma-de-setsuan-ganha-nova-encenacao\/\"]}]},{\"@type\":\"ImageObject\",\"inLanguage\":\"pt-PT\",\"@id\":\"https:\/\/portaltela.pt\/noticias\/2026\/04\/15\/a-boa-alma-de-setsuan-ganha-nova-encenacao\/#primaryimage\",\"url\":\"https:\/\/portaltela.pt\/s.01k8rhncp4jt1\/2026\/04\/img_1500x1000uu2026-04-15-12-55-18-2278705.jpg\",\"contentUrl\":\"https:\/\/portaltela.pt\/s.01k8rhncp4jt1\/2026\/04\/img_1500x1000uu2026-04-15-12-55-18-2278705.jpg\",\"width\":796,\"height\":448,\"caption\":\"\\\"A Boa Alma de Setsuan\\\" de Bertolt Brecht, traduzida por Ilse Losa\"},{\"@type\":\"BreadcrumbList\",\"@id\":\"https:\/\/portaltela.pt\/noticias\/2026\/04\/15\/a-boa-alma-de-setsuan-ganha-nova-encenacao\/#breadcrumb\",\"itemListElement\":[{\"@type\":\"ListItem\",\"position\":1,\"name\":\"In\u00edcio\",\"item\":\"https:\/\/portaltela.pt\/\"},{\"@type\":\"ListItem\",\"position\":2,\"name\":\"A Boa Alma de Setsuan ganha nova encena\u00e7\u00e3o\"}]},{\"@type\":\"WebSite\",\"@id\":\"https:\/\/portaltela.pt\/#website\",\"url\":\"https:\/\/portaltela.pt\/\",\"name\":\"Portal Tela Portugal\",\"description\":\"\",\"potentialAction\":[{\"@type\":\"SearchAction\",\"target\":{\"@type\":\"EntryPoint\",\"urlTemplate\":\"https:\/\/portaltela.pt\/?s={search_term_string}\"},\"query-input\":{\"@type\":\"PropertyValueSpecification\",\"valueRequired\":true,\"valueName\":\"search_term_string\"}}],\"inLanguage\":\"pt-PT\"},{\"@type\":\"Person\",\"@id\":\"https:\/\/portaltela.pt\/#\/schema\/person\/c4278d4a6028830caff9ee44b42d32ed\",\"name\":\"Telinha\",\"image\":{\"@type\":\"ImageObject\",\"inLanguage\":\"pt-PT\",\"@id\":\"https:\/\/portaltela.pt\/s.01k8rhncp4jt1\/2025\/11\/talking-bot-125x125.png\",\"url\":\"https:\/\/portaltela.pt\/s.01k8rhncp4jt1\/2025\/11\/talking-bot-125x125.png\",\"contentUrl\":\"https:\/\/portaltela.pt\/s.01k8rhncp4jt1\/2025\/11\/talking-bot-125x125.png\",\"caption\":\"Telinha\"},\"sameAs\":[\"https:\/\/portaltela.pt\/\"],\"url\":\"https:\/\/portaltela.pt\/por\/367410592786\/\"}]}<\/script>\n<!-- \/ Yoast SEO plugin. -->","yoast_head_json":{"title":"A Boa Alma de Setsuan ganha nova encena\u00e7\u00e3o - Portal Tela Portugal","robots":{"index":"index","follow":"follow","max-snippet":"max-snippet:-1","max-image-preview":"max-image-preview:large","max-video-preview":"max-video-preview:-1"},"og_locale":"pt_PT","og_type":"article","og_title":"A Boa Alma de Setsuan ganha nova encena\u00e7\u00e3o - Portal Tela Portugal","og_description":"Nova encena\u00e7\u00e3o de Rui Lu\u00eds Br\u00e1s de A Boa Alma de Setsuan, apresentada pela Teatroesfera, companhia fundada em 1995 com mais de 60 produ\u00e7\u00f5es pr\u00f3prias. Espet\u00e1culo em cartaz de 24 de abril a 10 de maio, \u00e0s sextas-feiras e s\u00e1bados \u00e0s 21h e aos domingos \u00e0s 16h, no Teatroesfera. O texto original \u00e9 de Bertolt Brecht e tem tradu\u00e7\u00e3o de Ilse Losa; encena\u00e7\u00e3o fica a cargo de Rui Lu\u00eds Br\u00e1s. A pe\u00e7a contextualiza tens\u00f5es sociais globais, extremismos, desigualdades e falta de empatia, questionando a \u00e9tica num sistema que penaliza a solidariedade. Aborda temas de desigualdade econ\u00f3mica, explora\u00e7\u00e3o de pessoas vulner\u00e1veis, injusti\u00e7a social e dilemas \u00e9ticos frente \u00e0s exig\u00eancias do mundo atual.","og_url":"https:\/\/portaltela.pt\/noticias\/2026\/04\/15\/a-boa-alma-de-setsuan-ganha-nova-encenacao\/","og_site_name":"Portal Tela Portugal","article_published_time":"2026-04-15T12:02:34+00:00","author":"Telinha","twitter_card":"summary_large_image","twitter_misc":{"Escrito por":"Telinha","Tempo estimado de leitura":"1 minuto"},"schema":{"@context":"https:\/\/schema.org","@graph":[{"@type":"Article","@id":"https:\/\/portaltela.pt\/noticias\/2026\/04\/15\/a-boa-alma-de-setsuan-ganha-nova-encenacao\/#article","isPartOf":{"@id":"https:\/\/portaltela.pt\/noticias\/2026\/04\/15\/a-boa-alma-de-setsuan-ganha-nova-encenacao\/"},"author":{"name":"Telinha","@id":"https:\/\/portaltela.pt\/#\/schema\/person\/c4278d4a6028830caff9ee44b42d32ed"},"headline":"A Boa Alma de Setsuan ganha nova encena\u00e7\u00e3o","datePublished":"2026-04-15T12:02:34+00:00","mainEntityOfPage":{"@id":"https:\/\/portaltela.pt\/noticias\/2026\/04\/15\/a-boa-alma-de-setsuan-ganha-nova-encenacao\/"},"wordCount":302,"image":{"@id":"https:\/\/portaltela.pt\/noticias\/2026\/04\/15\/a-boa-alma-de-setsuan-ganha-nova-encenacao\/#primaryimage"},"thumbnailUrl":"https:\/\/portaltela.pt\/s.01k8rhncp4jt1\/2026\/04\/img_1500x1000uu2026-04-15-12-55-18-2278705.jpg","keywords":["arte","Cria\u00e7\u00e3o Art\u00edstica","cultura","espet\u00e1culos","teatro"],"articleSection":["Cultura","Not\u00edcias"],"inLanguage":"pt-PT"},{"@type":"WebPage","@id":"https:\/\/portaltela.pt\/noticias\/2026\/04\/15\/a-boa-alma-de-setsuan-ganha-nova-encenacao\/","url":"https:\/\/portaltela.pt\/noticias\/2026\/04\/15\/a-boa-alma-de-setsuan-ganha-nova-encenacao\/","name":"A Boa Alma de Setsuan ganha nova encena\u00e7\u00e3o - Portal Tela Portugal","isPartOf":{"@id":"https:\/\/portaltela.pt\/#website"},"primaryImageOfPage":{"@id":"https:\/\/portaltela.pt\/noticias\/2026\/04\/15\/a-boa-alma-de-setsuan-ganha-nova-encenacao\/#primaryimage"},"image":{"@id":"https:\/\/portaltela.pt\/noticias\/2026\/04\/15\/a-boa-alma-de-setsuan-ganha-nova-encenacao\/#primaryimage"},"thumbnailUrl":"https:\/\/portaltela.pt\/s.01k8rhncp4jt1\/2026\/04\/img_1500x1000uu2026-04-15-12-55-18-2278705.jpg","datePublished":"2026-04-15T12:02:34+00:00","author":{"@id":"https:\/\/portaltela.pt\/#\/schema\/person\/c4278d4a6028830caff9ee44b42d32ed"},"breadcrumb":{"@id":"https:\/\/portaltela.pt\/noticias\/2026\/04\/15\/a-boa-alma-de-setsuan-ganha-nova-encenacao\/#breadcrumb"},"inLanguage":"pt-PT","potentialAction":[{"@type":"ReadAction","target":["https:\/\/portaltela.pt\/noticias\/2026\/04\/15\/a-boa-alma-de-setsuan-ganha-nova-encenacao\/"]}]},{"@type":"ImageObject","inLanguage":"pt-PT","@id":"https:\/\/portaltela.pt\/noticias\/2026\/04\/15\/a-boa-alma-de-setsuan-ganha-nova-encenacao\/#primaryimage","url":"https:\/\/portaltela.pt\/s.01k8rhncp4jt1\/2026\/04\/img_1500x1000uu2026-04-15-12-55-18-2278705.jpg","contentUrl":"https:\/\/portaltela.pt\/s.01k8rhncp4jt1\/2026\/04\/img_1500x1000uu2026-04-15-12-55-18-2278705.jpg","width":796,"height":448,"caption":"\"A Boa Alma de Setsuan\" de Bertolt Brecht, traduzida por Ilse Losa"},{"@type":"BreadcrumbList","@id":"https:\/\/portaltela.pt\/noticias\/2026\/04\/15\/a-boa-alma-de-setsuan-ganha-nova-encenacao\/#breadcrumb","itemListElement":[{"@type":"ListItem","position":1,"name":"In\u00edcio","item":"https:\/\/portaltela.pt\/"},{"@type":"ListItem","position":2,"name":"A Boa Alma de Setsuan ganha nova encena\u00e7\u00e3o"}]},{"@type":"WebSite","@id":"https:\/\/portaltela.pt\/#website","url":"https:\/\/portaltela.pt\/","name":"Portal Tela Portugal","description":"","potentialAction":[{"@type":"SearchAction","target":{"@type":"EntryPoint","urlTemplate":"https:\/\/portaltela.pt\/?s={search_term_string}"},"query-input":{"@type":"PropertyValueSpecification","valueRequired":true,"valueName":"search_term_string"}}],"inLanguage":"pt-PT"},{"@type":"Person","@id":"https:\/\/portaltela.pt\/#\/schema\/person\/c4278d4a6028830caff9ee44b42d32ed","name":"Telinha","image":{"@type":"ImageObject","inLanguage":"pt-PT","@id":"https:\/\/portaltela.pt\/s.01k8rhncp4jt1\/2025\/11\/talking-bot-125x125.png","url":"https:\/\/portaltela.pt\/s.01k8rhncp4jt1\/2025\/11\/talking-bot-125x125.png","contentUrl":"https:\/\/portaltela.pt\/s.01k8rhncp4jt1\/2025\/11\/talking-bot-125x125.png","caption":"Telinha"},"sameAs":["https:\/\/portaltela.pt\/"],"url":"https:\/\/portaltela.pt\/por\/367410592786\/"}]}},"_links":{"self":[{"href":"https:\/\/portaltela.pt\/api\/wp\/v2\/posts\/444973","targetHints":{"allow":["GET"]}}],"collection":[{"href":"https:\/\/portaltela.pt\/api\/wp\/v2\/posts"}],"about":[{"href":"https:\/\/portaltela.pt\/api\/wp\/v2\/types\/post"}],"author":[{"embeddable":true,"href":"https:\/\/portaltela.pt\/api\/wp\/v2\/users\/2"}],"replies":[{"embeddable":true,"href":"https:\/\/portaltela.pt\/api\/wp\/v2\/comments?post=444973"}],"version-history":[{"count":0,"href":"https:\/\/portaltela.pt\/api\/wp\/v2\/posts\/444973\/revisions"}],"wp:featuredmedia":[{"embeddable":true,"href":"https:\/\/portaltela.pt\/api\/wp\/v2\/media\/444979"}],"wp:attachment":[{"href":"https:\/\/portaltela.pt\/api\/wp\/v2\/media?parent=444973"}],"wp:term":[{"taxonomy":"category","embeddable":true,"href":"https:\/\/portaltela.pt\/api\/wp\/v2\/categories?post=444973"},{"taxonomy":"post_tag","embeddable":true,"href":"https:\/\/portaltela.pt\/api\/wp\/v2\/tags?post=444973"}],"curies":[{"name":"wp","href":"https:\/\/api.w.org\/{rel}","templated":true}]}}