{"id":444932,"date":"2026-04-15T08:32:05","date_gmt":"2026-04-15T11:32:05","guid":{"rendered":"https:\/\/portaltela.pt\/noticias\/2026\/04\/15\/nuno-mendes-confirma-candidatura-a-presidencia-do-vitoria-de-guimaraes\/"},"modified":"2026-04-15T08:32:05","modified_gmt":"2026-04-15T11:32:05","slug":"nuno-mendes-confirma-candidatura-a-presidencia-do-vitoria-de-guimaraes","status":"publish","type":"post","link":"https:\/\/portaltela.pt\/desporto\/futebol\/2026\/04\/15\/nuno-mendes-confirma-candidatura-a-presidencia-do-vitoria-de-guimaraes\/","title":{"rendered":"Nuno Mendes confirma candidatura \u00e0 presid\u00eancia do Vit\u00f3ria de Guimar\u00e3es"},"content":{"rendered":"<p>Nuno Mendes confirmou, \u00e0 Lusa, que vai candidatar-se \u00e0 presid\u00eancia do Vit\u00f3ria de Guimar\u00e3es. O an\u00fancio ocorreu nesta quarta-feira, ap\u00f3s a demiss\u00e3o de Ant\u00f3nio Miguel Cardoso anunciada na ter\u00e7a. O clube da 1.\u00aa Liga \u00e9 onde Mendes atua como kickboxer.<\/p>\n<p>O atleta, s\u00f3cio 8.539, tem 40 anos e j\u00e1 representou o Vit\u00f3ria. Venceu o t\u00edtulo mundial ISKA em 2022, na Turquia, na categoria +91kg. Mendes promete revelar mais pormenores da candidatura no in\u00edcio da pr\u00f3xima semana.<\/p>\n<p>As elei\u00e7\u00f5es do Vit\u00f3ria de Guimar\u00e3es ainda n\u00e3o t\u00eam data oficial e contam com duas candidaturas aos \u00f3rg\u00e3os sociais. Al\u00e9m de Mendes, lidera o grupo Belmiro Pinto dos Santos, presidente da Mesa da Assembleia Geral entre 2022 e 2025, s\u00f3cio 4.995, 54 anos, que confirmou a sua decis\u00e3o na ter\u00e7a-feira.<\/p>\n<h3>Candidaturas em disputa<\/h3>\n<p>Belmiro Pinto dos Santos confirmou na ter\u00e7a-feira a sua candidatura. Mendes, por sua vez, j\u00e1 adiantou que vai apresentar a equipa e medidas para o clube, sem data de apresenta\u00e7\u00e3o p\u00fablica definida. O processo eleitoral mant\u00e9m-se em curso.<\/p>\n","protected":false},"excerpt":{"rendered":"<ul>\n<li>Nuno Mendes, s\u00f3cio 8.539 dos vimaranenses e atleta de kickboxing, de 40 anos, confirmou \u00e0 Lusa a sua candidatura \u00e0 presid\u00eancia do Vit\u00f3ria de Guimar\u00e3es.<\/li>\n<li>A candidatura surge ap\u00f3s a demiss\u00e3o de Ant\u00f3nio Miguel Cardoso, anunciada na ter\u00e7a-feira.<\/li>\n<li>Mendes \u00e9 campe\u00e3o mundial da International Sport Kickboxing Association (ISKA) na categoria de +91 kg, t\u00edtulo conquistado em 2022 na Turquia.<\/li>\n<li>As elei\u00e7\u00f5es do clube j\u00e1 contam com duas listas, lideradas por Nuno Mendes e por Belmiro Pinto dos Santos.<\/li>\n<li>Belmiro Pinto dos Santos, s\u00f3cio 4.995 e de 54 anos, foi presidente da Mesa da Assembleia Geral entre 2022 e 2025 no primeiro mandato de Cardoso e confirmou a candidatura na ter\u00e7a-feira.<\/li>\n<\/ul>\n","protected":false},"author":2,"featured_media":444936,"comment_status":"closed","ping_status":"closed","sticky":false,"template":"","format":"standard","meta":{"footnotes":""},"categories":[21,24],"tags":[4059,68,32,2832,30,2428],"class_list":["post-444932","post","type-post","status-publish","format-standard","has-post-thumbnail","hentry","category-desporto","category-futebol","tag-1-a-liga","tag-eleicoes","tag-futebol","tag-politica","tag-presidente","tag-vitoria"],"yoast_head":"<!-- This site is optimized with the Yoast SEO plugin v27.2 - https:\/\/yoast.com\/product\/yoast-seo-wordpress\/ -->\n<title>Nuno Mendes confirma candidatura \u00e0 presid\u00eancia do Vit\u00f3ria de Guimar\u00e3es - Portal Tela Portugal<\/title>\n<meta name=\"robots\" content=\"index, follow, max-snippet:-1, max-image-preview:large, max-video-preview:-1\" \/>\n<meta property=\"og:locale\" content=\"pt_PT\" \/>\n<meta property=\"og:type\" content=\"article\" \/>\n<meta property=\"og:title\" content=\"Nuno Mendes confirma candidatura \u00e0 presid\u00eancia do Vit\u00f3ria de Guimar\u00e3es - Portal Tela Portugal\" \/>\n<meta property=\"og:description\" content=\"Nuno Mendes, s\u00f3cio 8.539 dos vimaranenses e atleta de kickboxing, de 40 anos, confirmou \u00e0 Lusa a sua candidatura \u00e0 presid\u00eancia do Vit\u00f3ria de Guimar\u00e3es. A candidatura surge ap\u00f3s a demiss\u00e3o de Ant\u00f3nio Miguel Cardoso, anunciada na ter\u00e7a-feira. Mendes \u00e9 campe\u00e3o mundial da International Sport Kickboxing Association (ISKA) na categoria de +91 kg, t\u00edtulo conquistado em 2022 na Turquia. As elei\u00e7\u00f5es do clube j\u00e1 contam com duas listas, lideradas por Nuno Mendes e por Belmiro Pinto dos Santos. Belmiro Pinto dos Santos, s\u00f3cio 4.995 e de 54 anos, foi presidente da Mesa da Assembleia Geral entre 2022 e 2025 no primeiro mandato de Cardoso e confirmou a candidatura na ter\u00e7a-feira.\" \/>\n<meta property=\"og:url\" content=\"https:\/\/portaltela.pt\/noticias\/2026\/04\/15\/nuno-mendes-confirma-candidatura-a-presidencia-do-vitoria-de-guimaraes\/\" \/>\n<meta property=\"og:site_name\" content=\"Portal Tela Portugal\" \/>\n<meta property=\"article:published_time\" content=\"2026-04-15T11:32:05+00:00\" \/>\n<meta name=\"author\" content=\"Telinha\" \/>\n<meta name=\"twitter:card\" content=\"summary_large_image\" \/>\n<meta name=\"twitter:label1\" content=\"Escrito por\" \/>\n\t<meta name=\"twitter:data1\" content=\"Telinha\" \/>\n\t<meta name=\"twitter:label2\" content=\"Tempo estimado de leitura\" \/>\n\t<meta name=\"twitter:data2\" content=\"1 minuto\" \/>\n<script type=\"application\/ld+json\" class=\"yoast-schema-graph\">{\"@context\":\"https:\/\/schema.org\",\"@graph\":[{\"@type\":\"Article\",\"@id\":\"https:\/\/portaltela.pt\/noticias\/2026\/04\/15\/nuno-mendes-confirma-candidatura-a-presidencia-do-vitoria-de-guimaraes\/#article\",\"isPartOf\":{\"@id\":\"https:\/\/portaltela.pt\/noticias\/2026\/04\/15\/nuno-mendes-confirma-candidatura-a-presidencia-do-vitoria-de-guimaraes\/\"},\"author\":{\"name\":\"Telinha\",\"@id\":\"https:\/\/portaltela.pt\/#\/schema\/person\/c4278d4a6028830caff9ee44b42d32ed\"},\"headline\":\"Nuno Mendes confirma candidatura \u00e0 presid\u00eancia do Vit\u00f3ria de Guimar\u00e3es\",\"datePublished\":\"2026-04-15T11:32:05+00:00\",\"mainEntityOfPage\":{\"@id\":\"https:\/\/portaltela.pt\/noticias\/2026\/04\/15\/nuno-mendes-confirma-candidatura-a-presidencia-do-vitoria-de-guimaraes\/\"},\"wordCount\":195,\"image\":{\"@id\":\"https:\/\/portaltela.pt\/noticias\/2026\/04\/15\/nuno-mendes-confirma-candidatura-a-presidencia-do-vitoria-de-guimaraes\/#primaryimage\"},\"thumbnailUrl\":\"https:\/\/portaltela.pt\/s.01k8rhncp4jt1\/2026\/04\/img_920x518uu2026-04-15-12-22-46-2433131.jpg\",\"keywords\":[\"1.\u00aa Liga\",\"elei\u00e7\u00f5es\",\"futebol\",\"pol\u00edtica\",\"presidente\",\"Vit\u00f3ria\"],\"articleSection\":[\"Desporto\",\"Futebol\"],\"inLanguage\":\"pt-PT\"},{\"@type\":\"WebPage\",\"@id\":\"https:\/\/portaltela.pt\/noticias\/2026\/04\/15\/nuno-mendes-confirma-candidatura-a-presidencia-do-vitoria-de-guimaraes\/\",\"url\":\"https:\/\/portaltela.pt\/noticias\/2026\/04\/15\/nuno-mendes-confirma-candidatura-a-presidencia-do-vitoria-de-guimaraes\/\",\"name\":\"Nuno Mendes confirma candidatura \u00e0 presid\u00eancia do Vit\u00f3ria de Guimar\u00e3es - Portal Tela Portugal\",\"isPartOf\":{\"@id\":\"https:\/\/portaltela.pt\/#website\"},\"primaryImageOfPage\":{\"@id\":\"https:\/\/portaltela.pt\/noticias\/2026\/04\/15\/nuno-mendes-confirma-candidatura-a-presidencia-do-vitoria-de-guimaraes\/#primaryimage\"},\"image\":{\"@id\":\"https:\/\/portaltela.pt\/noticias\/2026\/04\/15\/nuno-mendes-confirma-candidatura-a-presidencia-do-vitoria-de-guimaraes\/#primaryimage\"},\"thumbnailUrl\":\"https:\/\/portaltela.pt\/s.01k8rhncp4jt1\/2026\/04\/img_920x518uu2026-04-15-12-22-46-2433131.jpg\",\"datePublished\":\"2026-04-15T11:32:05+00:00\",\"author\":{\"@id\":\"https:\/\/portaltela.pt\/#\/schema\/person\/c4278d4a6028830caff9ee44b42d32ed\"},\"breadcrumb\":{\"@id\":\"https:\/\/portaltela.pt\/noticias\/2026\/04\/15\/nuno-mendes-confirma-candidatura-a-presidencia-do-vitoria-de-guimaraes\/#breadcrumb\"},\"inLanguage\":\"pt-PT\",\"potentialAction\":[{\"@type\":\"ReadAction\",\"target\":[\"https:\/\/portaltela.pt\/noticias\/2026\/04\/15\/nuno-mendes-confirma-candidatura-a-presidencia-do-vitoria-de-guimaraes\/\"]}]},{\"@type\":\"ImageObject\",\"inLanguage\":\"pt-PT\",\"@id\":\"https:\/\/portaltela.pt\/noticias\/2026\/04\/15\/nuno-mendes-confirma-candidatura-a-presidencia-do-vitoria-de-guimaraes\/#primaryimage\",\"url\":\"https:\/\/portaltela.pt\/s.01k8rhncp4jt1\/2026\/04\/img_920x518uu2026-04-15-12-22-46-2433131.jpg\",\"contentUrl\":\"https:\/\/portaltela.pt\/s.01k8rhncp4jt1\/2026\/04\/img_920x518uu2026-04-15-12-22-46-2433131.jpg\",\"width\":796,\"height\":448,\"caption\":\"Nuno Mendes, medalha de ouro no ISKA World Championships de Kickboxing na categoria de +91kg\"},{\"@type\":\"BreadcrumbList\",\"@id\":\"https:\/\/portaltela.pt\/noticias\/2026\/04\/15\/nuno-mendes-confirma-candidatura-a-presidencia-do-vitoria-de-guimaraes\/#breadcrumb\",\"itemListElement\":[{\"@type\":\"ListItem\",\"position\":1,\"name\":\"In\u00edcio\",\"item\":\"https:\/\/portaltela.pt\/\"},{\"@type\":\"ListItem\",\"position\":2,\"name\":\"Nuno Mendes confirma candidatura \u00e0 presid\u00eancia do Vit\u00f3ria de Guimar\u00e3es\"}]},{\"@type\":\"WebSite\",\"@id\":\"https:\/\/portaltela.pt\/#website\",\"url\":\"https:\/\/portaltela.pt\/\",\"name\":\"Portal Tela Portugal\",\"description\":\"\",\"potentialAction\":[{\"@type\":\"SearchAction\",\"target\":{\"@type\":\"EntryPoint\",\"urlTemplate\":\"https:\/\/portaltela.pt\/?s={search_term_string}\"},\"query-input\":{\"@type\":\"PropertyValueSpecification\",\"valueRequired\":true,\"valueName\":\"search_term_string\"}}],\"inLanguage\":\"pt-PT\"},{\"@type\":\"Person\",\"@id\":\"https:\/\/portaltela.pt\/#\/schema\/person\/c4278d4a6028830caff9ee44b42d32ed\",\"name\":\"Telinha\",\"image\":{\"@type\":\"ImageObject\",\"inLanguage\":\"pt-PT\",\"@id\":\"https:\/\/portaltela.pt\/s.01k8rhncp4jt1\/2025\/11\/talking-bot-125x125.png\",\"url\":\"https:\/\/portaltela.pt\/s.01k8rhncp4jt1\/2025\/11\/talking-bot-125x125.png\",\"contentUrl\":\"https:\/\/portaltela.pt\/s.01k8rhncp4jt1\/2025\/11\/talking-bot-125x125.png\",\"caption\":\"Telinha\"},\"sameAs\":[\"https:\/\/portaltela.pt\/\"],\"url\":\"https:\/\/portaltela.pt\/por\/367410592786\/\"}]}<\/script>\n<!-- \/ Yoast SEO plugin. -->","yoast_head_json":{"title":"Nuno Mendes confirma candidatura \u00e0 presid\u00eancia do Vit\u00f3ria de Guimar\u00e3es - Portal Tela Portugal","robots":{"index":"index","follow":"follow","max-snippet":"max-snippet:-1","max-image-preview":"max-image-preview:large","max-video-preview":"max-video-preview:-1"},"og_locale":"pt_PT","og_type":"article","og_title":"Nuno Mendes confirma candidatura \u00e0 presid\u00eancia do Vit\u00f3ria de Guimar\u00e3es - Portal Tela Portugal","og_description":"Nuno Mendes, s\u00f3cio 8.539 dos vimaranenses e atleta de kickboxing, de 40 anos, confirmou \u00e0 Lusa a sua candidatura \u00e0 presid\u00eancia do Vit\u00f3ria de Guimar\u00e3es. A candidatura surge ap\u00f3s a demiss\u00e3o de Ant\u00f3nio Miguel Cardoso, anunciada na ter\u00e7a-feira. Mendes \u00e9 campe\u00e3o mundial da International Sport Kickboxing Association (ISKA) na categoria de +91 kg, t\u00edtulo conquistado em 2022 na Turquia. As elei\u00e7\u00f5es do clube j\u00e1 contam com duas listas, lideradas por Nuno Mendes e por Belmiro Pinto dos Santos. Belmiro Pinto dos Santos, s\u00f3cio 4.995 e de 54 anos, foi presidente da Mesa da Assembleia Geral entre 2022 e 2025 no primeiro mandato de Cardoso e confirmou a candidatura na ter\u00e7a-feira.","og_url":"https:\/\/portaltela.pt\/noticias\/2026\/04\/15\/nuno-mendes-confirma-candidatura-a-presidencia-do-vitoria-de-guimaraes\/","og_site_name":"Portal Tela Portugal","article_published_time":"2026-04-15T11:32:05+00:00","author":"Telinha","twitter_card":"summary_large_image","twitter_misc":{"Escrito por":"Telinha","Tempo estimado de leitura":"1 minuto"},"schema":{"@context":"https:\/\/schema.org","@graph":[{"@type":"Article","@id":"https:\/\/portaltela.pt\/noticias\/2026\/04\/15\/nuno-mendes-confirma-candidatura-a-presidencia-do-vitoria-de-guimaraes\/#article","isPartOf":{"@id":"https:\/\/portaltela.pt\/noticias\/2026\/04\/15\/nuno-mendes-confirma-candidatura-a-presidencia-do-vitoria-de-guimaraes\/"},"author":{"name":"Telinha","@id":"https:\/\/portaltela.pt\/#\/schema\/person\/c4278d4a6028830caff9ee44b42d32ed"},"headline":"Nuno Mendes confirma candidatura \u00e0 presid\u00eancia do Vit\u00f3ria de Guimar\u00e3es","datePublished":"2026-04-15T11:32:05+00:00","mainEntityOfPage":{"@id":"https:\/\/portaltela.pt\/noticias\/2026\/04\/15\/nuno-mendes-confirma-candidatura-a-presidencia-do-vitoria-de-guimaraes\/"},"wordCount":195,"image":{"@id":"https:\/\/portaltela.pt\/noticias\/2026\/04\/15\/nuno-mendes-confirma-candidatura-a-presidencia-do-vitoria-de-guimaraes\/#primaryimage"},"thumbnailUrl":"https:\/\/portaltela.pt\/s.01k8rhncp4jt1\/2026\/04\/img_920x518uu2026-04-15-12-22-46-2433131.jpg","keywords":["1.\u00aa Liga","elei\u00e7\u00f5es","futebol","pol\u00edtica","presidente","Vit\u00f3ria"],"articleSection":["Desporto","Futebol"],"inLanguage":"pt-PT"},{"@type":"WebPage","@id":"https:\/\/portaltela.pt\/noticias\/2026\/04\/15\/nuno-mendes-confirma-candidatura-a-presidencia-do-vitoria-de-guimaraes\/","url":"https:\/\/portaltela.pt\/noticias\/2026\/04\/15\/nuno-mendes-confirma-candidatura-a-presidencia-do-vitoria-de-guimaraes\/","name":"Nuno Mendes confirma candidatura \u00e0 presid\u00eancia do Vit\u00f3ria de Guimar\u00e3es - Portal Tela Portugal","isPartOf":{"@id":"https:\/\/portaltela.pt\/#website"},"primaryImageOfPage":{"@id":"https:\/\/portaltela.pt\/noticias\/2026\/04\/15\/nuno-mendes-confirma-candidatura-a-presidencia-do-vitoria-de-guimaraes\/#primaryimage"},"image":{"@id":"https:\/\/portaltela.pt\/noticias\/2026\/04\/15\/nuno-mendes-confirma-candidatura-a-presidencia-do-vitoria-de-guimaraes\/#primaryimage"},"thumbnailUrl":"https:\/\/portaltela.pt\/s.01k8rhncp4jt1\/2026\/04\/img_920x518uu2026-04-15-12-22-46-2433131.jpg","datePublished":"2026-04-15T11:32:05+00:00","author":{"@id":"https:\/\/portaltela.pt\/#\/schema\/person\/c4278d4a6028830caff9ee44b42d32ed"},"breadcrumb":{"@id":"https:\/\/portaltela.pt\/noticias\/2026\/04\/15\/nuno-mendes-confirma-candidatura-a-presidencia-do-vitoria-de-guimaraes\/#breadcrumb"},"inLanguage":"pt-PT","potentialAction":[{"@type":"ReadAction","target":["https:\/\/portaltela.pt\/noticias\/2026\/04\/15\/nuno-mendes-confirma-candidatura-a-presidencia-do-vitoria-de-guimaraes\/"]}]},{"@type":"ImageObject","inLanguage":"pt-PT","@id":"https:\/\/portaltela.pt\/noticias\/2026\/04\/15\/nuno-mendes-confirma-candidatura-a-presidencia-do-vitoria-de-guimaraes\/#primaryimage","url":"https:\/\/portaltela.pt\/s.01k8rhncp4jt1\/2026\/04\/img_920x518uu2026-04-15-12-22-46-2433131.jpg","contentUrl":"https:\/\/portaltela.pt\/s.01k8rhncp4jt1\/2026\/04\/img_920x518uu2026-04-15-12-22-46-2433131.jpg","width":796,"height":448,"caption":"Nuno Mendes, medalha de ouro no ISKA World Championships de Kickboxing na categoria de +91kg"},{"@type":"BreadcrumbList","@id":"https:\/\/portaltela.pt\/noticias\/2026\/04\/15\/nuno-mendes-confirma-candidatura-a-presidencia-do-vitoria-de-guimaraes\/#breadcrumb","itemListElement":[{"@type":"ListItem","position":1,"name":"In\u00edcio","item":"https:\/\/portaltela.pt\/"},{"@type":"ListItem","position":2,"name":"Nuno Mendes confirma candidatura \u00e0 presid\u00eancia do Vit\u00f3ria de Guimar\u00e3es"}]},{"@type":"WebSite","@id":"https:\/\/portaltela.pt\/#website","url":"https:\/\/portaltela.pt\/","name":"Portal Tela Portugal","description":"","potentialAction":[{"@type":"SearchAction","target":{"@type":"EntryPoint","urlTemplate":"https:\/\/portaltela.pt\/?s={search_term_string}"},"query-input":{"@type":"PropertyValueSpecification","valueRequired":true,"valueName":"search_term_string"}}],"inLanguage":"pt-PT"},{"@type":"Person","@id":"https:\/\/portaltela.pt\/#\/schema\/person\/c4278d4a6028830caff9ee44b42d32ed","name":"Telinha","image":{"@type":"ImageObject","inLanguage":"pt-PT","@id":"https:\/\/portaltela.pt\/s.01k8rhncp4jt1\/2025\/11\/talking-bot-125x125.png","url":"https:\/\/portaltela.pt\/s.01k8rhncp4jt1\/2025\/11\/talking-bot-125x125.png","contentUrl":"https:\/\/portaltela.pt\/s.01k8rhncp4jt1\/2025\/11\/talking-bot-125x125.png","caption":"Telinha"},"sameAs":["https:\/\/portaltela.pt\/"],"url":"https:\/\/portaltela.pt\/por\/367410592786\/"}]}},"_links":{"self":[{"href":"https:\/\/portaltela.pt\/api\/wp\/v2\/posts\/444932","targetHints":{"allow":["GET"]}}],"collection":[{"href":"https:\/\/portaltela.pt\/api\/wp\/v2\/posts"}],"about":[{"href":"https:\/\/portaltela.pt\/api\/wp\/v2\/types\/post"}],"author":[{"embeddable":true,"href":"https:\/\/portaltela.pt\/api\/wp\/v2\/users\/2"}],"replies":[{"embeddable":true,"href":"https:\/\/portaltela.pt\/api\/wp\/v2\/comments?post=444932"}],"version-history":[{"count":0,"href":"https:\/\/portaltela.pt\/api\/wp\/v2\/posts\/444932\/revisions"}],"wp:featuredmedia":[{"embeddable":true,"href":"https:\/\/portaltela.pt\/api\/wp\/v2\/media\/444936"}],"wp:attachment":[{"href":"https:\/\/portaltela.pt\/api\/wp\/v2\/media?parent=444932"}],"wp:term":[{"taxonomy":"category","embeddable":true,"href":"https:\/\/portaltela.pt\/api\/wp\/v2\/categories?post=444932"},{"taxonomy":"post_tag","embeddable":true,"href":"https:\/\/portaltela.pt\/api\/wp\/v2\/tags?post=444932"}],"curies":[{"name":"wp","href":"https:\/\/api.w.org\/{rel}","templated":true}]}}