{"id":444931,"date":"2026-04-15T08:32:06","date_gmt":"2026-04-15T11:32:06","guid":{"rendered":"https:\/\/portaltela.pt\/noticias\/2026\/04\/15\/v-guimaraes-vai-conhecer-o-setimo-presidente-deste-seculo\/"},"modified":"2026-04-15T08:32:06","modified_gmt":"2026-04-15T11:32:06","slug":"v-guimaraes-vai-conhecer-o-setimo-presidente-deste-seculo","status":"publish","type":"post","link":"https:\/\/portaltela.pt\/desporto\/futebol\/2026\/04\/15\/v-guimaraes-vai-conhecer-o-setimo-presidente-deste-seculo\/","title":{"rendered":"V. Guimar\u00e3es vai conhecer o s\u00e9timo presidente deste s\u00e9culo"},"content":{"rendered":"<p>Ant\u00f3nio Miguel Cardoso encerra o mandato \u00e0 frente do Vit\u00f3ria de Guimar\u00e3es, abrindo caminho para elei\u00e7\u00f5es. Os s\u00f3cios v\u00e3o escolher o s\u00e9timo presidente deste s\u00e9culo.<\/p>\n<p>Entre os grandes do futebol portugu\u00eas, apenas o Sporting aproxima-se da realidade vitoriana no que diz respeito ao n\u00famero de presidentes ao longo deste s\u00e9culo.<\/p>\n<p>N\u00e3o foram reveladas datas oficiais para as elei\u00e7\u00f5es nem o formato do processo. O clube confirmou apenas a abertura do processo eleitoral para a escolha do novo l\u00edder.<\/p>\n","protected":false},"excerpt":{"rendered":"<ul>\n<li>Ant\u00f3nio Miguel Cardoso vai abandonar a presid\u00eancia do V. Guimar\u00e3es.<\/li>\n<li>Os s\u00f3cios v\u00e3o \u00e0s urnas para elegerem o s\u00e9timo presidente do clube neste s\u00e9culo.<\/li>\n<li>O facto coloca o clube numa posi\u00e7\u00e3o de rotatividade de lideran\u00e7a semelhante a grandes da Liga.<\/li>\n<li>Na compara\u00e7\u00e3o com Sporting, Benfica, F. C. Porto e Braga, apenas o Sporting se aproxima da realidade vitoriana na Liga.<\/li>\n<li>O an\u00fancio \u00e9 apresentado como um fen\u00f3meno \u00fanico no topo do futebol portugu\u00eas.<\/li>\n<\/ul>\n","protected":false},"author":2,"featured_media":444939,"comment_status":"closed","ping_status":"closed","sticky":false,"template":"","format":"standard","meta":{"footnotes":""},"categories":[21,24],"tags":[68,32,1145,399,30,2428],"class_list":["post-444931","post","type-post","status-publish","format-standard","has-post-thumbnail","hentry","category-desporto","category-futebol","tag-eleicoes","tag-futebol","tag-guimaraes","tag-organizacao-desportiva","tag-presidente","tag-vitoria"],"yoast_head":"<!-- This site is optimized with the Yoast SEO plugin v27.2 - https:\/\/yoast.com\/product\/yoast-seo-wordpress\/ -->\n<title>V. Guimar\u00e3es vai conhecer o s\u00e9timo presidente deste s\u00e9culo - Portal Tela Portugal<\/title>\n<meta name=\"robots\" content=\"index, follow, max-snippet:-1, max-image-preview:large, max-video-preview:-1\" \/>\n<meta property=\"og:locale\" content=\"pt_PT\" \/>\n<meta property=\"og:type\" content=\"article\" \/>\n<meta property=\"og:title\" content=\"V. Guimar\u00e3es vai conhecer o s\u00e9timo presidente deste s\u00e9culo - Portal Tela Portugal\" \/>\n<meta property=\"og:description\" content=\"Ant\u00f3nio Miguel Cardoso vai abandonar a presid\u00eancia do V. Guimar\u00e3es. Os s\u00f3cios v\u00e3o \u00e0s urnas para elegerem o s\u00e9timo presidente do clube neste s\u00e9culo. O facto coloca o clube numa posi\u00e7\u00e3o de rotatividade de lideran\u00e7a semelhante a grandes da Liga. Na compara\u00e7\u00e3o com Sporting, Benfica, F. C. Porto e Braga, apenas o Sporting se aproxima da realidade vitoriana na Liga. O an\u00fancio \u00e9 apresentado como um fen\u00f3meno \u00fanico no topo do futebol portugu\u00eas.\" \/>\n<meta property=\"og:url\" content=\"https:\/\/portaltela.pt\/noticias\/2026\/04\/15\/v-guimaraes-vai-conhecer-o-setimo-presidente-deste-seculo\/\" \/>\n<meta property=\"og:site_name\" content=\"Portal Tela Portugal\" \/>\n<meta property=\"article:published_time\" content=\"2026-04-15T11:32:06+00:00\" \/>\n<meta name=\"author\" content=\"Telinha\" \/>\n<meta name=\"twitter:card\" content=\"summary_large_image\" \/>\n<meta name=\"twitter:label1\" content=\"Escrito por\" \/>\n\t<meta name=\"twitter:data1\" content=\"Telinha\" \/>\n<script type=\"application\/ld+json\" class=\"yoast-schema-graph\">{\"@context\":\"https:\/\/schema.org\",\"@graph\":[{\"@type\":\"Article\",\"@id\":\"https:\/\/portaltela.pt\/noticias\/2026\/04\/15\/v-guimaraes-vai-conhecer-o-setimo-presidente-deste-seculo\/#article\",\"isPartOf\":{\"@id\":\"https:\/\/portaltela.pt\/noticias\/2026\/04\/15\/v-guimaraes-vai-conhecer-o-setimo-presidente-deste-seculo\/\"},\"author\":{\"name\":\"Telinha\",\"@id\":\"https:\/\/portaltela.pt\/#\/schema\/person\/c4278d4a6028830caff9ee44b42d32ed\"},\"headline\":\"V. Guimar\u00e3es vai conhecer o s\u00e9timo presidente deste s\u00e9culo\",\"datePublished\":\"2026-04-15T11:32:06+00:00\",\"mainEntityOfPage\":{\"@id\":\"https:\/\/portaltela.pt\/noticias\/2026\/04\/15\/v-guimaraes-vai-conhecer-o-setimo-presidente-deste-seculo\/\"},\"wordCount\":103,\"image\":{\"@id\":\"https:\/\/portaltela.pt\/noticias\/2026\/04\/15\/v-guimaraes-vai-conhecer-o-setimo-presidente-deste-seculo\/#primaryimage\"},\"thumbnailUrl\":\"https:\/\/portaltela.pt\/s.01k8rhncp4jt1\/2026\/04\/image-908.jpg\",\"keywords\":[\"elei\u00e7\u00f5es\",\"futebol\",\"Guimar\u00e3es\",\"organiza\u00e7\u00e3o desportiva\",\"presidente\",\"Vit\u00f3ria\"],\"articleSection\":[\"Desporto\",\"Futebol\"],\"inLanguage\":\"pt-PT\"},{\"@type\":\"WebPage\",\"@id\":\"https:\/\/portaltela.pt\/noticias\/2026\/04\/15\/v-guimaraes-vai-conhecer-o-setimo-presidente-deste-seculo\/\",\"url\":\"https:\/\/portaltela.pt\/noticias\/2026\/04\/15\/v-guimaraes-vai-conhecer-o-setimo-presidente-deste-seculo\/\",\"name\":\"V. Guimar\u00e3es vai conhecer o s\u00e9timo presidente deste s\u00e9culo - Portal Tela Portugal\",\"isPartOf\":{\"@id\":\"https:\/\/portaltela.pt\/#website\"},\"primaryImageOfPage\":{\"@id\":\"https:\/\/portaltela.pt\/noticias\/2026\/04\/15\/v-guimaraes-vai-conhecer-o-setimo-presidente-deste-seculo\/#primaryimage\"},\"image\":{\"@id\":\"https:\/\/portaltela.pt\/noticias\/2026\/04\/15\/v-guimaraes-vai-conhecer-o-setimo-presidente-deste-seculo\/#primaryimage\"},\"thumbnailUrl\":\"https:\/\/portaltela.pt\/s.01k8rhncp4jt1\/2026\/04\/image-908.jpg\",\"datePublished\":\"2026-04-15T11:32:06+00:00\",\"author\":{\"@id\":\"https:\/\/portaltela.pt\/#\/schema\/person\/c4278d4a6028830caff9ee44b42d32ed\"},\"breadcrumb\":{\"@id\":\"https:\/\/portaltela.pt\/noticias\/2026\/04\/15\/v-guimaraes-vai-conhecer-o-setimo-presidente-deste-seculo\/#breadcrumb\"},\"inLanguage\":\"pt-PT\",\"potentialAction\":[{\"@type\":\"ReadAction\",\"target\":[\"https:\/\/portaltela.pt\/noticias\/2026\/04\/15\/v-guimaraes-vai-conhecer-o-setimo-presidente-deste-seculo\/\"]}]},{\"@type\":\"ImageObject\",\"inLanguage\":\"pt-PT\",\"@id\":\"https:\/\/portaltela.pt\/noticias\/2026\/04\/15\/v-guimaraes-vai-conhecer-o-setimo-presidente-deste-seculo\/#primaryimage\",\"url\":\"https:\/\/portaltela.pt\/s.01k8rhncp4jt1\/2026\/04\/image-908.jpg\",\"contentUrl\":\"https:\/\/portaltela.pt\/s.01k8rhncp4jt1\/2026\/04\/image-908.jpg\",\"width\":796,\"height\":448,\"caption\":\"Ant\u00f3nio Miguel Cardoso est\u00e1 de sa\u00edda da presid\u00eancia do V. Guimar\u00e3es\"},{\"@type\":\"BreadcrumbList\",\"@id\":\"https:\/\/portaltela.pt\/noticias\/2026\/04\/15\/v-guimaraes-vai-conhecer-o-setimo-presidente-deste-seculo\/#breadcrumb\",\"itemListElement\":[{\"@type\":\"ListItem\",\"position\":1,\"name\":\"In\u00edcio\",\"item\":\"https:\/\/portaltela.pt\/\"},{\"@type\":\"ListItem\",\"position\":2,\"name\":\"V. Guimar\u00e3es vai conhecer o s\u00e9timo presidente deste s\u00e9culo\"}]},{\"@type\":\"WebSite\",\"@id\":\"https:\/\/portaltela.pt\/#website\",\"url\":\"https:\/\/portaltela.pt\/\",\"name\":\"Portal Tela Portugal\",\"description\":\"\",\"potentialAction\":[{\"@type\":\"SearchAction\",\"target\":{\"@type\":\"EntryPoint\",\"urlTemplate\":\"https:\/\/portaltela.pt\/?s={search_term_string}\"},\"query-input\":{\"@type\":\"PropertyValueSpecification\",\"valueRequired\":true,\"valueName\":\"search_term_string\"}}],\"inLanguage\":\"pt-PT\"},{\"@type\":\"Person\",\"@id\":\"https:\/\/portaltela.pt\/#\/schema\/person\/c4278d4a6028830caff9ee44b42d32ed\",\"name\":\"Telinha\",\"image\":{\"@type\":\"ImageObject\",\"inLanguage\":\"pt-PT\",\"@id\":\"https:\/\/portaltela.pt\/s.01k8rhncp4jt1\/2025\/11\/talking-bot-125x125.png\",\"url\":\"https:\/\/portaltela.pt\/s.01k8rhncp4jt1\/2025\/11\/talking-bot-125x125.png\",\"contentUrl\":\"https:\/\/portaltela.pt\/s.01k8rhncp4jt1\/2025\/11\/talking-bot-125x125.png\",\"caption\":\"Telinha\"},\"sameAs\":[\"https:\/\/portaltela.pt\/\"],\"url\":\"https:\/\/portaltela.pt\/por\/367410592786\/\"}]}<\/script>\n<!-- \/ Yoast SEO plugin. -->","yoast_head_json":{"title":"V. Guimar\u00e3es vai conhecer o s\u00e9timo presidente deste s\u00e9culo - Portal Tela Portugal","robots":{"index":"index","follow":"follow","max-snippet":"max-snippet:-1","max-image-preview":"max-image-preview:large","max-video-preview":"max-video-preview:-1"},"og_locale":"pt_PT","og_type":"article","og_title":"V. Guimar\u00e3es vai conhecer o s\u00e9timo presidente deste s\u00e9culo - Portal Tela Portugal","og_description":"Ant\u00f3nio Miguel Cardoso vai abandonar a presid\u00eancia do V. Guimar\u00e3es. Os s\u00f3cios v\u00e3o \u00e0s urnas para elegerem o s\u00e9timo presidente do clube neste s\u00e9culo. O facto coloca o clube numa posi\u00e7\u00e3o de rotatividade de lideran\u00e7a semelhante a grandes da Liga. Na compara\u00e7\u00e3o com Sporting, Benfica, F. C. Porto e Braga, apenas o Sporting se aproxima da realidade vitoriana na Liga. O an\u00fancio \u00e9 apresentado como um fen\u00f3meno \u00fanico no topo do futebol portugu\u00eas.","og_url":"https:\/\/portaltela.pt\/noticias\/2026\/04\/15\/v-guimaraes-vai-conhecer-o-setimo-presidente-deste-seculo\/","og_site_name":"Portal Tela Portugal","article_published_time":"2026-04-15T11:32:06+00:00","author":"Telinha","twitter_card":"summary_large_image","twitter_misc":{"Escrito por":"Telinha"},"schema":{"@context":"https:\/\/schema.org","@graph":[{"@type":"Article","@id":"https:\/\/portaltela.pt\/noticias\/2026\/04\/15\/v-guimaraes-vai-conhecer-o-setimo-presidente-deste-seculo\/#article","isPartOf":{"@id":"https:\/\/portaltela.pt\/noticias\/2026\/04\/15\/v-guimaraes-vai-conhecer-o-setimo-presidente-deste-seculo\/"},"author":{"name":"Telinha","@id":"https:\/\/portaltela.pt\/#\/schema\/person\/c4278d4a6028830caff9ee44b42d32ed"},"headline":"V. Guimar\u00e3es vai conhecer o s\u00e9timo presidente deste s\u00e9culo","datePublished":"2026-04-15T11:32:06+00:00","mainEntityOfPage":{"@id":"https:\/\/portaltela.pt\/noticias\/2026\/04\/15\/v-guimaraes-vai-conhecer-o-setimo-presidente-deste-seculo\/"},"wordCount":103,"image":{"@id":"https:\/\/portaltela.pt\/noticias\/2026\/04\/15\/v-guimaraes-vai-conhecer-o-setimo-presidente-deste-seculo\/#primaryimage"},"thumbnailUrl":"https:\/\/portaltela.pt\/s.01k8rhncp4jt1\/2026\/04\/image-908.jpg","keywords":["elei\u00e7\u00f5es","futebol","Guimar\u00e3es","organiza\u00e7\u00e3o desportiva","presidente","Vit\u00f3ria"],"articleSection":["Desporto","Futebol"],"inLanguage":"pt-PT"},{"@type":"WebPage","@id":"https:\/\/portaltela.pt\/noticias\/2026\/04\/15\/v-guimaraes-vai-conhecer-o-setimo-presidente-deste-seculo\/","url":"https:\/\/portaltela.pt\/noticias\/2026\/04\/15\/v-guimaraes-vai-conhecer-o-setimo-presidente-deste-seculo\/","name":"V. Guimar\u00e3es vai conhecer o s\u00e9timo presidente deste s\u00e9culo - Portal Tela Portugal","isPartOf":{"@id":"https:\/\/portaltela.pt\/#website"},"primaryImageOfPage":{"@id":"https:\/\/portaltela.pt\/noticias\/2026\/04\/15\/v-guimaraes-vai-conhecer-o-setimo-presidente-deste-seculo\/#primaryimage"},"image":{"@id":"https:\/\/portaltela.pt\/noticias\/2026\/04\/15\/v-guimaraes-vai-conhecer-o-setimo-presidente-deste-seculo\/#primaryimage"},"thumbnailUrl":"https:\/\/portaltela.pt\/s.01k8rhncp4jt1\/2026\/04\/image-908.jpg","datePublished":"2026-04-15T11:32:06+00:00","author":{"@id":"https:\/\/portaltela.pt\/#\/schema\/person\/c4278d4a6028830caff9ee44b42d32ed"},"breadcrumb":{"@id":"https:\/\/portaltela.pt\/noticias\/2026\/04\/15\/v-guimaraes-vai-conhecer-o-setimo-presidente-deste-seculo\/#breadcrumb"},"inLanguage":"pt-PT","potentialAction":[{"@type":"ReadAction","target":["https:\/\/portaltela.pt\/noticias\/2026\/04\/15\/v-guimaraes-vai-conhecer-o-setimo-presidente-deste-seculo\/"]}]},{"@type":"ImageObject","inLanguage":"pt-PT","@id":"https:\/\/portaltela.pt\/noticias\/2026\/04\/15\/v-guimaraes-vai-conhecer-o-setimo-presidente-deste-seculo\/#primaryimage","url":"https:\/\/portaltela.pt\/s.01k8rhncp4jt1\/2026\/04\/image-908.jpg","contentUrl":"https:\/\/portaltela.pt\/s.01k8rhncp4jt1\/2026\/04\/image-908.jpg","width":796,"height":448,"caption":"Ant\u00f3nio Miguel Cardoso est\u00e1 de sa\u00edda da presid\u00eancia do V. Guimar\u00e3es"},{"@type":"BreadcrumbList","@id":"https:\/\/portaltela.pt\/noticias\/2026\/04\/15\/v-guimaraes-vai-conhecer-o-setimo-presidente-deste-seculo\/#breadcrumb","itemListElement":[{"@type":"ListItem","position":1,"name":"In\u00edcio","item":"https:\/\/portaltela.pt\/"},{"@type":"ListItem","position":2,"name":"V. Guimar\u00e3es vai conhecer o s\u00e9timo presidente deste s\u00e9culo"}]},{"@type":"WebSite","@id":"https:\/\/portaltela.pt\/#website","url":"https:\/\/portaltela.pt\/","name":"Portal Tela Portugal","description":"","potentialAction":[{"@type":"SearchAction","target":{"@type":"EntryPoint","urlTemplate":"https:\/\/portaltela.pt\/?s={search_term_string}"},"query-input":{"@type":"PropertyValueSpecification","valueRequired":true,"valueName":"search_term_string"}}],"inLanguage":"pt-PT"},{"@type":"Person","@id":"https:\/\/portaltela.pt\/#\/schema\/person\/c4278d4a6028830caff9ee44b42d32ed","name":"Telinha","image":{"@type":"ImageObject","inLanguage":"pt-PT","@id":"https:\/\/portaltela.pt\/s.01k8rhncp4jt1\/2025\/11\/talking-bot-125x125.png","url":"https:\/\/portaltela.pt\/s.01k8rhncp4jt1\/2025\/11\/talking-bot-125x125.png","contentUrl":"https:\/\/portaltela.pt\/s.01k8rhncp4jt1\/2025\/11\/talking-bot-125x125.png","caption":"Telinha"},"sameAs":["https:\/\/portaltela.pt\/"],"url":"https:\/\/portaltela.pt\/por\/367410592786\/"}]}},"_links":{"self":[{"href":"https:\/\/portaltela.pt\/api\/wp\/v2\/posts\/444931","targetHints":{"allow":["GET"]}}],"collection":[{"href":"https:\/\/portaltela.pt\/api\/wp\/v2\/posts"}],"about":[{"href":"https:\/\/portaltela.pt\/api\/wp\/v2\/types\/post"}],"author":[{"embeddable":true,"href":"https:\/\/portaltela.pt\/api\/wp\/v2\/users\/2"}],"replies":[{"embeddable":true,"href":"https:\/\/portaltela.pt\/api\/wp\/v2\/comments?post=444931"}],"version-history":[{"count":0,"href":"https:\/\/portaltela.pt\/api\/wp\/v2\/posts\/444931\/revisions"}],"wp:featuredmedia":[{"embeddable":true,"href":"https:\/\/portaltela.pt\/api\/wp\/v2\/media\/444939"}],"wp:attachment":[{"href":"https:\/\/portaltela.pt\/api\/wp\/v2\/media?parent=444931"}],"wp:term":[{"taxonomy":"category","embeddable":true,"href":"https:\/\/portaltela.pt\/api\/wp\/v2\/categories?post=444931"},{"taxonomy":"post_tag","embeddable":true,"href":"https:\/\/portaltela.pt\/api\/wp\/v2\/tags?post=444931"}],"curies":[{"name":"wp","href":"https:\/\/api.w.org\/{rel}","templated":true}]}}