{"id":444930,"date":"2026-04-15T08:32:06","date_gmt":"2026-04-15T11:32:06","guid":{"rendered":"https:\/\/portaltela.pt\/noticias\/2026\/04\/15\/agente-imobiliaria-detida-por-ameacar-notario-com-revolver-no-montijo\/"},"modified":"2026-04-15T08:32:06","modified_gmt":"2026-04-15T11:32:06","slug":"agente-imobiliaria-detida-por-ameacar-notario-com-revolver-no-montijo","status":"publish","type":"post","link":"https:\/\/portaltela.pt\/policia\/2026\/04\/15\/agente-imobiliaria-detida-por-ameacar-notario-com-revolver-no-montijo\/","title":{"rendered":"Agente imobili\u00e1ria detida por amea\u00e7ar not\u00e1rio com rev\u00f3lver no Montijo"},"content":{"rendered":"<p>A Pol\u00edcia de Seguran\u00e7a P\u00fablica deteve, esta ter\u00e7a-feira, no Montijo, uma agente imobili\u00e1ria suspeita de ter amea\u00e7ado com arma de fogo um not\u00e1rio num cart\u00f3rio central da cidade. A deten\u00e7\u00e3o ocorreu na posse de um rev\u00f3lver de calibre .32 com seis muni\u00e7\u00f5es.<\/p>\n<p>A suspeita tem cerca de 60 anos e foi identificada pela PSP ap\u00f3s ter sido acionada a partir de uma den\u00fancia. Os agentes recolheram testemunhos e localizaram a mulher ainda na Rua Joaquim Serra, na viatura, antes de abandonar o local.<\/p>\n<p>Foi realizada uma revista ao carro, onde foi encontrada a arma preparada para disparar, sem documenta\u00e7\u00e3o que comprove a posse. A suspeita foi detida por amea\u00e7a e posse de arma proibida, devendo apresentar-se hoje ao tribunal.<\/p>\n<h3>A\u00e7\u00e3o judicial<\/h3>\n<p>A mulher ficar\u00e1 a aguardar seeia no tribunal, com a apresenta\u00e7\u00e3o marcada para esta quarta-feira. A PSP informou que o processo segue os tr\u00e2mites legais, com a investiga\u00e7\u00e3o a prosseguir conforme a lei.<\/p>\n","protected":false},"excerpt":{"rendered":"<ul>\n<li>A PSP deteve uma agente imobili\u00e1ria, de cerca de 60 anos, no Montijo, por alegada amea\u00e7a a um not\u00e1rio num cart\u00f3rio na Rua Joaquim Serra.<\/li>\n<li>O incidente ocorreu \u00e0s 19h30 de ter\u00e7a-feira, perto do Tribunal do Montijo.<\/li>\n<li>A descri\u00e7\u00e3o aponta que a amea\u00e7a foi feita com uma arma de fogo; no interior da viatura foram encontradas seis muni\u00e7\u00f5es de calibre .32.<\/li>\n<li>A suspeita ficou detida por amea\u00e7a e posse de arma proibida, n\u00e3o possuindo documenta\u00e7\u00e3o que comprove a posse.<\/li>\n<li>Vai ser apresentada a tribunal na quarta-feira.<\/li>\n<\/ul>\n","protected":false},"author":2,"featured_media":444940,"comment_status":"closed","ping_status":"closed","sticky":false,"template":"","format":"standard","meta":{"footnotes":""},"categories":[6907,6781],"tags":[4728,124,1058,7221,766,1381],"class_list":["post-444930","post","type-post","status-publish","format-standard","has-post-thumbnail","hentry","category-crime","category-policia","tag-ameaca","tag-arma-de-fogo","tag-montijo","tag-noticias","tag-posse-de-arma-proibida","tag-psp"],"yoast_head":"<!-- This site is optimized with the Yoast SEO plugin v27.2 - https:\/\/yoast.com\/product\/yoast-seo-wordpress\/ -->\n<title>Agente imobili\u00e1ria detida por amea\u00e7ar not\u00e1rio com rev\u00f3lver no Montijo - Portal Tela Portugal<\/title>\n<meta name=\"robots\" content=\"index, follow, max-snippet:-1, max-image-preview:large, max-video-preview:-1\" \/>\n<meta property=\"og:locale\" content=\"pt_PT\" \/>\n<meta property=\"og:type\" content=\"article\" \/>\n<meta property=\"og:title\" content=\"Agente imobili\u00e1ria detida por amea\u00e7ar not\u00e1rio com rev\u00f3lver no Montijo - Portal Tela Portugal\" \/>\n<meta property=\"og:description\" content=\"A PSP deteve uma agente imobili\u00e1ria, de cerca de 60 anos, no Montijo, por alegada amea\u00e7a a um not\u00e1rio num cart\u00f3rio na Rua Joaquim Serra. O incidente ocorreu \u00e0s 19h30 de ter\u00e7a-feira, perto do Tribunal do Montijo. A descri\u00e7\u00e3o aponta que a amea\u00e7a foi feita com uma arma de fogo; no interior da viatura foram encontradas seis muni\u00e7\u00f5es de calibre .32. A suspeita ficou detida por amea\u00e7a e posse de arma proibida, n\u00e3o possuindo documenta\u00e7\u00e3o que comprove a posse. Vai ser apresentada a tribunal na quarta-feira.\" \/>\n<meta property=\"og:url\" content=\"https:\/\/portaltela.pt\/noticias\/2026\/04\/15\/agente-imobiliaria-detida-por-ameacar-notario-com-revolver-no-montijo\/\" \/>\n<meta property=\"og:site_name\" content=\"Portal Tela Portugal\" \/>\n<meta property=\"article:published_time\" content=\"2026-04-15T11:32:06+00:00\" \/>\n<meta name=\"author\" content=\"Telinha\" \/>\n<meta name=\"twitter:card\" content=\"summary_large_image\" \/>\n<meta name=\"twitter:label1\" content=\"Escrito por\" \/>\n\t<meta name=\"twitter:data1\" content=\"Telinha\" \/>\n\t<meta name=\"twitter:label2\" content=\"Tempo estimado de leitura\" \/>\n\t<meta name=\"twitter:data2\" content=\"1 minuto\" \/>\n<script type=\"application\/ld+json\" class=\"yoast-schema-graph\">{\"@context\":\"https:\/\/schema.org\",\"@graph\":[{\"@type\":\"Article\",\"@id\":\"https:\/\/portaltela.pt\/noticias\/2026\/04\/15\/agente-imobiliaria-detida-por-ameacar-notario-com-revolver-no-montijo\/#article\",\"isPartOf\":{\"@id\":\"https:\/\/portaltela.pt\/noticias\/2026\/04\/15\/agente-imobiliaria-detida-por-ameacar-notario-com-revolver-no-montijo\/\"},\"author\":{\"name\":\"Telinha\",\"@id\":\"https:\/\/portaltela.pt\/#\/schema\/person\/c4278d4a6028830caff9ee44b42d32ed\"},\"headline\":\"Agente imobili\u00e1ria detida por amea\u00e7ar not\u00e1rio com rev\u00f3lver no Montijo\",\"datePublished\":\"2026-04-15T11:32:06+00:00\",\"mainEntityOfPage\":{\"@id\":\"https:\/\/portaltela.pt\/noticias\/2026\/04\/15\/agente-imobiliaria-detida-por-ameacar-notario-com-revolver-no-montijo\/\"},\"wordCount\":185,\"image\":{\"@id\":\"https:\/\/portaltela.pt\/noticias\/2026\/04\/15\/agente-imobiliaria-detida-por-ameacar-notario-com-revolver-no-montijo\/#primaryimage\"},\"thumbnailUrl\":\"https:\/\/portaltela.pt\/s.01k8rhncp4jt1\/2026\/04\/image-908.jpg\",\"keywords\":[\"amea\u00e7a\",\"arma de fogo\",\"Montijo\",\"not\u00edcias\",\"posse de arma proibida\",\"PSP\"],\"articleSection\":[\"Crime\",\"Pol\u00edcia\"],\"inLanguage\":\"pt-PT\"},{\"@type\":\"WebPage\",\"@id\":\"https:\/\/portaltela.pt\/noticias\/2026\/04\/15\/agente-imobiliaria-detida-por-ameacar-notario-com-revolver-no-montijo\/\",\"url\":\"https:\/\/portaltela.pt\/noticias\/2026\/04\/15\/agente-imobiliaria-detida-por-ameacar-notario-com-revolver-no-montijo\/\",\"name\":\"Agente imobili\u00e1ria detida por amea\u00e7ar not\u00e1rio com rev\u00f3lver no Montijo - Portal Tela Portugal\",\"isPartOf\":{\"@id\":\"https:\/\/portaltela.pt\/#website\"},\"primaryImageOfPage\":{\"@id\":\"https:\/\/portaltela.pt\/noticias\/2026\/04\/15\/agente-imobiliaria-detida-por-ameacar-notario-com-revolver-no-montijo\/#primaryimage\"},\"image\":{\"@id\":\"https:\/\/portaltela.pt\/noticias\/2026\/04\/15\/agente-imobiliaria-detida-por-ameacar-notario-com-revolver-no-montijo\/#primaryimage\"},\"thumbnailUrl\":\"https:\/\/portaltela.pt\/s.01k8rhncp4jt1\/2026\/04\/image-908.jpg\",\"datePublished\":\"2026-04-15T11:32:06+00:00\",\"author\":{\"@id\":\"https:\/\/portaltela.pt\/#\/schema\/person\/c4278d4a6028830caff9ee44b42d32ed\"},\"breadcrumb\":{\"@id\":\"https:\/\/portaltela.pt\/noticias\/2026\/04\/15\/agente-imobiliaria-detida-por-ameacar-notario-com-revolver-no-montijo\/#breadcrumb\"},\"inLanguage\":\"pt-PT\",\"potentialAction\":[{\"@type\":\"ReadAction\",\"target\":[\"https:\/\/portaltela.pt\/noticias\/2026\/04\/15\/agente-imobiliaria-detida-por-ameacar-notario-com-revolver-no-montijo\/\"]}]},{\"@type\":\"ImageObject\",\"inLanguage\":\"pt-PT\",\"@id\":\"https:\/\/portaltela.pt\/noticias\/2026\/04\/15\/agente-imobiliaria-detida-por-ameacar-notario-com-revolver-no-montijo\/#primaryimage\",\"url\":\"https:\/\/portaltela.pt\/s.01k8rhncp4jt1\/2026\/04\/image-908.jpg\",\"contentUrl\":\"https:\/\/portaltela.pt\/s.01k8rhncp4jt1\/2026\/04\/image-908.jpg\",\"width\":796,\"height\":448,\"caption\":\"Foto: Carlos Carneiro\/Arquivo\"},{\"@type\":\"BreadcrumbList\",\"@id\":\"https:\/\/portaltela.pt\/noticias\/2026\/04\/15\/agente-imobiliaria-detida-por-ameacar-notario-com-revolver-no-montijo\/#breadcrumb\",\"itemListElement\":[{\"@type\":\"ListItem\",\"position\":1,\"name\":\"In\u00edcio\",\"item\":\"https:\/\/portaltela.pt\/\"},{\"@type\":\"ListItem\",\"position\":2,\"name\":\"Agente imobili\u00e1ria detida por amea\u00e7ar not\u00e1rio com rev\u00f3lver no Montijo\"}]},{\"@type\":\"WebSite\",\"@id\":\"https:\/\/portaltela.pt\/#website\",\"url\":\"https:\/\/portaltela.pt\/\",\"name\":\"Portal Tela Portugal\",\"description\":\"\",\"potentialAction\":[{\"@type\":\"SearchAction\",\"target\":{\"@type\":\"EntryPoint\",\"urlTemplate\":\"https:\/\/portaltela.pt\/?s={search_term_string}\"},\"query-input\":{\"@type\":\"PropertyValueSpecification\",\"valueRequired\":true,\"valueName\":\"search_term_string\"}}],\"inLanguage\":\"pt-PT\"},{\"@type\":\"Person\",\"@id\":\"https:\/\/portaltela.pt\/#\/schema\/person\/c4278d4a6028830caff9ee44b42d32ed\",\"name\":\"Telinha\",\"image\":{\"@type\":\"ImageObject\",\"inLanguage\":\"pt-PT\",\"@id\":\"https:\/\/portaltela.pt\/s.01k8rhncp4jt1\/2025\/11\/talking-bot-125x125.png\",\"url\":\"https:\/\/portaltela.pt\/s.01k8rhncp4jt1\/2025\/11\/talking-bot-125x125.png\",\"contentUrl\":\"https:\/\/portaltela.pt\/s.01k8rhncp4jt1\/2025\/11\/talking-bot-125x125.png\",\"caption\":\"Telinha\"},\"sameAs\":[\"https:\/\/portaltela.pt\/\"],\"url\":\"https:\/\/portaltela.pt\/por\/367410592786\/\"}]}<\/script>\n<!-- \/ Yoast SEO plugin. -->","yoast_head_json":{"title":"Agente imobili\u00e1ria detida por amea\u00e7ar not\u00e1rio com rev\u00f3lver no Montijo - Portal Tela Portugal","robots":{"index":"index","follow":"follow","max-snippet":"max-snippet:-1","max-image-preview":"max-image-preview:large","max-video-preview":"max-video-preview:-1"},"og_locale":"pt_PT","og_type":"article","og_title":"Agente imobili\u00e1ria detida por amea\u00e7ar not\u00e1rio com rev\u00f3lver no Montijo - Portal Tela Portugal","og_description":"A PSP deteve uma agente imobili\u00e1ria, de cerca de 60 anos, no Montijo, por alegada amea\u00e7a a um not\u00e1rio num cart\u00f3rio na Rua Joaquim Serra. O incidente ocorreu \u00e0s 19h30 de ter\u00e7a-feira, perto do Tribunal do Montijo. A descri\u00e7\u00e3o aponta que a amea\u00e7a foi feita com uma arma de fogo; no interior da viatura foram encontradas seis muni\u00e7\u00f5es de calibre .32. A suspeita ficou detida por amea\u00e7a e posse de arma proibida, n\u00e3o possuindo documenta\u00e7\u00e3o que comprove a posse. Vai ser apresentada a tribunal na quarta-feira.","og_url":"https:\/\/portaltela.pt\/noticias\/2026\/04\/15\/agente-imobiliaria-detida-por-ameacar-notario-com-revolver-no-montijo\/","og_site_name":"Portal Tela Portugal","article_published_time":"2026-04-15T11:32:06+00:00","author":"Telinha","twitter_card":"summary_large_image","twitter_misc":{"Escrito por":"Telinha","Tempo estimado de leitura":"1 minuto"},"schema":{"@context":"https:\/\/schema.org","@graph":[{"@type":"Article","@id":"https:\/\/portaltela.pt\/noticias\/2026\/04\/15\/agente-imobiliaria-detida-por-ameacar-notario-com-revolver-no-montijo\/#article","isPartOf":{"@id":"https:\/\/portaltela.pt\/noticias\/2026\/04\/15\/agente-imobiliaria-detida-por-ameacar-notario-com-revolver-no-montijo\/"},"author":{"name":"Telinha","@id":"https:\/\/portaltela.pt\/#\/schema\/person\/c4278d4a6028830caff9ee44b42d32ed"},"headline":"Agente imobili\u00e1ria detida por amea\u00e7ar not\u00e1rio com rev\u00f3lver no Montijo","datePublished":"2026-04-15T11:32:06+00:00","mainEntityOfPage":{"@id":"https:\/\/portaltela.pt\/noticias\/2026\/04\/15\/agente-imobiliaria-detida-por-ameacar-notario-com-revolver-no-montijo\/"},"wordCount":185,"image":{"@id":"https:\/\/portaltela.pt\/noticias\/2026\/04\/15\/agente-imobiliaria-detida-por-ameacar-notario-com-revolver-no-montijo\/#primaryimage"},"thumbnailUrl":"https:\/\/portaltela.pt\/s.01k8rhncp4jt1\/2026\/04\/image-908.jpg","keywords":["amea\u00e7a","arma de fogo","Montijo","not\u00edcias","posse de arma proibida","PSP"],"articleSection":["Crime","Pol\u00edcia"],"inLanguage":"pt-PT"},{"@type":"WebPage","@id":"https:\/\/portaltela.pt\/noticias\/2026\/04\/15\/agente-imobiliaria-detida-por-ameacar-notario-com-revolver-no-montijo\/","url":"https:\/\/portaltela.pt\/noticias\/2026\/04\/15\/agente-imobiliaria-detida-por-ameacar-notario-com-revolver-no-montijo\/","name":"Agente imobili\u00e1ria detida por amea\u00e7ar not\u00e1rio com rev\u00f3lver no Montijo - Portal Tela Portugal","isPartOf":{"@id":"https:\/\/portaltela.pt\/#website"},"primaryImageOfPage":{"@id":"https:\/\/portaltela.pt\/noticias\/2026\/04\/15\/agente-imobiliaria-detida-por-ameacar-notario-com-revolver-no-montijo\/#primaryimage"},"image":{"@id":"https:\/\/portaltela.pt\/noticias\/2026\/04\/15\/agente-imobiliaria-detida-por-ameacar-notario-com-revolver-no-montijo\/#primaryimage"},"thumbnailUrl":"https:\/\/portaltela.pt\/s.01k8rhncp4jt1\/2026\/04\/image-908.jpg","datePublished":"2026-04-15T11:32:06+00:00","author":{"@id":"https:\/\/portaltela.pt\/#\/schema\/person\/c4278d4a6028830caff9ee44b42d32ed"},"breadcrumb":{"@id":"https:\/\/portaltela.pt\/noticias\/2026\/04\/15\/agente-imobiliaria-detida-por-ameacar-notario-com-revolver-no-montijo\/#breadcrumb"},"inLanguage":"pt-PT","potentialAction":[{"@type":"ReadAction","target":["https:\/\/portaltela.pt\/noticias\/2026\/04\/15\/agente-imobiliaria-detida-por-ameacar-notario-com-revolver-no-montijo\/"]}]},{"@type":"ImageObject","inLanguage":"pt-PT","@id":"https:\/\/portaltela.pt\/noticias\/2026\/04\/15\/agente-imobiliaria-detida-por-ameacar-notario-com-revolver-no-montijo\/#primaryimage","url":"https:\/\/portaltela.pt\/s.01k8rhncp4jt1\/2026\/04\/image-908.jpg","contentUrl":"https:\/\/portaltela.pt\/s.01k8rhncp4jt1\/2026\/04\/image-908.jpg","width":796,"height":448,"caption":"Foto: Carlos Carneiro\/Arquivo"},{"@type":"BreadcrumbList","@id":"https:\/\/portaltela.pt\/noticias\/2026\/04\/15\/agente-imobiliaria-detida-por-ameacar-notario-com-revolver-no-montijo\/#breadcrumb","itemListElement":[{"@type":"ListItem","position":1,"name":"In\u00edcio","item":"https:\/\/portaltela.pt\/"},{"@type":"ListItem","position":2,"name":"Agente imobili\u00e1ria detida por amea\u00e7ar not\u00e1rio com rev\u00f3lver no Montijo"}]},{"@type":"WebSite","@id":"https:\/\/portaltela.pt\/#website","url":"https:\/\/portaltela.pt\/","name":"Portal Tela Portugal","description":"","potentialAction":[{"@type":"SearchAction","target":{"@type":"EntryPoint","urlTemplate":"https:\/\/portaltela.pt\/?s={search_term_string}"},"query-input":{"@type":"PropertyValueSpecification","valueRequired":true,"valueName":"search_term_string"}}],"inLanguage":"pt-PT"},{"@type":"Person","@id":"https:\/\/portaltela.pt\/#\/schema\/person\/c4278d4a6028830caff9ee44b42d32ed","name":"Telinha","image":{"@type":"ImageObject","inLanguage":"pt-PT","@id":"https:\/\/portaltela.pt\/s.01k8rhncp4jt1\/2025\/11\/talking-bot-125x125.png","url":"https:\/\/portaltela.pt\/s.01k8rhncp4jt1\/2025\/11\/talking-bot-125x125.png","contentUrl":"https:\/\/portaltela.pt\/s.01k8rhncp4jt1\/2025\/11\/talking-bot-125x125.png","caption":"Telinha"},"sameAs":["https:\/\/portaltela.pt\/"],"url":"https:\/\/portaltela.pt\/por\/367410592786\/"}]}},"_links":{"self":[{"href":"https:\/\/portaltela.pt\/api\/wp\/v2\/posts\/444930","targetHints":{"allow":["GET"]}}],"collection":[{"href":"https:\/\/portaltela.pt\/api\/wp\/v2\/posts"}],"about":[{"href":"https:\/\/portaltela.pt\/api\/wp\/v2\/types\/post"}],"author":[{"embeddable":true,"href":"https:\/\/portaltela.pt\/api\/wp\/v2\/users\/2"}],"replies":[{"embeddable":true,"href":"https:\/\/portaltela.pt\/api\/wp\/v2\/comments?post=444930"}],"version-history":[{"count":0,"href":"https:\/\/portaltela.pt\/api\/wp\/v2\/posts\/444930\/revisions"}],"wp:featuredmedia":[{"embeddable":true,"href":"https:\/\/portaltela.pt\/api\/wp\/v2\/media\/444940"}],"wp:attachment":[{"href":"https:\/\/portaltela.pt\/api\/wp\/v2\/media?parent=444930"}],"wp:term":[{"taxonomy":"category","embeddable":true,"href":"https:\/\/portaltela.pt\/api\/wp\/v2\/categories?post=444930"},{"taxonomy":"post_tag","embeddable":true,"href":"https:\/\/portaltela.pt\/api\/wp\/v2\/tags?post=444930"}],"curies":[{"name":"wp","href":"https:\/\/api.w.org\/{rel}","templated":true}]}}