{"id":444910,"date":"2026-04-15T08:17:28","date_gmt":"2026-04-15T11:17:28","guid":{"rendered":"https:\/\/portaltela.pt\/noticias\/2026\/04\/15\/agustin-moreira-assina-pelo-gil-vicente-ate-2029\/"},"modified":"2026-04-15T08:17:28","modified_gmt":"2026-04-15T11:17:28","slug":"agustin-moreira-assina-pelo-gil-vicente-ate-2029","status":"publish","type":"post","link":"https:\/\/portaltela.pt\/desporto\/futebol\/2026\/04\/15\/agustin-moreira-assina-pelo-gil-vicente-ate-2029\/","title":{"rendered":"Agust\u00edn Moreira assina pelo Gil Vicente at\u00e9 2029"},"content":{"rendered":"<p>Agust\u00edn Moreira assinou, em definitivo, pelo Gil Vicente. O extremo uruguaio fica ligado ao clube de Barcelos at\u00e9 2029, depois de chegar por empr\u00e9stimo ao longo da \u00faltima \u00e9poca, com op\u00e7\u00e3o de compra que foi ativada. O an\u00fancio foi feito nesta quarta-feira.<\/p>\n<p>Desde a sua chegada, Moreira disputou 17 jogos pelo Gil Vicente e ganhou progression na titularidade pela esquerda, sob o comando de C\u00e9sar Peixoto. O jogador completou recentemente o seu primeiro radiante com dois gols frente ao Alverca, num 2-2.<\/p>\n<p>A experi\u00eancia europeia marca o ponto alto da carreira de Moreira, que tem 24 anos. Formado no Defensor Sporting, do Uruguai, destacou-se ainda no Progreso antes de rumar a Portugal. A transfer\u00eancia encerra a ced\u00eancia e coloca o atleta com contrato a longo prazo.<\/p>\n<h3>Detalhes do contrato<\/h3>\n<ul>\n<li>Dura\u00e7\u00e3o: at\u00e9 2029.<\/li>\n<li>Natureza: aquisi\u00e7\u00e3o definitiva ap\u00f3s empr\u00e9stimo inicial.<\/li>\n<li>Contexto: decis\u00e3o do Gil Vicente de assegurar o atleta para o meio-campo\/ala esquerda.<\/li>\n<\/ul>\n","protected":false},"excerpt":{"rendered":"<ul>\n<li>O Gil Vicente assinou, em definitivo, com Agust\u00edn Moreira at\u00e9 2029, ap\u00f3s ativar a op\u00e7\u00e3o de compra ao Progreso.<\/li>\n<li>O extremo uruguaio estava emprestado ao clube de Barcelos com cl\u00e1usula de aquisi\u00e7\u00e3o, que foi acionada.<\/li>\n<li>Moreira soma 17 partidas disputadas e tornou-se titular pela ala esquerda da equipa treinada por C\u00e9sar Peixoto.<\/li>\n<li>O jogador estreou-se a marcar pela equipa com um bis frente ao Alverca, no empate a dois.<\/li>\n<li>Aos 24 anos, vive a primeira experi\u00eancia na Europa, ap\u00f3s forma\u00e7\u00e3o no Defensor Sporting, no Uruguai, e passagem pelo Progreso.<\/li>\n<\/ul>\n","protected":false},"author":2,"featured_media":444912,"comment_status":"closed","ping_status":"closed","sticky":false,"template":"","format":"standard","meta":{"footnotes":""},"categories":[21,24],"tags":[1027,1125,32,1829,242,7520],"class_list":["post-444910","post","type-post","status-publish","format-standard","has-post-thumbnail","hentry","category-desporto","category-futebol","tag-barcelos","tag-contratos","tag-futebol","tag-gil-vicente","tag-jogadores","tag-uruguai"],"yoast_head":"<!-- This site is optimized with the Yoast SEO plugin v27.2 - https:\/\/yoast.com\/product\/yoast-seo-wordpress\/ -->\n<title>Agust\u00edn Moreira assina pelo Gil Vicente at\u00e9 2029 - Portal Tela Portugal<\/title>\n<meta name=\"robots\" content=\"index, follow, max-snippet:-1, max-image-preview:large, max-video-preview:-1\" \/>\n<meta property=\"og:locale\" content=\"pt_PT\" \/>\n<meta property=\"og:type\" content=\"article\" \/>\n<meta property=\"og:title\" content=\"Agust\u00edn Moreira assina pelo Gil Vicente at\u00e9 2029 - Portal Tela Portugal\" \/>\n<meta property=\"og:description\" content=\"O Gil Vicente assinou, em definitivo, com Agust\u00edn Moreira at\u00e9 2029, ap\u00f3s ativar a op\u00e7\u00e3o de compra ao Progreso. O extremo uruguaio estava emprestado ao clube de Barcelos com cl\u00e1usula de aquisi\u00e7\u00e3o, que foi acionada. Moreira soma 17 partidas disputadas e tornou-se titular pela ala esquerda da equipa treinada por C\u00e9sar Peixoto. O jogador estreou-se a marcar pela equipa com um bis frente ao Alverca, no empate a dois. Aos 24 anos, vive a primeira experi\u00eancia na Europa, ap\u00f3s forma\u00e7\u00e3o no Defensor Sporting, no Uruguai, e passagem pelo Progreso.\" \/>\n<meta property=\"og:url\" content=\"https:\/\/portaltela.pt\/noticias\/2026\/04\/15\/agustin-moreira-assina-pelo-gil-vicente-ate-2029\/\" \/>\n<meta property=\"og:site_name\" content=\"Portal Tela Portugal\" \/>\n<meta property=\"article:published_time\" content=\"2026-04-15T11:17:28+00:00\" \/>\n<meta name=\"author\" content=\"Telinha\" \/>\n<meta name=\"twitter:card\" content=\"summary_large_image\" \/>\n<meta name=\"twitter:label1\" content=\"Escrito por\" \/>\n\t<meta name=\"twitter:data1\" content=\"Telinha\" \/>\n\t<meta name=\"twitter:label2\" content=\"Tempo estimado de leitura\" \/>\n\t<meta name=\"twitter:data2\" content=\"1 minuto\" \/>\n<script type=\"application\/ld+json\" class=\"yoast-schema-graph\">{\"@context\":\"https:\/\/schema.org\",\"@graph\":[{\"@type\":\"Article\",\"@id\":\"https:\/\/portaltela.pt\/noticias\/2026\/04\/15\/agustin-moreira-assina-pelo-gil-vicente-ate-2029\/#article\",\"isPartOf\":{\"@id\":\"https:\/\/portaltela.pt\/noticias\/2026\/04\/15\/agustin-moreira-assina-pelo-gil-vicente-ate-2029\/\"},\"author\":{\"name\":\"Telinha\",\"@id\":\"https:\/\/portaltela.pt\/#\/schema\/person\/c4278d4a6028830caff9ee44b42d32ed\"},\"headline\":\"Agust\u00edn Moreira assina pelo Gil Vicente at\u00e9 2029\",\"datePublished\":\"2026-04-15T11:17:28+00:00\",\"mainEntityOfPage\":{\"@id\":\"https:\/\/portaltela.pt\/noticias\/2026\/04\/15\/agustin-moreira-assina-pelo-gil-vicente-ate-2029\/\"},\"wordCount\":169,\"image\":{\"@id\":\"https:\/\/portaltela.pt\/noticias\/2026\/04\/15\/agustin-moreira-assina-pelo-gil-vicente-ate-2029\/#primaryimage\"},\"thumbnailUrl\":\"https:\/\/portaltela.pt\/s.01k8rhncp4jt1\/2026\/04\/img_920x518uu2026-03-15-23-49-19-2427280-im-639118519234735511.jpg\",\"keywords\":[\"Barcelos\",\"contratos\",\"futebol\",\"Gil Vicente\",\"jogadores\",\"Uruguai\"],\"articleSection\":[\"Desporto\",\"Futebol\"],\"inLanguage\":\"pt-PT\"},{\"@type\":\"WebPage\",\"@id\":\"https:\/\/portaltela.pt\/noticias\/2026\/04\/15\/agustin-moreira-assina-pelo-gil-vicente-ate-2029\/\",\"url\":\"https:\/\/portaltela.pt\/noticias\/2026\/04\/15\/agustin-moreira-assina-pelo-gil-vicente-ate-2029\/\",\"name\":\"Agust\u00edn Moreira assina pelo Gil Vicente at\u00e9 2029 - Portal Tela Portugal\",\"isPartOf\":{\"@id\":\"https:\/\/portaltela.pt\/#website\"},\"primaryImageOfPage\":{\"@id\":\"https:\/\/portaltela.pt\/noticias\/2026\/04\/15\/agustin-moreira-assina-pelo-gil-vicente-ate-2029\/#primaryimage\"},\"image\":{\"@id\":\"https:\/\/portaltela.pt\/noticias\/2026\/04\/15\/agustin-moreira-assina-pelo-gil-vicente-ate-2029\/#primaryimage\"},\"thumbnailUrl\":\"https:\/\/portaltela.pt\/s.01k8rhncp4jt1\/2026\/04\/img_920x518uu2026-03-15-23-49-19-2427280-im-639118519234735511.jpg\",\"datePublished\":\"2026-04-15T11:17:28+00:00\",\"author\":{\"@id\":\"https:\/\/portaltela.pt\/#\/schema\/person\/c4278d4a6028830caff9ee44b42d32ed\"},\"breadcrumb\":{\"@id\":\"https:\/\/portaltela.pt\/noticias\/2026\/04\/15\/agustin-moreira-assina-pelo-gil-vicente-ate-2029\/#breadcrumb\"},\"inLanguage\":\"pt-PT\",\"potentialAction\":[{\"@type\":\"ReadAction\",\"target\":[\"https:\/\/portaltela.pt\/noticias\/2026\/04\/15\/agustin-moreira-assina-pelo-gil-vicente-ate-2029\/\"]}]},{\"@type\":\"ImageObject\",\"inLanguage\":\"pt-PT\",\"@id\":\"https:\/\/portaltela.pt\/noticias\/2026\/04\/15\/agustin-moreira-assina-pelo-gil-vicente-ate-2029\/#primaryimage\",\"url\":\"https:\/\/portaltela.pt\/s.01k8rhncp4jt1\/2026\/04\/img_920x518uu2026-03-15-23-49-19-2427280-im-639118519234735511.jpg\",\"contentUrl\":\"https:\/\/portaltela.pt\/s.01k8rhncp4jt1\/2026\/04\/img_920x518uu2026-03-15-23-49-19-2427280-im-639118519234735511.jpg\",\"width\":796,\"height\":448,\"caption\":\"Agust\u00edn Moreira tem a confian\u00e7a de C\u00e9sar Peixoto\"},{\"@type\":\"BreadcrumbList\",\"@id\":\"https:\/\/portaltela.pt\/noticias\/2026\/04\/15\/agustin-moreira-assina-pelo-gil-vicente-ate-2029\/#breadcrumb\",\"itemListElement\":[{\"@type\":\"ListItem\",\"position\":1,\"name\":\"In\u00edcio\",\"item\":\"https:\/\/portaltela.pt\/\"},{\"@type\":\"ListItem\",\"position\":2,\"name\":\"Agust\u00edn Moreira assina pelo Gil Vicente at\u00e9 2029\"}]},{\"@type\":\"WebSite\",\"@id\":\"https:\/\/portaltela.pt\/#website\",\"url\":\"https:\/\/portaltela.pt\/\",\"name\":\"Portal Tela Portugal\",\"description\":\"\",\"potentialAction\":[{\"@type\":\"SearchAction\",\"target\":{\"@type\":\"EntryPoint\",\"urlTemplate\":\"https:\/\/portaltela.pt\/?s={search_term_string}\"},\"query-input\":{\"@type\":\"PropertyValueSpecification\",\"valueRequired\":true,\"valueName\":\"search_term_string\"}}],\"inLanguage\":\"pt-PT\"},{\"@type\":\"Person\",\"@id\":\"https:\/\/portaltela.pt\/#\/schema\/person\/c4278d4a6028830caff9ee44b42d32ed\",\"name\":\"Telinha\",\"image\":{\"@type\":\"ImageObject\",\"inLanguage\":\"pt-PT\",\"@id\":\"https:\/\/portaltela.pt\/s.01k8rhncp4jt1\/2025\/11\/talking-bot-125x125.png\",\"url\":\"https:\/\/portaltela.pt\/s.01k8rhncp4jt1\/2025\/11\/talking-bot-125x125.png\",\"contentUrl\":\"https:\/\/portaltela.pt\/s.01k8rhncp4jt1\/2025\/11\/talking-bot-125x125.png\",\"caption\":\"Telinha\"},\"sameAs\":[\"https:\/\/portaltela.pt\/\"],\"url\":\"https:\/\/portaltela.pt\/por\/367410592786\/\"}]}<\/script>\n<!-- \/ Yoast SEO plugin. -->","yoast_head_json":{"title":"Agust\u00edn Moreira assina pelo Gil Vicente at\u00e9 2029 - Portal Tela Portugal","robots":{"index":"index","follow":"follow","max-snippet":"max-snippet:-1","max-image-preview":"max-image-preview:large","max-video-preview":"max-video-preview:-1"},"og_locale":"pt_PT","og_type":"article","og_title":"Agust\u00edn Moreira assina pelo Gil Vicente at\u00e9 2029 - Portal Tela Portugal","og_description":"O Gil Vicente assinou, em definitivo, com Agust\u00edn Moreira at\u00e9 2029, ap\u00f3s ativar a op\u00e7\u00e3o de compra ao Progreso. O extremo uruguaio estava emprestado ao clube de Barcelos com cl\u00e1usula de aquisi\u00e7\u00e3o, que foi acionada. Moreira soma 17 partidas disputadas e tornou-se titular pela ala esquerda da equipa treinada por C\u00e9sar Peixoto. O jogador estreou-se a marcar pela equipa com um bis frente ao Alverca, no empate a dois. Aos 24 anos, vive a primeira experi\u00eancia na Europa, ap\u00f3s forma\u00e7\u00e3o no Defensor Sporting, no Uruguai, e passagem pelo Progreso.","og_url":"https:\/\/portaltela.pt\/noticias\/2026\/04\/15\/agustin-moreira-assina-pelo-gil-vicente-ate-2029\/","og_site_name":"Portal Tela Portugal","article_published_time":"2026-04-15T11:17:28+00:00","author":"Telinha","twitter_card":"summary_large_image","twitter_misc":{"Escrito por":"Telinha","Tempo estimado de leitura":"1 minuto"},"schema":{"@context":"https:\/\/schema.org","@graph":[{"@type":"Article","@id":"https:\/\/portaltela.pt\/noticias\/2026\/04\/15\/agustin-moreira-assina-pelo-gil-vicente-ate-2029\/#article","isPartOf":{"@id":"https:\/\/portaltela.pt\/noticias\/2026\/04\/15\/agustin-moreira-assina-pelo-gil-vicente-ate-2029\/"},"author":{"name":"Telinha","@id":"https:\/\/portaltela.pt\/#\/schema\/person\/c4278d4a6028830caff9ee44b42d32ed"},"headline":"Agust\u00edn Moreira assina pelo Gil Vicente at\u00e9 2029","datePublished":"2026-04-15T11:17:28+00:00","mainEntityOfPage":{"@id":"https:\/\/portaltela.pt\/noticias\/2026\/04\/15\/agustin-moreira-assina-pelo-gil-vicente-ate-2029\/"},"wordCount":169,"image":{"@id":"https:\/\/portaltela.pt\/noticias\/2026\/04\/15\/agustin-moreira-assina-pelo-gil-vicente-ate-2029\/#primaryimage"},"thumbnailUrl":"https:\/\/portaltela.pt\/s.01k8rhncp4jt1\/2026\/04\/img_920x518uu2026-03-15-23-49-19-2427280-im-639118519234735511.jpg","keywords":["Barcelos","contratos","futebol","Gil Vicente","jogadores","Uruguai"],"articleSection":["Desporto","Futebol"],"inLanguage":"pt-PT"},{"@type":"WebPage","@id":"https:\/\/portaltela.pt\/noticias\/2026\/04\/15\/agustin-moreira-assina-pelo-gil-vicente-ate-2029\/","url":"https:\/\/portaltela.pt\/noticias\/2026\/04\/15\/agustin-moreira-assina-pelo-gil-vicente-ate-2029\/","name":"Agust\u00edn Moreira assina pelo Gil Vicente at\u00e9 2029 - Portal Tela Portugal","isPartOf":{"@id":"https:\/\/portaltela.pt\/#website"},"primaryImageOfPage":{"@id":"https:\/\/portaltela.pt\/noticias\/2026\/04\/15\/agustin-moreira-assina-pelo-gil-vicente-ate-2029\/#primaryimage"},"image":{"@id":"https:\/\/portaltela.pt\/noticias\/2026\/04\/15\/agustin-moreira-assina-pelo-gil-vicente-ate-2029\/#primaryimage"},"thumbnailUrl":"https:\/\/portaltela.pt\/s.01k8rhncp4jt1\/2026\/04\/img_920x518uu2026-03-15-23-49-19-2427280-im-639118519234735511.jpg","datePublished":"2026-04-15T11:17:28+00:00","author":{"@id":"https:\/\/portaltela.pt\/#\/schema\/person\/c4278d4a6028830caff9ee44b42d32ed"},"breadcrumb":{"@id":"https:\/\/portaltela.pt\/noticias\/2026\/04\/15\/agustin-moreira-assina-pelo-gil-vicente-ate-2029\/#breadcrumb"},"inLanguage":"pt-PT","potentialAction":[{"@type":"ReadAction","target":["https:\/\/portaltela.pt\/noticias\/2026\/04\/15\/agustin-moreira-assina-pelo-gil-vicente-ate-2029\/"]}]},{"@type":"ImageObject","inLanguage":"pt-PT","@id":"https:\/\/portaltela.pt\/noticias\/2026\/04\/15\/agustin-moreira-assina-pelo-gil-vicente-ate-2029\/#primaryimage","url":"https:\/\/portaltela.pt\/s.01k8rhncp4jt1\/2026\/04\/img_920x518uu2026-03-15-23-49-19-2427280-im-639118519234735511.jpg","contentUrl":"https:\/\/portaltela.pt\/s.01k8rhncp4jt1\/2026\/04\/img_920x518uu2026-03-15-23-49-19-2427280-im-639118519234735511.jpg","width":796,"height":448,"caption":"Agust\u00edn Moreira tem a confian\u00e7a de C\u00e9sar Peixoto"},{"@type":"BreadcrumbList","@id":"https:\/\/portaltela.pt\/noticias\/2026\/04\/15\/agustin-moreira-assina-pelo-gil-vicente-ate-2029\/#breadcrumb","itemListElement":[{"@type":"ListItem","position":1,"name":"In\u00edcio","item":"https:\/\/portaltela.pt\/"},{"@type":"ListItem","position":2,"name":"Agust\u00edn Moreira assina pelo Gil Vicente at\u00e9 2029"}]},{"@type":"WebSite","@id":"https:\/\/portaltela.pt\/#website","url":"https:\/\/portaltela.pt\/","name":"Portal Tela Portugal","description":"","potentialAction":[{"@type":"SearchAction","target":{"@type":"EntryPoint","urlTemplate":"https:\/\/portaltela.pt\/?s={search_term_string}"},"query-input":{"@type":"PropertyValueSpecification","valueRequired":true,"valueName":"search_term_string"}}],"inLanguage":"pt-PT"},{"@type":"Person","@id":"https:\/\/portaltela.pt\/#\/schema\/person\/c4278d4a6028830caff9ee44b42d32ed","name":"Telinha","image":{"@type":"ImageObject","inLanguage":"pt-PT","@id":"https:\/\/portaltela.pt\/s.01k8rhncp4jt1\/2025\/11\/talking-bot-125x125.png","url":"https:\/\/portaltela.pt\/s.01k8rhncp4jt1\/2025\/11\/talking-bot-125x125.png","contentUrl":"https:\/\/portaltela.pt\/s.01k8rhncp4jt1\/2025\/11\/talking-bot-125x125.png","caption":"Telinha"},"sameAs":["https:\/\/portaltela.pt\/"],"url":"https:\/\/portaltela.pt\/por\/367410592786\/"}]}},"_links":{"self":[{"href":"https:\/\/portaltela.pt\/api\/wp\/v2\/posts\/444910","targetHints":{"allow":["GET"]}}],"collection":[{"href":"https:\/\/portaltela.pt\/api\/wp\/v2\/posts"}],"about":[{"href":"https:\/\/portaltela.pt\/api\/wp\/v2\/types\/post"}],"author":[{"embeddable":true,"href":"https:\/\/portaltela.pt\/api\/wp\/v2\/users\/2"}],"replies":[{"embeddable":true,"href":"https:\/\/portaltela.pt\/api\/wp\/v2\/comments?post=444910"}],"version-history":[{"count":0,"href":"https:\/\/portaltela.pt\/api\/wp\/v2\/posts\/444910\/revisions"}],"wp:featuredmedia":[{"embeddable":true,"href":"https:\/\/portaltela.pt\/api\/wp\/v2\/media\/444912"}],"wp:attachment":[{"href":"https:\/\/portaltela.pt\/api\/wp\/v2\/media?parent=444910"}],"wp:term":[{"taxonomy":"category","embeddable":true,"href":"https:\/\/portaltela.pt\/api\/wp\/v2\/categories?post=444910"},{"taxonomy":"post_tag","embeddable":true,"href":"https:\/\/portaltela.pt\/api\/wp\/v2\/tags?post=444910"}],"curies":[{"name":"wp","href":"https:\/\/api.w.org\/{rel}","templated":true}]}}