{"id":444843,"date":"2026-04-15T07:33:56","date_gmt":"2026-04-15T10:33:56","guid":{"rendered":"https:\/\/portaltela.pt\/noticias\/2026\/04\/15\/harry-aborda-saude-mental-e-desafios-da-paternidade\/"},"modified":"2026-04-15T07:33:56","modified_gmt":"2026-04-15T10:33:56","slug":"harry-aborda-saude-mental-e-desafios-da-paternidade","status":"publish","type":"post","link":"https:\/\/portaltela.pt\/saude\/2026\/04\/15\/harry-aborda-saude-mental-e-desafios-da-paternidade\/","title":{"rendered":"Harry aborda sa\u00fade mental e desafios da paternidade"},"content":{"rendered":"<p>O pr\u00edncipe Harry falou sobre sa\u00fade mental e paternidade durante uma apresenta\u00e7\u00e3o em Melbourne, na Austr\u00e1lia, no \u00e2mbito de um relat\u00f3rio sobre a paternidade promovido pela Movember. O evento ocorreu no centro de treinos do clube Western Bulldogs, durante a segunda dia da digress\u00e3o australiana.<\/p>\n<p>Numa interven\u00e7\u00e3o em tom pessoal, Harry revelou ter recorrido \u00e0 terapia para enfrentar fantasmas do passado e tornar-se num pai melhor. O relato coincidiu com uma reflex\u00e3o sobre as dificuldades iniciais da parentalidade, incluindo o distanciamento percebido dos filhos Archie, de 6 anos, e Lilibet, de 4.<\/p>\n<p>O pr\u00edncipe destacou que a educa\u00e7\u00e3o recebida n\u00e3o impede melhorias constantes na forma de educar. Pediu ainda aos pais que procurem apoio quando enfrentarem desafios, sublinhando que pedir ajuda n\u00e3o \u00e9 sinal de fraqueza.<\/p>\n<h3>Dados da investiga\u00e7\u00e3o sobre sa\u00fade mental dos pais<\/h3>\n<p>\u00c0 BBC, o diretor-geral de investiga\u00e7\u00e3o da Movember, Zac Seidler, apontou que a investiga\u00e7\u00e3o indica isolamento extremo de um quinto dos pais ap\u00f3s o nascimento e que tr\u00eas em cada cinco n\u00e3o foram questionados sobre o bem-estar no ano seguinte. Harry tornou-se tema central do debate ao partilhar experi\u00eancias pessoais com a mulher e com o terapeuta.<\/p>\n<p>A pesquisa aponta que 70% dos inquiridos n\u00e3o pretendem seguir o exemplo dos seus pr\u00f3prios pais. O estudo enquadra a interven\u00e7\u00e3o de Harry como parte de uma mudan\u00e7a intergeracional suscet\u00edvel de impactar a parentalidade.<\/p>\n<p>Harry e Meghan encontram-se numa viagem de quatro dias pela Austr\u00e1lia, com compromissos ligados ao desporto, \u00e0 sa\u00fade mental e aos veteranos. A digress\u00e3o sucede \u00e0 visita de 2018, em que anunciaram a primeira gravidez de Meghan.<\/p>\n<h3>Controv\u00e9rsia e contexto<\/h3>\n<p>Diversos leitores locais questionaram a natureza da visita, com cr\u00edticas que a classificam de atividade de promo\u00e7\u00e3o pessoal. O rei Carlos III \u00e9 chefe de Estado da Austr\u00e1lia, o que tamb\u00e9m alimenta a discuss\u00e3o p\u00fablica sobre o evento.<\/p>\n<p>A viagem est\u00e1 a ser financiada de forma privada, embora haja relatos de custos de policiamento pagos por contribuintes australianos, levando a uma peti\u00e7\u00e3o com mais de 45 mil assinaturas.<\/p>\n<p>Meghan est\u00e1 prevista marcar presen\u00e7a num retiro de bem-estar em Sydney, com atividades que incluem yoga, medita\u00e7\u00e3o e jantares, com pre\u00e7os que arrancam em cerca de 1.623 euros por pessoa.<\/p>\n","protected":false},"excerpt":{"rendered":"<ul>\n<li>O pr\u00edncipe Harry falou sobre sa\u00fade mental e os desafios da paternidade durante um evento em Melbourne, no \u00e2mbito de um relat\u00f3rio da Movember.<\/li>\n<li>No segundo dia da digress\u00e3o pela Austr\u00e1lia, revelou ter recorrido \u00e0 terapia para enfrentar traumas do passado e ser um pai melhor.<\/li>\n<li>A interven\u00e7\u00e3o decorreu no centro de treinos do clube Western Bulldogs, durante a apresenta\u00e7\u00e3o de um estudo sobre a sa\u00fade mental dos pais de crian\u00e7as pequenas.<\/li>\n<li>A Movember aponta que um em cada cinco pais se sente isolado ap\u00f3s o nascimento e que setenta por cento n\u00e3o foram questionados sobre o tema no ano seguinte.<\/li>\n<li>A viagem de quatro dias de Harry e Meghan \u00e9 financiada de forma privada, com controv\u00e9rsia sobre custos de policiamento; Meghan participa num retiro de bem\u2011estar em Sydney, com bilhetes a partir de 1.623 euros por pessoa.<\/li>\n<\/ul>\n","protected":false},"author":2,"featured_media":444851,"comment_status":"closed","ping_status":"closed","sticky":false,"template":"","format":"standard","meta":{"footnotes":""},"categories":[6675,6745],"tags":[5547,116,40,2249,6126,55],"class_list":["post-444843","post","type-post","status-publish","format-standard","has-post-thumbnail","hentry","category-celebridades","category-saude","tag-informacao-internacional","tag-paternidade","tag-pessoas","tag-psicologia","tag-publico","tag-saude-mental"],"yoast_head":"<!-- This site is optimized with the Yoast SEO plugin v27.2 - https:\/\/yoast.com\/product\/yoast-seo-wordpress\/ -->\n<title>Harry aborda sa\u00fade mental e desafios da paternidade - Portal Tela Portugal<\/title>\n<meta name=\"robots\" content=\"index, follow, max-snippet:-1, max-image-preview:large, max-video-preview:-1\" \/>\n<meta property=\"og:locale\" content=\"pt_PT\" \/>\n<meta property=\"og:type\" content=\"article\" \/>\n<meta property=\"og:title\" content=\"Harry aborda sa\u00fade mental e desafios da paternidade - Portal Tela Portugal\" \/>\n<meta property=\"og:description\" content=\"O pr\u00edncipe Harry falou sobre sa\u00fade mental e os desafios da paternidade durante um evento em Melbourne, no \u00e2mbito de um relat\u00f3rio da Movember. No segundo dia da digress\u00e3o pela Austr\u00e1lia, revelou ter recorrido \u00e0 terapia para enfrentar traumas do passado e ser um pai melhor. A interven\u00e7\u00e3o decorreu no centro de treinos do clube Western Bulldogs, durante a apresenta\u00e7\u00e3o de um estudo sobre a sa\u00fade mental dos pais de crian\u00e7as pequenas. A Movember aponta que um em cada cinco pais se sente isolado ap\u00f3s o nascimento e que setenta por cento n\u00e3o foram questionados sobre o tema no ano seguinte. A viagem de quatro dias de Harry e Meghan \u00e9 financiada de forma privada, com controv\u00e9rsia sobre custos de policiamento; Meghan participa num retiro de bem\u2011estar em Sydney, com bilhetes a partir de 1.623 euros por pessoa.\" \/>\n<meta property=\"og:url\" content=\"https:\/\/portaltela.pt\/noticias\/2026\/04\/15\/harry-aborda-saude-mental-e-desafios-da-paternidade\/\" \/>\n<meta property=\"og:site_name\" content=\"Portal Tela Portugal\" \/>\n<meta property=\"article:published_time\" content=\"2026-04-15T10:33:56+00:00\" \/>\n<meta name=\"author\" content=\"Telinha\" \/>\n<meta name=\"twitter:card\" content=\"summary_large_image\" \/>\n<meta name=\"twitter:label1\" content=\"Escrito por\" \/>\n\t<meta name=\"twitter:data1\" content=\"Telinha\" \/>\n\t<meta name=\"twitter:label2\" content=\"Tempo estimado de leitura\" \/>\n\t<meta name=\"twitter:data2\" content=\"2 minutos\" \/>\n<script type=\"application\/ld+json\" class=\"yoast-schema-graph\">{\"@context\":\"https:\/\/schema.org\",\"@graph\":[{\"@type\":\"Article\",\"@id\":\"https:\/\/portaltela.pt\/noticias\/2026\/04\/15\/harry-aborda-saude-mental-e-desafios-da-paternidade\/#article\",\"isPartOf\":{\"@id\":\"https:\/\/portaltela.pt\/noticias\/2026\/04\/15\/harry-aborda-saude-mental-e-desafios-da-paternidade\/\"},\"author\":{\"name\":\"Telinha\",\"@id\":\"https:\/\/portaltela.pt\/#\/schema\/person\/c4278d4a6028830caff9ee44b42d32ed\"},\"headline\":\"Harry aborda sa\u00fade mental e desafios da paternidade\",\"datePublished\":\"2026-04-15T10:33:56+00:00\",\"mainEntityOfPage\":{\"@id\":\"https:\/\/portaltela.pt\/noticias\/2026\/04\/15\/harry-aborda-saude-mental-e-desafios-da-paternidade\/\"},\"wordCount\":399,\"image\":{\"@id\":\"https:\/\/portaltela.pt\/noticias\/2026\/04\/15\/harry-aborda-saude-mental-e-desafios-da-paternidade\/#primaryimage\"},\"thumbnailUrl\":\"https:\/\/portaltela.pt\/s.01k8rhncp4jt1\/2026\/04\/2081418.jpg\",\"keywords\":[\"informa\u00e7\u00e3o internacional\",\"paternidade\",\"pessoas\",\"psicologia\",\"p\u00fablico\",\"sa\u00fade mental\"],\"articleSection\":[\"Celebridades\",\"Sa\u00fade\"],\"inLanguage\":\"pt-PT\"},{\"@type\":\"WebPage\",\"@id\":\"https:\/\/portaltela.pt\/noticias\/2026\/04\/15\/harry-aborda-saude-mental-e-desafios-da-paternidade\/\",\"url\":\"https:\/\/portaltela.pt\/noticias\/2026\/04\/15\/harry-aborda-saude-mental-e-desafios-da-paternidade\/\",\"name\":\"Harry aborda sa\u00fade mental e desafios da paternidade - Portal Tela Portugal\",\"isPartOf\":{\"@id\":\"https:\/\/portaltela.pt\/#website\"},\"primaryImageOfPage\":{\"@id\":\"https:\/\/portaltela.pt\/noticias\/2026\/04\/15\/harry-aborda-saude-mental-e-desafios-da-paternidade\/#primaryimage\"},\"image\":{\"@id\":\"https:\/\/portaltela.pt\/noticias\/2026\/04\/15\/harry-aborda-saude-mental-e-desafios-da-paternidade\/#primaryimage\"},\"thumbnailUrl\":\"https:\/\/portaltela.pt\/s.01k8rhncp4jt1\/2026\/04\/2081418.jpg\",\"datePublished\":\"2026-04-15T10:33:56+00:00\",\"author\":{\"@id\":\"https:\/\/portaltela.pt\/#\/schema\/person\/c4278d4a6028830caff9ee44b42d32ed\"},\"breadcrumb\":{\"@id\":\"https:\/\/portaltela.pt\/noticias\/2026\/04\/15\/harry-aborda-saude-mental-e-desafios-da-paternidade\/#breadcrumb\"},\"inLanguage\":\"pt-PT\",\"potentialAction\":[{\"@type\":\"ReadAction\",\"target\":[\"https:\/\/portaltela.pt\/noticias\/2026\/04\/15\/harry-aborda-saude-mental-e-desafios-da-paternidade\/\"]}]},{\"@type\":\"ImageObject\",\"inLanguage\":\"pt-PT\",\"@id\":\"https:\/\/portaltela.pt\/noticias\/2026\/04\/15\/harry-aborda-saude-mental-e-desafios-da-paternidade\/#primaryimage\",\"url\":\"https:\/\/portaltela.pt\/s.01k8rhncp4jt1\/2026\/04\/2081418.jpg\",\"contentUrl\":\"https:\/\/portaltela.pt\/s.01k8rhncp4jt1\/2026\/04\/2081418.jpg\",\"width\":796,\"height\":448,\"caption\":\"O Pr\u00edncipe Harry participou num evento da Movember, em Melbourne, sobre paternidade\"},{\"@type\":\"BreadcrumbList\",\"@id\":\"https:\/\/portaltela.pt\/noticias\/2026\/04\/15\/harry-aborda-saude-mental-e-desafios-da-paternidade\/#breadcrumb\",\"itemListElement\":[{\"@type\":\"ListItem\",\"position\":1,\"name\":\"In\u00edcio\",\"item\":\"https:\/\/portaltela.pt\/\"},{\"@type\":\"ListItem\",\"position\":2,\"name\":\"Harry aborda sa\u00fade mental e desafios da paternidade\"}]},{\"@type\":\"WebSite\",\"@id\":\"https:\/\/portaltela.pt\/#website\",\"url\":\"https:\/\/portaltela.pt\/\",\"name\":\"Portal Tela Portugal\",\"description\":\"\",\"potentialAction\":[{\"@type\":\"SearchAction\",\"target\":{\"@type\":\"EntryPoint\",\"urlTemplate\":\"https:\/\/portaltela.pt\/?s={search_term_string}\"},\"query-input\":{\"@type\":\"PropertyValueSpecification\",\"valueRequired\":true,\"valueName\":\"search_term_string\"}}],\"inLanguage\":\"pt-PT\"},{\"@type\":\"Person\",\"@id\":\"https:\/\/portaltela.pt\/#\/schema\/person\/c4278d4a6028830caff9ee44b42d32ed\",\"name\":\"Telinha\",\"image\":{\"@type\":\"ImageObject\",\"inLanguage\":\"pt-PT\",\"@id\":\"https:\/\/portaltela.pt\/s.01k8rhncp4jt1\/2025\/11\/talking-bot-125x125.png\",\"url\":\"https:\/\/portaltela.pt\/s.01k8rhncp4jt1\/2025\/11\/talking-bot-125x125.png\",\"contentUrl\":\"https:\/\/portaltela.pt\/s.01k8rhncp4jt1\/2025\/11\/talking-bot-125x125.png\",\"caption\":\"Telinha\"},\"sameAs\":[\"https:\/\/portaltela.pt\/\"],\"url\":\"https:\/\/portaltela.pt\/por\/367410592786\/\"}]}<\/script>\n<!-- \/ Yoast SEO plugin. -->","yoast_head_json":{"title":"Harry aborda sa\u00fade mental e desafios da paternidade - Portal Tela Portugal","robots":{"index":"index","follow":"follow","max-snippet":"max-snippet:-1","max-image-preview":"max-image-preview:large","max-video-preview":"max-video-preview:-1"},"og_locale":"pt_PT","og_type":"article","og_title":"Harry aborda sa\u00fade mental e desafios da paternidade - Portal Tela Portugal","og_description":"O pr\u00edncipe Harry falou sobre sa\u00fade mental e os desafios da paternidade durante um evento em Melbourne, no \u00e2mbito de um relat\u00f3rio da Movember. No segundo dia da digress\u00e3o pela Austr\u00e1lia, revelou ter recorrido \u00e0 terapia para enfrentar traumas do passado e ser um pai melhor. A interven\u00e7\u00e3o decorreu no centro de treinos do clube Western Bulldogs, durante a apresenta\u00e7\u00e3o de um estudo sobre a sa\u00fade mental dos pais de crian\u00e7as pequenas. A Movember aponta que um em cada cinco pais se sente isolado ap\u00f3s o nascimento e que setenta por cento n\u00e3o foram questionados sobre o tema no ano seguinte. A viagem de quatro dias de Harry e Meghan \u00e9 financiada de forma privada, com controv\u00e9rsia sobre custos de policiamento; Meghan participa num retiro de bem\u2011estar em Sydney, com bilhetes a partir de 1.623 euros por pessoa.","og_url":"https:\/\/portaltela.pt\/noticias\/2026\/04\/15\/harry-aborda-saude-mental-e-desafios-da-paternidade\/","og_site_name":"Portal Tela Portugal","article_published_time":"2026-04-15T10:33:56+00:00","author":"Telinha","twitter_card":"summary_large_image","twitter_misc":{"Escrito por":"Telinha","Tempo estimado de leitura":"2 minutos"},"schema":{"@context":"https:\/\/schema.org","@graph":[{"@type":"Article","@id":"https:\/\/portaltela.pt\/noticias\/2026\/04\/15\/harry-aborda-saude-mental-e-desafios-da-paternidade\/#article","isPartOf":{"@id":"https:\/\/portaltela.pt\/noticias\/2026\/04\/15\/harry-aborda-saude-mental-e-desafios-da-paternidade\/"},"author":{"name":"Telinha","@id":"https:\/\/portaltela.pt\/#\/schema\/person\/c4278d4a6028830caff9ee44b42d32ed"},"headline":"Harry aborda sa\u00fade mental e desafios da paternidade","datePublished":"2026-04-15T10:33:56+00:00","mainEntityOfPage":{"@id":"https:\/\/portaltela.pt\/noticias\/2026\/04\/15\/harry-aborda-saude-mental-e-desafios-da-paternidade\/"},"wordCount":399,"image":{"@id":"https:\/\/portaltela.pt\/noticias\/2026\/04\/15\/harry-aborda-saude-mental-e-desafios-da-paternidade\/#primaryimage"},"thumbnailUrl":"https:\/\/portaltela.pt\/s.01k8rhncp4jt1\/2026\/04\/2081418.jpg","keywords":["informa\u00e7\u00e3o internacional","paternidade","pessoas","psicologia","p\u00fablico","sa\u00fade mental"],"articleSection":["Celebridades","Sa\u00fade"],"inLanguage":"pt-PT"},{"@type":"WebPage","@id":"https:\/\/portaltela.pt\/noticias\/2026\/04\/15\/harry-aborda-saude-mental-e-desafios-da-paternidade\/","url":"https:\/\/portaltela.pt\/noticias\/2026\/04\/15\/harry-aborda-saude-mental-e-desafios-da-paternidade\/","name":"Harry aborda sa\u00fade mental e desafios da paternidade - Portal Tela Portugal","isPartOf":{"@id":"https:\/\/portaltela.pt\/#website"},"primaryImageOfPage":{"@id":"https:\/\/portaltela.pt\/noticias\/2026\/04\/15\/harry-aborda-saude-mental-e-desafios-da-paternidade\/#primaryimage"},"image":{"@id":"https:\/\/portaltela.pt\/noticias\/2026\/04\/15\/harry-aborda-saude-mental-e-desafios-da-paternidade\/#primaryimage"},"thumbnailUrl":"https:\/\/portaltela.pt\/s.01k8rhncp4jt1\/2026\/04\/2081418.jpg","datePublished":"2026-04-15T10:33:56+00:00","author":{"@id":"https:\/\/portaltela.pt\/#\/schema\/person\/c4278d4a6028830caff9ee44b42d32ed"},"breadcrumb":{"@id":"https:\/\/portaltela.pt\/noticias\/2026\/04\/15\/harry-aborda-saude-mental-e-desafios-da-paternidade\/#breadcrumb"},"inLanguage":"pt-PT","potentialAction":[{"@type":"ReadAction","target":["https:\/\/portaltela.pt\/noticias\/2026\/04\/15\/harry-aborda-saude-mental-e-desafios-da-paternidade\/"]}]},{"@type":"ImageObject","inLanguage":"pt-PT","@id":"https:\/\/portaltela.pt\/noticias\/2026\/04\/15\/harry-aborda-saude-mental-e-desafios-da-paternidade\/#primaryimage","url":"https:\/\/portaltela.pt\/s.01k8rhncp4jt1\/2026\/04\/2081418.jpg","contentUrl":"https:\/\/portaltela.pt\/s.01k8rhncp4jt1\/2026\/04\/2081418.jpg","width":796,"height":448,"caption":"O Pr\u00edncipe Harry participou num evento da Movember, em Melbourne, sobre paternidade"},{"@type":"BreadcrumbList","@id":"https:\/\/portaltela.pt\/noticias\/2026\/04\/15\/harry-aborda-saude-mental-e-desafios-da-paternidade\/#breadcrumb","itemListElement":[{"@type":"ListItem","position":1,"name":"In\u00edcio","item":"https:\/\/portaltela.pt\/"},{"@type":"ListItem","position":2,"name":"Harry aborda sa\u00fade mental e desafios da paternidade"}]},{"@type":"WebSite","@id":"https:\/\/portaltela.pt\/#website","url":"https:\/\/portaltela.pt\/","name":"Portal Tela Portugal","description":"","potentialAction":[{"@type":"SearchAction","target":{"@type":"EntryPoint","urlTemplate":"https:\/\/portaltela.pt\/?s={search_term_string}"},"query-input":{"@type":"PropertyValueSpecification","valueRequired":true,"valueName":"search_term_string"}}],"inLanguage":"pt-PT"},{"@type":"Person","@id":"https:\/\/portaltela.pt\/#\/schema\/person\/c4278d4a6028830caff9ee44b42d32ed","name":"Telinha","image":{"@type":"ImageObject","inLanguage":"pt-PT","@id":"https:\/\/portaltela.pt\/s.01k8rhncp4jt1\/2025\/11\/talking-bot-125x125.png","url":"https:\/\/portaltela.pt\/s.01k8rhncp4jt1\/2025\/11\/talking-bot-125x125.png","contentUrl":"https:\/\/portaltela.pt\/s.01k8rhncp4jt1\/2025\/11\/talking-bot-125x125.png","caption":"Telinha"},"sameAs":["https:\/\/portaltela.pt\/"],"url":"https:\/\/portaltela.pt\/por\/367410592786\/"}]}},"_links":{"self":[{"href":"https:\/\/portaltela.pt\/api\/wp\/v2\/posts\/444843","targetHints":{"allow":["GET"]}}],"collection":[{"href":"https:\/\/portaltela.pt\/api\/wp\/v2\/posts"}],"about":[{"href":"https:\/\/portaltela.pt\/api\/wp\/v2\/types\/post"}],"author":[{"embeddable":true,"href":"https:\/\/portaltela.pt\/api\/wp\/v2\/users\/2"}],"replies":[{"embeddable":true,"href":"https:\/\/portaltela.pt\/api\/wp\/v2\/comments?post=444843"}],"version-history":[{"count":0,"href":"https:\/\/portaltela.pt\/api\/wp\/v2\/posts\/444843\/revisions"}],"wp:featuredmedia":[{"embeddable":true,"href":"https:\/\/portaltela.pt\/api\/wp\/v2\/media\/444851"}],"wp:attachment":[{"href":"https:\/\/portaltela.pt\/api\/wp\/v2\/media?parent=444843"}],"wp:term":[{"taxonomy":"category","embeddable":true,"href":"https:\/\/portaltela.pt\/api\/wp\/v2\/categories?post=444843"},{"taxonomy":"post_tag","embeddable":true,"href":"https:\/\/portaltela.pt\/api\/wp\/v2\/tags?post=444843"}],"curies":[{"name":"wp","href":"https:\/\/api.w.org\/{rel}","templated":true}]}}