{"id":444825,"date":"2026-04-15T07:33:34","date_gmt":"2026-04-15T10:33:34","guid":{"rendered":"https:\/\/portaltela.pt\/noticias\/2026\/04\/15\/viktor-axelsen-bicampeao-olimpico-de-badminton-anuncia-retirada-aos-32-anos\/"},"modified":"2026-04-15T07:33:34","modified_gmt":"2026-04-15T10:33:34","slug":"viktor-axelsen-bicampeao-olimpico-de-badminton-anuncia-retirada-aos-32-anos","status":"publish","type":"post","link":"https:\/\/portaltela.pt\/desporto\/futebol\/2026\/04\/15\/viktor-axelsen-bicampeao-olimpico-de-badminton-anuncia-retirada-aos-32-anos\/","title":{"rendered":"Viktor Axelsen, bicampe\u00e3o ol\u00edmpico de badminton, anuncia retirada aos 32 anos"},"content":{"rendered":"<p>O dinamarqu\u00eas Viktor Axelsen, bicampe\u00e3o ol\u00edmpico de badminton em T\u00f3quio e Paris, anunciou hoje a retirada aos 32 anos, devido a problemas recorrentes nas costas que o impedem de jogar e treinar ao mais alto n\u00edvel.<\/p>\n<p>Axelsen tornou-se um dos nomes mais emblem\u00e1ticos do desporto ao vencer os Jogos de T\u00f3quio e os de Paris, consolidando o seu estatuto de refer\u00eancia no badminton mundial.<\/p>\n<p>A decis\u00e3o foi comunicada pelo pr\u00f3prio atleta, que n\u00e3o avan\u00e7ou com detalhes sobre o futuro da carreira ou poss\u00edveis desdobramentos no circuito profissional.<\/p>\n","protected":false},"excerpt":{"rendered":"<ul>\n<li>O dinamarqu\u00eas Viktor Axelsen, bicampe\u00e3o ol\u00edmpico de badminton em T\u00f3quio e Paris, anunciou a sua retirada aos 32 anos.<\/li>\n<li>Justificou a decis\u00e3o com problemas recorrentes nas costas que o impedem de jogar e treinar ao mais alto n\u00edvel.<\/li>\n<li>Axelsen venceu as Olimp\u00edadas de T\u00f3quio e Paris e era esperado para continuar a competir a alto n\u00edvel.<\/li>\n<li>A retirada foi anunciada hoje pela imprensa, sem confirma\u00e7\u00e3o adicional sobre planos futuros no seu carreira.<\/li>\n<\/ul>\n","protected":false},"author":2,"featured_media":444829,"comment_status":"closed","ping_status":"closed","sticky":false,"template":"","format":"standard","meta":{"footnotes":""},"categories":[21,24],"tags":[252,152,60,7625,5661],"class_list":["post-444825","post","type-post","status-publish","format-standard","has-post-thumbnail","hentry","category-desporto","category-futebol","tag-atletas","tag-desporto","tag-esportes","tag-olimpicos","tag-pessoas-publicas"],"yoast_head":"<!-- This site is optimized with the Yoast SEO plugin v27.2 - https:\/\/yoast.com\/product\/yoast-seo-wordpress\/ -->\n<title>Viktor Axelsen, bicampe\u00e3o ol\u00edmpico de badminton, anuncia retirada aos 32 anos - Portal Tela Portugal<\/title>\n<meta name=\"robots\" content=\"index, follow, max-snippet:-1, max-image-preview:large, max-video-preview:-1\" \/>\n<meta property=\"og:locale\" content=\"pt_PT\" \/>\n<meta property=\"og:type\" content=\"article\" \/>\n<meta property=\"og:title\" content=\"Viktor Axelsen, bicampe\u00e3o ol\u00edmpico de badminton, anuncia retirada aos 32 anos - Portal Tela Portugal\" \/>\n<meta property=\"og:description\" content=\"O dinamarqu\u00eas Viktor Axelsen, bicampe\u00e3o ol\u00edmpico de badminton em T\u00f3quio e Paris, anunciou a sua retirada aos 32 anos. Justificou a decis\u00e3o com problemas recorrentes nas costas que o impedem de jogar e treinar ao mais alto n\u00edvel. Axelsen venceu as Olimp\u00edadas de T\u00f3quio e Paris e era esperado para continuar a competir a alto n\u00edvel. A retirada foi anunciada hoje pela imprensa, sem confirma\u00e7\u00e3o adicional sobre planos futuros no seu carreira.\" \/>\n<meta property=\"og:url\" content=\"https:\/\/portaltela.pt\/noticias\/2026\/04\/15\/viktor-axelsen-bicampeao-olimpico-de-badminton-anuncia-retirada-aos-32-anos\/\" \/>\n<meta property=\"og:site_name\" content=\"Portal Tela Portugal\" \/>\n<meta property=\"article:published_time\" content=\"2026-04-15T10:33:34+00:00\" \/>\n<meta name=\"author\" content=\"Telinha\" \/>\n<meta name=\"twitter:card\" content=\"summary_large_image\" \/>\n<meta name=\"twitter:label1\" content=\"Escrito por\" \/>\n\t<meta name=\"twitter:data1\" content=\"Telinha\" \/>\n<script type=\"application\/ld+json\" class=\"yoast-schema-graph\">{\"@context\":\"https:\/\/schema.org\",\"@graph\":[{\"@type\":\"Article\",\"@id\":\"https:\/\/portaltela.pt\/noticias\/2026\/04\/15\/viktor-axelsen-bicampeao-olimpico-de-badminton-anuncia-retirada-aos-32-anos\/#article\",\"isPartOf\":{\"@id\":\"https:\/\/portaltela.pt\/noticias\/2026\/04\/15\/viktor-axelsen-bicampeao-olimpico-de-badminton-anuncia-retirada-aos-32-anos\/\"},\"author\":{\"name\":\"Telinha\",\"@id\":\"https:\/\/portaltela.pt\/#\/schema\/person\/c4278d4a6028830caff9ee44b42d32ed\"},\"headline\":\"Viktor Axelsen, bicampe\u00e3o ol\u00edmpico de badminton, anuncia retirada aos 32 anos\",\"datePublished\":\"2026-04-15T10:33:34+00:00\",\"mainEntityOfPage\":{\"@id\":\"https:\/\/portaltela.pt\/noticias\/2026\/04\/15\/viktor-axelsen-bicampeao-olimpico-de-badminton-anuncia-retirada-aos-32-anos\/\"},\"wordCount\":111,\"image\":{\"@id\":\"https:\/\/portaltela.pt\/noticias\/2026\/04\/15\/viktor-axelsen-bicampeao-olimpico-de-badminton-anuncia-retirada-aos-32-anos\/#primaryimage\"},\"thumbnailUrl\":\"https:\/\/portaltela.pt\/s.01k8rhncp4jt1\/2026\/04\/CACHE_780X1200_ANALOG_WATERMARKED_44251184_28676596854477.jpg\",\"keywords\":[\"atletas\",\"desporto\",\"esportes\",\"ol\u00edmpicos\",\"pessoas p\u00fablicas\"],\"articleSection\":[\"Desporto\",\"Futebol\"],\"inLanguage\":\"pt-PT\"},{\"@type\":\"WebPage\",\"@id\":\"https:\/\/portaltela.pt\/noticias\/2026\/04\/15\/viktor-axelsen-bicampeao-olimpico-de-badminton-anuncia-retirada-aos-32-anos\/\",\"url\":\"https:\/\/portaltela.pt\/noticias\/2026\/04\/15\/viktor-axelsen-bicampeao-olimpico-de-badminton-anuncia-retirada-aos-32-anos\/\",\"name\":\"Viktor Axelsen, bicampe\u00e3o ol\u00edmpico de badminton, anuncia retirada aos 32 anos - Portal Tela Portugal\",\"isPartOf\":{\"@id\":\"https:\/\/portaltela.pt\/#website\"},\"primaryImageOfPage\":{\"@id\":\"https:\/\/portaltela.pt\/noticias\/2026\/04\/15\/viktor-axelsen-bicampeao-olimpico-de-badminton-anuncia-retirada-aos-32-anos\/#primaryimage\"},\"image\":{\"@id\":\"https:\/\/portaltela.pt\/noticias\/2026\/04\/15\/viktor-axelsen-bicampeao-olimpico-de-badminton-anuncia-retirada-aos-32-anos\/#primaryimage\"},\"thumbnailUrl\":\"https:\/\/portaltela.pt\/s.01k8rhncp4jt1\/2026\/04\/CACHE_780X1200_ANALOG_WATERMARKED_44251184_28676596854477.jpg\",\"datePublished\":\"2026-04-15T10:33:34+00:00\",\"author\":{\"@id\":\"https:\/\/portaltela.pt\/#\/schema\/person\/c4278d4a6028830caff9ee44b42d32ed\"},\"breadcrumb\":{\"@id\":\"https:\/\/portaltela.pt\/noticias\/2026\/04\/15\/viktor-axelsen-bicampeao-olimpico-de-badminton-anuncia-retirada-aos-32-anos\/#breadcrumb\"},\"inLanguage\":\"pt-PT\",\"potentialAction\":[{\"@type\":\"ReadAction\",\"target\":[\"https:\/\/portaltela.pt\/noticias\/2026\/04\/15\/viktor-axelsen-bicampeao-olimpico-de-badminton-anuncia-retirada-aos-32-anos\/\"]}]},{\"@type\":\"ImageObject\",\"inLanguage\":\"pt-PT\",\"@id\":\"https:\/\/portaltela.pt\/noticias\/2026\/04\/15\/viktor-axelsen-bicampeao-olimpico-de-badminton-anuncia-retirada-aos-32-anos\/#primaryimage\",\"url\":\"https:\/\/portaltela.pt\/s.01k8rhncp4jt1\/2026\/04\/CACHE_780X1200_ANALOG_WATERMARKED_44251184_28676596854477.jpg\",\"contentUrl\":\"https:\/\/portaltela.pt\/s.01k8rhncp4jt1\/2026\/04\/CACHE_780X1200_ANALOG_WATERMARKED_44251184_28676596854477.jpg\",\"width\":796,\"height\":448,\"caption\":\"Bicampe\u00e3o ol\u00edmpico de badminton Viktor Axelsen retira-se aos 32 anos\"},{\"@type\":\"BreadcrumbList\",\"@id\":\"https:\/\/portaltela.pt\/noticias\/2026\/04\/15\/viktor-axelsen-bicampeao-olimpico-de-badminton-anuncia-retirada-aos-32-anos\/#breadcrumb\",\"itemListElement\":[{\"@type\":\"ListItem\",\"position\":1,\"name\":\"In\u00edcio\",\"item\":\"https:\/\/portaltela.pt\/\"},{\"@type\":\"ListItem\",\"position\":2,\"name\":\"Viktor Axelsen, bicampe\u00e3o ol\u00edmpico de badminton, anuncia retirada aos 32 anos\"}]},{\"@type\":\"WebSite\",\"@id\":\"https:\/\/portaltela.pt\/#website\",\"url\":\"https:\/\/portaltela.pt\/\",\"name\":\"Portal Tela Portugal\",\"description\":\"\",\"potentialAction\":[{\"@type\":\"SearchAction\",\"target\":{\"@type\":\"EntryPoint\",\"urlTemplate\":\"https:\/\/portaltela.pt\/?s={search_term_string}\"},\"query-input\":{\"@type\":\"PropertyValueSpecification\",\"valueRequired\":true,\"valueName\":\"search_term_string\"}}],\"inLanguage\":\"pt-PT\"},{\"@type\":\"Person\",\"@id\":\"https:\/\/portaltela.pt\/#\/schema\/person\/c4278d4a6028830caff9ee44b42d32ed\",\"name\":\"Telinha\",\"image\":{\"@type\":\"ImageObject\",\"inLanguage\":\"pt-PT\",\"@id\":\"https:\/\/portaltela.pt\/s.01k8rhncp4jt1\/2025\/11\/talking-bot-125x125.png\",\"url\":\"https:\/\/portaltela.pt\/s.01k8rhncp4jt1\/2025\/11\/talking-bot-125x125.png\",\"contentUrl\":\"https:\/\/portaltela.pt\/s.01k8rhncp4jt1\/2025\/11\/talking-bot-125x125.png\",\"caption\":\"Telinha\"},\"sameAs\":[\"https:\/\/portaltela.pt\/\"],\"url\":\"https:\/\/portaltela.pt\/por\/367410592786\/\"}]}<\/script>\n<!-- \/ Yoast SEO plugin. -->","yoast_head_json":{"title":"Viktor Axelsen, bicampe\u00e3o ol\u00edmpico de badminton, anuncia retirada aos 32 anos - Portal Tela Portugal","robots":{"index":"index","follow":"follow","max-snippet":"max-snippet:-1","max-image-preview":"max-image-preview:large","max-video-preview":"max-video-preview:-1"},"og_locale":"pt_PT","og_type":"article","og_title":"Viktor Axelsen, bicampe\u00e3o ol\u00edmpico de badminton, anuncia retirada aos 32 anos - Portal Tela Portugal","og_description":"O dinamarqu\u00eas Viktor Axelsen, bicampe\u00e3o ol\u00edmpico de badminton em T\u00f3quio e Paris, anunciou a sua retirada aos 32 anos. Justificou a decis\u00e3o com problemas recorrentes nas costas que o impedem de jogar e treinar ao mais alto n\u00edvel. Axelsen venceu as Olimp\u00edadas de T\u00f3quio e Paris e era esperado para continuar a competir a alto n\u00edvel. A retirada foi anunciada hoje pela imprensa, sem confirma\u00e7\u00e3o adicional sobre planos futuros no seu carreira.","og_url":"https:\/\/portaltela.pt\/noticias\/2026\/04\/15\/viktor-axelsen-bicampeao-olimpico-de-badminton-anuncia-retirada-aos-32-anos\/","og_site_name":"Portal Tela Portugal","article_published_time":"2026-04-15T10:33:34+00:00","author":"Telinha","twitter_card":"summary_large_image","twitter_misc":{"Escrito por":"Telinha"},"schema":{"@context":"https:\/\/schema.org","@graph":[{"@type":"Article","@id":"https:\/\/portaltela.pt\/noticias\/2026\/04\/15\/viktor-axelsen-bicampeao-olimpico-de-badminton-anuncia-retirada-aos-32-anos\/#article","isPartOf":{"@id":"https:\/\/portaltela.pt\/noticias\/2026\/04\/15\/viktor-axelsen-bicampeao-olimpico-de-badminton-anuncia-retirada-aos-32-anos\/"},"author":{"name":"Telinha","@id":"https:\/\/portaltela.pt\/#\/schema\/person\/c4278d4a6028830caff9ee44b42d32ed"},"headline":"Viktor Axelsen, bicampe\u00e3o ol\u00edmpico de badminton, anuncia retirada aos 32 anos","datePublished":"2026-04-15T10:33:34+00:00","mainEntityOfPage":{"@id":"https:\/\/portaltela.pt\/noticias\/2026\/04\/15\/viktor-axelsen-bicampeao-olimpico-de-badminton-anuncia-retirada-aos-32-anos\/"},"wordCount":111,"image":{"@id":"https:\/\/portaltela.pt\/noticias\/2026\/04\/15\/viktor-axelsen-bicampeao-olimpico-de-badminton-anuncia-retirada-aos-32-anos\/#primaryimage"},"thumbnailUrl":"https:\/\/portaltela.pt\/s.01k8rhncp4jt1\/2026\/04\/CACHE_780X1200_ANALOG_WATERMARKED_44251184_28676596854477.jpg","keywords":["atletas","desporto","esportes","ol\u00edmpicos","pessoas p\u00fablicas"],"articleSection":["Desporto","Futebol"],"inLanguage":"pt-PT"},{"@type":"WebPage","@id":"https:\/\/portaltela.pt\/noticias\/2026\/04\/15\/viktor-axelsen-bicampeao-olimpico-de-badminton-anuncia-retirada-aos-32-anos\/","url":"https:\/\/portaltela.pt\/noticias\/2026\/04\/15\/viktor-axelsen-bicampeao-olimpico-de-badminton-anuncia-retirada-aos-32-anos\/","name":"Viktor Axelsen, bicampe\u00e3o ol\u00edmpico de badminton, anuncia retirada aos 32 anos - Portal Tela Portugal","isPartOf":{"@id":"https:\/\/portaltela.pt\/#website"},"primaryImageOfPage":{"@id":"https:\/\/portaltela.pt\/noticias\/2026\/04\/15\/viktor-axelsen-bicampeao-olimpico-de-badminton-anuncia-retirada-aos-32-anos\/#primaryimage"},"image":{"@id":"https:\/\/portaltela.pt\/noticias\/2026\/04\/15\/viktor-axelsen-bicampeao-olimpico-de-badminton-anuncia-retirada-aos-32-anos\/#primaryimage"},"thumbnailUrl":"https:\/\/portaltela.pt\/s.01k8rhncp4jt1\/2026\/04\/CACHE_780X1200_ANALOG_WATERMARKED_44251184_28676596854477.jpg","datePublished":"2026-04-15T10:33:34+00:00","author":{"@id":"https:\/\/portaltela.pt\/#\/schema\/person\/c4278d4a6028830caff9ee44b42d32ed"},"breadcrumb":{"@id":"https:\/\/portaltela.pt\/noticias\/2026\/04\/15\/viktor-axelsen-bicampeao-olimpico-de-badminton-anuncia-retirada-aos-32-anos\/#breadcrumb"},"inLanguage":"pt-PT","potentialAction":[{"@type":"ReadAction","target":["https:\/\/portaltela.pt\/noticias\/2026\/04\/15\/viktor-axelsen-bicampeao-olimpico-de-badminton-anuncia-retirada-aos-32-anos\/"]}]},{"@type":"ImageObject","inLanguage":"pt-PT","@id":"https:\/\/portaltela.pt\/noticias\/2026\/04\/15\/viktor-axelsen-bicampeao-olimpico-de-badminton-anuncia-retirada-aos-32-anos\/#primaryimage","url":"https:\/\/portaltela.pt\/s.01k8rhncp4jt1\/2026\/04\/CACHE_780X1200_ANALOG_WATERMARKED_44251184_28676596854477.jpg","contentUrl":"https:\/\/portaltela.pt\/s.01k8rhncp4jt1\/2026\/04\/CACHE_780X1200_ANALOG_WATERMARKED_44251184_28676596854477.jpg","width":796,"height":448,"caption":"Bicampe\u00e3o ol\u00edmpico de badminton Viktor Axelsen retira-se aos 32 anos"},{"@type":"BreadcrumbList","@id":"https:\/\/portaltela.pt\/noticias\/2026\/04\/15\/viktor-axelsen-bicampeao-olimpico-de-badminton-anuncia-retirada-aos-32-anos\/#breadcrumb","itemListElement":[{"@type":"ListItem","position":1,"name":"In\u00edcio","item":"https:\/\/portaltela.pt\/"},{"@type":"ListItem","position":2,"name":"Viktor Axelsen, bicampe\u00e3o ol\u00edmpico de badminton, anuncia retirada aos 32 anos"}]},{"@type":"WebSite","@id":"https:\/\/portaltela.pt\/#website","url":"https:\/\/portaltela.pt\/","name":"Portal Tela Portugal","description":"","potentialAction":[{"@type":"SearchAction","target":{"@type":"EntryPoint","urlTemplate":"https:\/\/portaltela.pt\/?s={search_term_string}"},"query-input":{"@type":"PropertyValueSpecification","valueRequired":true,"valueName":"search_term_string"}}],"inLanguage":"pt-PT"},{"@type":"Person","@id":"https:\/\/portaltela.pt\/#\/schema\/person\/c4278d4a6028830caff9ee44b42d32ed","name":"Telinha","image":{"@type":"ImageObject","inLanguage":"pt-PT","@id":"https:\/\/portaltela.pt\/s.01k8rhncp4jt1\/2025\/11\/talking-bot-125x125.png","url":"https:\/\/portaltela.pt\/s.01k8rhncp4jt1\/2025\/11\/talking-bot-125x125.png","contentUrl":"https:\/\/portaltela.pt\/s.01k8rhncp4jt1\/2025\/11\/talking-bot-125x125.png","caption":"Telinha"},"sameAs":["https:\/\/portaltela.pt\/"],"url":"https:\/\/portaltela.pt\/por\/367410592786\/"}]}},"_links":{"self":[{"href":"https:\/\/portaltela.pt\/api\/wp\/v2\/posts\/444825","targetHints":{"allow":["GET"]}}],"collection":[{"href":"https:\/\/portaltela.pt\/api\/wp\/v2\/posts"}],"about":[{"href":"https:\/\/portaltela.pt\/api\/wp\/v2\/types\/post"}],"author":[{"embeddable":true,"href":"https:\/\/portaltela.pt\/api\/wp\/v2\/users\/2"}],"replies":[{"embeddable":true,"href":"https:\/\/portaltela.pt\/api\/wp\/v2\/comments?post=444825"}],"version-history":[{"count":0,"href":"https:\/\/portaltela.pt\/api\/wp\/v2\/posts\/444825\/revisions"}],"wp:featuredmedia":[{"embeddable":true,"href":"https:\/\/portaltela.pt\/api\/wp\/v2\/media\/444829"}],"wp:attachment":[{"href":"https:\/\/portaltela.pt\/api\/wp\/v2\/media?parent=444825"}],"wp:term":[{"taxonomy":"category","embeddable":true,"href":"https:\/\/portaltela.pt\/api\/wp\/v2\/categories?post=444825"},{"taxonomy":"post_tag","embeddable":true,"href":"https:\/\/portaltela.pt\/api\/wp\/v2\/tags?post=444825"}],"curies":[{"name":"wp","href":"https:\/\/api.w.org\/{rel}","templated":true}]}}