{"id":444816,"date":"2026-04-15T07:17:07","date_gmt":"2026-04-15T10:17:07","guid":{"rendered":"https:\/\/portaltela.pt\/noticias\/2026\/04\/15\/simeone-comenta-criticas-do-barca-ao-relvado-nas-meias-finais-da-champions\/"},"modified":"2026-04-15T07:17:07","modified_gmt":"2026-04-15T10:17:07","slug":"simeone-comenta-criticas-do-barca-ao-relvado-nas-meias-finais-da-champions","status":"publish","type":"post","link":"https:\/\/portaltela.pt\/desporto\/futebol\/2026\/04\/15\/simeone-comenta-criticas-do-barca-ao-relvado-nas-meias-finais-da-champions\/","title":{"rendered":"Simeone comenta cr\u00edticas do Bar\u00e7a ao relvado nas meias-finais da Champions"},"content":{"rendered":"<p>O Atl\u00e9tico Madrid qualificou-se para as meias\u2011finais da Liga dos Campe\u00f5es ao eliminar o Barcelona, com derrota por 2\u20111 no Metropolitano, ap\u00f3s vencer 1\u20112 na Catalunha. A vantagem estabelecida no duelo da primeira m\u00e3o foi suficiente para seguir em frente.<\/p>\n<p>Antes do in\u00edcio da segunda m\u00e3o, o Barcelona apresentou uma queixa a um delegado da UEFA, alegando que a relva do Metropolitano dificultava o seu jogo. A equipa de Barcelona esteve sob controlo de jogo intenso no in\u00edcio.<\/p>\n<h3>Controv\u00e9rsia da relva e vis\u00e3o t\u00e1tica<\/h3>\n<p>Simeone reconheceu as dificuldades criadas pelo desenho do meio-campo advers\u00e1rio, destacando a velocidade dos baratos Gavi, Pedri e Ferr\u00e1n. O treinador enfatizou que, apesar do 0\u20112, a equipa manteve o plano e reagiu com lideran\u00e7a de Griezmann e Koke.<\/p>\n<p>No segundo tempo, o Atl\u00e9tico manteve o esfor\u00e7o, apesar de o Barcelona parecer mais cansado ap\u00f3s o jogo de s\u00e1bado. Substitui\u00e7\u00f5es, como Nico, Baena e Sorloth, trouxeram f\u00f4lego e permitiram manter a press\u00e3o. O duelo manteve o equil\u00edbrio at\u00e9 ao golo de Lookman.<\/p>\n<p>Simeone elogiou a evolu\u00e7\u00e3o da equipa na defesa e no ataque, destacando a versatilidade de Griezmann e a forma como o seu contributo inspira os companheiros. O treinador refor\u00e7ou a gratid\u00e3o pelo apoio dos adeptos e pela cren\u00e7a coletiva no caminho do clube.<\/p>\n<p>O encontro terminou com o Atl\u00e9tico a alcan\u00e7ar as meias\u2011finais pela terceira vez sob o comando de Simeone, numa eliminat\u00f3ria em que o Barcelona insistiu num jogo r\u00e1pido e de cruzamentos para a \u00e1rea, tentando responder \u00e0s estrat\u00e9gias do advers\u00e1rio.<\/p>\n","protected":false},"excerpt":{"rendered":"<ul>\n<li>O Atl\u00e9tico Madrid qualificou-se para as meias-finais da Liga dos Campe\u00f5es, ao perder por 1-2 com o Barcelona, mantendo a vantagem de dois golos da primeira m\u00e3o.<\/li>\n<li>Simeone elogiou o g\u00e9nio de Griezmann e o impacto de Koke, Llorente, Musso e Lookman, destacando a forma como a equipa manteve o plano mesmo quando o jogo ficou dif\u00edcil.<\/li>\n<li>O t\u00e9cnico argentino referiu que os catal\u00e3es criaram dificuldades com a velocidade do seu ataque e com a press\u00e3o interior de jogadores como Gavi, Pedri e Ferr\u00e1n.<\/li>\n<li>Antes da segunda m\u00e3o, o Barcelona ter\u00e1 apresentado queixas a um delegado da UEFA sobre a altura da relva no Metropolitano, acusa\u00e7\u00e3o que o treinador n\u00e3o comenta diretamente, mantendo o foco no desempenho da sua equipa.<\/li>\n<\/ul>\n","protected":false},"author":2,"featured_media":444820,"comment_status":"closed","ping_status":"closed","sticky":false,"template":"","format":"standard","meta":{"footnotes":""},"categories":[21,24],"tags":[1109,3577,152,32,3338,1786],"class_list":["post-444816","post","type-post","status-publish","format-standard","has-post-thumbnail","hentry","category-desporto","category-futebol","tag-atletico-de-madrid","tag-champions-league","tag-desporto","tag-futebol","tag-futebol-internacional","tag-liga"],"yoast_head":"<!-- This site is optimized with the Yoast SEO plugin v27.2 - https:\/\/yoast.com\/product\/yoast-seo-wordpress\/ -->\n<title>Simeone comenta cr\u00edticas do Bar\u00e7a ao relvado nas meias-finais da Champions - Portal Tela Portugal<\/title>\n<meta name=\"robots\" content=\"index, follow, max-snippet:-1, max-image-preview:large, max-video-preview:-1\" \/>\n<meta property=\"og:locale\" content=\"pt_PT\" \/>\n<meta property=\"og:type\" content=\"article\" \/>\n<meta property=\"og:title\" content=\"Simeone comenta cr\u00edticas do Bar\u00e7a ao relvado nas meias-finais da Champions - Portal Tela Portugal\" \/>\n<meta property=\"og:description\" content=\"O Atl\u00e9tico Madrid qualificou-se para as meias-finais da Liga dos Campe\u00f5es, ao perder por 1-2 com o Barcelona, mantendo a vantagem de dois golos da primeira m\u00e3o. Simeone elogiou o g\u00e9nio de Griezmann e o impacto de Koke, Llorente, Musso e Lookman, destacando a forma como a equipa manteve o plano mesmo quando o jogo ficou dif\u00edcil. O t\u00e9cnico argentino referiu que os catal\u00e3es criaram dificuldades com a velocidade do seu ataque e com a press\u00e3o interior de jogadores como Gavi, Pedri e Ferr\u00e1n. Antes da segunda m\u00e3o, o Barcelona ter\u00e1 apresentado queixas a um delegado da UEFA sobre a altura da relva no Metropolitano, acusa\u00e7\u00e3o que o treinador n\u00e3o comenta diretamente, mantendo o foco no desempenho da sua equipa.\" \/>\n<meta property=\"og:url\" content=\"https:\/\/portaltela.pt\/noticias\/2026\/04\/15\/simeone-comenta-criticas-do-barca-ao-relvado-nas-meias-finais-da-champions\/\" \/>\n<meta property=\"og:site_name\" content=\"Portal Tela Portugal\" \/>\n<meta property=\"article:published_time\" content=\"2026-04-15T10:17:07+00:00\" \/>\n<meta name=\"author\" content=\"Telinha\" \/>\n<meta name=\"twitter:card\" content=\"summary_large_image\" \/>\n<meta name=\"twitter:label1\" content=\"Escrito por\" \/>\n\t<meta name=\"twitter:data1\" content=\"Telinha\" \/>\n\t<meta name=\"twitter:label2\" content=\"Tempo estimado de leitura\" \/>\n\t<meta name=\"twitter:data2\" content=\"1 minuto\" \/>\n<script type=\"application\/ld+json\" class=\"yoast-schema-graph\">{\"@context\":\"https:\/\/schema.org\",\"@graph\":[{\"@type\":\"Article\",\"@id\":\"https:\/\/portaltela.pt\/noticias\/2026\/04\/15\/simeone-comenta-criticas-do-barca-ao-relvado-nas-meias-finais-da-champions\/#article\",\"isPartOf\":{\"@id\":\"https:\/\/portaltela.pt\/noticias\/2026\/04\/15\/simeone-comenta-criticas-do-barca-ao-relvado-nas-meias-finais-da-champions\/\"},\"author\":{\"name\":\"Telinha\",\"@id\":\"https:\/\/portaltela.pt\/#\/schema\/person\/c4278d4a6028830caff9ee44b42d32ed\"},\"headline\":\"Simeone comenta cr\u00edticas do Bar\u00e7a ao relvado nas meias-finais da Champions\",\"datePublished\":\"2026-04-15T10:17:07+00:00\",\"mainEntityOfPage\":{\"@id\":\"https:\/\/portaltela.pt\/noticias\/2026\/04\/15\/simeone-comenta-criticas-do-barca-ao-relvado-nas-meias-finais-da-champions\/\"},\"wordCount\":292,\"image\":{\"@id\":\"https:\/\/portaltela.pt\/noticias\/2026\/04\/15\/simeone-comenta-criticas-do-barca-ao-relvado-nas-meias-finais-da-champions\/#primaryimage\"},\"thumbnailUrl\":\"https:\/\/portaltela.pt\/s.01k8rhncp4jt1\/2026\/04\/img_920x518uu2026-04-15-10-52-32-2433123.jpg\",\"keywords\":[\"Atl\u00e9tico de Madrid\",\"Champions League\",\"desporto\",\"futebol\",\"futebol internacional\",\"Liga\"],\"articleSection\":[\"Desporto\",\"Futebol\"],\"inLanguage\":\"pt-PT\"},{\"@type\":\"WebPage\",\"@id\":\"https:\/\/portaltela.pt\/noticias\/2026\/04\/15\/simeone-comenta-criticas-do-barca-ao-relvado-nas-meias-finais-da-champions\/\",\"url\":\"https:\/\/portaltela.pt\/noticias\/2026\/04\/15\/simeone-comenta-criticas-do-barca-ao-relvado-nas-meias-finais-da-champions\/\",\"name\":\"Simeone comenta cr\u00edticas do Bar\u00e7a ao relvado nas meias-finais da Champions - Portal Tela Portugal\",\"isPartOf\":{\"@id\":\"https:\/\/portaltela.pt\/#website\"},\"primaryImageOfPage\":{\"@id\":\"https:\/\/portaltela.pt\/noticias\/2026\/04\/15\/simeone-comenta-criticas-do-barca-ao-relvado-nas-meias-finais-da-champions\/#primaryimage\"},\"image\":{\"@id\":\"https:\/\/portaltela.pt\/noticias\/2026\/04\/15\/simeone-comenta-criticas-do-barca-ao-relvado-nas-meias-finais-da-champions\/#primaryimage\"},\"thumbnailUrl\":\"https:\/\/portaltela.pt\/s.01k8rhncp4jt1\/2026\/04\/img_920x518uu2026-04-15-10-52-32-2433123.jpg\",\"datePublished\":\"2026-04-15T10:17:07+00:00\",\"author\":{\"@id\":\"https:\/\/portaltela.pt\/#\/schema\/person\/c4278d4a6028830caff9ee44b42d32ed\"},\"breadcrumb\":{\"@id\":\"https:\/\/portaltela.pt\/noticias\/2026\/04\/15\/simeone-comenta-criticas-do-barca-ao-relvado-nas-meias-finais-da-champions\/#breadcrumb\"},\"inLanguage\":\"pt-PT\",\"potentialAction\":[{\"@type\":\"ReadAction\",\"target\":[\"https:\/\/portaltela.pt\/noticias\/2026\/04\/15\/simeone-comenta-criticas-do-barca-ao-relvado-nas-meias-finais-da-champions\/\"]}]},{\"@type\":\"ImageObject\",\"inLanguage\":\"pt-PT\",\"@id\":\"https:\/\/portaltela.pt\/noticias\/2026\/04\/15\/simeone-comenta-criticas-do-barca-ao-relvado-nas-meias-finais-da-champions\/#primaryimage\",\"url\":\"https:\/\/portaltela.pt\/s.01k8rhncp4jt1\/2026\/04\/img_920x518uu2026-04-15-10-52-32-2433123.jpg\",\"contentUrl\":\"https:\/\/portaltela.pt\/s.01k8rhncp4jt1\/2026\/04\/img_920x518uu2026-04-15-10-52-32-2433123.jpg\",\"width\":796,\"height\":448,\"caption\":\"Diego Simeone, treinador do Atl\u00e9tico Madrid, durante o jogo com o Barcelona na Liga dos Campe\u00f5es\"},{\"@type\":\"BreadcrumbList\",\"@id\":\"https:\/\/portaltela.pt\/noticias\/2026\/04\/15\/simeone-comenta-criticas-do-barca-ao-relvado-nas-meias-finais-da-champions\/#breadcrumb\",\"itemListElement\":[{\"@type\":\"ListItem\",\"position\":1,\"name\":\"In\u00edcio\",\"item\":\"https:\/\/portaltela.pt\/\"},{\"@type\":\"ListItem\",\"position\":2,\"name\":\"Simeone comenta cr\u00edticas do Bar\u00e7a ao relvado nas meias-finais da Champions\"}]},{\"@type\":\"WebSite\",\"@id\":\"https:\/\/portaltela.pt\/#website\",\"url\":\"https:\/\/portaltela.pt\/\",\"name\":\"Portal Tela Portugal\",\"description\":\"\",\"potentialAction\":[{\"@type\":\"SearchAction\",\"target\":{\"@type\":\"EntryPoint\",\"urlTemplate\":\"https:\/\/portaltela.pt\/?s={search_term_string}\"},\"query-input\":{\"@type\":\"PropertyValueSpecification\",\"valueRequired\":true,\"valueName\":\"search_term_string\"}}],\"inLanguage\":\"pt-PT\"},{\"@type\":\"Person\",\"@id\":\"https:\/\/portaltela.pt\/#\/schema\/person\/c4278d4a6028830caff9ee44b42d32ed\",\"name\":\"Telinha\",\"image\":{\"@type\":\"ImageObject\",\"inLanguage\":\"pt-PT\",\"@id\":\"https:\/\/portaltela.pt\/s.01k8rhncp4jt1\/2025\/11\/talking-bot-125x125.png\",\"url\":\"https:\/\/portaltela.pt\/s.01k8rhncp4jt1\/2025\/11\/talking-bot-125x125.png\",\"contentUrl\":\"https:\/\/portaltela.pt\/s.01k8rhncp4jt1\/2025\/11\/talking-bot-125x125.png\",\"caption\":\"Telinha\"},\"sameAs\":[\"https:\/\/portaltela.pt\/\"],\"url\":\"https:\/\/portaltela.pt\/por\/367410592786\/\"}]}<\/script>\n<!-- \/ Yoast SEO plugin. -->","yoast_head_json":{"title":"Simeone comenta cr\u00edticas do Bar\u00e7a ao relvado nas meias-finais da Champions - Portal Tela Portugal","robots":{"index":"index","follow":"follow","max-snippet":"max-snippet:-1","max-image-preview":"max-image-preview:large","max-video-preview":"max-video-preview:-1"},"og_locale":"pt_PT","og_type":"article","og_title":"Simeone comenta cr\u00edticas do Bar\u00e7a ao relvado nas meias-finais da Champions - Portal Tela Portugal","og_description":"O Atl\u00e9tico Madrid qualificou-se para as meias-finais da Liga dos Campe\u00f5es, ao perder por 1-2 com o Barcelona, mantendo a vantagem de dois golos da primeira m\u00e3o. Simeone elogiou o g\u00e9nio de Griezmann e o impacto de Koke, Llorente, Musso e Lookman, destacando a forma como a equipa manteve o plano mesmo quando o jogo ficou dif\u00edcil. O t\u00e9cnico argentino referiu que os catal\u00e3es criaram dificuldades com a velocidade do seu ataque e com a press\u00e3o interior de jogadores como Gavi, Pedri e Ferr\u00e1n. Antes da segunda m\u00e3o, o Barcelona ter\u00e1 apresentado queixas a um delegado da UEFA sobre a altura da relva no Metropolitano, acusa\u00e7\u00e3o que o treinador n\u00e3o comenta diretamente, mantendo o foco no desempenho da sua equipa.","og_url":"https:\/\/portaltela.pt\/noticias\/2026\/04\/15\/simeone-comenta-criticas-do-barca-ao-relvado-nas-meias-finais-da-champions\/","og_site_name":"Portal Tela Portugal","article_published_time":"2026-04-15T10:17:07+00:00","author":"Telinha","twitter_card":"summary_large_image","twitter_misc":{"Escrito por":"Telinha","Tempo estimado de leitura":"1 minuto"},"schema":{"@context":"https:\/\/schema.org","@graph":[{"@type":"Article","@id":"https:\/\/portaltela.pt\/noticias\/2026\/04\/15\/simeone-comenta-criticas-do-barca-ao-relvado-nas-meias-finais-da-champions\/#article","isPartOf":{"@id":"https:\/\/portaltela.pt\/noticias\/2026\/04\/15\/simeone-comenta-criticas-do-barca-ao-relvado-nas-meias-finais-da-champions\/"},"author":{"name":"Telinha","@id":"https:\/\/portaltela.pt\/#\/schema\/person\/c4278d4a6028830caff9ee44b42d32ed"},"headline":"Simeone comenta cr\u00edticas do Bar\u00e7a ao relvado nas meias-finais da Champions","datePublished":"2026-04-15T10:17:07+00:00","mainEntityOfPage":{"@id":"https:\/\/portaltela.pt\/noticias\/2026\/04\/15\/simeone-comenta-criticas-do-barca-ao-relvado-nas-meias-finais-da-champions\/"},"wordCount":292,"image":{"@id":"https:\/\/portaltela.pt\/noticias\/2026\/04\/15\/simeone-comenta-criticas-do-barca-ao-relvado-nas-meias-finais-da-champions\/#primaryimage"},"thumbnailUrl":"https:\/\/portaltela.pt\/s.01k8rhncp4jt1\/2026\/04\/img_920x518uu2026-04-15-10-52-32-2433123.jpg","keywords":["Atl\u00e9tico de Madrid","Champions League","desporto","futebol","futebol internacional","Liga"],"articleSection":["Desporto","Futebol"],"inLanguage":"pt-PT"},{"@type":"WebPage","@id":"https:\/\/portaltela.pt\/noticias\/2026\/04\/15\/simeone-comenta-criticas-do-barca-ao-relvado-nas-meias-finais-da-champions\/","url":"https:\/\/portaltela.pt\/noticias\/2026\/04\/15\/simeone-comenta-criticas-do-barca-ao-relvado-nas-meias-finais-da-champions\/","name":"Simeone comenta cr\u00edticas do Bar\u00e7a ao relvado nas meias-finais da Champions - Portal Tela Portugal","isPartOf":{"@id":"https:\/\/portaltela.pt\/#website"},"primaryImageOfPage":{"@id":"https:\/\/portaltela.pt\/noticias\/2026\/04\/15\/simeone-comenta-criticas-do-barca-ao-relvado-nas-meias-finais-da-champions\/#primaryimage"},"image":{"@id":"https:\/\/portaltela.pt\/noticias\/2026\/04\/15\/simeone-comenta-criticas-do-barca-ao-relvado-nas-meias-finais-da-champions\/#primaryimage"},"thumbnailUrl":"https:\/\/portaltela.pt\/s.01k8rhncp4jt1\/2026\/04\/img_920x518uu2026-04-15-10-52-32-2433123.jpg","datePublished":"2026-04-15T10:17:07+00:00","author":{"@id":"https:\/\/portaltela.pt\/#\/schema\/person\/c4278d4a6028830caff9ee44b42d32ed"},"breadcrumb":{"@id":"https:\/\/portaltela.pt\/noticias\/2026\/04\/15\/simeone-comenta-criticas-do-barca-ao-relvado-nas-meias-finais-da-champions\/#breadcrumb"},"inLanguage":"pt-PT","potentialAction":[{"@type":"ReadAction","target":["https:\/\/portaltela.pt\/noticias\/2026\/04\/15\/simeone-comenta-criticas-do-barca-ao-relvado-nas-meias-finais-da-champions\/"]}]},{"@type":"ImageObject","inLanguage":"pt-PT","@id":"https:\/\/portaltela.pt\/noticias\/2026\/04\/15\/simeone-comenta-criticas-do-barca-ao-relvado-nas-meias-finais-da-champions\/#primaryimage","url":"https:\/\/portaltela.pt\/s.01k8rhncp4jt1\/2026\/04\/img_920x518uu2026-04-15-10-52-32-2433123.jpg","contentUrl":"https:\/\/portaltela.pt\/s.01k8rhncp4jt1\/2026\/04\/img_920x518uu2026-04-15-10-52-32-2433123.jpg","width":796,"height":448,"caption":"Diego Simeone, treinador do Atl\u00e9tico Madrid, durante o jogo com o Barcelona na Liga dos Campe\u00f5es"},{"@type":"BreadcrumbList","@id":"https:\/\/portaltela.pt\/noticias\/2026\/04\/15\/simeone-comenta-criticas-do-barca-ao-relvado-nas-meias-finais-da-champions\/#breadcrumb","itemListElement":[{"@type":"ListItem","position":1,"name":"In\u00edcio","item":"https:\/\/portaltela.pt\/"},{"@type":"ListItem","position":2,"name":"Simeone comenta cr\u00edticas do Bar\u00e7a ao relvado nas meias-finais da Champions"}]},{"@type":"WebSite","@id":"https:\/\/portaltela.pt\/#website","url":"https:\/\/portaltela.pt\/","name":"Portal Tela Portugal","description":"","potentialAction":[{"@type":"SearchAction","target":{"@type":"EntryPoint","urlTemplate":"https:\/\/portaltela.pt\/?s={search_term_string}"},"query-input":{"@type":"PropertyValueSpecification","valueRequired":true,"valueName":"search_term_string"}}],"inLanguage":"pt-PT"},{"@type":"Person","@id":"https:\/\/portaltela.pt\/#\/schema\/person\/c4278d4a6028830caff9ee44b42d32ed","name":"Telinha","image":{"@type":"ImageObject","inLanguage":"pt-PT","@id":"https:\/\/portaltela.pt\/s.01k8rhncp4jt1\/2025\/11\/talking-bot-125x125.png","url":"https:\/\/portaltela.pt\/s.01k8rhncp4jt1\/2025\/11\/talking-bot-125x125.png","contentUrl":"https:\/\/portaltela.pt\/s.01k8rhncp4jt1\/2025\/11\/talking-bot-125x125.png","caption":"Telinha"},"sameAs":["https:\/\/portaltela.pt\/"],"url":"https:\/\/portaltela.pt\/por\/367410592786\/"}]}},"_links":{"self":[{"href":"https:\/\/portaltela.pt\/api\/wp\/v2\/posts\/444816","targetHints":{"allow":["GET"]}}],"collection":[{"href":"https:\/\/portaltela.pt\/api\/wp\/v2\/posts"}],"about":[{"href":"https:\/\/portaltela.pt\/api\/wp\/v2\/types\/post"}],"author":[{"embeddable":true,"href":"https:\/\/portaltela.pt\/api\/wp\/v2\/users\/2"}],"replies":[{"embeddable":true,"href":"https:\/\/portaltela.pt\/api\/wp\/v2\/comments?post=444816"}],"version-history":[{"count":0,"href":"https:\/\/portaltela.pt\/api\/wp\/v2\/posts\/444816\/revisions"}],"wp:featuredmedia":[{"embeddable":true,"href":"https:\/\/portaltela.pt\/api\/wp\/v2\/media\/444820"}],"wp:attachment":[{"href":"https:\/\/portaltela.pt\/api\/wp\/v2\/media?parent=444816"}],"wp:term":[{"taxonomy":"category","embeddable":true,"href":"https:\/\/portaltela.pt\/api\/wp\/v2\/categories?post=444816"},{"taxonomy":"post_tag","embeddable":true,"href":"https:\/\/portaltela.pt\/api\/wp\/v2\/tags?post=444816"}],"curies":[{"name":"wp","href":"https:\/\/api.w.org\/{rel}","templated":true}]}}