{"id":444802,"date":"2026-04-15T07:16:58","date_gmt":"2026-04-15T10:16:58","guid":{"rendered":"https:\/\/portaltela.pt\/noticias\/2026\/04\/15\/disparos-de-carro-atingem-homem-na-perna-no-seixal\/"},"modified":"2026-04-15T07:16:58","modified_gmt":"2026-04-15T10:16:58","slug":"disparos-de-carro-atingem-homem-na-perna-no-seixal","status":"publish","type":"post","link":"https:\/\/portaltela.pt\/noticias\/2026\/04\/15\/disparos-de-carro-atingem-homem-na-perna-no-seixal\/","title":{"rendered":"Disparos de carro atingem homem na perna no Seixal"},"content":{"rendered":"<p>Um homem de 50 anos foi baleado numa perna na madrugada desta quarta-feira, no Seixal. Os disparos ocorreram a partir de um carro com dois homens encapuzados, que fugiram ap\u00f3s o crime. A v\u00edtima recebeu assist\u00eancia no local e foi transportada para o hospital.<\/p>\n<p>O crime ocorreu perto da meia-noite na Praceta Jo\u00e3o Barros, Torre da Marinha. Dois homens encapuzados aproximaram-se da v\u00edtima na rua, um deles apontou uma arma e efetuou o disparo, que atingiu a perna. Na fuga, a viatura saiu em dire\u00e7\u00e3o incerta.<\/p>\n<p>A PSP do Seixal deslocou-se ao local e iniciou as dilig\u00eancias iniciais para identificar os intervenientes e apurar as causas do epis\u00f3dio. A recolha de testemunhos confirmou a presen\u00e7a de dois suspeitos na viatura utilizada.<\/p>\n<p>O caso foi encaminhado para a Pol\u00edcia Judici\u00e1ria de Set\u00fabal, que coordena a investiga\u00e7\u00e3o de crimes com uso de arma de fogo. At\u00e9 ao momento n\u00e3o h\u00e1 deten\u00e7\u00f5es relatadas. A v\u00edtima foi assistida pelos bombeiros do Seixal e segue sob observa\u00e7\u00e3o no hospital.<\/p>\n","protected":false},"excerpt":{"rendered":"<ul>\n<li>Um homem de 50 anos foi baleado numa perna na madrugada de quarta-feira, na Praceta Jo\u00e3o Barros, Torre da Marinha, Seixal.<\/li>\n<li>Os disparos foram efetuados a partir de um carro ocupado por dois homens encapuzados, que fugiram ap\u00f3s o crime.<\/li>\n<li>A v\u00edtima foi assistida no local pelos bombeiros do Seixal e transportada para o Hospital Garcia de Orta; n\u00e3o corre perigo de vida.<\/li>\n<li>A PSP do Seixal realizou as primeiras dilig\u00eancias e recolha de testemunhos que indicaram a presen\u00e7a de dois homens encapuzados na viatura.<\/li>\n<li>O caso foi encaminhado para a Pol\u00edcia Judici\u00e1ria de Set\u00fabal, respons\u00e1vel pela investiga\u00e7\u00e3o de crimes com uso de arma de fogo; n\u00e3o h\u00e1 deten\u00e7\u00f5es conhecidas.<\/li>\n<\/ul>\n","protected":false},"author":2,"featured_media":444809,"comment_status":"closed","ping_status":"closed","sticky":false,"template":"","format":"standard","meta":{"footnotes":""},"categories":[6907,1],"tags":[124,147,1802,1381,1064,994],"class_list":["post-444802","post","type-post","status-publish","format-standard","has-post-thumbnail","hentry","category-crime","category-noticias","tag-arma-de-fogo","tag-crime","tag-policia-judiciaria","tag-psp","tag-seixal","tag-setubal"],"yoast_head":"<!-- This site is optimized with the Yoast SEO plugin v27.2 - https:\/\/yoast.com\/product\/yoast-seo-wordpress\/ -->\n<title>Disparos de carro atingem homem na perna no Seixal - Portal Tela Portugal<\/title>\n<meta name=\"robots\" content=\"index, follow, max-snippet:-1, max-image-preview:large, max-video-preview:-1\" \/>\n<meta property=\"og:locale\" content=\"pt_PT\" \/>\n<meta property=\"og:type\" content=\"article\" \/>\n<meta property=\"og:title\" content=\"Disparos de carro atingem homem na perna no Seixal - Portal Tela Portugal\" \/>\n<meta property=\"og:description\" content=\"Um homem de 50 anos foi baleado numa perna na madrugada de quarta-feira, na Praceta Jo\u00e3o Barros, Torre da Marinha, Seixal. Os disparos foram efetuados a partir de um carro ocupado por dois homens encapuzados, que fugiram ap\u00f3s o crime. A v\u00edtima foi assistida no local pelos bombeiros do Seixal e transportada para o Hospital Garcia de Orta; n\u00e3o corre perigo de vida. A PSP do Seixal realizou as primeiras dilig\u00eancias e recolha de testemunhos que indicaram a presen\u00e7a de dois homens encapuzados na viatura. O caso foi encaminhado para a Pol\u00edcia Judici\u00e1ria de Set\u00fabal, respons\u00e1vel pela investiga\u00e7\u00e3o de crimes com uso de arma de fogo; n\u00e3o h\u00e1 deten\u00e7\u00f5es conhecidas.\" \/>\n<meta property=\"og:url\" content=\"https:\/\/portaltela.pt\/noticias\/2026\/04\/15\/disparos-de-carro-atingem-homem-na-perna-no-seixal\/\" \/>\n<meta property=\"og:site_name\" content=\"Portal Tela Portugal\" \/>\n<meta property=\"article:published_time\" content=\"2026-04-15T10:16:58+00:00\" \/>\n<meta name=\"author\" content=\"Telinha\" \/>\n<meta name=\"twitter:card\" content=\"summary_large_image\" \/>\n<meta name=\"twitter:label1\" content=\"Escrito por\" \/>\n\t<meta name=\"twitter:data1\" content=\"Telinha\" \/>\n\t<meta name=\"twitter:label2\" content=\"Tempo estimado de leitura\" \/>\n\t<meta name=\"twitter:data2\" content=\"1 minuto\" \/>\n<script type=\"application\/ld+json\" class=\"yoast-schema-graph\">{\"@context\":\"https:\/\/schema.org\",\"@graph\":[{\"@type\":\"Article\",\"@id\":\"https:\/\/portaltela.pt\/noticias\/2026\/04\/15\/disparos-de-carro-atingem-homem-na-perna-no-seixal\/#article\",\"isPartOf\":{\"@id\":\"https:\/\/portaltela.pt\/noticias\/2026\/04\/15\/disparos-de-carro-atingem-homem-na-perna-no-seixal\/\"},\"author\":{\"name\":\"Telinha\",\"@id\":\"https:\/\/portaltela.pt\/#\/schema\/person\/c4278d4a6028830caff9ee44b42d32ed\"},\"headline\":\"Disparos de carro atingem homem na perna no Seixal\",\"datePublished\":\"2026-04-15T10:16:58+00:00\",\"mainEntityOfPage\":{\"@id\":\"https:\/\/portaltela.pt\/noticias\/2026\/04\/15\/disparos-de-carro-atingem-homem-na-perna-no-seixal\/\"},\"wordCount\":189,\"image\":{\"@id\":\"https:\/\/portaltela.pt\/noticias\/2026\/04\/15\/disparos-de-carro-atingem-homem-na-perna-no-seixal\/#primaryimage\"},\"thumbnailUrl\":\"https:\/\/portaltela.pt\/s.01k8rhncp4jt1\/2026\/04\/ee1559b5-5399-4393-88ea-173a501ad3fb_1200x675.jpg\",\"keywords\":[\"arma de fogo\",\"crime\",\"Pol\u00edcia Judici\u00e1ria\",\"PSP\",\"Seixal\",\"Set\u00fabal\"],\"articleSection\":[\"Crime\",\"Not\u00edcias\"],\"inLanguage\":\"pt-PT\"},{\"@type\":\"WebPage\",\"@id\":\"https:\/\/portaltela.pt\/noticias\/2026\/04\/15\/disparos-de-carro-atingem-homem-na-perna-no-seixal\/\",\"url\":\"https:\/\/portaltela.pt\/noticias\/2026\/04\/15\/disparos-de-carro-atingem-homem-na-perna-no-seixal\/\",\"name\":\"Disparos de carro atingem homem na perna no Seixal - Portal Tela Portugal\",\"isPartOf\":{\"@id\":\"https:\/\/portaltela.pt\/#website\"},\"primaryImageOfPage\":{\"@id\":\"https:\/\/portaltela.pt\/noticias\/2026\/04\/15\/disparos-de-carro-atingem-homem-na-perna-no-seixal\/#primaryimage\"},\"image\":{\"@id\":\"https:\/\/portaltela.pt\/noticias\/2026\/04\/15\/disparos-de-carro-atingem-homem-na-perna-no-seixal\/#primaryimage\"},\"thumbnailUrl\":\"https:\/\/portaltela.pt\/s.01k8rhncp4jt1\/2026\/04\/ee1559b5-5399-4393-88ea-173a501ad3fb_1200x675.jpg\",\"datePublished\":\"2026-04-15T10:16:58+00:00\",\"author\":{\"@id\":\"https:\/\/portaltela.pt\/#\/schema\/person\/c4278d4a6028830caff9ee44b42d32ed\"},\"breadcrumb\":{\"@id\":\"https:\/\/portaltela.pt\/noticias\/2026\/04\/15\/disparos-de-carro-atingem-homem-na-perna-no-seixal\/#breadcrumb\"},\"inLanguage\":\"pt-PT\",\"potentialAction\":[{\"@type\":\"ReadAction\",\"target\":[\"https:\/\/portaltela.pt\/noticias\/2026\/04\/15\/disparos-de-carro-atingem-homem-na-perna-no-seixal\/\"]}]},{\"@type\":\"ImageObject\",\"inLanguage\":\"pt-PT\",\"@id\":\"https:\/\/portaltela.pt\/noticias\/2026\/04\/15\/disparos-de-carro-atingem-homem-na-perna-no-seixal\/#primaryimage\",\"url\":\"https:\/\/portaltela.pt\/s.01k8rhncp4jt1\/2026\/04\/ee1559b5-5399-4393-88ea-173a501ad3fb_1200x675.jpg\",\"contentUrl\":\"https:\/\/portaltela.pt\/s.01k8rhncp4jt1\/2026\/04\/ee1559b5-5399-4393-88ea-173a501ad3fb_1200x675.jpg\",\"width\":796,\"height\":448,\"caption\":\"Ferido foi transportado para o hospital de Almada\"},{\"@type\":\"BreadcrumbList\",\"@id\":\"https:\/\/portaltela.pt\/noticias\/2026\/04\/15\/disparos-de-carro-atingem-homem-na-perna-no-seixal\/#breadcrumb\",\"itemListElement\":[{\"@type\":\"ListItem\",\"position\":1,\"name\":\"In\u00edcio\",\"item\":\"https:\/\/portaltela.pt\/\"},{\"@type\":\"ListItem\",\"position\":2,\"name\":\"Disparos de carro atingem homem na perna no Seixal\"}]},{\"@type\":\"WebSite\",\"@id\":\"https:\/\/portaltela.pt\/#website\",\"url\":\"https:\/\/portaltela.pt\/\",\"name\":\"Portal Tela Portugal\",\"description\":\"\",\"potentialAction\":[{\"@type\":\"SearchAction\",\"target\":{\"@type\":\"EntryPoint\",\"urlTemplate\":\"https:\/\/portaltela.pt\/?s={search_term_string}\"},\"query-input\":{\"@type\":\"PropertyValueSpecification\",\"valueRequired\":true,\"valueName\":\"search_term_string\"}}],\"inLanguage\":\"pt-PT\"},{\"@type\":\"Person\",\"@id\":\"https:\/\/portaltela.pt\/#\/schema\/person\/c4278d4a6028830caff9ee44b42d32ed\",\"name\":\"Telinha\",\"image\":{\"@type\":\"ImageObject\",\"inLanguage\":\"pt-PT\",\"@id\":\"https:\/\/portaltela.pt\/s.01k8rhncp4jt1\/2025\/11\/talking-bot-125x125.png\",\"url\":\"https:\/\/portaltela.pt\/s.01k8rhncp4jt1\/2025\/11\/talking-bot-125x125.png\",\"contentUrl\":\"https:\/\/portaltela.pt\/s.01k8rhncp4jt1\/2025\/11\/talking-bot-125x125.png\",\"caption\":\"Telinha\"},\"sameAs\":[\"https:\/\/portaltela.pt\/\"],\"url\":\"https:\/\/portaltela.pt\/por\/367410592786\/\"}]}<\/script>\n<!-- \/ Yoast SEO plugin. -->","yoast_head_json":{"title":"Disparos de carro atingem homem na perna no Seixal - Portal Tela Portugal","robots":{"index":"index","follow":"follow","max-snippet":"max-snippet:-1","max-image-preview":"max-image-preview:large","max-video-preview":"max-video-preview:-1"},"og_locale":"pt_PT","og_type":"article","og_title":"Disparos de carro atingem homem na perna no Seixal - Portal Tela Portugal","og_description":"Um homem de 50 anos foi baleado numa perna na madrugada de quarta-feira, na Praceta Jo\u00e3o Barros, Torre da Marinha, Seixal. Os disparos foram efetuados a partir de um carro ocupado por dois homens encapuzados, que fugiram ap\u00f3s o crime. A v\u00edtima foi assistida no local pelos bombeiros do Seixal e transportada para o Hospital Garcia de Orta; n\u00e3o corre perigo de vida. A PSP do Seixal realizou as primeiras dilig\u00eancias e recolha de testemunhos que indicaram a presen\u00e7a de dois homens encapuzados na viatura. O caso foi encaminhado para a Pol\u00edcia Judici\u00e1ria de Set\u00fabal, respons\u00e1vel pela investiga\u00e7\u00e3o de crimes com uso de arma de fogo; n\u00e3o h\u00e1 deten\u00e7\u00f5es conhecidas.","og_url":"https:\/\/portaltela.pt\/noticias\/2026\/04\/15\/disparos-de-carro-atingem-homem-na-perna-no-seixal\/","og_site_name":"Portal Tela Portugal","article_published_time":"2026-04-15T10:16:58+00:00","author":"Telinha","twitter_card":"summary_large_image","twitter_misc":{"Escrito por":"Telinha","Tempo estimado de leitura":"1 minuto"},"schema":{"@context":"https:\/\/schema.org","@graph":[{"@type":"Article","@id":"https:\/\/portaltela.pt\/noticias\/2026\/04\/15\/disparos-de-carro-atingem-homem-na-perna-no-seixal\/#article","isPartOf":{"@id":"https:\/\/portaltela.pt\/noticias\/2026\/04\/15\/disparos-de-carro-atingem-homem-na-perna-no-seixal\/"},"author":{"name":"Telinha","@id":"https:\/\/portaltela.pt\/#\/schema\/person\/c4278d4a6028830caff9ee44b42d32ed"},"headline":"Disparos de carro atingem homem na perna no Seixal","datePublished":"2026-04-15T10:16:58+00:00","mainEntityOfPage":{"@id":"https:\/\/portaltela.pt\/noticias\/2026\/04\/15\/disparos-de-carro-atingem-homem-na-perna-no-seixal\/"},"wordCount":189,"image":{"@id":"https:\/\/portaltela.pt\/noticias\/2026\/04\/15\/disparos-de-carro-atingem-homem-na-perna-no-seixal\/#primaryimage"},"thumbnailUrl":"https:\/\/portaltela.pt\/s.01k8rhncp4jt1\/2026\/04\/ee1559b5-5399-4393-88ea-173a501ad3fb_1200x675.jpg","keywords":["arma de fogo","crime","Pol\u00edcia Judici\u00e1ria","PSP","Seixal","Set\u00fabal"],"articleSection":["Crime","Not\u00edcias"],"inLanguage":"pt-PT"},{"@type":"WebPage","@id":"https:\/\/portaltela.pt\/noticias\/2026\/04\/15\/disparos-de-carro-atingem-homem-na-perna-no-seixal\/","url":"https:\/\/portaltela.pt\/noticias\/2026\/04\/15\/disparos-de-carro-atingem-homem-na-perna-no-seixal\/","name":"Disparos de carro atingem homem na perna no Seixal - Portal Tela Portugal","isPartOf":{"@id":"https:\/\/portaltela.pt\/#website"},"primaryImageOfPage":{"@id":"https:\/\/portaltela.pt\/noticias\/2026\/04\/15\/disparos-de-carro-atingem-homem-na-perna-no-seixal\/#primaryimage"},"image":{"@id":"https:\/\/portaltela.pt\/noticias\/2026\/04\/15\/disparos-de-carro-atingem-homem-na-perna-no-seixal\/#primaryimage"},"thumbnailUrl":"https:\/\/portaltela.pt\/s.01k8rhncp4jt1\/2026\/04\/ee1559b5-5399-4393-88ea-173a501ad3fb_1200x675.jpg","datePublished":"2026-04-15T10:16:58+00:00","author":{"@id":"https:\/\/portaltela.pt\/#\/schema\/person\/c4278d4a6028830caff9ee44b42d32ed"},"breadcrumb":{"@id":"https:\/\/portaltela.pt\/noticias\/2026\/04\/15\/disparos-de-carro-atingem-homem-na-perna-no-seixal\/#breadcrumb"},"inLanguage":"pt-PT","potentialAction":[{"@type":"ReadAction","target":["https:\/\/portaltela.pt\/noticias\/2026\/04\/15\/disparos-de-carro-atingem-homem-na-perna-no-seixal\/"]}]},{"@type":"ImageObject","inLanguage":"pt-PT","@id":"https:\/\/portaltela.pt\/noticias\/2026\/04\/15\/disparos-de-carro-atingem-homem-na-perna-no-seixal\/#primaryimage","url":"https:\/\/portaltela.pt\/s.01k8rhncp4jt1\/2026\/04\/ee1559b5-5399-4393-88ea-173a501ad3fb_1200x675.jpg","contentUrl":"https:\/\/portaltela.pt\/s.01k8rhncp4jt1\/2026\/04\/ee1559b5-5399-4393-88ea-173a501ad3fb_1200x675.jpg","width":796,"height":448,"caption":"Ferido foi transportado para o hospital de Almada"},{"@type":"BreadcrumbList","@id":"https:\/\/portaltela.pt\/noticias\/2026\/04\/15\/disparos-de-carro-atingem-homem-na-perna-no-seixal\/#breadcrumb","itemListElement":[{"@type":"ListItem","position":1,"name":"In\u00edcio","item":"https:\/\/portaltela.pt\/"},{"@type":"ListItem","position":2,"name":"Disparos de carro atingem homem na perna no Seixal"}]},{"@type":"WebSite","@id":"https:\/\/portaltela.pt\/#website","url":"https:\/\/portaltela.pt\/","name":"Portal Tela Portugal","description":"","potentialAction":[{"@type":"SearchAction","target":{"@type":"EntryPoint","urlTemplate":"https:\/\/portaltela.pt\/?s={search_term_string}"},"query-input":{"@type":"PropertyValueSpecification","valueRequired":true,"valueName":"search_term_string"}}],"inLanguage":"pt-PT"},{"@type":"Person","@id":"https:\/\/portaltela.pt\/#\/schema\/person\/c4278d4a6028830caff9ee44b42d32ed","name":"Telinha","image":{"@type":"ImageObject","inLanguage":"pt-PT","@id":"https:\/\/portaltela.pt\/s.01k8rhncp4jt1\/2025\/11\/talking-bot-125x125.png","url":"https:\/\/portaltela.pt\/s.01k8rhncp4jt1\/2025\/11\/talking-bot-125x125.png","contentUrl":"https:\/\/portaltela.pt\/s.01k8rhncp4jt1\/2025\/11\/talking-bot-125x125.png","caption":"Telinha"},"sameAs":["https:\/\/portaltela.pt\/"],"url":"https:\/\/portaltela.pt\/por\/367410592786\/"}]}},"_links":{"self":[{"href":"https:\/\/portaltela.pt\/api\/wp\/v2\/posts\/444802","targetHints":{"allow":["GET"]}}],"collection":[{"href":"https:\/\/portaltela.pt\/api\/wp\/v2\/posts"}],"about":[{"href":"https:\/\/portaltela.pt\/api\/wp\/v2\/types\/post"}],"author":[{"embeddable":true,"href":"https:\/\/portaltela.pt\/api\/wp\/v2\/users\/2"}],"replies":[{"embeddable":true,"href":"https:\/\/portaltela.pt\/api\/wp\/v2\/comments?post=444802"}],"version-history":[{"count":0,"href":"https:\/\/portaltela.pt\/api\/wp\/v2\/posts\/444802\/revisions"}],"wp:featuredmedia":[{"embeddable":true,"href":"https:\/\/portaltela.pt\/api\/wp\/v2\/media\/444809"}],"wp:attachment":[{"href":"https:\/\/portaltela.pt\/api\/wp\/v2\/media?parent=444802"}],"wp:term":[{"taxonomy":"category","embeddable":true,"href":"https:\/\/portaltela.pt\/api\/wp\/v2\/categories?post=444802"},{"taxonomy":"post_tag","embeddable":true,"href":"https:\/\/portaltela.pt\/api\/wp\/v2\/tags?post=444802"}],"curies":[{"name":"wp","href":"https:\/\/api.w.org\/{rel}","templated":true}]}}