{"id":444770,"date":"2026-04-15T07:02:13","date_gmt":"2026-04-15T10:02:13","guid":{"rendered":"https:\/\/portaltela.pt\/noticias\/2026\/04\/15\/inter-miami-troca-de-treinador-apos-chegada-de-messi\/"},"modified":"2026-04-15T07:02:13","modified_gmt":"2026-04-15T10:02:13","slug":"inter-miami-troca-de-treinador-apos-chegada-de-messi","status":"publish","type":"post","link":"https:\/\/portaltela.pt\/desporto\/futebol\/2026\/04\/15\/inter-miami-troca-de-treinador-apos-chegada-de-messi\/","title":{"rendered":"Inter Miami troca de treinador ap\u00f3s chegada de Messi"},"content":{"rendered":"<p>Inter Miami anunciou hoje a sa\u00edda de Javier Mascherano do cargo de treinador, por motivos pessoais. A decis\u00e3o encerra um ciclo do argentino no clube da MLS, onde a equipa tem como rosto principal o astro Lionel Messi.<\/p>\n<p>Mascherano destacou gratid\u00e3o ao clube, aos jogadores e aos adeptos, mencionando ter guardado na mem\u00f3ria a primeira estrela nacional conquistada. O clube confirmou o t\u00e9rmino do v\u00ednculo e reconheceu a import\u00e2ncia do treinador na trajet\u00f3ria recente.<\/p>\n<p>Jorge Mas, propriet\u00e1rio do Inter Miami, elogiou Mascherano, dizendo que ele ficar\u00e1 para sempre ligado \u00e0 hist\u00f3ria do clube, pela contribui\u00e7\u00e3o nas conquistas internas e na campanha internacional que levou \u00e0 fase de oitavos de final do Mundial de clubes.<\/p>\n<h3>Substitui\u00e7\u00e3o no comando<\/h3>\n<p>Guillermo Hoyos, at\u00e9 ent\u00e3o diretor desportivo, assumir\u00e1 o cargo de treinador principal nos pr\u00f3ximos jogos. Hoyos tem experi\u00eancia em clubes da Argentina, M\u00e9xico, Chile e Bol\u00edvia, j\u00e1 coordenou sele\u00e7\u00f5es e j\u00e1 passou pela forma\u00e7\u00e3o de jovens, incluindo passagem pelo Barcelona.<\/p>\n","protected":false},"excerpt":{"rendered":"<ul>\n<li>Javier Mascherano deixa Inter Miami por motivos pessoais, encerrando o seu ciclo como treinador.<\/li>\n<li>A equipa, com Lionel Messi, segue em terceiro lugar na confer\u00eancia Leste da MLS.<\/li>\n<li>O propriet\u00e1rio Jorge Mas destacou que Mascherano \u00e9 \u201cparte da hist\u00f3ria\u201d do clube, enfatizando o papel nas conquistas internas e na campanha internacional, incluindo os oitavos de final do Mundial de clubes.<\/li>\n<li>Guillermo Hoyos assume o cargo de treinador principal para os pr\u00f3ximos jogos, acumulando, at\u00e9 aqui, o papel de diretor desportivo.<\/li>\n<li>Hoyos tem experi\u00eancia em clubes da Argentina, M\u00e9xico, Chile e Chipre, bem como no Bol\u00edvia e na forma\u00e7\u00e3o de jovens, com passagens pelo Barcelona.<\/li>\n<\/ul>\n","protected":false},"author":2,"featured_media":444777,"comment_status":"closed","ping_status":"closed","sticky":false,"template":"","format":"standard","meta":{"footnotes":""},"categories":[21,24],"tags":[2732,2587,152,2681,32,3550],"class_list":["post-444770","post","type-post","status-publish","format-standard","has-post-thumbnail","hentry","category-desporto","category-futebol","tag-argentina","tag-barcelona","tag-desporto","tag-desporto-internacional","tag-futebol","tag-messi"],"yoast_head":"<!-- This site is optimized with the Yoast SEO plugin v27.2 - https:\/\/yoast.com\/product\/yoast-seo-wordpress\/ -->\n<title>Inter Miami troca de treinador ap\u00f3s chegada de Messi - Portal Tela Portugal<\/title>\n<meta name=\"robots\" content=\"index, follow, max-snippet:-1, max-image-preview:large, max-video-preview:-1\" \/>\n<meta property=\"og:locale\" content=\"pt_PT\" \/>\n<meta property=\"og:type\" content=\"article\" \/>\n<meta property=\"og:title\" content=\"Inter Miami troca de treinador ap\u00f3s chegada de Messi - Portal Tela Portugal\" \/>\n<meta property=\"og:description\" content=\"Javier Mascherano deixa Inter Miami por motivos pessoais, encerrando o seu ciclo como treinador. A equipa, com Lionel Messi, segue em terceiro lugar na confer\u00eancia Leste da MLS. O propriet\u00e1rio Jorge Mas destacou que Mascherano \u00e9 \u201cparte da hist\u00f3ria\u201d do clube, enfatizando o papel nas conquistas internas e na campanha internacional, incluindo os oitavos de final do Mundial de clubes. Guillermo Hoyos assume o cargo de treinador principal para os pr\u00f3ximos jogos, acumulando, at\u00e9 aqui, o papel de diretor desportivo. Hoyos tem experi\u00eancia em clubes da Argentina, M\u00e9xico, Chile e Chipre, bem como no Bol\u00edvia e na forma\u00e7\u00e3o de jovens, com passagens pelo Barcelona.\" \/>\n<meta property=\"og:url\" content=\"https:\/\/portaltela.pt\/noticias\/2026\/04\/15\/inter-miami-troca-de-treinador-apos-chegada-de-messi\/\" \/>\n<meta property=\"og:site_name\" content=\"Portal Tela Portugal\" \/>\n<meta property=\"article:published_time\" content=\"2026-04-15T10:02:13+00:00\" \/>\n<meta name=\"author\" content=\"Telinha\" \/>\n<meta name=\"twitter:card\" content=\"summary_large_image\" \/>\n<meta name=\"twitter:label1\" content=\"Escrito por\" \/>\n\t<meta name=\"twitter:data1\" content=\"Telinha\" \/>\n\t<meta name=\"twitter:label2\" content=\"Tempo estimado de leitura\" \/>\n\t<meta name=\"twitter:data2\" content=\"1 minuto\" \/>\n<script type=\"application\/ld+json\" class=\"yoast-schema-graph\">{\"@context\":\"https:\/\/schema.org\",\"@graph\":[{\"@type\":\"Article\",\"@id\":\"https:\/\/portaltela.pt\/noticias\/2026\/04\/15\/inter-miami-troca-de-treinador-apos-chegada-de-messi\/#article\",\"isPartOf\":{\"@id\":\"https:\/\/portaltela.pt\/noticias\/2026\/04\/15\/inter-miami-troca-de-treinador-apos-chegada-de-messi\/\"},\"author\":{\"name\":\"Telinha\",\"@id\":\"https:\/\/portaltela.pt\/#\/schema\/person\/c4278d4a6028830caff9ee44b42d32ed\"},\"headline\":\"Inter Miami troca de treinador ap\u00f3s chegada de Messi\",\"datePublished\":\"2026-04-15T10:02:13+00:00\",\"mainEntityOfPage\":{\"@id\":\"https:\/\/portaltela.pt\/noticias\/2026\/04\/15\/inter-miami-troca-de-treinador-apos-chegada-de-messi\/\"},\"wordCount\":184,\"image\":{\"@id\":\"https:\/\/portaltela.pt\/noticias\/2026\/04\/15\/inter-miami-troca-de-treinador-apos-chegada-de-messi\/#primaryimage\"},\"thumbnailUrl\":\"https:\/\/portaltela.pt\/s.01k8rhncp4jt1\/2026\/04\/image-902.jpg\",\"keywords\":[\"Argentina\",\"Barcelona\",\"desporto\",\"desporto internacional\",\"futebol\",\"Messi\"],\"articleSection\":[\"Desporto\",\"Futebol\"],\"inLanguage\":\"pt-PT\"},{\"@type\":\"WebPage\",\"@id\":\"https:\/\/portaltela.pt\/noticias\/2026\/04\/15\/inter-miami-troca-de-treinador-apos-chegada-de-messi\/\",\"url\":\"https:\/\/portaltela.pt\/noticias\/2026\/04\/15\/inter-miami-troca-de-treinador-apos-chegada-de-messi\/\",\"name\":\"Inter Miami troca de treinador ap\u00f3s chegada de Messi - Portal Tela Portugal\",\"isPartOf\":{\"@id\":\"https:\/\/portaltela.pt\/#website\"},\"primaryImageOfPage\":{\"@id\":\"https:\/\/portaltela.pt\/noticias\/2026\/04\/15\/inter-miami-troca-de-treinador-apos-chegada-de-messi\/#primaryimage\"},\"image\":{\"@id\":\"https:\/\/portaltela.pt\/noticias\/2026\/04\/15\/inter-miami-troca-de-treinador-apos-chegada-de-messi\/#primaryimage\"},\"thumbnailUrl\":\"https:\/\/portaltela.pt\/s.01k8rhncp4jt1\/2026\/04\/image-902.jpg\",\"datePublished\":\"2026-04-15T10:02:13+00:00\",\"author\":{\"@id\":\"https:\/\/portaltela.pt\/#\/schema\/person\/c4278d4a6028830caff9ee44b42d32ed\"},\"breadcrumb\":{\"@id\":\"https:\/\/portaltela.pt\/noticias\/2026\/04\/15\/inter-miami-troca-de-treinador-apos-chegada-de-messi\/#breadcrumb\"},\"inLanguage\":\"pt-PT\",\"potentialAction\":[{\"@type\":\"ReadAction\",\"target\":[\"https:\/\/portaltela.pt\/noticias\/2026\/04\/15\/inter-miami-troca-de-treinador-apos-chegada-de-messi\/\"]}]},{\"@type\":\"ImageObject\",\"inLanguage\":\"pt-PT\",\"@id\":\"https:\/\/portaltela.pt\/noticias\/2026\/04\/15\/inter-miami-troca-de-treinador-apos-chegada-de-messi\/#primaryimage\",\"url\":\"https:\/\/portaltela.pt\/s.01k8rhncp4jt1\/2026\/04\/image-902.jpg\",\"contentUrl\":\"https:\/\/portaltela.pt\/s.01k8rhncp4jt1\/2026\/04\/image-902.jpg\",\"width\":796,\"height\":448,\"caption\":\"Javier Mascherano deixa Inter Miami depois de ser campe\u00e3o da MLS\"},{\"@type\":\"BreadcrumbList\",\"@id\":\"https:\/\/portaltela.pt\/noticias\/2026\/04\/15\/inter-miami-troca-de-treinador-apos-chegada-de-messi\/#breadcrumb\",\"itemListElement\":[{\"@type\":\"ListItem\",\"position\":1,\"name\":\"In\u00edcio\",\"item\":\"https:\/\/portaltela.pt\/\"},{\"@type\":\"ListItem\",\"position\":2,\"name\":\"Inter Miami troca de treinador ap\u00f3s chegada de Messi\"}]},{\"@type\":\"WebSite\",\"@id\":\"https:\/\/portaltela.pt\/#website\",\"url\":\"https:\/\/portaltela.pt\/\",\"name\":\"Portal Tela Portugal\",\"description\":\"\",\"potentialAction\":[{\"@type\":\"SearchAction\",\"target\":{\"@type\":\"EntryPoint\",\"urlTemplate\":\"https:\/\/portaltela.pt\/?s={search_term_string}\"},\"query-input\":{\"@type\":\"PropertyValueSpecification\",\"valueRequired\":true,\"valueName\":\"search_term_string\"}}],\"inLanguage\":\"pt-PT\"},{\"@type\":\"Person\",\"@id\":\"https:\/\/portaltela.pt\/#\/schema\/person\/c4278d4a6028830caff9ee44b42d32ed\",\"name\":\"Telinha\",\"image\":{\"@type\":\"ImageObject\",\"inLanguage\":\"pt-PT\",\"@id\":\"https:\/\/portaltela.pt\/s.01k8rhncp4jt1\/2025\/11\/talking-bot-125x125.png\",\"url\":\"https:\/\/portaltela.pt\/s.01k8rhncp4jt1\/2025\/11\/talking-bot-125x125.png\",\"contentUrl\":\"https:\/\/portaltela.pt\/s.01k8rhncp4jt1\/2025\/11\/talking-bot-125x125.png\",\"caption\":\"Telinha\"},\"sameAs\":[\"https:\/\/portaltela.pt\/\"],\"url\":\"https:\/\/portaltela.pt\/por\/367410592786\/\"}]}<\/script>\n<!-- \/ Yoast SEO plugin. -->","yoast_head_json":{"title":"Inter Miami troca de treinador ap\u00f3s chegada de Messi - Portal Tela Portugal","robots":{"index":"index","follow":"follow","max-snippet":"max-snippet:-1","max-image-preview":"max-image-preview:large","max-video-preview":"max-video-preview:-1"},"og_locale":"pt_PT","og_type":"article","og_title":"Inter Miami troca de treinador ap\u00f3s chegada de Messi - Portal Tela Portugal","og_description":"Javier Mascherano deixa Inter Miami por motivos pessoais, encerrando o seu ciclo como treinador. A equipa, com Lionel Messi, segue em terceiro lugar na confer\u00eancia Leste da MLS. O propriet\u00e1rio Jorge Mas destacou que Mascherano \u00e9 \u201cparte da hist\u00f3ria\u201d do clube, enfatizando o papel nas conquistas internas e na campanha internacional, incluindo os oitavos de final do Mundial de clubes. Guillermo Hoyos assume o cargo de treinador principal para os pr\u00f3ximos jogos, acumulando, at\u00e9 aqui, o papel de diretor desportivo. Hoyos tem experi\u00eancia em clubes da Argentina, M\u00e9xico, Chile e Chipre, bem como no Bol\u00edvia e na forma\u00e7\u00e3o de jovens, com passagens pelo Barcelona.","og_url":"https:\/\/portaltela.pt\/noticias\/2026\/04\/15\/inter-miami-troca-de-treinador-apos-chegada-de-messi\/","og_site_name":"Portal Tela Portugal","article_published_time":"2026-04-15T10:02:13+00:00","author":"Telinha","twitter_card":"summary_large_image","twitter_misc":{"Escrito por":"Telinha","Tempo estimado de leitura":"1 minuto"},"schema":{"@context":"https:\/\/schema.org","@graph":[{"@type":"Article","@id":"https:\/\/portaltela.pt\/noticias\/2026\/04\/15\/inter-miami-troca-de-treinador-apos-chegada-de-messi\/#article","isPartOf":{"@id":"https:\/\/portaltela.pt\/noticias\/2026\/04\/15\/inter-miami-troca-de-treinador-apos-chegada-de-messi\/"},"author":{"name":"Telinha","@id":"https:\/\/portaltela.pt\/#\/schema\/person\/c4278d4a6028830caff9ee44b42d32ed"},"headline":"Inter Miami troca de treinador ap\u00f3s chegada de Messi","datePublished":"2026-04-15T10:02:13+00:00","mainEntityOfPage":{"@id":"https:\/\/portaltela.pt\/noticias\/2026\/04\/15\/inter-miami-troca-de-treinador-apos-chegada-de-messi\/"},"wordCount":184,"image":{"@id":"https:\/\/portaltela.pt\/noticias\/2026\/04\/15\/inter-miami-troca-de-treinador-apos-chegada-de-messi\/#primaryimage"},"thumbnailUrl":"https:\/\/portaltela.pt\/s.01k8rhncp4jt1\/2026\/04\/image-902.jpg","keywords":["Argentina","Barcelona","desporto","desporto internacional","futebol","Messi"],"articleSection":["Desporto","Futebol"],"inLanguage":"pt-PT"},{"@type":"WebPage","@id":"https:\/\/portaltela.pt\/noticias\/2026\/04\/15\/inter-miami-troca-de-treinador-apos-chegada-de-messi\/","url":"https:\/\/portaltela.pt\/noticias\/2026\/04\/15\/inter-miami-troca-de-treinador-apos-chegada-de-messi\/","name":"Inter Miami troca de treinador ap\u00f3s chegada de Messi - Portal Tela Portugal","isPartOf":{"@id":"https:\/\/portaltela.pt\/#website"},"primaryImageOfPage":{"@id":"https:\/\/portaltela.pt\/noticias\/2026\/04\/15\/inter-miami-troca-de-treinador-apos-chegada-de-messi\/#primaryimage"},"image":{"@id":"https:\/\/portaltela.pt\/noticias\/2026\/04\/15\/inter-miami-troca-de-treinador-apos-chegada-de-messi\/#primaryimage"},"thumbnailUrl":"https:\/\/portaltela.pt\/s.01k8rhncp4jt1\/2026\/04\/image-902.jpg","datePublished":"2026-04-15T10:02:13+00:00","author":{"@id":"https:\/\/portaltela.pt\/#\/schema\/person\/c4278d4a6028830caff9ee44b42d32ed"},"breadcrumb":{"@id":"https:\/\/portaltela.pt\/noticias\/2026\/04\/15\/inter-miami-troca-de-treinador-apos-chegada-de-messi\/#breadcrumb"},"inLanguage":"pt-PT","potentialAction":[{"@type":"ReadAction","target":["https:\/\/portaltela.pt\/noticias\/2026\/04\/15\/inter-miami-troca-de-treinador-apos-chegada-de-messi\/"]}]},{"@type":"ImageObject","inLanguage":"pt-PT","@id":"https:\/\/portaltela.pt\/noticias\/2026\/04\/15\/inter-miami-troca-de-treinador-apos-chegada-de-messi\/#primaryimage","url":"https:\/\/portaltela.pt\/s.01k8rhncp4jt1\/2026\/04\/image-902.jpg","contentUrl":"https:\/\/portaltela.pt\/s.01k8rhncp4jt1\/2026\/04\/image-902.jpg","width":796,"height":448,"caption":"Javier Mascherano deixa Inter Miami depois de ser campe\u00e3o da MLS"},{"@type":"BreadcrumbList","@id":"https:\/\/portaltela.pt\/noticias\/2026\/04\/15\/inter-miami-troca-de-treinador-apos-chegada-de-messi\/#breadcrumb","itemListElement":[{"@type":"ListItem","position":1,"name":"In\u00edcio","item":"https:\/\/portaltela.pt\/"},{"@type":"ListItem","position":2,"name":"Inter Miami troca de treinador ap\u00f3s chegada de Messi"}]},{"@type":"WebSite","@id":"https:\/\/portaltela.pt\/#website","url":"https:\/\/portaltela.pt\/","name":"Portal Tela Portugal","description":"","potentialAction":[{"@type":"SearchAction","target":{"@type":"EntryPoint","urlTemplate":"https:\/\/portaltela.pt\/?s={search_term_string}"},"query-input":{"@type":"PropertyValueSpecification","valueRequired":true,"valueName":"search_term_string"}}],"inLanguage":"pt-PT"},{"@type":"Person","@id":"https:\/\/portaltela.pt\/#\/schema\/person\/c4278d4a6028830caff9ee44b42d32ed","name":"Telinha","image":{"@type":"ImageObject","inLanguage":"pt-PT","@id":"https:\/\/portaltela.pt\/s.01k8rhncp4jt1\/2025\/11\/talking-bot-125x125.png","url":"https:\/\/portaltela.pt\/s.01k8rhncp4jt1\/2025\/11\/talking-bot-125x125.png","contentUrl":"https:\/\/portaltela.pt\/s.01k8rhncp4jt1\/2025\/11\/talking-bot-125x125.png","caption":"Telinha"},"sameAs":["https:\/\/portaltela.pt\/"],"url":"https:\/\/portaltela.pt\/por\/367410592786\/"}]}},"_links":{"self":[{"href":"https:\/\/portaltela.pt\/api\/wp\/v2\/posts\/444770","targetHints":{"allow":["GET"]}}],"collection":[{"href":"https:\/\/portaltela.pt\/api\/wp\/v2\/posts"}],"about":[{"href":"https:\/\/portaltela.pt\/api\/wp\/v2\/types\/post"}],"author":[{"embeddable":true,"href":"https:\/\/portaltela.pt\/api\/wp\/v2\/users\/2"}],"replies":[{"embeddable":true,"href":"https:\/\/portaltela.pt\/api\/wp\/v2\/comments?post=444770"}],"version-history":[{"count":0,"href":"https:\/\/portaltela.pt\/api\/wp\/v2\/posts\/444770\/revisions"}],"wp:featuredmedia":[{"embeddable":true,"href":"https:\/\/portaltela.pt\/api\/wp\/v2\/media\/444777"}],"wp:attachment":[{"href":"https:\/\/portaltela.pt\/api\/wp\/v2\/media?parent=444770"}],"wp:term":[{"taxonomy":"category","embeddable":true,"href":"https:\/\/portaltela.pt\/api\/wp\/v2\/categories?post=444770"},{"taxonomy":"post_tag","embeddable":true,"href":"https:\/\/portaltela.pt\/api\/wp\/v2\/tags?post=444770"}],"curies":[{"name":"wp","href":"https:\/\/api.w.org\/{rel}","templated":true}]}}