{"id":444683,"date":"2026-04-15T05:32:26","date_gmt":"2026-04-15T08:32:26","guid":{"rendered":"https:\/\/portaltela.pt\/noticias\/2026\/04\/15\/benfica-nao-fara-revolucao-no-mercado-com-ou-sem-mourinho-e-champions\/"},"modified":"2026-04-15T05:32:26","modified_gmt":"2026-04-15T08:32:26","slug":"benfica-nao-fara-revolucao-no-mercado-com-ou-sem-mourinho-e-champions","status":"publish","type":"post","link":"https:\/\/portaltela.pt\/desporto\/futebol\/2026\/04\/15\/benfica-nao-fara-revolucao-no-mercado-com-ou-sem-mourinho-e-champions\/","title":{"rendered":"Benfica n\u00e3o far\u00e1 revolu\u00e7\u00e3o no mercado, com ou sem Mourinho e Champions"},"content":{"rendered":"<p>S\u00e9rgio Krithinas, diretor executivo do Record, revelou, no programa Record na Hora, aspetos da estrat\u00e9gia do Benfica para o pr\u00f3ximo mercado de transfer\u00eancias. O foco foi a possibilidade de mudan\u00e7as no plantel independentemente de Mourinho, e sem uma revolu\u00e7\u00e3o no elenco.<\/p>\n<p>Tamb\u00e9m discorreu sobre a necessidade de decis\u00f5es internas no clube relativas a Mourinho e \u00e0s perspetivas de refor\u00e7os ou sa\u00eddas. A an\u00e1lise insere-se numa vis\u00e3o institucional de continuidade, antes de qualquer grande transforma\u00e7\u00e3o no grupo de trabalho.<\/p>\n<h3>Situa\u00e7\u00e3o de Mourinho e o mercado do Benfica<\/h3>\n<p>Krithinas insistiu que o clube n\u00e3o planeia altera\u00e7\u00f5es radicais, independentemente de participa\u00e7\u00e3o na Champions ou de eventuais mudan\u00e7as no corpo t\u00e9cnico. A perspetiva \u00e9 manter a base, com ajustes pontuais conforme o diagn\u00f3stico desportivo.<\/p>\n<p>Foi ainda mencionado que o Benfica pondera decis\u00f5es estrat\u00e9gicas sobre o futuro de Mourinho, sem indicar conclus\u00f5es imediatas. A comunica\u00e7\u00e3o p\u00fablica dever\u00e1 acompanhar o amadurecimento dessas delibera\u00e7\u00f5es.<\/p>\n<h3>Outras perspetivas sobre a equipa e o campeonato<\/h3>\n<p>Rui Borges comentou quest\u00f5es de forma e prepara\u00e7\u00e3o de jogos, incluindo relvados na resid\u00eancia do Emirates e as condi\u00e7\u00f5es de adapta\u00e7\u00e3o para os atletas. O foco mant\u00e9m-se em desempenho e consist\u00eancia.<\/p>\n<p>O discurso do plantel tamb\u00e9m abordou o contributo de jogadores como Pavlidis, destacando dois momentos significativos da \u00e9poca: um falhan\u00e7o via Drag\u00e3o e a influ\u00eancia ap\u00f3s a chegada de Rafa Silva. O objetivo permanece a evolu\u00e7\u00e3o coletiva.<\/p>\n<h3>Contexto de apoio e ambiente<\/h3>\n<p>O programa mostrou ainda frentes de preocupa\u00e7\u00e3o de adeptos e dire\u00e7\u00e3o com o ambiente de apoio, incluindo pedidos de patroc\u00ednio em a\u00e7\u00f5es de gritaria durante jogos. A gest\u00e3o de imagem do clube \u00e9 mantida sob escrut\u00ednio p\u00fablico.<\/p>\n","protected":false},"excerpt":{"rendered":"<ul>\n<li>S\u00e9rgio Krithinas, diretor executivo de Record, revelou no programa Record na Hora, no Now, que o Benfica n\u00e3o vai promover uma revolu\u00e7\u00e3o no mercado, independentemente de Mourinho ou da Champions.<\/li>\n<li>Krithinas afirma que h\u00e1 uma decis\u00e3o do Benfica a tomar em rela\u00e7\u00e3o a Mourinho.<\/li>\n<li>O tema envolve o futuro de Mourinho no Benfica, com foco na estrat\u00e9gia para o pr\u00f3ximo mercado de transfer\u00eancias.<\/li>\n<li>O conte\u00fado inclui tamb\u00e9m coment\u00e1rios de outros dirigentes sobre o desenrolar da temporada e o contexto do clube.<\/li>\n<li>No solo de acontecimentos, ficou ainda registado o momento em que o speaker do Benfica pediu aos adeptos para gritarem o nome do patrocinador.<\/li>\n<\/ul>\n","protected":false},"author":2,"featured_media":444687,"comment_status":"closed","ping_status":"closed","sticky":false,"template":"","format":"standard","meta":{"footnotes":""},"categories":[21,24],"tags":[1946,3577,152,32,3310,3071],"class_list":["post-444683","post","type-post","status-publish","format-standard","has-post-thumbnail","hentry","category-desporto","category-futebol","tag-benfica","tag-champions-league","tag-desporto","tag-futebol","tag-mourinho","tag-pavlidis"],"yoast_head":"<!-- This site is optimized with the Yoast SEO plugin v27.2 - https:\/\/yoast.com\/product\/yoast-seo-wordpress\/ -->\n<title>Benfica n\u00e3o far\u00e1 revolu\u00e7\u00e3o no mercado, com ou sem Mourinho e Champions - Portal Tela Portugal<\/title>\n<meta name=\"robots\" content=\"index, follow, max-snippet:-1, max-image-preview:large, max-video-preview:-1\" \/>\n<meta property=\"og:locale\" content=\"pt_PT\" \/>\n<meta property=\"og:type\" content=\"article\" \/>\n<meta property=\"og:title\" content=\"Benfica n\u00e3o far\u00e1 revolu\u00e7\u00e3o no mercado, com ou sem Mourinho e Champions - Portal Tela Portugal\" \/>\n<meta property=\"og:description\" content=\"S\u00e9rgio Krithinas, diretor executivo de Record, revelou no programa Record na Hora, no Now, que o Benfica n\u00e3o vai promover uma revolu\u00e7\u00e3o no mercado, independentemente de Mourinho ou da Champions. Krithinas afirma que h\u00e1 uma decis\u00e3o do Benfica a tomar em rela\u00e7\u00e3o a Mourinho. O tema envolve o futuro de Mourinho no Benfica, com foco na estrat\u00e9gia para o pr\u00f3ximo mercado de transfer\u00eancias. O conte\u00fado inclui tamb\u00e9m coment\u00e1rios de outros dirigentes sobre o desenrolar da temporada e o contexto do clube. No solo de acontecimentos, ficou ainda registado o momento em que o speaker do Benfica pediu aos adeptos para gritarem o nome do patrocinador.\" \/>\n<meta property=\"og:url\" content=\"https:\/\/portaltela.pt\/noticias\/2026\/04\/15\/benfica-nao-fara-revolucao-no-mercado-com-ou-sem-mourinho-e-champions\/\" \/>\n<meta property=\"og:site_name\" content=\"Portal Tela Portugal\" \/>\n<meta property=\"article:published_time\" content=\"2026-04-15T08:32:26+00:00\" \/>\n<meta name=\"author\" content=\"Telinha\" \/>\n<meta name=\"twitter:card\" content=\"summary_large_image\" \/>\n<meta name=\"twitter:label1\" content=\"Escrito por\" \/>\n\t<meta name=\"twitter:data1\" content=\"Telinha\" \/>\n\t<meta name=\"twitter:label2\" content=\"Tempo estimado de leitura\" \/>\n\t<meta name=\"twitter:data2\" content=\"2 minutos\" \/>\n<script type=\"application\/ld+json\" class=\"yoast-schema-graph\">{\"@context\":\"https:\/\/schema.org\",\"@graph\":[{\"@type\":\"Article\",\"@id\":\"https:\/\/portaltela.pt\/noticias\/2026\/04\/15\/benfica-nao-fara-revolucao-no-mercado-com-ou-sem-mourinho-e-champions\/#article\",\"isPartOf\":{\"@id\":\"https:\/\/portaltela.pt\/noticias\/2026\/04\/15\/benfica-nao-fara-revolucao-no-mercado-com-ou-sem-mourinho-e-champions\/\"},\"author\":{\"name\":\"Telinha\",\"@id\":\"https:\/\/portaltela.pt\/#\/schema\/person\/c4278d4a6028830caff9ee44b42d32ed\"},\"headline\":\"Benfica n\u00e3o far\u00e1 revolu\u00e7\u00e3o no mercado, com ou sem Mourinho e Champions\",\"datePublished\":\"2026-04-15T08:32:26+00:00\",\"mainEntityOfPage\":{\"@id\":\"https:\/\/portaltela.pt\/noticias\/2026\/04\/15\/benfica-nao-fara-revolucao-no-mercado-com-ou-sem-mourinho-e-champions\/\"},\"wordCount\":323,\"image\":{\"@id\":\"https:\/\/portaltela.pt\/noticias\/2026\/04\/15\/benfica-nao-fara-revolucao-no-mercado-com-ou-sem-mourinho-e-champions\/#primaryimage\"},\"thumbnailUrl\":\"https:\/\/portaltela.pt\/s.01k8rhncp4jt1\/2026\/04\/img_1200x721uu2026-04-14-21-26-27-2433055.jpg\",\"keywords\":[\"Benfica\",\"Champions League\",\"desporto\",\"futebol\",\"Mourinho\",\"Pavlidis\"],\"articleSection\":[\"Desporto\",\"Futebol\"],\"inLanguage\":\"pt-PT\"},{\"@type\":\"WebPage\",\"@id\":\"https:\/\/portaltela.pt\/noticias\/2026\/04\/15\/benfica-nao-fara-revolucao-no-mercado-com-ou-sem-mourinho-e-champions\/\",\"url\":\"https:\/\/portaltela.pt\/noticias\/2026\/04\/15\/benfica-nao-fara-revolucao-no-mercado-com-ou-sem-mourinho-e-champions\/\",\"name\":\"Benfica n\u00e3o far\u00e1 revolu\u00e7\u00e3o no mercado, com ou sem Mourinho e Champions - Portal Tela Portugal\",\"isPartOf\":{\"@id\":\"https:\/\/portaltela.pt\/#website\"},\"primaryImageOfPage\":{\"@id\":\"https:\/\/portaltela.pt\/noticias\/2026\/04\/15\/benfica-nao-fara-revolucao-no-mercado-com-ou-sem-mourinho-e-champions\/#primaryimage\"},\"image\":{\"@id\":\"https:\/\/portaltela.pt\/noticias\/2026\/04\/15\/benfica-nao-fara-revolucao-no-mercado-com-ou-sem-mourinho-e-champions\/#primaryimage\"},\"thumbnailUrl\":\"https:\/\/portaltela.pt\/s.01k8rhncp4jt1\/2026\/04\/img_1200x721uu2026-04-14-21-26-27-2433055.jpg\",\"datePublished\":\"2026-04-15T08:32:26+00:00\",\"author\":{\"@id\":\"https:\/\/portaltela.pt\/#\/schema\/person\/c4278d4a6028830caff9ee44b42d32ed\"},\"breadcrumb\":{\"@id\":\"https:\/\/portaltela.pt\/noticias\/2026\/04\/15\/benfica-nao-fara-revolucao-no-mercado-com-ou-sem-mourinho-e-champions\/#breadcrumb\"},\"inLanguage\":\"pt-PT\",\"potentialAction\":[{\"@type\":\"ReadAction\",\"target\":[\"https:\/\/portaltela.pt\/noticias\/2026\/04\/15\/benfica-nao-fara-revolucao-no-mercado-com-ou-sem-mourinho-e-champions\/\"]}]},{\"@type\":\"ImageObject\",\"inLanguage\":\"pt-PT\",\"@id\":\"https:\/\/portaltela.pt\/noticias\/2026\/04\/15\/benfica-nao-fara-revolucao-no-mercado-com-ou-sem-mourinho-e-champions\/#primaryimage\",\"url\":\"https:\/\/portaltela.pt\/s.01k8rhncp4jt1\/2026\/04\/img_1200x721uu2026-04-14-21-26-27-2433055.jpg\",\"contentUrl\":\"https:\/\/portaltela.pt\/s.01k8rhncp4jt1\/2026\/04\/img_1200x721uu2026-04-14-21-26-27-2433055.jpg\",\"width\":796,\"height\":448,\"caption\":\"\u00abCom ou sem Mourinho e com ou sem Champions, n\u00e3o vai haver revolu\u00e7\u00e3o do Benfica no mercado\u00bb\"},{\"@type\":\"BreadcrumbList\",\"@id\":\"https:\/\/portaltela.pt\/noticias\/2026\/04\/15\/benfica-nao-fara-revolucao-no-mercado-com-ou-sem-mourinho-e-champions\/#breadcrumb\",\"itemListElement\":[{\"@type\":\"ListItem\",\"position\":1,\"name\":\"In\u00edcio\",\"item\":\"https:\/\/portaltela.pt\/\"},{\"@type\":\"ListItem\",\"position\":2,\"name\":\"Benfica n\u00e3o far\u00e1 revolu\u00e7\u00e3o no mercado, com ou sem Mourinho e Champions\"}]},{\"@type\":\"WebSite\",\"@id\":\"https:\/\/portaltela.pt\/#website\",\"url\":\"https:\/\/portaltela.pt\/\",\"name\":\"Portal Tela Portugal\",\"description\":\"\",\"potentialAction\":[{\"@type\":\"SearchAction\",\"target\":{\"@type\":\"EntryPoint\",\"urlTemplate\":\"https:\/\/portaltela.pt\/?s={search_term_string}\"},\"query-input\":{\"@type\":\"PropertyValueSpecification\",\"valueRequired\":true,\"valueName\":\"search_term_string\"}}],\"inLanguage\":\"pt-PT\"},{\"@type\":\"Person\",\"@id\":\"https:\/\/portaltela.pt\/#\/schema\/person\/c4278d4a6028830caff9ee44b42d32ed\",\"name\":\"Telinha\",\"image\":{\"@type\":\"ImageObject\",\"inLanguage\":\"pt-PT\",\"@id\":\"https:\/\/portaltela.pt\/s.01k8rhncp4jt1\/2025\/11\/talking-bot-125x125.png\",\"url\":\"https:\/\/portaltela.pt\/s.01k8rhncp4jt1\/2025\/11\/talking-bot-125x125.png\",\"contentUrl\":\"https:\/\/portaltela.pt\/s.01k8rhncp4jt1\/2025\/11\/talking-bot-125x125.png\",\"caption\":\"Telinha\"},\"sameAs\":[\"https:\/\/portaltela.pt\/\"],\"url\":\"https:\/\/portaltela.pt\/por\/367410592786\/\"}]}<\/script>\n<!-- \/ Yoast SEO plugin. -->","yoast_head_json":{"title":"Benfica n\u00e3o far\u00e1 revolu\u00e7\u00e3o no mercado, com ou sem Mourinho e Champions - Portal Tela Portugal","robots":{"index":"index","follow":"follow","max-snippet":"max-snippet:-1","max-image-preview":"max-image-preview:large","max-video-preview":"max-video-preview:-1"},"og_locale":"pt_PT","og_type":"article","og_title":"Benfica n\u00e3o far\u00e1 revolu\u00e7\u00e3o no mercado, com ou sem Mourinho e Champions - Portal Tela Portugal","og_description":"S\u00e9rgio Krithinas, diretor executivo de Record, revelou no programa Record na Hora, no Now, que o Benfica n\u00e3o vai promover uma revolu\u00e7\u00e3o no mercado, independentemente de Mourinho ou da Champions. Krithinas afirma que h\u00e1 uma decis\u00e3o do Benfica a tomar em rela\u00e7\u00e3o a Mourinho. O tema envolve o futuro de Mourinho no Benfica, com foco na estrat\u00e9gia para o pr\u00f3ximo mercado de transfer\u00eancias. O conte\u00fado inclui tamb\u00e9m coment\u00e1rios de outros dirigentes sobre o desenrolar da temporada e o contexto do clube. No solo de acontecimentos, ficou ainda registado o momento em que o speaker do Benfica pediu aos adeptos para gritarem o nome do patrocinador.","og_url":"https:\/\/portaltela.pt\/noticias\/2026\/04\/15\/benfica-nao-fara-revolucao-no-mercado-com-ou-sem-mourinho-e-champions\/","og_site_name":"Portal Tela Portugal","article_published_time":"2026-04-15T08:32:26+00:00","author":"Telinha","twitter_card":"summary_large_image","twitter_misc":{"Escrito por":"Telinha","Tempo estimado de leitura":"2 minutos"},"schema":{"@context":"https:\/\/schema.org","@graph":[{"@type":"Article","@id":"https:\/\/portaltela.pt\/noticias\/2026\/04\/15\/benfica-nao-fara-revolucao-no-mercado-com-ou-sem-mourinho-e-champions\/#article","isPartOf":{"@id":"https:\/\/portaltela.pt\/noticias\/2026\/04\/15\/benfica-nao-fara-revolucao-no-mercado-com-ou-sem-mourinho-e-champions\/"},"author":{"name":"Telinha","@id":"https:\/\/portaltela.pt\/#\/schema\/person\/c4278d4a6028830caff9ee44b42d32ed"},"headline":"Benfica n\u00e3o far\u00e1 revolu\u00e7\u00e3o no mercado, com ou sem Mourinho e Champions","datePublished":"2026-04-15T08:32:26+00:00","mainEntityOfPage":{"@id":"https:\/\/portaltela.pt\/noticias\/2026\/04\/15\/benfica-nao-fara-revolucao-no-mercado-com-ou-sem-mourinho-e-champions\/"},"wordCount":323,"image":{"@id":"https:\/\/portaltela.pt\/noticias\/2026\/04\/15\/benfica-nao-fara-revolucao-no-mercado-com-ou-sem-mourinho-e-champions\/#primaryimage"},"thumbnailUrl":"https:\/\/portaltela.pt\/s.01k8rhncp4jt1\/2026\/04\/img_1200x721uu2026-04-14-21-26-27-2433055.jpg","keywords":["Benfica","Champions League","desporto","futebol","Mourinho","Pavlidis"],"articleSection":["Desporto","Futebol"],"inLanguage":"pt-PT"},{"@type":"WebPage","@id":"https:\/\/portaltela.pt\/noticias\/2026\/04\/15\/benfica-nao-fara-revolucao-no-mercado-com-ou-sem-mourinho-e-champions\/","url":"https:\/\/portaltela.pt\/noticias\/2026\/04\/15\/benfica-nao-fara-revolucao-no-mercado-com-ou-sem-mourinho-e-champions\/","name":"Benfica n\u00e3o far\u00e1 revolu\u00e7\u00e3o no mercado, com ou sem Mourinho e Champions - Portal Tela Portugal","isPartOf":{"@id":"https:\/\/portaltela.pt\/#website"},"primaryImageOfPage":{"@id":"https:\/\/portaltela.pt\/noticias\/2026\/04\/15\/benfica-nao-fara-revolucao-no-mercado-com-ou-sem-mourinho-e-champions\/#primaryimage"},"image":{"@id":"https:\/\/portaltela.pt\/noticias\/2026\/04\/15\/benfica-nao-fara-revolucao-no-mercado-com-ou-sem-mourinho-e-champions\/#primaryimage"},"thumbnailUrl":"https:\/\/portaltela.pt\/s.01k8rhncp4jt1\/2026\/04\/img_1200x721uu2026-04-14-21-26-27-2433055.jpg","datePublished":"2026-04-15T08:32:26+00:00","author":{"@id":"https:\/\/portaltela.pt\/#\/schema\/person\/c4278d4a6028830caff9ee44b42d32ed"},"breadcrumb":{"@id":"https:\/\/portaltela.pt\/noticias\/2026\/04\/15\/benfica-nao-fara-revolucao-no-mercado-com-ou-sem-mourinho-e-champions\/#breadcrumb"},"inLanguage":"pt-PT","potentialAction":[{"@type":"ReadAction","target":["https:\/\/portaltela.pt\/noticias\/2026\/04\/15\/benfica-nao-fara-revolucao-no-mercado-com-ou-sem-mourinho-e-champions\/"]}]},{"@type":"ImageObject","inLanguage":"pt-PT","@id":"https:\/\/portaltela.pt\/noticias\/2026\/04\/15\/benfica-nao-fara-revolucao-no-mercado-com-ou-sem-mourinho-e-champions\/#primaryimage","url":"https:\/\/portaltela.pt\/s.01k8rhncp4jt1\/2026\/04\/img_1200x721uu2026-04-14-21-26-27-2433055.jpg","contentUrl":"https:\/\/portaltela.pt\/s.01k8rhncp4jt1\/2026\/04\/img_1200x721uu2026-04-14-21-26-27-2433055.jpg","width":796,"height":448,"caption":"\u00abCom ou sem Mourinho e com ou sem Champions, n\u00e3o vai haver revolu\u00e7\u00e3o do Benfica no mercado\u00bb"},{"@type":"BreadcrumbList","@id":"https:\/\/portaltela.pt\/noticias\/2026\/04\/15\/benfica-nao-fara-revolucao-no-mercado-com-ou-sem-mourinho-e-champions\/#breadcrumb","itemListElement":[{"@type":"ListItem","position":1,"name":"In\u00edcio","item":"https:\/\/portaltela.pt\/"},{"@type":"ListItem","position":2,"name":"Benfica n\u00e3o far\u00e1 revolu\u00e7\u00e3o no mercado, com ou sem Mourinho e Champions"}]},{"@type":"WebSite","@id":"https:\/\/portaltela.pt\/#website","url":"https:\/\/portaltela.pt\/","name":"Portal Tela Portugal","description":"","potentialAction":[{"@type":"SearchAction","target":{"@type":"EntryPoint","urlTemplate":"https:\/\/portaltela.pt\/?s={search_term_string}"},"query-input":{"@type":"PropertyValueSpecification","valueRequired":true,"valueName":"search_term_string"}}],"inLanguage":"pt-PT"},{"@type":"Person","@id":"https:\/\/portaltela.pt\/#\/schema\/person\/c4278d4a6028830caff9ee44b42d32ed","name":"Telinha","image":{"@type":"ImageObject","inLanguage":"pt-PT","@id":"https:\/\/portaltela.pt\/s.01k8rhncp4jt1\/2025\/11\/talking-bot-125x125.png","url":"https:\/\/portaltela.pt\/s.01k8rhncp4jt1\/2025\/11\/talking-bot-125x125.png","contentUrl":"https:\/\/portaltela.pt\/s.01k8rhncp4jt1\/2025\/11\/talking-bot-125x125.png","caption":"Telinha"},"sameAs":["https:\/\/portaltela.pt\/"],"url":"https:\/\/portaltela.pt\/por\/367410592786\/"}]}},"_links":{"self":[{"href":"https:\/\/portaltela.pt\/api\/wp\/v2\/posts\/444683","targetHints":{"allow":["GET"]}}],"collection":[{"href":"https:\/\/portaltela.pt\/api\/wp\/v2\/posts"}],"about":[{"href":"https:\/\/portaltela.pt\/api\/wp\/v2\/types\/post"}],"author":[{"embeddable":true,"href":"https:\/\/portaltela.pt\/api\/wp\/v2\/users\/2"}],"replies":[{"embeddable":true,"href":"https:\/\/portaltela.pt\/api\/wp\/v2\/comments?post=444683"}],"version-history":[{"count":0,"href":"https:\/\/portaltela.pt\/api\/wp\/v2\/posts\/444683\/revisions"}],"wp:featuredmedia":[{"embeddable":true,"href":"https:\/\/portaltela.pt\/api\/wp\/v2\/media\/444687"}],"wp:attachment":[{"href":"https:\/\/portaltela.pt\/api\/wp\/v2\/media?parent=444683"}],"wp:term":[{"taxonomy":"category","embeddable":true,"href":"https:\/\/portaltela.pt\/api\/wp\/v2\/categories?post=444683"},{"taxonomy":"post_tag","embeddable":true,"href":"https:\/\/portaltela.pt\/api\/wp\/v2\/tags?post=444683"}],"curies":[{"name":"wp","href":"https:\/\/api.w.org\/{rel}","templated":true}]}}