{"id":444676,"date":"2026-04-15T05:32:18","date_gmt":"2026-04-15T08:32:18","guid":{"rendered":"https:\/\/portaltela.pt\/noticias\/2026\/04\/15\/campeao-mundial-de-kickboxing-quer-ser-presidente-do-vitoria-de-guimaraes\/"},"modified":"2026-04-15T05:32:18","modified_gmt":"2026-04-15T08:32:18","slug":"campeao-mundial-de-kickboxing-quer-ser-presidente-do-vitoria-de-guimaraes","status":"publish","type":"post","link":"https:\/\/portaltela.pt\/desporto\/futebol\/2026\/04\/15\/campeao-mundial-de-kickboxing-quer-ser-presidente-do-vitoria-de-guimaraes\/","title":{"rendered":"Campe\u00e3o mundial de kickboxing quer ser presidente do Vit\u00f3ria de Guimar\u00e3es"},"content":{"rendered":"<p>Nuno Mendes, atleta do V. Guimar\u00e3es e campe\u00e3o mundial de kickboxing, \u00e9 o segundo nome a anunciar uma candidatura \u00e0 presid\u00eancia do clube. O an\u00fancio surge ap\u00f3s a demiss\u00e3o de Ant\u00f3nio Miguel Cardoso, antigo l\u00edder, que deixou fun\u00e7\u00f5es recentemente.<\/p>\n<p>A candidatura de Mendes \u00e9 apresentada como complemento \u00e0 j\u00e1 conhecida de Belmiro Pinto dos Santos, advogado que tamb\u00e9m manifestou inten\u00e7\u00e3o de liderar o clube. O objetivo \u00e9 suceder ao atual presidente demitido.<\/p>\n<p>Com 40 anos, Mendes \u00e9 figura ligada ao V. Guimar\u00e3es no \u00e2mbito desportivo. A iniciativa coloca em debate a continuidade da gest\u00e3o do clube e as prioridades para o novo mandato.<\/p>\n<p>Ainda n\u00e3o h\u00e1 data definida para a apresenta\u00e7\u00e3o oficial de listas. As pr\u00f3ximas semanas devem trazer mais detalhes sobre o processo eleitoral e os caminhos a seguir para o clube.<\/p>\n","protected":false},"excerpt":{"rendered":"<ul>\n<li>Nuno Mendes, atleta do V. Guimar\u00e3es, tem 40 anos e \u00e9 campe\u00e3o do mundo de kickboxing.<\/li>\n<li>\u00c9 o segundo candidato a apresentar-se \u00e0 presid\u00eancia do V. Guimar\u00e3es.<\/li>\n<li>A candidatura sucede a Ant\u00f3nio Miguel Cardoso, l\u00edder do clube que se demitiu das fun\u00e7\u00f5es.<\/li>\n<li>Belmiro Pinto dos Santos j\u00e1 tinha manifestado a vontade de suceder Cardoso.<\/li>\n<\/ul>\n","protected":false},"author":2,"featured_media":444679,"comment_status":"closed","ping_status":"closed","sticky":false,"template":"","format":"standard","meta":{"footnotes":""},"categories":[21,24],"tags":[152,68,399,30,2428,2229],"class_list":["post-444676","post","type-post","status-publish","format-standard","has-post-thumbnail","hentry","category-desporto","category-futebol","tag-desporto","tag-eleicoes","tag-organizacao-desportiva","tag-presidente","tag-vitoria","tag-vitoria-sc"],"yoast_head":"<!-- This site is optimized with the Yoast SEO plugin v27.2 - https:\/\/yoast.com\/product\/yoast-seo-wordpress\/ -->\n<title>Campe\u00e3o mundial de kickboxing quer ser presidente do Vit\u00f3ria de Guimar\u00e3es - Portal Tela Portugal<\/title>\n<meta name=\"robots\" content=\"index, follow, max-snippet:-1, max-image-preview:large, max-video-preview:-1\" \/>\n<meta property=\"og:locale\" content=\"pt_PT\" \/>\n<meta property=\"og:type\" content=\"article\" \/>\n<meta property=\"og:title\" content=\"Campe\u00e3o mundial de kickboxing quer ser presidente do Vit\u00f3ria de Guimar\u00e3es - Portal Tela Portugal\" \/>\n<meta property=\"og:description\" content=\"Nuno Mendes, atleta do V. Guimar\u00e3es, tem 40 anos e \u00e9 campe\u00e3o do mundo de kickboxing. \u00c9 o segundo candidato a apresentar-se \u00e0 presid\u00eancia do V. Guimar\u00e3es. A candidatura sucede a Ant\u00f3nio Miguel Cardoso, l\u00edder do clube que se demitiu das fun\u00e7\u00f5es. Belmiro Pinto dos Santos j\u00e1 tinha manifestado a vontade de suceder Cardoso.\" \/>\n<meta property=\"og:url\" content=\"https:\/\/portaltela.pt\/noticias\/2026\/04\/15\/campeao-mundial-de-kickboxing-quer-ser-presidente-do-vitoria-de-guimaraes\/\" \/>\n<meta property=\"og:site_name\" content=\"Portal Tela Portugal\" \/>\n<meta property=\"article:published_time\" content=\"2026-04-15T08:32:18+00:00\" \/>\n<meta name=\"author\" content=\"Telinha\" \/>\n<meta name=\"twitter:card\" content=\"summary_large_image\" \/>\n<meta name=\"twitter:label1\" content=\"Escrito por\" \/>\n\t<meta name=\"twitter:data1\" content=\"Telinha\" \/>\n\t<meta name=\"twitter:label2\" content=\"Tempo estimado de leitura\" \/>\n\t<meta name=\"twitter:data2\" content=\"1 minuto\" \/>\n<script type=\"application\/ld+json\" class=\"yoast-schema-graph\">{\"@context\":\"https:\/\/schema.org\",\"@graph\":[{\"@type\":\"Article\",\"@id\":\"https:\/\/portaltela.pt\/noticias\/2026\/04\/15\/campeao-mundial-de-kickboxing-quer-ser-presidente-do-vitoria-de-guimaraes\/#article\",\"isPartOf\":{\"@id\":\"https:\/\/portaltela.pt\/noticias\/2026\/04\/15\/campeao-mundial-de-kickboxing-quer-ser-presidente-do-vitoria-de-guimaraes\/\"},\"author\":{\"name\":\"Telinha\",\"@id\":\"https:\/\/portaltela.pt\/#\/schema\/person\/c4278d4a6028830caff9ee44b42d32ed\"},\"headline\":\"Campe\u00e3o mundial de kickboxing quer ser presidente do Vit\u00f3ria de Guimar\u00e3es\",\"datePublished\":\"2026-04-15T08:32:18+00:00\",\"mainEntityOfPage\":{\"@id\":\"https:\/\/portaltela.pt\/noticias\/2026\/04\/15\/campeao-mundial-de-kickboxing-quer-ser-presidente-do-vitoria-de-guimaraes\/\"},\"wordCount\":156,\"image\":{\"@id\":\"https:\/\/portaltela.pt\/noticias\/2026\/04\/15\/campeao-mundial-de-kickboxing-quer-ser-presidente-do-vitoria-de-guimaraes\/#primaryimage\"},\"thumbnailUrl\":\"https:\/\/portaltela.pt\/s.01k8rhncp4jt1\/2026\/04\/image-897.jpg\",\"keywords\":[\"desporto\",\"elei\u00e7\u00f5es\",\"organiza\u00e7\u00e3o desportiva\",\"presidente\",\"Vit\u00f3ria\",\"Vit\u00f3ria SC\"],\"articleSection\":[\"Desporto\",\"Futebol\"],\"inLanguage\":\"pt-PT\"},{\"@type\":\"WebPage\",\"@id\":\"https:\/\/portaltela.pt\/noticias\/2026\/04\/15\/campeao-mundial-de-kickboxing-quer-ser-presidente-do-vitoria-de-guimaraes\/\",\"url\":\"https:\/\/portaltela.pt\/noticias\/2026\/04\/15\/campeao-mundial-de-kickboxing-quer-ser-presidente-do-vitoria-de-guimaraes\/\",\"name\":\"Campe\u00e3o mundial de kickboxing quer ser presidente do Vit\u00f3ria de Guimar\u00e3es - Portal Tela Portugal\",\"isPartOf\":{\"@id\":\"https:\/\/portaltela.pt\/#website\"},\"primaryImageOfPage\":{\"@id\":\"https:\/\/portaltela.pt\/noticias\/2026\/04\/15\/campeao-mundial-de-kickboxing-quer-ser-presidente-do-vitoria-de-guimaraes\/#primaryimage\"},\"image\":{\"@id\":\"https:\/\/portaltela.pt\/noticias\/2026\/04\/15\/campeao-mundial-de-kickboxing-quer-ser-presidente-do-vitoria-de-guimaraes\/#primaryimage\"},\"thumbnailUrl\":\"https:\/\/portaltela.pt\/s.01k8rhncp4jt1\/2026\/04\/image-897.jpg\",\"datePublished\":\"2026-04-15T08:32:18+00:00\",\"author\":{\"@id\":\"https:\/\/portaltela.pt\/#\/schema\/person\/c4278d4a6028830caff9ee44b42d32ed\"},\"breadcrumb\":{\"@id\":\"https:\/\/portaltela.pt\/noticias\/2026\/04\/15\/campeao-mundial-de-kickboxing-quer-ser-presidente-do-vitoria-de-guimaraes\/#breadcrumb\"},\"inLanguage\":\"pt-PT\",\"potentialAction\":[{\"@type\":\"ReadAction\",\"target\":[\"https:\/\/portaltela.pt\/noticias\/2026\/04\/15\/campeao-mundial-de-kickboxing-quer-ser-presidente-do-vitoria-de-guimaraes\/\"]}]},{\"@type\":\"ImageObject\",\"inLanguage\":\"pt-PT\",\"@id\":\"https:\/\/portaltela.pt\/noticias\/2026\/04\/15\/campeao-mundial-de-kickboxing-quer-ser-presidente-do-vitoria-de-guimaraes\/#primaryimage\",\"url\":\"https:\/\/portaltela.pt\/s.01k8rhncp4jt1\/2026\/04\/image-897.jpg\",\"contentUrl\":\"https:\/\/portaltela.pt\/s.01k8rhncp4jt1\/2026\/04\/image-897.jpg\",\"width\":796,\"height\":448,\"caption\":\"Nuno Mendes \u00e9 campe\u00e3o do mundo de kickboxing e atleta do V. Guimar\u00e3es\"},{\"@type\":\"BreadcrumbList\",\"@id\":\"https:\/\/portaltela.pt\/noticias\/2026\/04\/15\/campeao-mundial-de-kickboxing-quer-ser-presidente-do-vitoria-de-guimaraes\/#breadcrumb\",\"itemListElement\":[{\"@type\":\"ListItem\",\"position\":1,\"name\":\"In\u00edcio\",\"item\":\"https:\/\/portaltela.pt\/\"},{\"@type\":\"ListItem\",\"position\":2,\"name\":\"Campe\u00e3o mundial de kickboxing quer ser presidente do Vit\u00f3ria de Guimar\u00e3es\"}]},{\"@type\":\"WebSite\",\"@id\":\"https:\/\/portaltela.pt\/#website\",\"url\":\"https:\/\/portaltela.pt\/\",\"name\":\"Portal Tela Portugal\",\"description\":\"\",\"potentialAction\":[{\"@type\":\"SearchAction\",\"target\":{\"@type\":\"EntryPoint\",\"urlTemplate\":\"https:\/\/portaltela.pt\/?s={search_term_string}\"},\"query-input\":{\"@type\":\"PropertyValueSpecification\",\"valueRequired\":true,\"valueName\":\"search_term_string\"}}],\"inLanguage\":\"pt-PT\"},{\"@type\":\"Person\",\"@id\":\"https:\/\/portaltela.pt\/#\/schema\/person\/c4278d4a6028830caff9ee44b42d32ed\",\"name\":\"Telinha\",\"image\":{\"@type\":\"ImageObject\",\"inLanguage\":\"pt-PT\",\"@id\":\"https:\/\/portaltela.pt\/s.01k8rhncp4jt1\/2025\/11\/talking-bot-125x125.png\",\"url\":\"https:\/\/portaltela.pt\/s.01k8rhncp4jt1\/2025\/11\/talking-bot-125x125.png\",\"contentUrl\":\"https:\/\/portaltela.pt\/s.01k8rhncp4jt1\/2025\/11\/talking-bot-125x125.png\",\"caption\":\"Telinha\"},\"sameAs\":[\"https:\/\/portaltela.pt\/\"],\"url\":\"https:\/\/portaltela.pt\/por\/367410592786\/\"}]}<\/script>\n<!-- \/ Yoast SEO plugin. -->","yoast_head_json":{"title":"Campe\u00e3o mundial de kickboxing quer ser presidente do Vit\u00f3ria de Guimar\u00e3es - Portal Tela Portugal","robots":{"index":"index","follow":"follow","max-snippet":"max-snippet:-1","max-image-preview":"max-image-preview:large","max-video-preview":"max-video-preview:-1"},"og_locale":"pt_PT","og_type":"article","og_title":"Campe\u00e3o mundial de kickboxing quer ser presidente do Vit\u00f3ria de Guimar\u00e3es - Portal Tela Portugal","og_description":"Nuno Mendes, atleta do V. Guimar\u00e3es, tem 40 anos e \u00e9 campe\u00e3o do mundo de kickboxing. \u00c9 o segundo candidato a apresentar-se \u00e0 presid\u00eancia do V. Guimar\u00e3es. A candidatura sucede a Ant\u00f3nio Miguel Cardoso, l\u00edder do clube que se demitiu das fun\u00e7\u00f5es. Belmiro Pinto dos Santos j\u00e1 tinha manifestado a vontade de suceder Cardoso.","og_url":"https:\/\/portaltela.pt\/noticias\/2026\/04\/15\/campeao-mundial-de-kickboxing-quer-ser-presidente-do-vitoria-de-guimaraes\/","og_site_name":"Portal Tela Portugal","article_published_time":"2026-04-15T08:32:18+00:00","author":"Telinha","twitter_card":"summary_large_image","twitter_misc":{"Escrito por":"Telinha","Tempo estimado de leitura":"1 minuto"},"schema":{"@context":"https:\/\/schema.org","@graph":[{"@type":"Article","@id":"https:\/\/portaltela.pt\/noticias\/2026\/04\/15\/campeao-mundial-de-kickboxing-quer-ser-presidente-do-vitoria-de-guimaraes\/#article","isPartOf":{"@id":"https:\/\/portaltela.pt\/noticias\/2026\/04\/15\/campeao-mundial-de-kickboxing-quer-ser-presidente-do-vitoria-de-guimaraes\/"},"author":{"name":"Telinha","@id":"https:\/\/portaltela.pt\/#\/schema\/person\/c4278d4a6028830caff9ee44b42d32ed"},"headline":"Campe\u00e3o mundial de kickboxing quer ser presidente do Vit\u00f3ria de Guimar\u00e3es","datePublished":"2026-04-15T08:32:18+00:00","mainEntityOfPage":{"@id":"https:\/\/portaltela.pt\/noticias\/2026\/04\/15\/campeao-mundial-de-kickboxing-quer-ser-presidente-do-vitoria-de-guimaraes\/"},"wordCount":156,"image":{"@id":"https:\/\/portaltela.pt\/noticias\/2026\/04\/15\/campeao-mundial-de-kickboxing-quer-ser-presidente-do-vitoria-de-guimaraes\/#primaryimage"},"thumbnailUrl":"https:\/\/portaltela.pt\/s.01k8rhncp4jt1\/2026\/04\/image-897.jpg","keywords":["desporto","elei\u00e7\u00f5es","organiza\u00e7\u00e3o desportiva","presidente","Vit\u00f3ria","Vit\u00f3ria SC"],"articleSection":["Desporto","Futebol"],"inLanguage":"pt-PT"},{"@type":"WebPage","@id":"https:\/\/portaltela.pt\/noticias\/2026\/04\/15\/campeao-mundial-de-kickboxing-quer-ser-presidente-do-vitoria-de-guimaraes\/","url":"https:\/\/portaltela.pt\/noticias\/2026\/04\/15\/campeao-mundial-de-kickboxing-quer-ser-presidente-do-vitoria-de-guimaraes\/","name":"Campe\u00e3o mundial de kickboxing quer ser presidente do Vit\u00f3ria de Guimar\u00e3es - Portal Tela Portugal","isPartOf":{"@id":"https:\/\/portaltela.pt\/#website"},"primaryImageOfPage":{"@id":"https:\/\/portaltela.pt\/noticias\/2026\/04\/15\/campeao-mundial-de-kickboxing-quer-ser-presidente-do-vitoria-de-guimaraes\/#primaryimage"},"image":{"@id":"https:\/\/portaltela.pt\/noticias\/2026\/04\/15\/campeao-mundial-de-kickboxing-quer-ser-presidente-do-vitoria-de-guimaraes\/#primaryimage"},"thumbnailUrl":"https:\/\/portaltela.pt\/s.01k8rhncp4jt1\/2026\/04\/image-897.jpg","datePublished":"2026-04-15T08:32:18+00:00","author":{"@id":"https:\/\/portaltela.pt\/#\/schema\/person\/c4278d4a6028830caff9ee44b42d32ed"},"breadcrumb":{"@id":"https:\/\/portaltela.pt\/noticias\/2026\/04\/15\/campeao-mundial-de-kickboxing-quer-ser-presidente-do-vitoria-de-guimaraes\/#breadcrumb"},"inLanguage":"pt-PT","potentialAction":[{"@type":"ReadAction","target":["https:\/\/portaltela.pt\/noticias\/2026\/04\/15\/campeao-mundial-de-kickboxing-quer-ser-presidente-do-vitoria-de-guimaraes\/"]}]},{"@type":"ImageObject","inLanguage":"pt-PT","@id":"https:\/\/portaltela.pt\/noticias\/2026\/04\/15\/campeao-mundial-de-kickboxing-quer-ser-presidente-do-vitoria-de-guimaraes\/#primaryimage","url":"https:\/\/portaltela.pt\/s.01k8rhncp4jt1\/2026\/04\/image-897.jpg","contentUrl":"https:\/\/portaltela.pt\/s.01k8rhncp4jt1\/2026\/04\/image-897.jpg","width":796,"height":448,"caption":"Nuno Mendes \u00e9 campe\u00e3o do mundo de kickboxing e atleta do V. Guimar\u00e3es"},{"@type":"BreadcrumbList","@id":"https:\/\/portaltela.pt\/noticias\/2026\/04\/15\/campeao-mundial-de-kickboxing-quer-ser-presidente-do-vitoria-de-guimaraes\/#breadcrumb","itemListElement":[{"@type":"ListItem","position":1,"name":"In\u00edcio","item":"https:\/\/portaltela.pt\/"},{"@type":"ListItem","position":2,"name":"Campe\u00e3o mundial de kickboxing quer ser presidente do Vit\u00f3ria de Guimar\u00e3es"}]},{"@type":"WebSite","@id":"https:\/\/portaltela.pt\/#website","url":"https:\/\/portaltela.pt\/","name":"Portal Tela Portugal","description":"","potentialAction":[{"@type":"SearchAction","target":{"@type":"EntryPoint","urlTemplate":"https:\/\/portaltela.pt\/?s={search_term_string}"},"query-input":{"@type":"PropertyValueSpecification","valueRequired":true,"valueName":"search_term_string"}}],"inLanguage":"pt-PT"},{"@type":"Person","@id":"https:\/\/portaltela.pt\/#\/schema\/person\/c4278d4a6028830caff9ee44b42d32ed","name":"Telinha","image":{"@type":"ImageObject","inLanguage":"pt-PT","@id":"https:\/\/portaltela.pt\/s.01k8rhncp4jt1\/2025\/11\/talking-bot-125x125.png","url":"https:\/\/portaltela.pt\/s.01k8rhncp4jt1\/2025\/11\/talking-bot-125x125.png","contentUrl":"https:\/\/portaltela.pt\/s.01k8rhncp4jt1\/2025\/11\/talking-bot-125x125.png","caption":"Telinha"},"sameAs":["https:\/\/portaltela.pt\/"],"url":"https:\/\/portaltela.pt\/por\/367410592786\/"}]}},"_links":{"self":[{"href":"https:\/\/portaltela.pt\/api\/wp\/v2\/posts\/444676","targetHints":{"allow":["GET"]}}],"collection":[{"href":"https:\/\/portaltela.pt\/api\/wp\/v2\/posts"}],"about":[{"href":"https:\/\/portaltela.pt\/api\/wp\/v2\/types\/post"}],"author":[{"embeddable":true,"href":"https:\/\/portaltela.pt\/api\/wp\/v2\/users\/2"}],"replies":[{"embeddable":true,"href":"https:\/\/portaltela.pt\/api\/wp\/v2\/comments?post=444676"}],"version-history":[{"count":0,"href":"https:\/\/portaltela.pt\/api\/wp\/v2\/posts\/444676\/revisions"}],"wp:featuredmedia":[{"embeddable":true,"href":"https:\/\/portaltela.pt\/api\/wp\/v2\/media\/444679"}],"wp:attachment":[{"href":"https:\/\/portaltela.pt\/api\/wp\/v2\/media?parent=444676"}],"wp:term":[{"taxonomy":"category","embeddable":true,"href":"https:\/\/portaltela.pt\/api\/wp\/v2\/categories?post=444676"},{"taxonomy":"post_tag","embeddable":true,"href":"https:\/\/portaltela.pt\/api\/wp\/v2\/tags?post=444676"}],"curies":[{"name":"wp","href":"https:\/\/api.w.org\/{rel}","templated":true}]}}