{"id":444673,"date":"2026-04-15T05:32:13","date_gmt":"2026-04-15T08:32:13","guid":{"rendered":"https:\/\/portaltela.pt\/noticias\/2026\/04\/15\/parquimetros-de-lisboa-passam-a-pagamentos-digitais\/"},"modified":"2026-04-15T05:32:13","modified_gmt":"2026-04-15T08:32:13","slug":"parquimetros-de-lisboa-passam-a-pagamentos-digitais","status":"publish","type":"post","link":"https:\/\/portaltela.pt\/tecnologia\/2026\/04\/15\/parquimetros-de-lisboa-passam-a-pagamentos-digitais\/","title":{"rendered":"Parqu\u00edmetros de Lisboa passam a pagamentos digitais"},"content":{"rendered":"<p>Os parqu\u00edmetros de Lisboa podem ter os dias contados. A EMEL admite dificuldades na gest\u00e3o de 3186 equipamentos, muitos deles vandalizados, e j\u00e1 prepara uma mudan\u00e7a gradual para pagamentos digitais. A transi\u00e7\u00e3o envolve retirar progressivamente os parqu\u00edmetros do espa\u00e7o p\u00fablico.<\/p>\n<p>Segundo a empresa municipal, 74% dos pagamentos de estacionamento na via p\u00fablica foram feitos por via digital em 2025, evidenciando a aceita\u00e7\u00e3o de novas solu\u00e7\u00f5es. As moedas v\u00e3o deixar de existir como forma de pagamento.<\/p>\n<p>A mudan\u00e7a implica que a tarifa passe a ser cobrada pela EMEL atrav\u00e9s da aplica\u00e7\u00e3o m\u00f3vel da empresa, em vez de utilizadores alimentarem m\u00e1quinas com moeda. A transi\u00e7\u00e3o dever\u00e1 ocorrer de forma faseada, com zonas inicialmente piloto.<\/p>\n<h3>Reestrutura\u00e7\u00e3o dos pagamentos<\/h3>\n<p>A EMEL pretende manter o controlo sobre a cobran\u00e7a do estacionamento, mas substituir o hardware f\u00edsico pela solu\u00e7\u00e3o digital. A estrat\u00e9gia visa reduzir vandalismo e simplificar a gest\u00e3o operativa dos espa\u00e7os regulados.<\/p>\n<p>A decis\u00e3o surge num contexto de evolu\u00e7\u00e3o tecnol\u00f3gica e de maior ado\u00e7\u00e3o de pagamentos sem contacto. A empresa ressalva que a explica\u00e7\u00e3o t\u00e9cnica do processo ser\u00e1 comunicada \u00e0s entidades municipais e aos utilizadores.<\/p>\n<h3>Impacto esperado<\/h3>\n<p>Fontes da EMEL indicam que a mudan\u00e7a pode afetar zonas centrais e perif\u00e9ricas, com implementa\u00e7\u00e3o gradual ao longo de 2025. O objetivo \u00e9 manter a disponibilidade de lugares dispon\u00edveis e melhorar a experi\u00eancia do utilizador.<\/p>\n<p>As informa\u00e7\u00f5es oficiais destacam que a passagem para pagamentos digitais n\u00e3o elimina a necessidade de fiscaliza\u00e7\u00e3o, que dever\u00e1 ser adaptada \u00e0 nova forma de cobran\u00e7a. A EMEL mant\u00e9m o foco na transpar\u00eancia e na satisfa\u00e7\u00e3o dos cidad\u00e3os.<\/p>\n","protected":false},"excerpt":{"rendered":"<ul>\n<li>Os parqu\u00edmetros de Lisboa dever\u00e3o ser progressivamente retirados, com a cobran\u00e7a da tarifa passando a ser feita pela EMEL atrav\u00e9s da via digital, via aplica\u00e7\u00e3o m\u00f3vel.<\/li>\n<li>A EMEL reconhece dificuldades na gest\u00e3o de 3.186 parqu\u00edmetros, muitos dos quais vandalizados.<\/li>\n<li>A cidade vai testar zonas sem parqu\u00edmetros, onde o estacionamento se paga apenas digitalmente.<\/li>\n<li>Em dois mil e vinte e cinco, setenta e quatro por cento dos pagamentos de estacionamento na rua j\u00e1 eram feitos por via digital.<\/li>\n<li>Os parqu\u00edmetros chegaram a Lisboa h\u00e1 pouco mais de tr\u00eas d\u00e9cadas, inicialmente no centro, depois na maior parte das zonas com estacionamento regulado.<\/li>\n<\/ul>\n","protected":false},"author":2,"featured_media":444675,"comment_status":"closed","ping_status":"closed","sticky":false,"template":"","format":"standard","meta":{"footnotes":""},"categories":[6716],"tags":[7974,258,2110,4693,192,2891],"class_list":["post-444673","post","type-post","status-publish","format-standard","has-post-thumbnail","hentry","category-tecnologia","tag-_lisboa","tag-infraestruturas","tag-mobilidade","tag-pagamentos","tag-transporte","tag-via-publica"],"yoast_head":"<!-- This site is optimized with the Yoast SEO plugin v27.2 - https:\/\/yoast.com\/product\/yoast-seo-wordpress\/ -->\n<title>Parqu\u00edmetros de Lisboa passam a pagamentos digitais - Portal Tela Portugal<\/title>\n<meta name=\"robots\" content=\"index, follow, max-snippet:-1, max-image-preview:large, max-video-preview:-1\" \/>\n<meta property=\"og:locale\" content=\"pt_PT\" \/>\n<meta property=\"og:type\" content=\"article\" \/>\n<meta property=\"og:title\" content=\"Parqu\u00edmetros de Lisboa passam a pagamentos digitais - Portal Tela Portugal\" \/>\n<meta property=\"og:description\" content=\"Os parqu\u00edmetros de Lisboa dever\u00e3o ser progressivamente retirados, com a cobran\u00e7a da tarifa passando a ser feita pela EMEL atrav\u00e9s da via digital, via aplica\u00e7\u00e3o m\u00f3vel. A EMEL reconhece dificuldades na gest\u00e3o de 3.186 parqu\u00edmetros, muitos dos quais vandalizados. A cidade vai testar zonas sem parqu\u00edmetros, onde o estacionamento se paga apenas digitalmente. Em dois mil e vinte e cinco, setenta e quatro por cento dos pagamentos de estacionamento na rua j\u00e1 eram feitos por via digital. Os parqu\u00edmetros chegaram a Lisboa h\u00e1 pouco mais de tr\u00eas d\u00e9cadas, inicialmente no centro, depois na maior parte das zonas com estacionamento regulado.\" \/>\n<meta property=\"og:url\" content=\"https:\/\/portaltela.pt\/noticias\/2026\/04\/15\/parquimetros-de-lisboa-passam-a-pagamentos-digitais\/\" \/>\n<meta property=\"og:site_name\" content=\"Portal Tela Portugal\" \/>\n<meta property=\"article:published_time\" content=\"2026-04-15T08:32:13+00:00\" \/>\n<meta name=\"author\" content=\"Telinha\" \/>\n<meta name=\"twitter:card\" content=\"summary_large_image\" \/>\n<meta name=\"twitter:label1\" content=\"Escrito por\" \/>\n\t<meta name=\"twitter:data1\" content=\"Telinha\" \/>\n\t<meta name=\"twitter:label2\" content=\"Tempo estimado de leitura\" \/>\n\t<meta name=\"twitter:data2\" content=\"1 minuto\" \/>\n<script type=\"application\/ld+json\" class=\"yoast-schema-graph\">{\"@context\":\"https:\/\/schema.org\",\"@graph\":[{\"@type\":\"Article\",\"@id\":\"https:\/\/portaltela.pt\/noticias\/2026\/04\/15\/parquimetros-de-lisboa-passam-a-pagamentos-digitais\/#article\",\"isPartOf\":{\"@id\":\"https:\/\/portaltela.pt\/noticias\/2026\/04\/15\/parquimetros-de-lisboa-passam-a-pagamentos-digitais\/\"},\"author\":{\"name\":\"Telinha\",\"@id\":\"https:\/\/portaltela.pt\/#\/schema\/person\/c4278d4a6028830caff9ee44b42d32ed\"},\"headline\":\"Parqu\u00edmetros de Lisboa passam a pagamentos digitais\",\"datePublished\":\"2026-04-15T08:32:13+00:00\",\"mainEntityOfPage\":{\"@id\":\"https:\/\/portaltela.pt\/noticias\/2026\/04\/15\/parquimetros-de-lisboa-passam-a-pagamentos-digitais\/\"},\"wordCount\":299,\"image\":{\"@id\":\"https:\/\/portaltela.pt\/noticias\/2026\/04\/15\/parquimetros-de-lisboa-passam-a-pagamentos-digitais\/#primaryimage\"},\"thumbnailUrl\":\"https:\/\/portaltela.pt\/s.01k8rhncp4jt1\/2026\/04\/2081278.jpg\",\"keywords\":[\"_Lisboa\",\"infraestruturas\",\"mobilidade\",\"pagamentos\",\"transporte\",\"via p\u00fablica\"],\"articleSection\":[\"Tecnologia\"],\"inLanguage\":\"pt-PT\"},{\"@type\":\"WebPage\",\"@id\":\"https:\/\/portaltela.pt\/noticias\/2026\/04\/15\/parquimetros-de-lisboa-passam-a-pagamentos-digitais\/\",\"url\":\"https:\/\/portaltela.pt\/noticias\/2026\/04\/15\/parquimetros-de-lisboa-passam-a-pagamentos-digitais\/\",\"name\":\"Parqu\u00edmetros de Lisboa passam a pagamentos digitais - Portal Tela Portugal\",\"isPartOf\":{\"@id\":\"https:\/\/portaltela.pt\/#website\"},\"primaryImageOfPage\":{\"@id\":\"https:\/\/portaltela.pt\/noticias\/2026\/04\/15\/parquimetros-de-lisboa-passam-a-pagamentos-digitais\/#primaryimage\"},\"image\":{\"@id\":\"https:\/\/portaltela.pt\/noticias\/2026\/04\/15\/parquimetros-de-lisboa-passam-a-pagamentos-digitais\/#primaryimage\"},\"thumbnailUrl\":\"https:\/\/portaltela.pt\/s.01k8rhncp4jt1\/2026\/04\/2081278.jpg\",\"datePublished\":\"2026-04-15T08:32:13+00:00\",\"author\":{\"@id\":\"https:\/\/portaltela.pt\/#\/schema\/person\/c4278d4a6028830caff9ee44b42d32ed\"},\"breadcrumb\":{\"@id\":\"https:\/\/portaltela.pt\/noticias\/2026\/04\/15\/parquimetros-de-lisboa-passam-a-pagamentos-digitais\/#breadcrumb\"},\"inLanguage\":\"pt-PT\",\"potentialAction\":[{\"@type\":\"ReadAction\",\"target\":[\"https:\/\/portaltela.pt\/noticias\/2026\/04\/15\/parquimetros-de-lisboa-passam-a-pagamentos-digitais\/\"]}]},{\"@type\":\"ImageObject\",\"inLanguage\":\"pt-PT\",\"@id\":\"https:\/\/portaltela.pt\/noticias\/2026\/04\/15\/parquimetros-de-lisboa-passam-a-pagamentos-digitais\/#primaryimage\",\"url\":\"https:\/\/portaltela.pt\/s.01k8rhncp4jt1\/2026\/04\/2081278.jpg\",\"contentUrl\":\"https:\/\/portaltela.pt\/s.01k8rhncp4jt1\/2026\/04\/2081278.jpg\",\"width\":796,\"height\":448,\"caption\":\"Desde Maio de 2024, a EMEL retirou 225 parqu\u00edmetros do espa\u00e7o p\u00fablico da cidade\"},{\"@type\":\"BreadcrumbList\",\"@id\":\"https:\/\/portaltela.pt\/noticias\/2026\/04\/15\/parquimetros-de-lisboa-passam-a-pagamentos-digitais\/#breadcrumb\",\"itemListElement\":[{\"@type\":\"ListItem\",\"position\":1,\"name\":\"In\u00edcio\",\"item\":\"https:\/\/portaltela.pt\/\"},{\"@type\":\"ListItem\",\"position\":2,\"name\":\"Parqu\u00edmetros de Lisboa passam a pagamentos digitais\"}]},{\"@type\":\"WebSite\",\"@id\":\"https:\/\/portaltela.pt\/#website\",\"url\":\"https:\/\/portaltela.pt\/\",\"name\":\"Portal Tela Portugal\",\"description\":\"\",\"potentialAction\":[{\"@type\":\"SearchAction\",\"target\":{\"@type\":\"EntryPoint\",\"urlTemplate\":\"https:\/\/portaltela.pt\/?s={search_term_string}\"},\"query-input\":{\"@type\":\"PropertyValueSpecification\",\"valueRequired\":true,\"valueName\":\"search_term_string\"}}],\"inLanguage\":\"pt-PT\"},{\"@type\":\"Person\",\"@id\":\"https:\/\/portaltela.pt\/#\/schema\/person\/c4278d4a6028830caff9ee44b42d32ed\",\"name\":\"Telinha\",\"image\":{\"@type\":\"ImageObject\",\"inLanguage\":\"pt-PT\",\"@id\":\"https:\/\/portaltela.pt\/s.01k8rhncp4jt1\/2025\/11\/talking-bot-125x125.png\",\"url\":\"https:\/\/portaltela.pt\/s.01k8rhncp4jt1\/2025\/11\/talking-bot-125x125.png\",\"contentUrl\":\"https:\/\/portaltela.pt\/s.01k8rhncp4jt1\/2025\/11\/talking-bot-125x125.png\",\"caption\":\"Telinha\"},\"sameAs\":[\"https:\/\/portaltela.pt\/\"],\"url\":\"https:\/\/portaltela.pt\/por\/367410592786\/\"}]}<\/script>\n<!-- \/ Yoast SEO plugin. -->","yoast_head_json":{"title":"Parqu\u00edmetros de Lisboa passam a pagamentos digitais - Portal Tela Portugal","robots":{"index":"index","follow":"follow","max-snippet":"max-snippet:-1","max-image-preview":"max-image-preview:large","max-video-preview":"max-video-preview:-1"},"og_locale":"pt_PT","og_type":"article","og_title":"Parqu\u00edmetros de Lisboa passam a pagamentos digitais - Portal Tela Portugal","og_description":"Os parqu\u00edmetros de Lisboa dever\u00e3o ser progressivamente retirados, com a cobran\u00e7a da tarifa passando a ser feita pela EMEL atrav\u00e9s da via digital, via aplica\u00e7\u00e3o m\u00f3vel. A EMEL reconhece dificuldades na gest\u00e3o de 3.186 parqu\u00edmetros, muitos dos quais vandalizados. A cidade vai testar zonas sem parqu\u00edmetros, onde o estacionamento se paga apenas digitalmente. Em dois mil e vinte e cinco, setenta e quatro por cento dos pagamentos de estacionamento na rua j\u00e1 eram feitos por via digital. Os parqu\u00edmetros chegaram a Lisboa h\u00e1 pouco mais de tr\u00eas d\u00e9cadas, inicialmente no centro, depois na maior parte das zonas com estacionamento regulado.","og_url":"https:\/\/portaltela.pt\/noticias\/2026\/04\/15\/parquimetros-de-lisboa-passam-a-pagamentos-digitais\/","og_site_name":"Portal Tela Portugal","article_published_time":"2026-04-15T08:32:13+00:00","author":"Telinha","twitter_card":"summary_large_image","twitter_misc":{"Escrito por":"Telinha","Tempo estimado de leitura":"1 minuto"},"schema":{"@context":"https:\/\/schema.org","@graph":[{"@type":"Article","@id":"https:\/\/portaltela.pt\/noticias\/2026\/04\/15\/parquimetros-de-lisboa-passam-a-pagamentos-digitais\/#article","isPartOf":{"@id":"https:\/\/portaltela.pt\/noticias\/2026\/04\/15\/parquimetros-de-lisboa-passam-a-pagamentos-digitais\/"},"author":{"name":"Telinha","@id":"https:\/\/portaltela.pt\/#\/schema\/person\/c4278d4a6028830caff9ee44b42d32ed"},"headline":"Parqu\u00edmetros de Lisboa passam a pagamentos digitais","datePublished":"2026-04-15T08:32:13+00:00","mainEntityOfPage":{"@id":"https:\/\/portaltela.pt\/noticias\/2026\/04\/15\/parquimetros-de-lisboa-passam-a-pagamentos-digitais\/"},"wordCount":299,"image":{"@id":"https:\/\/portaltela.pt\/noticias\/2026\/04\/15\/parquimetros-de-lisboa-passam-a-pagamentos-digitais\/#primaryimage"},"thumbnailUrl":"https:\/\/portaltela.pt\/s.01k8rhncp4jt1\/2026\/04\/2081278.jpg","keywords":["_Lisboa","infraestruturas","mobilidade","pagamentos","transporte","via p\u00fablica"],"articleSection":["Tecnologia"],"inLanguage":"pt-PT"},{"@type":"WebPage","@id":"https:\/\/portaltela.pt\/noticias\/2026\/04\/15\/parquimetros-de-lisboa-passam-a-pagamentos-digitais\/","url":"https:\/\/portaltela.pt\/noticias\/2026\/04\/15\/parquimetros-de-lisboa-passam-a-pagamentos-digitais\/","name":"Parqu\u00edmetros de Lisboa passam a pagamentos digitais - Portal Tela Portugal","isPartOf":{"@id":"https:\/\/portaltela.pt\/#website"},"primaryImageOfPage":{"@id":"https:\/\/portaltela.pt\/noticias\/2026\/04\/15\/parquimetros-de-lisboa-passam-a-pagamentos-digitais\/#primaryimage"},"image":{"@id":"https:\/\/portaltela.pt\/noticias\/2026\/04\/15\/parquimetros-de-lisboa-passam-a-pagamentos-digitais\/#primaryimage"},"thumbnailUrl":"https:\/\/portaltela.pt\/s.01k8rhncp4jt1\/2026\/04\/2081278.jpg","datePublished":"2026-04-15T08:32:13+00:00","author":{"@id":"https:\/\/portaltela.pt\/#\/schema\/person\/c4278d4a6028830caff9ee44b42d32ed"},"breadcrumb":{"@id":"https:\/\/portaltela.pt\/noticias\/2026\/04\/15\/parquimetros-de-lisboa-passam-a-pagamentos-digitais\/#breadcrumb"},"inLanguage":"pt-PT","potentialAction":[{"@type":"ReadAction","target":["https:\/\/portaltela.pt\/noticias\/2026\/04\/15\/parquimetros-de-lisboa-passam-a-pagamentos-digitais\/"]}]},{"@type":"ImageObject","inLanguage":"pt-PT","@id":"https:\/\/portaltela.pt\/noticias\/2026\/04\/15\/parquimetros-de-lisboa-passam-a-pagamentos-digitais\/#primaryimage","url":"https:\/\/portaltela.pt\/s.01k8rhncp4jt1\/2026\/04\/2081278.jpg","contentUrl":"https:\/\/portaltela.pt\/s.01k8rhncp4jt1\/2026\/04\/2081278.jpg","width":796,"height":448,"caption":"Desde Maio de 2024, a EMEL retirou 225 parqu\u00edmetros do espa\u00e7o p\u00fablico da cidade"},{"@type":"BreadcrumbList","@id":"https:\/\/portaltela.pt\/noticias\/2026\/04\/15\/parquimetros-de-lisboa-passam-a-pagamentos-digitais\/#breadcrumb","itemListElement":[{"@type":"ListItem","position":1,"name":"In\u00edcio","item":"https:\/\/portaltela.pt\/"},{"@type":"ListItem","position":2,"name":"Parqu\u00edmetros de Lisboa passam a pagamentos digitais"}]},{"@type":"WebSite","@id":"https:\/\/portaltela.pt\/#website","url":"https:\/\/portaltela.pt\/","name":"Portal Tela Portugal","description":"","potentialAction":[{"@type":"SearchAction","target":{"@type":"EntryPoint","urlTemplate":"https:\/\/portaltela.pt\/?s={search_term_string}"},"query-input":{"@type":"PropertyValueSpecification","valueRequired":true,"valueName":"search_term_string"}}],"inLanguage":"pt-PT"},{"@type":"Person","@id":"https:\/\/portaltela.pt\/#\/schema\/person\/c4278d4a6028830caff9ee44b42d32ed","name":"Telinha","image":{"@type":"ImageObject","inLanguage":"pt-PT","@id":"https:\/\/portaltela.pt\/s.01k8rhncp4jt1\/2025\/11\/talking-bot-125x125.png","url":"https:\/\/portaltela.pt\/s.01k8rhncp4jt1\/2025\/11\/talking-bot-125x125.png","contentUrl":"https:\/\/portaltela.pt\/s.01k8rhncp4jt1\/2025\/11\/talking-bot-125x125.png","caption":"Telinha"},"sameAs":["https:\/\/portaltela.pt\/"],"url":"https:\/\/portaltela.pt\/por\/367410592786\/"}]}},"_links":{"self":[{"href":"https:\/\/portaltela.pt\/api\/wp\/v2\/posts\/444673","targetHints":{"allow":["GET"]}}],"collection":[{"href":"https:\/\/portaltela.pt\/api\/wp\/v2\/posts"}],"about":[{"href":"https:\/\/portaltela.pt\/api\/wp\/v2\/types\/post"}],"author":[{"embeddable":true,"href":"https:\/\/portaltela.pt\/api\/wp\/v2\/users\/2"}],"replies":[{"embeddable":true,"href":"https:\/\/portaltela.pt\/api\/wp\/v2\/comments?post=444673"}],"version-history":[{"count":0,"href":"https:\/\/portaltela.pt\/api\/wp\/v2\/posts\/444673\/revisions"}],"wp:featuredmedia":[{"embeddable":true,"href":"https:\/\/portaltela.pt\/api\/wp\/v2\/media\/444675"}],"wp:attachment":[{"href":"https:\/\/portaltela.pt\/api\/wp\/v2\/media?parent=444673"}],"wp:term":[{"taxonomy":"category","embeddable":true,"href":"https:\/\/portaltela.pt\/api\/wp\/v2\/categories?post=444673"},{"taxonomy":"post_tag","embeddable":true,"href":"https:\/\/portaltela.pt\/api\/wp\/v2\/tags?post=444673"}],"curies":[{"name":"wp","href":"https:\/\/api.w.org\/{rel}","templated":true}]}}