{"id":444640,"date":"2026-04-15T05:02:05","date_gmt":"2026-04-15T08:02:05","guid":{"rendered":"https:\/\/portaltela.pt\/noticias\/2026\/04\/15\/debate-na-assembleia-geral-da-liga-sobre-modelo-de-direitos-audiovisuais\/"},"modified":"2026-04-15T05:02:05","modified_gmt":"2026-04-15T08:02:05","slug":"debate-na-assembleia-geral-da-liga-sobre-modelo-de-direitos-audiovisuais","status":"publish","type":"post","link":"https:\/\/portaltela.pt\/desporto\/futebol\/2026\/04\/15\/debate-na-assembleia-geral-da-liga-sobre-modelo-de-direitos-audiovisuais\/","title":{"rendered":"Debate na Assembleia Geral da Liga sobre modelo de direitos audiovisuais"},"content":{"rendered":"<p>A Liga Portuguesa de Futebol Profissional (LPFP) vai discutir, na pr\u00f3xima Assembleia Geral, a forma de comercializa\u00e7\u00e3o centralizada dos direitos audiovisuais a partir de 2028\/29. O encontro, marcado para sexta-feira, \u00e0s 15h, ocorre em formato de reuni\u00e3o magna.<\/p>\n<p>O objetivo \u00e9 definir o procedimento de leil\u00e3o para os direitos da Liga Betclic e da II Liga no mercado dom\u00e9stico, com regras de participa\u00e7\u00e3o, limita\u00e7\u00f5es e linhas vermelhas para a venda e explora\u00e7\u00e3o. A escolha depende ainda da aprova\u00e7\u00e3o da AdC at\u00e9 ao final de 2025\/26.<\/p>\n<p>V\u00e3o participar 33 sociedades desportivas com equipas nas competi\u00e7\u00f5es profissionais, que v\u00e3o aprovar o objeto, a vig\u00eancia e as condi\u00e7\u00f5es contratuais, bem como a distribui\u00e7\u00e3o dos pacotes dos direitos. O modelo pretende, dentro de duas \u00e9pocas, consolidar a centraliza\u00e7\u00e3o das transmiss\u00f5es.<\/p>\n<p>Este \u00e9 um passo-chave para aumentar a receita dos clubes, ao mesmo tempo que se ajusta \u00e0 legisla\u00e7\u00e3o. O decreto-lei n.\u00ba 22-B\/2021 fixa a centraliza\u00e7\u00e3o obrigat\u00f3ria a partir de 2028\/29 e determina que a AdC aprove o processo at\u00e9 ao fim da \u00e9poca 2025\/26.<\/p>\n<p>Andr\u00e9 Mosqueira do Amaral, diretor executivo da LPFP, defende que o documento reflecte estrat\u00e9gias para maximizar o valor econ\u00f3mico dos direitos, cumprindo medidas antitrust da AdC. O objetivo \u00e9 alinhar o procedimento com as melhores pr\u00e1ticas do mercado.<\/p>\n<p>A LPFP e a Federa\u00e7\u00e3o Portuguesa de Futebol (FPF) j\u00e1 apresentaram a proposta de modelo \u00e0 AdC, com prazos at\u00e9 30 de junho. O processo tem contado com transpar\u00eancia e colabora\u00e7\u00e3o entre as partes, segundo o dirigente.<\/p>\n<p>Ap\u00f3s a vota\u00e7\u00e3o na AG, seguir\u00e1 a apresenta\u00e7\u00e3o formal \u00e0 AdC. O objetivo \u00e9 obter a aceita\u00e7\u00e3o do modelo, j\u00e1 que o documento resulta do contributo m\u00fatuo entre entidades e clubes, segundo Mosqueira do Amaral.<\/p>\n<p>A centraliza\u00e7\u00e3o n\u00e3o se resume a um leil\u00e3o: espera-se usar o produto como base para uma estrat\u00e9gia de oferta diferenciadora do futebol profissional portugu\u00eas, com distribui\u00e7\u00e3o que ser\u00e1 debatida entre os clubes ainda nesta \u00e9poca.<\/p>\n","protected":false},"excerpt":{"rendered":"<ul>\n<li>A LPFP vai debater na sexta-feira, a partir das 15h00, a forma de comercializa\u00e7\u00e3o centralizada dos direitos audiovisuais a partir de 2028\/29.<\/li>\n<li>O tema central \u00e9 a aprova\u00e7\u00e3o do procedimento para a comercializa\u00e7\u00e3o dos direitos da Liga Betclic e da 2.\u00aa Liga para o mercado dom\u00e9stico, com regras de leil\u00e3o e limita\u00e7\u00f5es de participa\u00e7\u00e3o.<\/li>\n<li>Participam na decis\u00e3o as 33 sociedades desportivas com equipas nas competi\u00e7\u00f5es profissionais, que v\u00e3o definir o objeto, vig\u00eancia dos contratos e a distribui\u00e7\u00e3o dos pacotes.<\/li>\n<li>A centraliza\u00e7\u00e3o dos direitos televisivos, objetivo para duas \u00e9pocas, depende da aprova\u00e7\u00e3o da Autoridade da Concorr\u00eancia (AdC) at\u00e9 ao final da \u00e9poca desportiva de 2025\/26.<\/li>\n<li>Ap\u00f3s a AG, seguir\u00e1 a apresenta\u00e7\u00e3o formal da proposta \u00e0 AdC e, mais tarde, o debate sobre a chave de distribui\u00e7\u00e3o que determina como ser\u00e1 repartido o valor centralizado entre os clubes.<\/li>\n<\/ul>\n","protected":false},"author":2,"featured_media":444642,"comment_status":"closed","ping_status":"closed","sticky":false,"template":"","format":"standard","meta":{"footnotes":""},"categories":[21,24],"tags":[4143,152,789,32,2245,5799],"class_list":["post-444640","post","type-post","status-publish","format-standard","has-post-thumbnail","hentry","category-desporto","category-futebol","tag-1-liga","tag-desporto","tag-direitos-audiovisuais","tag-futebol","tag-liga-betclic","tag-transmissoes"],"yoast_head":"<!-- This site is optimized with the Yoast SEO plugin v27.2 - https:\/\/yoast.com\/product\/yoast-seo-wordpress\/ -->\n<title>Debate na Assembleia Geral da Liga sobre modelo de direitos audiovisuais - Portal Tela Portugal<\/title>\n<meta name=\"robots\" content=\"index, follow, max-snippet:-1, max-image-preview:large, max-video-preview:-1\" \/>\n<meta property=\"og:locale\" content=\"pt_PT\" \/>\n<meta property=\"og:type\" content=\"article\" \/>\n<meta property=\"og:title\" content=\"Debate na Assembleia Geral da Liga sobre modelo de direitos audiovisuais - Portal Tela Portugal\" \/>\n<meta property=\"og:description\" content=\"A LPFP vai debater na sexta-feira, a partir das 15h00, a forma de comercializa\u00e7\u00e3o centralizada dos direitos audiovisuais a partir de 2028\/29. O tema central \u00e9 a aprova\u00e7\u00e3o do procedimento para a comercializa\u00e7\u00e3o dos direitos da Liga Betclic e da 2.\u00aa Liga para o mercado dom\u00e9stico, com regras de leil\u00e3o e limita\u00e7\u00f5es de participa\u00e7\u00e3o. Participam na decis\u00e3o as 33 sociedades desportivas com equipas nas competi\u00e7\u00f5es profissionais, que v\u00e3o definir o objeto, vig\u00eancia dos contratos e a distribui\u00e7\u00e3o dos pacotes. A centraliza\u00e7\u00e3o dos direitos televisivos, objetivo para duas \u00e9pocas, depende da aprova\u00e7\u00e3o da Autoridade da Concorr\u00eancia (AdC) at\u00e9 ao final da \u00e9poca desportiva de 2025\/26. Ap\u00f3s a AG, seguir\u00e1 a apresenta\u00e7\u00e3o formal da proposta \u00e0 AdC e, mais tarde, o debate sobre a chave de distribui\u00e7\u00e3o que determina como ser\u00e1 repartido o valor centralizado entre os clubes.\" \/>\n<meta property=\"og:url\" content=\"https:\/\/portaltela.pt\/noticias\/2026\/04\/15\/debate-na-assembleia-geral-da-liga-sobre-modelo-de-direitos-audiovisuais\/\" \/>\n<meta property=\"og:site_name\" content=\"Portal Tela Portugal\" \/>\n<meta property=\"article:published_time\" content=\"2026-04-15T08:02:05+00:00\" \/>\n<meta name=\"author\" content=\"Telinha\" \/>\n<meta name=\"twitter:card\" content=\"summary_large_image\" \/>\n<meta name=\"twitter:label1\" content=\"Escrito por\" \/>\n\t<meta name=\"twitter:data1\" content=\"Telinha\" \/>\n\t<meta name=\"twitter:label2\" content=\"Tempo estimado de leitura\" \/>\n\t<meta name=\"twitter:data2\" content=\"2 minutos\" \/>\n<script type=\"application\/ld+json\" class=\"yoast-schema-graph\">{\"@context\":\"https:\/\/schema.org\",\"@graph\":[{\"@type\":\"Article\",\"@id\":\"https:\/\/portaltela.pt\/noticias\/2026\/04\/15\/debate-na-assembleia-geral-da-liga-sobre-modelo-de-direitos-audiovisuais\/#article\",\"isPartOf\":{\"@id\":\"https:\/\/portaltela.pt\/noticias\/2026\/04\/15\/debate-na-assembleia-geral-da-liga-sobre-modelo-de-direitos-audiovisuais\/\"},\"author\":{\"name\":\"Telinha\",\"@id\":\"https:\/\/portaltela.pt\/#\/schema\/person\/c4278d4a6028830caff9ee44b42d32ed\"},\"headline\":\"Debate na Assembleia Geral da Liga sobre modelo de direitos audiovisuais\",\"datePublished\":\"2026-04-15T08:02:05+00:00\",\"mainEntityOfPage\":{\"@id\":\"https:\/\/portaltela.pt\/noticias\/2026\/04\/15\/debate-na-assembleia-geral-da-liga-sobre-modelo-de-direitos-audiovisuais\/\"},\"wordCount\":350,\"image\":{\"@id\":\"https:\/\/portaltela.pt\/noticias\/2026\/04\/15\/debate-na-assembleia-geral-da-liga-sobre-modelo-de-direitos-audiovisuais\/#primaryimage\"},\"thumbnailUrl\":\"https:\/\/portaltela.pt\/s.01k8rhncp4jt1\/2026\/04\/img_920x518uu2015-08-31-14-19-00-996812.jpg\",\"keywords\":[\"1. Liga\",\"desporto\",\"direitos audiovisuais\",\"futebol\",\"Liga Betclic\",\"transmiss\u00f5es\"],\"articleSection\":[\"Desporto\",\"Futebol\"],\"inLanguage\":\"pt-PT\"},{\"@type\":\"WebPage\",\"@id\":\"https:\/\/portaltela.pt\/noticias\/2026\/04\/15\/debate-na-assembleia-geral-da-liga-sobre-modelo-de-direitos-audiovisuais\/\",\"url\":\"https:\/\/portaltela.pt\/noticias\/2026\/04\/15\/debate-na-assembleia-geral-da-liga-sobre-modelo-de-direitos-audiovisuais\/\",\"name\":\"Debate na Assembleia Geral da Liga sobre modelo de direitos audiovisuais - Portal Tela Portugal\",\"isPartOf\":{\"@id\":\"https:\/\/portaltela.pt\/#website\"},\"primaryImageOfPage\":{\"@id\":\"https:\/\/portaltela.pt\/noticias\/2026\/04\/15\/debate-na-assembleia-geral-da-liga-sobre-modelo-de-direitos-audiovisuais\/#primaryimage\"},\"image\":{\"@id\":\"https:\/\/portaltela.pt\/noticias\/2026\/04\/15\/debate-na-assembleia-geral-da-liga-sobre-modelo-de-direitos-audiovisuais\/#primaryimage\"},\"thumbnailUrl\":\"https:\/\/portaltela.pt\/s.01k8rhncp4jt1\/2026\/04\/img_920x518uu2015-08-31-14-19-00-996812.jpg\",\"datePublished\":\"2026-04-15T08:02:05+00:00\",\"author\":{\"@id\":\"https:\/\/portaltela.pt\/#\/schema\/person\/c4278d4a6028830caff9ee44b42d32ed\"},\"breadcrumb\":{\"@id\":\"https:\/\/portaltela.pt\/noticias\/2026\/04\/15\/debate-na-assembleia-geral-da-liga-sobre-modelo-de-direitos-audiovisuais\/#breadcrumb\"},\"inLanguage\":\"pt-PT\",\"potentialAction\":[{\"@type\":\"ReadAction\",\"target\":[\"https:\/\/portaltela.pt\/noticias\/2026\/04\/15\/debate-na-assembleia-geral-da-liga-sobre-modelo-de-direitos-audiovisuais\/\"]}]},{\"@type\":\"ImageObject\",\"inLanguage\":\"pt-PT\",\"@id\":\"https:\/\/portaltela.pt\/noticias\/2026\/04\/15\/debate-na-assembleia-geral-da-liga-sobre-modelo-de-direitos-audiovisuais\/#primaryimage\",\"url\":\"https:\/\/portaltela.pt\/s.01k8rhncp4jt1\/2026\/04\/img_920x518uu2015-08-31-14-19-00-996812.jpg\",\"contentUrl\":\"https:\/\/portaltela.pt\/s.01k8rhncp4jt1\/2026\/04\/img_920x518uu2015-08-31-14-19-00-996812.jpg\",\"width\":796,\"height\":448,\"caption\":\"Assembleia Geral da Liga marcada para 17 de abril\"},{\"@type\":\"BreadcrumbList\",\"@id\":\"https:\/\/portaltela.pt\/noticias\/2026\/04\/15\/debate-na-assembleia-geral-da-liga-sobre-modelo-de-direitos-audiovisuais\/#breadcrumb\",\"itemListElement\":[{\"@type\":\"ListItem\",\"position\":1,\"name\":\"In\u00edcio\",\"item\":\"https:\/\/portaltela.pt\/\"},{\"@type\":\"ListItem\",\"position\":2,\"name\":\"Debate na Assembleia Geral da Liga sobre modelo de direitos audiovisuais\"}]},{\"@type\":\"WebSite\",\"@id\":\"https:\/\/portaltela.pt\/#website\",\"url\":\"https:\/\/portaltela.pt\/\",\"name\":\"Portal Tela Portugal\",\"description\":\"\",\"potentialAction\":[{\"@type\":\"SearchAction\",\"target\":{\"@type\":\"EntryPoint\",\"urlTemplate\":\"https:\/\/portaltela.pt\/?s={search_term_string}\"},\"query-input\":{\"@type\":\"PropertyValueSpecification\",\"valueRequired\":true,\"valueName\":\"search_term_string\"}}],\"inLanguage\":\"pt-PT\"},{\"@type\":\"Person\",\"@id\":\"https:\/\/portaltela.pt\/#\/schema\/person\/c4278d4a6028830caff9ee44b42d32ed\",\"name\":\"Telinha\",\"image\":{\"@type\":\"ImageObject\",\"inLanguage\":\"pt-PT\",\"@id\":\"https:\/\/portaltela.pt\/s.01k8rhncp4jt1\/2025\/11\/talking-bot-125x125.png\",\"url\":\"https:\/\/portaltela.pt\/s.01k8rhncp4jt1\/2025\/11\/talking-bot-125x125.png\",\"contentUrl\":\"https:\/\/portaltela.pt\/s.01k8rhncp4jt1\/2025\/11\/talking-bot-125x125.png\",\"caption\":\"Telinha\"},\"sameAs\":[\"https:\/\/portaltela.pt\/\"],\"url\":\"https:\/\/portaltela.pt\/por\/367410592786\/\"}]}<\/script>\n<!-- \/ Yoast SEO plugin. -->","yoast_head_json":{"title":"Debate na Assembleia Geral da Liga sobre modelo de direitos audiovisuais - Portal Tela Portugal","robots":{"index":"index","follow":"follow","max-snippet":"max-snippet:-1","max-image-preview":"max-image-preview:large","max-video-preview":"max-video-preview:-1"},"og_locale":"pt_PT","og_type":"article","og_title":"Debate na Assembleia Geral da Liga sobre modelo de direitos audiovisuais - Portal Tela Portugal","og_description":"A LPFP vai debater na sexta-feira, a partir das 15h00, a forma de comercializa\u00e7\u00e3o centralizada dos direitos audiovisuais a partir de 2028\/29. O tema central \u00e9 a aprova\u00e7\u00e3o do procedimento para a comercializa\u00e7\u00e3o dos direitos da Liga Betclic e da 2.\u00aa Liga para o mercado dom\u00e9stico, com regras de leil\u00e3o e limita\u00e7\u00f5es de participa\u00e7\u00e3o. Participam na decis\u00e3o as 33 sociedades desportivas com equipas nas competi\u00e7\u00f5es profissionais, que v\u00e3o definir o objeto, vig\u00eancia dos contratos e a distribui\u00e7\u00e3o dos pacotes. A centraliza\u00e7\u00e3o dos direitos televisivos, objetivo para duas \u00e9pocas, depende da aprova\u00e7\u00e3o da Autoridade da Concorr\u00eancia (AdC) at\u00e9 ao final da \u00e9poca desportiva de 2025\/26. Ap\u00f3s a AG, seguir\u00e1 a apresenta\u00e7\u00e3o formal da proposta \u00e0 AdC e, mais tarde, o debate sobre a chave de distribui\u00e7\u00e3o que determina como ser\u00e1 repartido o valor centralizado entre os clubes.","og_url":"https:\/\/portaltela.pt\/noticias\/2026\/04\/15\/debate-na-assembleia-geral-da-liga-sobre-modelo-de-direitos-audiovisuais\/","og_site_name":"Portal Tela Portugal","article_published_time":"2026-04-15T08:02:05+00:00","author":"Telinha","twitter_card":"summary_large_image","twitter_misc":{"Escrito por":"Telinha","Tempo estimado de leitura":"2 minutos"},"schema":{"@context":"https:\/\/schema.org","@graph":[{"@type":"Article","@id":"https:\/\/portaltela.pt\/noticias\/2026\/04\/15\/debate-na-assembleia-geral-da-liga-sobre-modelo-de-direitos-audiovisuais\/#article","isPartOf":{"@id":"https:\/\/portaltela.pt\/noticias\/2026\/04\/15\/debate-na-assembleia-geral-da-liga-sobre-modelo-de-direitos-audiovisuais\/"},"author":{"name":"Telinha","@id":"https:\/\/portaltela.pt\/#\/schema\/person\/c4278d4a6028830caff9ee44b42d32ed"},"headline":"Debate na Assembleia Geral da Liga sobre modelo de direitos audiovisuais","datePublished":"2026-04-15T08:02:05+00:00","mainEntityOfPage":{"@id":"https:\/\/portaltela.pt\/noticias\/2026\/04\/15\/debate-na-assembleia-geral-da-liga-sobre-modelo-de-direitos-audiovisuais\/"},"wordCount":350,"image":{"@id":"https:\/\/portaltela.pt\/noticias\/2026\/04\/15\/debate-na-assembleia-geral-da-liga-sobre-modelo-de-direitos-audiovisuais\/#primaryimage"},"thumbnailUrl":"https:\/\/portaltela.pt\/s.01k8rhncp4jt1\/2026\/04\/img_920x518uu2015-08-31-14-19-00-996812.jpg","keywords":["1. Liga","desporto","direitos audiovisuais","futebol","Liga Betclic","transmiss\u00f5es"],"articleSection":["Desporto","Futebol"],"inLanguage":"pt-PT"},{"@type":"WebPage","@id":"https:\/\/portaltela.pt\/noticias\/2026\/04\/15\/debate-na-assembleia-geral-da-liga-sobre-modelo-de-direitos-audiovisuais\/","url":"https:\/\/portaltela.pt\/noticias\/2026\/04\/15\/debate-na-assembleia-geral-da-liga-sobre-modelo-de-direitos-audiovisuais\/","name":"Debate na Assembleia Geral da Liga sobre modelo de direitos audiovisuais - Portal Tela Portugal","isPartOf":{"@id":"https:\/\/portaltela.pt\/#website"},"primaryImageOfPage":{"@id":"https:\/\/portaltela.pt\/noticias\/2026\/04\/15\/debate-na-assembleia-geral-da-liga-sobre-modelo-de-direitos-audiovisuais\/#primaryimage"},"image":{"@id":"https:\/\/portaltela.pt\/noticias\/2026\/04\/15\/debate-na-assembleia-geral-da-liga-sobre-modelo-de-direitos-audiovisuais\/#primaryimage"},"thumbnailUrl":"https:\/\/portaltela.pt\/s.01k8rhncp4jt1\/2026\/04\/img_920x518uu2015-08-31-14-19-00-996812.jpg","datePublished":"2026-04-15T08:02:05+00:00","author":{"@id":"https:\/\/portaltela.pt\/#\/schema\/person\/c4278d4a6028830caff9ee44b42d32ed"},"breadcrumb":{"@id":"https:\/\/portaltela.pt\/noticias\/2026\/04\/15\/debate-na-assembleia-geral-da-liga-sobre-modelo-de-direitos-audiovisuais\/#breadcrumb"},"inLanguage":"pt-PT","potentialAction":[{"@type":"ReadAction","target":["https:\/\/portaltela.pt\/noticias\/2026\/04\/15\/debate-na-assembleia-geral-da-liga-sobre-modelo-de-direitos-audiovisuais\/"]}]},{"@type":"ImageObject","inLanguage":"pt-PT","@id":"https:\/\/portaltela.pt\/noticias\/2026\/04\/15\/debate-na-assembleia-geral-da-liga-sobre-modelo-de-direitos-audiovisuais\/#primaryimage","url":"https:\/\/portaltela.pt\/s.01k8rhncp4jt1\/2026\/04\/img_920x518uu2015-08-31-14-19-00-996812.jpg","contentUrl":"https:\/\/portaltela.pt\/s.01k8rhncp4jt1\/2026\/04\/img_920x518uu2015-08-31-14-19-00-996812.jpg","width":796,"height":448,"caption":"Assembleia Geral da Liga marcada para 17 de abril"},{"@type":"BreadcrumbList","@id":"https:\/\/portaltela.pt\/noticias\/2026\/04\/15\/debate-na-assembleia-geral-da-liga-sobre-modelo-de-direitos-audiovisuais\/#breadcrumb","itemListElement":[{"@type":"ListItem","position":1,"name":"In\u00edcio","item":"https:\/\/portaltela.pt\/"},{"@type":"ListItem","position":2,"name":"Debate na Assembleia Geral da Liga sobre modelo de direitos audiovisuais"}]},{"@type":"WebSite","@id":"https:\/\/portaltela.pt\/#website","url":"https:\/\/portaltela.pt\/","name":"Portal Tela Portugal","description":"","potentialAction":[{"@type":"SearchAction","target":{"@type":"EntryPoint","urlTemplate":"https:\/\/portaltela.pt\/?s={search_term_string}"},"query-input":{"@type":"PropertyValueSpecification","valueRequired":true,"valueName":"search_term_string"}}],"inLanguage":"pt-PT"},{"@type":"Person","@id":"https:\/\/portaltela.pt\/#\/schema\/person\/c4278d4a6028830caff9ee44b42d32ed","name":"Telinha","image":{"@type":"ImageObject","inLanguage":"pt-PT","@id":"https:\/\/portaltela.pt\/s.01k8rhncp4jt1\/2025\/11\/talking-bot-125x125.png","url":"https:\/\/portaltela.pt\/s.01k8rhncp4jt1\/2025\/11\/talking-bot-125x125.png","contentUrl":"https:\/\/portaltela.pt\/s.01k8rhncp4jt1\/2025\/11\/talking-bot-125x125.png","caption":"Telinha"},"sameAs":["https:\/\/portaltela.pt\/"],"url":"https:\/\/portaltela.pt\/por\/367410592786\/"}]}},"_links":{"self":[{"href":"https:\/\/portaltela.pt\/api\/wp\/v2\/posts\/444640","targetHints":{"allow":["GET"]}}],"collection":[{"href":"https:\/\/portaltela.pt\/api\/wp\/v2\/posts"}],"about":[{"href":"https:\/\/portaltela.pt\/api\/wp\/v2\/types\/post"}],"author":[{"embeddable":true,"href":"https:\/\/portaltela.pt\/api\/wp\/v2\/users\/2"}],"replies":[{"embeddable":true,"href":"https:\/\/portaltela.pt\/api\/wp\/v2\/comments?post=444640"}],"version-history":[{"count":0,"href":"https:\/\/portaltela.pt\/api\/wp\/v2\/posts\/444640\/revisions"}],"wp:featuredmedia":[{"embeddable":true,"href":"https:\/\/portaltela.pt\/api\/wp\/v2\/media\/444642"}],"wp:attachment":[{"href":"https:\/\/portaltela.pt\/api\/wp\/v2\/media?parent=444640"}],"wp:term":[{"taxonomy":"category","embeddable":true,"href":"https:\/\/portaltela.pt\/api\/wp\/v2\/categories?post=444640"},{"taxonomy":"post_tag","embeddable":true,"href":"https:\/\/portaltela.pt\/api\/wp\/v2\/tags?post=444640"}],"curies":[{"name":"wp","href":"https:\/\/api.w.org\/{rel}","templated":true}]}}